{"id":998,"date":"2023-05-17T04:41:17","date_gmt":"2023-05-17T08:41:17","guid":{"rendered":"https:\/\/radyomunzur.com\/?p=998"},"modified":"2023-05-20T04:41:42","modified_gmt":"2023-05-20T08:41:42","slug":"aleviler-adina-4-milletvekili-adayindan-sadece-yesil-sol-parti-istanbul-3-bolge-adayi-celal-firat-milletvekilligini-kazandi","status":"publish","type":"post","link":"https:\/\/radyomunzur.com\/?p=998","title":{"rendered":"Aleviler ad\u0131na 4 milletvekili aday\u0131ndan sadece Ye\u015fil Sol Parti \u0130stanbul 3. B\u00f6lge Aday\u0131 Celal F\u0131rat, milletvekilli\u011fini kazand\u0131."},"content":{"rendered":"<p><strong>28. D\u00f6nem Milletvekili Genel Se\u00e7imi\u2019nin kesin olmayan sonu\u00e7lar\u0131na g\u00f6re yeni d\u00f6nemde TBMM\u2019de yer alacak 600 milletvekili belli oldu. Kesin olmayan sonu\u00e7lara g\u00f6re, Aleviler ad\u0131na 4 milletvekili aday\u0131ndan sadece Ye\u015fil Sol Parti \u0130stanbul 3. B\u00f6lge Aday\u0131 Celal F\u0131rat, milletvekilli\u011fini kazand\u0131.<\/strong><\/p>\n<p>T\u00fcrkiye\u2019de 60 milyon se\u00e7men 28. D\u00f6nem Milletvekili Genel Se\u00e7imleri ve Cumhurba\u015fkan\u0131 Se\u00e7imi i\u00e7in 14 May\u0131s Pazar g\u00fcn\u00fc sand\u0131k ba\u015f\u0131na gitti.<\/p>\n<p>Se\u00e7imler i\u00e7in T\u00fcrkiye genelinde 973 il\u00e7e, 1094 il\u00e7e se\u00e7im kurulunda 191 binden fazla sand\u0131k kuruldu. Oy verme i\u015flemi saat 08.00 itibar\u0131yla ba\u015flad\u0131. Yurti\u00e7inde 60 milyon 697 bin 843 se\u00e7men, \u00f6nceki g\u00fcn saat 17.00\u2019ye kadar oy kullanabildi.<\/p>\n<p>Milletvekili se\u00e7iminde a\u00e7\u0131lan sand\u0131klar\u0131n oran\u0131 y\u00fczde 98\u2019i a\u015ft\u0131, hangi adaylar\u0131n se\u00e7ilip milletvekili oldu\u011fu da netle\u015fti.<\/p>\n<p>Aleviler ad\u0131na Ye\u015fil Sol Parti \u0130stanbul 3. B\u00f6lge Milletvekili Aday\u0131 Celal F\u0131rat, milletvekilli\u011fini kazand\u0131.<\/p>\n<p>Hen\u00fcz kesin olmamakla birlikte di\u011fer Alevi adaylardan Ye\u015fil Sol Parti \u0130stanbul 2. B\u00f6lge Milletvekili Aday\u0131\u00a0<strong>Turgut \u00d6ker<\/strong>, Ad\u0131yaman Milletvekili Aday\u0131 ve ayn\u0131 zamanda 27. D\u00f6nem \u0130stanbul Milletvekili\u00a0<strong>Ali Kenano\u011flu<\/strong>, Ye\u015fil Sol Parti Sivas Milletvekili Aday\u0131<strong>\u00a0Gani Kaplan<\/strong>\u00a0meclise giremediler.<\/p>\n<p>Ge\u00e7en d\u00f6nem ise HDP\u2019den se\u00e7ilen Alevi milletvekilleri ise \u0130stanbul Milletvekilleri\u00a0<strong>Ali Kenano\u011flu<\/strong>,\u00a0<strong>Zeynel \u00d6zen<\/strong>, Antalya Milletvekili\u00a0<strong>Kemal B\u00fclb\u00fcl<\/strong>\u2018d\u00fc.<\/p>\n<p><strong>P\u0130RHA<\/strong><\/p>\n","protected":false},"excerpt":{"rendered":"<p>28. D\u00f6nem Milletvekili Genel Se\u00e7imi\u2019nin kesin olmayan sonu\u00e7lar\u0131na g\u00f6re yeni d\u00f6nemde TBMM\u2019de yer alacak 600 milletvekili belli oldu. Kesin olmayan sonu\u00e7lara g\u00f6re, Aleviler ad\u0131na 4 milletvekili aday\u0131ndan sadece Ye\u015fil Sol Parti \u0130stanbul 3. B\u00f6lge Aday\u0131 Celal F\u0131rat, milletvekilli\u011fini kazand\u0131. T\u00fcrkiye\u2019de 60 milyon se\u00e7men 28. D\u00f6nem Milletvekili Genel Se\u00e7imleri ve Cumhurba\u015fkan\u0131 Se\u00e7imi i\u00e7in 14 May\u0131s Pazar g\u00fcn\u00fc sand\u0131k ba\u015f\u0131na gitti. Se\u00e7imler i\u00e7in T\u00fcrkiye genelinde 973 il\u00e7e, 1094 il\u00e7e se\u00e7im kurulunda 191 binden fazla sand\u0131k kuruldu. Oy verme i\u015flemi saat 08.00 itibar\u0131yla ba\u015flad\u0131. Yurti\u00e7inde 60 milyon 697 bin 843 se\u00e7men, \u00f6nceki g\u00fcn saat 17.00\u2019ye kadar oy kullanabildi. Milletvekili se\u00e7iminde a\u00e7\u0131lan sand\u0131klar\u0131n oran\u0131 y\u00fczde 98\u2019i a\u015ft\u0131, hangi adaylar\u0131n se\u00e7ilip milletvekili oldu\u011fu da netle\u015fti. Aleviler ad\u0131na Ye\u015fil Sol Parti \u0130stanbul 3. B\u00f6lge Milletvekili Aday\u0131 Celal F\u0131rat, milletvekilli\u011fini kazand\u0131. Hen\u00fcz kesin olmamakla birlikte di\u011fer Alevi adaylardan Ye\u015fil Sol Parti \u0130stanbul 2. B\u00f6lge Milletvekili Aday\u0131\u00a0Turgut \u00d6ker, Ad\u0131yaman Milletvekili Aday\u0131 ve ayn\u0131 zamanda 27. D\u00f6nem \u0130stanbul Milletvekili\u00a0Ali Kenano\u011flu, Ye\u015fil Sol Parti Sivas Milletvekili Aday\u0131\u00a0Gani Kaplan\u00a0meclise giremediler. Ge\u00e7en d\u00f6nem ise HDP\u2019den se\u00e7ilen Alevi milletvekilleri ise \u0130stanbul Milletvekilleri\u00a0Ali Kenano\u011flu,\u00a0Zeynel \u00d6zen, Antalya Milletvekili\u00a0Kemal B\u00fclb\u00fcl\u2018d\u00fc. P\u0130RHA<\/p>\n","protected":false},"author":2,"featured_media":999,"comment_status":"open","ping_status":"open","sticky":false,"template":"","format":"standard","meta":{"_joinchat":[],"footnotes":""},"categories":[23],"tags":[],"class_list":["post-998","post","type-post","status-publish","format-standard","has-post-thumbnail","hentry","category-politika-siyaset"],"acf":[],"_links":{"self":[{"href":"https:\/\/radyomunzur.com\/index.php?rest_route=\/wp\/v2\/posts\/998","targetHints":{"allow":["GET"]}}],"collection":[{"href":"https:\/\/radyomunzur.com\/index.php?rest_route=\/wp\/v2\/posts"}],"about":[{"href":"https:\/\/radyomunzur.com\/index.php?rest_route=\/wp\/v2\/types\/post"}],"author":[{"embeddable":true,"href":"https:\/\/radyomunzur.com\/index.php?rest_route=\/wp\/v2\/users\/2"}],"replies":[{"embeddable":true,"href":"https:\/\/radyomunzur.com\/index.php?rest_route=%2Fwp%2Fv2%2Fcomments&post=998"}],"version-history":[{"count":1,"href":"https:\/\/radyomunzur.com\/index.php?rest_route=\/wp\/v2\/posts\/998\/revisions"}],"predecessor-version":[{"id":1000,"href":"https:\/\/radyomunzur.com\/index.php?rest_route=\/wp\/v2\/posts\/998\/revisions\/1000"}],"wp:featuredmedia":[{"embeddable":true,"href":"https:\/\/radyomunzur.com\/index.php?rest_route=\/wp\/v2\/media\/999"}],"wp:attachment":[{"href":"https:\/\/radyomunzur.com\/index.php?rest_route=%2Fwp%2Fv2%2Fmedia&parent=998"}],"wp:term":[{"taxonomy":"category","embeddable":true,"href":"https:\/\/radyomunzur.com\/index.php?rest_route=%2Fwp%2Fv2%2Fcategories&post=998"},{"taxonomy":"post_tag","embeddable":true,"href":"https:\/\/radyomunzur.com\/index.php?rest_route=%2Fwp%2Fv2%2Ftags&post=998"}],"curies":[{"name":"wp","href":"https:\/\/api.w.org\/{rel}","templated":true}]}}