{"id":996,"date":"2023-05-17T04:37:41","date_gmt":"2023-05-17T08:37:41","guid":{"rendered":"https:\/\/radyomunzur.com\/?p=996"},"modified":"2023-05-17T04:37:41","modified_gmt":"2023-05-17T08:37:41","slug":"cemevlerine-saldiri-davasinin-durusmasi-12-hazirana-ertelendi","status":"publish","type":"post","link":"https:\/\/radyomunzur.com\/?p=996","title":{"rendered":"Cemevlerine sald\u0131r\u0131 davas\u0131n\u0131n duru\u015fmas\u0131 12 Haziran\u2019a ertelendi"},"content":{"rendered":"<p><strong>4 Alevi kurumuna 2022 y\u0131l\u0131nda yap\u0131lan sald\u0131r\u0131ya ili\u015fkin davan\u0131n 5. duru\u015fmas\u0131 Ankara\u2019da yap\u0131ld\u0131. Avukatlar esasa ili\u015fkin beyan i\u00e7in haz\u0131r olmad\u0131klar\u0131n\u0131 belirterek ek s\u00fcre istedi. Duru\u015fma 12 Haziran\u2019a ertelendi.\u00a0<\/strong><\/p>\n<p>Ankara\u2019da 3 Alevi kurumu ve bir de y\u00f6re derne\u011fine 30 Temmuz 2022\u2019de yap\u0131 lan sald\u0131r\u0131n\u0131n 5. duru\u015fmas\u0131 g\u00f6r\u00fcld\u00fc.<br \/>\n3 sald\u0131rgandan 2\u2019sinin tutuksuz, birinin ise tutuklu yarg\u0131land\u0131\u011f\u0131 davan\u0131n duru\u015fmas\u0131 Ankara 63\u2019\u00fcnc\u00fc Asliye Ceza Mahkemesi\u2019nde ger\u00e7ekle\u015fti.<br \/>\nTutuksuz san\u0131klar \u00c7a\u011fda\u015f Can Bardak\u00e7\u0131 ve Baver G\u00fcl, duru\u015fmaya kat\u0131lmazken, tutuklu san\u0131k\u00a0<strong>Ahmet Ozan Karaca,<\/strong>\u00a0Sincan Cezaevi\u2019nden SEGB\u0130S ile kat\u0131ld\u0131.<\/p>\n<p><strong>Avukat Ebru Akkal<\/strong>, duru\u015fmada ilk s\u00f6z alan isim oldu. Akkal, se\u00e7imler nedeniyle t\u00fcm avukatlar\u0131n yorgunluk ya\u015fad\u0131klar\u0131n\u0131 belirterek \u201cBir\u00e7ok arkada\u015f\u0131m\u0131z se\u00e7im nedeniyle ge\u00e7 saatlere kadar \u00e7al\u0131\u015ft\u0131. Bu nedenle sa\u011fl\u0131kl\u0131 bir yarg\u0131lama ve esasa ili\u015fkin beyanda bulunma durumunda de\u011filiz. Bu durumda san\u0131\u011f\u0131n tutukluluk halinin devam etmesi ve eksik belgeler i\u00e7in taleplerimizi yeniden belirtiyoruz.\u201d dedi.<\/p>\n<p><strong>\u201cDOSYAYA GELEN RAPORLAR B\u0130L\u0130MSEL DE\u011e\u0130L\u201d \u0130DD\u0130ASI<\/strong><\/p>\n<p>San\u0131\u011f\u0131n avukat\u0131\u00a0<strong>Yusuf Ziya \u00dcnsal<\/strong>\u00a0ise dosyaya gelen belgeleri kabul etmediklerini belirterek \u201cATK\u2019den gelen rapor her ne kadar aleyhte gelse de, al\u0131nan 2 raporun sonu\u00e7lar\u0131 \u00e7ok bilimsel de\u011fil. 21 g\u00fcn m\u00fc\u015fade alt\u0131nda tutulan, hangi davran\u0131\u015fa nas\u0131l tepki verdi\u011fi \u00f6l\u00e7\u00fclen bir durumdan bug\u00fcne geldik. Dolay\u0131s\u0131yla bu rapor bilimsel ve hukuki anlamda da bir k\u0131ymete sahip de\u011fil. Bu nedenle ilk raporu g\u00f6z \u00f6n\u00fcnde bulundurman\u0131z\u0131 talep ederiz. Biliyoruz ki tutuklaman\u0131n bir sebebi var, olas\u0131 \u015fekilde ka\u00e7mas\u0131na kar\u015f\u0131l\u0131k bir tedbir\u2026 Yarg\u0131lama sonucunda olas\u0131 ceza miktarlar\u0131 d\u00fc\u015f\u00fcn\u00fcld\u00fc\u011f\u00fcnde san\u0131\u011f\u0131n tutuklulu\u011funa bir sebep kalmam\u0131\u015ft\u0131r. San\u0131\u011f\u0131n h\u00fcrriyetine d\u00f6n\u00fck bir engel s\u00f6z konusu. Tutukluluk halinin sonland\u0131r\u0131lmas\u0131 zorunludur. Tahliyesine karar verilmesi ya da adli kontrol tedbirlerinin y\u00fcr\u00fct\u00fclmesini talep ederiz. M\u00fcvekkilim uzun s\u00fcredir tutukludur. S\u0131rf bir insan potansiyel ta\u015f\u0131yor ise tutuklu yap\u0131lamaz.\u201d<\/p>\n<p><strong>\u201cSANIK \u0130LE H\u0130\u00c7B\u0130R \u0130RT\u0130BATI YOK\u201d<\/strong><\/p>\n<p><strong>Avukat Kemal Binici<\/strong>\u00a0ise m\u00fcvekkili \u00c7a\u011fda\u015f Can Bardak\u00e7\u0131\u2019n\u0131n KPSS s\u0131nav\u0131na girip atamas\u0131n\u0131n yap\u0131ld\u0131\u011f\u0131n\u0131 belirterek \u201cHer iki m\u00fcvekkilin HTS kay\u0131tlar\u0131, savunmalar\u0131n\u0131 do\u011frulamaktad\u0131r. Raporu inceledik. Hem Baver hem de \u00c7a\u011fda\u015f a\u00e7\u0131s\u0131ndan HTS kay\u0131tlar\u0131n\u0131 inceledik. \u00c7a\u011fda\u015f\u2019\u0131n, san\u0131k ile hi\u00e7bir irtibat\u0131 yoktur. Baver\u2019in ise sald\u0131r\u0131dan bir g\u00fcn \u00f6nce sadece irtibat\u0131 olmu\u015ftur. San\u0131k ile uzun s\u00fcre ileti\u015fimlerinin olmad\u0131\u011f\u0131n\u0131 g\u00f6rd\u00fck\u201d iddias\u0131nda bulundu.<\/p>\n<p>Demokratik Alevi Dernekleri (DAD) Ankara \u015eube avukatlar\u0131ndan\u00a0<strong>\u00dcmran Hakverdi<\/strong>\u00a0ise yapt\u0131\u011f\u0131 savunmada san\u0131k avukat\u0131n\u0131n Adli T\u0131p Kurumu hakk\u0131nda olumsuz yorumunu ele\u015ftirerek, \u201c\u015eehir hastanesi raporu ehil de\u011fildir. Sonras\u0131nda al\u0131nan raporla durum a\u00e7\u0131k\u00e7a belirtilmi\u015ftir. San\u0131k, su\u00e7u bilin\u00e7li, planlayarak i\u015flemi\u015ftir. Ailesinin dahi ula\u015famad\u0131\u011f\u0131, s\u00fcrekli \u015fehir de\u011fi\u015ftiren biridir. San\u0131\u011f\u0131n sal\u0131verilmesi, Alevi toplumu i\u00e7in bir tehlike bar\u0131nd\u0131r\u0131yor. Tutukluluk halinin devam\u0131na karar verilmesini talep ediyoruz\u201d \u0130fadelerini kulland\u0131.<\/p>\n<p>San\u0131k Ahmet Ozan Karaca ise tahliyesini talep ederek, \u201cYakla\u015f\u0131k 11 ayd\u0131r cezaevindeyim ve hastal\u0131klar olu\u015fmaya ba\u015flad\u0131. V\u00fccudumda deri hastal\u0131klar\u0131 olu\u015ftu. Her ne kadar hayata tutunmaya \u00e7al\u0131\u015fsam da h\u00fccrede kalmak sa\u011fl\u0131\u011f\u0131m\u0131 k\u00f6t\u00fc etkiliyor. Buras\u0131 benim i\u00e7in iyi de\u011fil. Davan\u0131n sa\u011fl\u0131kl\u0131 y\u00fcr\u00fcmesinden bahsediliyor ancak sa\u011fl\u0131\u011f\u0131m k\u00f6t\u00fcye gidiyor. Tahliyemi talep ederim\u201d dedi.<\/p>\n<p>Mahkeme, San\u0131k Ahmet Ozan Karaca\u2019n\u0131n tutukluluk halinin devam\u0131na karar vererek, beyanda bulunmak i\u00e7in taraflara s\u00fcre verilmesine karar verdi ve\u00a0 duru\u015fmay\u0131 12 Haziran 2023\u2019e erteledi.<\/p>\n<p><strong>P\u0130RHA\/ANKARA<\/strong><\/p>\n","protected":false},"excerpt":{"rendered":"<p>4 Alevi kurumuna 2022 y\u0131l\u0131nda yap\u0131lan sald\u0131r\u0131ya ili\u015fkin davan\u0131n 5. duru\u015fmas\u0131 Ankara\u2019da yap\u0131ld\u0131. Avukatlar esasa ili\u015fkin beyan i\u00e7in haz\u0131r olmad\u0131klar\u0131n\u0131 belirterek ek s\u00fcre istedi. Duru\u015fma 12 Haziran\u2019a ertelendi.\u00a0 Ankara\u2019da 3 Alevi kurumu ve bir de y\u00f6re derne\u011fine 30 Temmuz 2022\u2019de yap\u0131 lan sald\u0131r\u0131n\u0131n 5. duru\u015fmas\u0131 g\u00f6r\u00fcld\u00fc. 3 sald\u0131rgandan 2\u2019sinin tutuksuz, birinin ise tutuklu yarg\u0131land\u0131\u011f\u0131 davan\u0131n duru\u015fmas\u0131 Ankara 63\u2019\u00fcnc\u00fc Asliye Ceza Mahkemesi\u2019nde ger\u00e7ekle\u015fti. Tutuksuz san\u0131klar \u00c7a\u011fda\u015f Can Bardak\u00e7\u0131 ve Baver G\u00fcl, duru\u015fmaya kat\u0131lmazken, tutuklu san\u0131k\u00a0Ahmet Ozan Karaca,\u00a0Sincan Cezaevi\u2019nden SEGB\u0130S ile kat\u0131ld\u0131. Avukat Ebru Akkal, duru\u015fmada ilk s\u00f6z alan isim oldu. Akkal, se\u00e7imler nedeniyle t\u00fcm avukatlar\u0131n yorgunluk ya\u015fad\u0131klar\u0131n\u0131 belirterek \u201cBir\u00e7ok arkada\u015f\u0131m\u0131z se\u00e7im nedeniyle ge\u00e7 saatlere kadar \u00e7al\u0131\u015ft\u0131. Bu nedenle sa\u011fl\u0131kl\u0131 bir yarg\u0131lama ve esasa ili\u015fkin beyanda bulunma durumunda de\u011filiz. Bu durumda san\u0131\u011f\u0131n tutukluluk halinin devam etmesi ve eksik belgeler i\u00e7in taleplerimizi yeniden belirtiyoruz.\u201d dedi. \u201cDOSYAYA GELEN RAPORLAR B\u0130L\u0130MSEL DE\u011e\u0130L\u201d \u0130DD\u0130ASI San\u0131\u011f\u0131n avukat\u0131\u00a0Yusuf Ziya \u00dcnsal\u00a0ise dosyaya gelen belgeleri kabul etmediklerini belirterek \u201cATK\u2019den gelen rapor her ne kadar aleyhte gelse de, al\u0131nan 2 raporun sonu\u00e7lar\u0131 \u00e7ok bilimsel de\u011fil. 21 g\u00fcn m\u00fc\u015fade alt\u0131nda tutulan, hangi davran\u0131\u015fa nas\u0131l tepki verdi\u011fi \u00f6l\u00e7\u00fclen bir durumdan bug\u00fcne geldik. Dolay\u0131s\u0131yla bu rapor bilimsel ve hukuki anlamda da bir k\u0131ymete sahip de\u011fil. Bu nedenle ilk raporu g\u00f6z \u00f6n\u00fcnde bulundurman\u0131z\u0131 talep ederiz. Biliyoruz ki tutuklaman\u0131n bir sebebi var, olas\u0131 \u015fekilde ka\u00e7mas\u0131na kar\u015f\u0131l\u0131k bir tedbir\u2026 Yarg\u0131lama sonucunda olas\u0131 ceza miktarlar\u0131 d\u00fc\u015f\u00fcn\u00fcld\u00fc\u011f\u00fcnde san\u0131\u011f\u0131n tutuklulu\u011funa bir sebep kalmam\u0131\u015ft\u0131r. San\u0131\u011f\u0131n h\u00fcrriyetine d\u00f6n\u00fck bir engel s\u00f6z konusu. Tutukluluk halinin sonland\u0131r\u0131lmas\u0131 zorunludur. Tahliyesine karar verilmesi ya da adli kontrol tedbirlerinin y\u00fcr\u00fct\u00fclmesini talep ederiz. M\u00fcvekkilim uzun s\u00fcredir tutukludur. S\u0131rf bir insan potansiyel ta\u015f\u0131yor ise tutuklu yap\u0131lamaz.\u201d \u201cSANIK \u0130LE H\u0130\u00c7B\u0130R \u0130RT\u0130BATI YOK\u201d Avukat Kemal Binici\u00a0ise m\u00fcvekkili \u00c7a\u011fda\u015f Can Bardak\u00e7\u0131\u2019n\u0131n KPSS s\u0131nav\u0131na girip atamas\u0131n\u0131n yap\u0131ld\u0131\u011f\u0131n\u0131 belirterek \u201cHer iki m\u00fcvekkilin HTS kay\u0131tlar\u0131, savunmalar\u0131n\u0131 do\u011frulamaktad\u0131r. Raporu inceledik. Hem Baver hem de \u00c7a\u011fda\u015f a\u00e7\u0131s\u0131ndan HTS kay\u0131tlar\u0131n\u0131 inceledik. \u00c7a\u011fda\u015f\u2019\u0131n, san\u0131k ile hi\u00e7bir irtibat\u0131 yoktur. Baver\u2019in ise sald\u0131r\u0131dan bir g\u00fcn \u00f6nce sadece irtibat\u0131 olmu\u015ftur. San\u0131k ile uzun s\u00fcre ileti\u015fimlerinin olmad\u0131\u011f\u0131n\u0131 g\u00f6rd\u00fck\u201d iddias\u0131nda bulundu. Demokratik Alevi Dernekleri (DAD) Ankara \u015eube avukatlar\u0131ndan\u00a0\u00dcmran Hakverdi\u00a0ise yapt\u0131\u011f\u0131 savunmada san\u0131k avukat\u0131n\u0131n Adli T\u0131p Kurumu hakk\u0131nda olumsuz yorumunu ele\u015ftirerek, \u201c\u015eehir hastanesi raporu ehil de\u011fildir. Sonras\u0131nda al\u0131nan raporla durum a\u00e7\u0131k\u00e7a belirtilmi\u015ftir. San\u0131k, su\u00e7u bilin\u00e7li, planlayarak i\u015flemi\u015ftir. Ailesinin dahi ula\u015famad\u0131\u011f\u0131, s\u00fcrekli \u015fehir de\u011fi\u015ftiren biridir. San\u0131\u011f\u0131n sal\u0131verilmesi, Alevi toplumu i\u00e7in bir tehlike bar\u0131nd\u0131r\u0131yor. Tutukluluk halinin devam\u0131na karar verilmesini talep ediyoruz\u201d \u0130fadelerini kulland\u0131. San\u0131k Ahmet Ozan Karaca ise tahliyesini talep ederek, \u201cYakla\u015f\u0131k 11 ayd\u0131r cezaevindeyim ve hastal\u0131klar olu\u015fmaya ba\u015flad\u0131. V\u00fccudumda deri hastal\u0131klar\u0131 olu\u015ftu. Her ne kadar hayata tutunmaya \u00e7al\u0131\u015fsam da h\u00fccrede kalmak sa\u011fl\u0131\u011f\u0131m\u0131 k\u00f6t\u00fc etkiliyor. Buras\u0131 benim i\u00e7in iyi de\u011fil. Davan\u0131n sa\u011fl\u0131kl\u0131 y\u00fcr\u00fcmesinden bahsediliyor ancak sa\u011fl\u0131\u011f\u0131m k\u00f6t\u00fcye gidiyor. Tahliyemi talep ederim\u201d dedi. Mahkeme, San\u0131k Ahmet Ozan Karaca\u2019n\u0131n tutukluluk halinin devam\u0131na karar vererek, beyanda bulunmak i\u00e7in taraflara s\u00fcre verilmesine karar verdi ve\u00a0 duru\u015fmay\u0131 12 Haziran 2023\u2019e erteledi. P\u0130RHA\/ANKARA<\/p>\n","protected":false},"author":2,"featured_media":944,"comment_status":"open","ping_status":"open","sticky":false,"template":"","format":"standard","meta":{"_joinchat":[],"footnotes":""},"categories":[1],"tags":[],"class_list":["post-996","post","type-post","status-publish","format-standard","has-post-thumbnail","hentry","category-gundem"],"acf":[],"_links":{"self":[{"href":"https:\/\/radyomunzur.com\/index.php?rest_route=\/wp\/v2\/posts\/996","targetHints":{"allow":["GET"]}}],"collection":[{"href":"https:\/\/radyomunzur.com\/index.php?rest_route=\/wp\/v2\/posts"}],"about":[{"href":"https:\/\/radyomunzur.com\/index.php?rest_route=\/wp\/v2\/types\/post"}],"author":[{"embeddable":true,"href":"https:\/\/radyomunzur.com\/index.php?rest_route=\/wp\/v2\/users\/2"}],"replies":[{"embeddable":true,"href":"https:\/\/radyomunzur.com\/index.php?rest_route=%2Fwp%2Fv2%2Fcomments&post=996"}],"version-history":[{"count":1,"href":"https:\/\/radyomunzur.com\/index.php?rest_route=\/wp\/v2\/posts\/996\/revisions"}],"predecessor-version":[{"id":997,"href":"https:\/\/radyomunzur.com\/index.php?rest_route=\/wp\/v2\/posts\/996\/revisions\/997"}],"wp:featuredmedia":[{"embeddable":true,"href":"https:\/\/radyomunzur.com\/index.php?rest_route=\/wp\/v2\/media\/944"}],"wp:attachment":[{"href":"https:\/\/radyomunzur.com\/index.php?rest_route=%2Fwp%2Fv2%2Fmedia&parent=996"}],"wp:term":[{"taxonomy":"category","embeddable":true,"href":"https:\/\/radyomunzur.com\/index.php?rest_route=%2Fwp%2Fv2%2Fcategories&post=996"},{"taxonomy":"post_tag","embeddable":true,"href":"https:\/\/radyomunzur.com\/index.php?rest_route=%2Fwp%2Fv2%2Ftags&post=996"}],"curies":[{"name":"wp","href":"https:\/\/api.w.org\/{rel}","templated":true}]}}