{"id":990,"date":"2023-05-17T04:32:23","date_gmt":"2023-05-17T08:32:23","guid":{"rendered":"https:\/\/radyomunzur.com\/?p=990"},"modified":"2023-05-20T04:41:56","modified_gmt":"2023-05-20T08:41:56","slug":"emek-partisi-emep-genel-baskani-ercument-akdeniz-gorevinden-ve-partisinden-istifa-etti","status":"publish","type":"post","link":"https:\/\/radyomunzur.com\/?p=990","title":{"rendered":"Emek Partisi (EMEP) Genel Ba\u015fkan\u0131 Erc\u00fcment Akdeniz g\u00f6revinden ve partisinden istifa etti."},"content":{"rendered":"<p><strong>Emek Partisi (EMEP) Genel Ba\u015fkan\u0131 Erc\u00fcment Akdeniz g\u00f6revinden ve partisinden istifa etti.<\/strong><\/p>\n<p>EMEP Genel Ba\u015fkan\u0131\u00a0<strong>Akdeniz<\/strong>\u00a0yapt\u0131\u011f\u0131 a\u00e7\u0131klamada, \u201c14 May\u0131s se\u00e7imlerine giden s\u00fcre\u00e7te parti merkezi i\u00e7inde ba\u015f g\u00f6steren kimi tart\u0131\u015fma, tutum ve e\u011filimler hem Genel Ba\u015fkanl\u0131k ve parti g\u00f6revlerimden hem de parti \u00fcyeli\u011finden istifa etme karar\u0131 vermeme neden olmu\u015ftur. \u0130stifa karar\u0131m\u0131 a\u00e7\u0131klamay\u0131 bilerek geciktirdim ve 14 May\u0131s se\u00e7imleri sonras\u0131n\u0131 bekledim. \u00c7\u00fcnk\u00fc hem Cumhurba\u015fkan\u0131 hem de milletvekili se\u00e7imlerinin ayn\u0131 anda yap\u0131ld\u0131\u011f\u0131 bir se\u00e7im s\u00fcrecinde; parti, Emek \u00d6zg\u00fcrl\u00fck \u0130ttifak\u0131 ve devrimci demokratik kamuoyu nezdinde bu g\u00fcndemle an\u0131lmak olmazd\u0131\u201d ifadelerine yer verdi.<\/p>\n<p><strong>Akdeniz<\/strong>\u2018in a\u00e7\u0131klamas\u0131 \u015f\u00f6yle:<\/p>\n<p>\u201c14 May\u0131s se\u00e7imlerine giden s\u00fcre\u00e7te parti merkezi i\u00e7inde ba\u015f g\u00f6steren kimi tart\u0131\u015fma, tutum ve e\u011filimler hem Genel Ba\u015fkanl\u0131k ve parti g\u00f6revlerimden hem de parti \u00fcyeli\u011finden istifa etme karar\u0131 vermeme neden olmu\u015ftur.<\/p>\n<p>\u0130stifa karar\u0131m\u0131 a\u00e7\u0131klamay\u0131 bilerek geciktirdim ve 14 May\u0131s se\u00e7imleri sonras\u0131n\u0131 bekledim. \u00c7\u00fcnk\u00fc hem Cumhurba\u015fkan\u0131 hem de milletvekili se\u00e7imlerinin ayn\u0131 anda yap\u0131ld\u0131\u011f\u0131 bir se\u00e7im s\u00fcrecinde; parti, Emek \u00d6zg\u00fcrl\u00fck ittifak\u0131 ve devrimci demokratik kamuoyu nezdinde bu g\u00fcndemle an\u0131lmak olmazd\u0131. Nitekim, bu s\u00fcre\u00e7te var g\u00fcc\u00fcm\u00fczle hep beraber \u00e7al\u0131\u015ft\u0131k. Tek adam y\u00f6netiminin son bulmas\u0131 i\u00e7in kararl\u0131l\u0131kla m\u00fccadele eden emek\u00e7i halk\u0131m\u0131z\u0131 ve demokrasi g\u00fc\u00e7lerini selaml\u0131yorum. Halk\u0131n parlamentoya g\u00f6nderdi\u011fi ittifak vekillerini tebrik ediyor, ba\u015far\u0131lar diliyorum.<\/p>\n<p>Peki, istifay\u0131 gerektirecek a\u011f\u0131rl\u0131kta nas\u0131l bir sorun ya\u015fanm\u0131\u015f olabilir? Herkesin merak etti\u011fi husus, hakl\u0131 olarak bu olacakt\u0131r. Konuyu \u00e7ok uzatmadan a\u00e7\u0131klamaya \u00e7al\u0131\u015fay\u0131m;<\/p>\n<p>Genel Y\u00f6netim Kurulu\u2019nda, GYK toplant\u0131s\u0131nda Emek Partisi\u2019nin (EMEP) Ye\u015fil Sol Parti listelerinden se\u00e7ime kat\u0131lma karar\u0131n\u0131 savunan GYK \u00fcyeleri k\u00fcrs\u00fcde \u00f6l\u00e7\u00fcs\u00fcz bir \u015fekilde bask\u0131 alt\u0131na al\u0131nm\u0131\u015ft\u0131r. Ye\u015fil Sol Parti listelerinden girme karar\u0131n\u0131n al\u0131nmas\u0131 sonras\u0131nda ise, baz\u0131 Sekretarya \u00fcyeleri taraf\u0131ndan, demokratik \u015fekilde al\u0131nan bir karar s\u00f6z konusu olmas\u0131na ra\u011fmen \u2018bu karar \u00f6rg\u00fctlendi\u2019 \u015feklinde bir su\u00e7lama ortaya at\u0131lm\u0131\u015f, bu su\u00e7lama MYK toplant\u0131s\u0131nda da dile getirilmi\u015ftir. Bu su\u00e7lamalar, partide kendisini GYK\u2019n\u0131n ve MYK\u2019n\u0131n \u00fczerinde g\u00f6ren triumvir bir yap\u0131n\u0131n eseri olup b\u00f6yle bir yap\u0131yla yol y\u00fcr\u00fcmek benim a\u00e7\u0131mdan m\u00fcmk\u00fcn de\u011fildir.<\/p>\n<p>Milletvekili adaylar\u0131n\u0131n belirlenmesi s\u00fcrecine gelindi\u011finde ise parti i\u00e7i demokrasiye ayk\u0131r\u0131 m\u00fcdahaleler farkl\u0131 bi\u00e7imlerde ortaya \u00e7\u0131km\u0131\u015ft\u0131r. Parti merkezi nezdinde aday belirleme s\u00fcrecine ili\u015fkin prensiplerin hen\u00fcz olu\u015fmad\u0131\u011f\u0131 esnada kendisini partiden \u00fcst\u00fcn g\u00f6ren bu yap\u0131, \u2018\u00f6rg\u00fct\/taban e\u011filimini alma faaliyeti\u2019 ad\u0131 alt\u0131nda, aday belirlenmesine ili\u015fkin olarak hen\u00fcz belirlenmemi\u015f baz\u0131 prensipleri sanki parti merkezi nezdinde ortakla\u015fa belirlenmi\u015f gibi \u00f6rg\u00fct taban\u0131na sunmu\u015ftur. Buna g\u00f6re;<\/p>\n<p>\u2013 Baz\u0131 y\u00f6netici ve \u00fcyelere, Genel Ba\u015fkan\u2019\u0131n ba\u015fka partiden aday olmamas\u0131 y\u00f6n\u00fcnde bir parti karar\u0131 oldu\u011fu bildirilmi\u015ftir. Oysa ki ortada bu y\u00f6nde herhangi bir parti karar\u0131 yoktur. Son parti kongresinde b\u00f6yle bir karar al\u0131nmad\u0131\u011f\u0131 gibi parti t\u00fcz\u00fc\u011f\u00fcnde de b\u00f6yle bir d\u00fczenleme yoktur. \u00dcstelik ger\u00e7ekte var olmayan bu karar\u0131n konusu olan ki\u015finin, yani Genel Ba\u015fkan\u2019\u0131n da bu karardan haberi yoktur. Daha vahimi, D\u0130SK Genel Ba\u015fkanlar\u0131n\u0131n genellikle Meclis\u2019e aday g\u00f6sterilmesi \u00f6rne\u011fi, bu bilinmeyen tuhaf \u2018karara\u2019 gerek\u00e7e olarak g\u00f6sterilmi\u015ftir. EMEP eski Genel Ba\u015fkanl\u0131k g\u00f6revinde bulunan yolda\u015flar\u0131n adayl\u0131k, vekillik vb konularda \u2018al\u0131nganl\u0131k g\u00f6sterdikleri iddias\u0131\u2019 dahi \u00f6rnek g\u00f6sterilmi\u015ftir. Daha da ileri gidilerek, kimi \u00fcyelere \u2018HDP bunu yar\u0131n \u00f6n\u00fcm\u00fcze koyar, EMEP\u2019in ba\u015fkan\u0131n\u0131 biz belirledik der\u2019 \u015feklinde garabetle melul izahatlar yap\u0131lm\u0131\u015ft\u0131r.<\/p>\n<p>\u2013 \u0130l y\u00f6neticileri ve \u00fcyelerden adayl\u0131k i\u00e7in \u00f6neri al\u0131n\u0131rken, Genel Ba\u015fkan\u2019\u0131n haberi olmaks\u0131z\u0131n, bir\u00e7ok yerde \u2018Ba\u015far\u0131l\u0131 Genel Ba\u015fkan + yan\u0131nda 2 Milletvekili\u2019 form\u00fcl\u00fc, sanki parti merkezi taraf\u0131ndan \u00f6nceden belirlenmi\u015f bir prensipmi\u015f gibi aktar\u0131lm\u0131\u015ft\u0131r. \u201cGenel Ba\u015fkan zaten tan\u0131n\u0131yor, vekil gibi \u00e7al\u0131\u015f\u0131yor\u201d denmi\u015ftir. Parti merkezinin bilgisi ve \u00f6nceden konu\u015fulmu\u015f g\u00fcndemi olmaks\u0131z\u0131n yap\u0131lan bu s\u00f6ylemlerle, \u00fcyelerin sunaca\u011f\u0131 isim \u00f6nerilerine, ger\u00e7ekle ba\u011fda\u015fmayacak \u015fekilde, dolayl\u0131 etki ve y\u00f6nlendirme yap\u0131lm\u0131\u015ft\u0131r. B\u00f6ylesi y\u00f6nlendirmelerin olmad\u0131\u011f\u0131 illerde b\u00fcy\u00fck \u00e7o\u011funluk Genel Ba\u015fkan\u2019\u0131 \u00f6nermi\u015ftir. Y\u00f6nlendirmenin ve alg\u0131 y\u00f6netiminin yap\u0131ld\u0131\u011f\u0131 yerlerde de Genel Ba\u015fkan y\u00fcksek oranla \u00f6nerilmi\u015ftir ama \u015fapkadan \u201cBa\u015far\u0131l\u0131 Ba\u015fkan + 2 vekil\u201d form\u00fcl\u00fc \u00e7\u0131kar\u0131l\u0131nca, \u00fcye ve y\u00f6neticiler Genel Ba\u015fkan\u2019\u0131n d\u0131\u015f\u0131nda iki isim \u00f6nerisi yapm\u0131\u015flard\u0131r. Bu durumun kendisi hem b\u00fcy\u00fck bir \u00e7eli\u015fkiye hem de \u201ctriumvira\u201dy\u0131 and\u0131ran y\u00f6netim \u015feklinin vahametine i\u015farettir. Ayr\u0131ca kimi illerde t\u00fcm il y\u00f6netiminden, kimi illerde sadece sorumlu bir y\u00f6neticiden, kimi illerde ise \u00fcyelerden \u00f6neri al\u0131nmas\u0131 demokratik merkeziyet\u00e7ilik ilkesinin \u00e7i\u011fnendi\u011fini g\u00f6stermektedir.<\/p>\n<p>\u2013 15 Nisan tarihli MYK toplant\u0131s\u0131nda vekil aday\u0131 i\u00e7in tart\u0131\u015f\u0131lan isimler konusunda \u00f6zellikle not d\u00fc\u015ft\u00fc\u011f\u00fcm bir \u201c\u015ferh karar\u0131m\u201d bulunmaktad\u0131r. Bu \u015ferh, yaln\u0131zca ve yaln\u0131zca, iki vekil aday\u0131ndan birinin dahi i\u015f\u00e7i olmamas\u0131na dairdir. EMEP\u2019in \u00e7eyrek asr\u0131 a\u015fan m\u00fccadele tarihinde ve nihayet bug\u00fcn\u00fcnde i\u015f\u00e7i k\u00f6kenli Genel Ba\u015fkan ve i\u015f\u00e7i milletvekili \u00e7\u0131karamamas\u0131 \u00fcz\u00fcc\u00fcd\u00fcr, hepimizin sorumlulu\u011fundad\u0131r. 14 May\u0131s se\u00e7imlerine do\u011fru devrimci i\u015f\u00e7i partisi kimli\u011fi ta\u015f\u0131yan bir parti olarak EMEP\u2019in iki vekil \u00e7\u0131karma imkan\u0131 varken hala bunlardan birini bir i\u015f\u00e7iden veya i\u015f\u00e7i k\u00f6kenli bir devrimciden yana tercih etmemesi benim a\u00e7\u0131mdan kabul edilemez. Nitekim bu \u00f6zelli\u011fi haiz \u00e7ok\u00e7a i\u015f\u00e7i yolda\u015f\u0131m\u0131z vard\u0131r. Ne yaz\u0131k ki bu \u015ferh karar\u0131m, t\u00fcm uyar\u0131lar\u0131ma ra\u011fmen, GYK \u00fcyelerine, il il\u00e7e y\u00f6neticilerine ve \u00fcyelere ula\u015ft\u0131r\u0131lmam\u0131\u015ft\u0131r.<\/p>\n<p>\u2013 Ayn\u0131 toplant\u0131da, \u201cMeclise \u015fimdiki Genel Ba\u015fkan gitmeyecekse, EMEP ad\u0131na gidecek iki vekil arkada\u015ftan biri mutlaka Genel Ba\u015fkan olmal\u0131d\u0131r. Gerekirse bunun i\u00e7in h\u0131zla ola\u011fan\u00fcst\u00fc genel kongre toplanmal\u0131d\u0131r\u201d \u015feklindeki \u00f6nerim ve uyar\u0131m da dikkate al\u0131nmam\u0131\u015ft\u0131r, bilgilendirme yap\u0131l\u0131rken bu uyar\u0131m yine y\u00f6netici ve \u00fcyelere ula\u015ft\u0131r\u0131lmam\u0131\u015ft\u0131r. Zira, \u00f6nemli olan parlamentoya gidecek isimden ziyade, Meclis\u2019te Genel Ba\u015fkanl\u0131k\u2019\u0131n temsil edilmesidir. Meclis\u2019te grubu bulunmayan bir partinin parlamentoda etkin olmas\u0131 i\u00e7in de bu tercih elzemdir. Ayr\u0131ca, ittifak bile\u015feni parti ve \u00f6rg\u00fctlerin ba\u015fkan, e\u015f ba\u015fkan ve s\u00f6zc\u00fclerinin Meclis\u2019teki hareket alan\u0131 i\u00e7in de vekillerden birinin Ba\u015fkan olmas\u0131nda mutlak fayda vard\u0131r. Dolay\u0131s\u0131yla \u201cGenel Ba\u015fkan + 2 vekil\u201d \u015feklinde bir form\u00fcl\u00fcn ortaya at\u0131lmas\u0131n\u0131n hi\u00e7bir faydas\u0131 ve i\u015flevi yoktur. \u0130simler de\u011fil, parti bak\u0131m\u0131ndan k\u00fcrs\u00fc ve temsiliyet \u00f6nemlidir. Bununla birlikte, bizzat MYK \u00fcyelerimizi, yaz\u0131l\u0131 olarak uyarmama ra\u011fmen; \u201cBa\u015fkan + 2 vekil form\u00fcl\u00fcn\u00fc do\u011fru bulmuyorum, \u00f6rg\u00fcte b\u00f6yle izah edilmesin\u201d dememe, tersinin yap\u0131ld\u0131\u011f\u0131 \u00f6rnekler \u00e7ok\u00e7a g\u00f6r\u00fclm\u00fc\u015ft\u00fcr.<\/p>\n<p>\u2013 \u201cGenel Ba\u015fkan tan\u0131n\u0131yor, o milletvekili gibi\u201d \u015feklindeki s\u00f6ylemler \u00fcyelerin masum duygular\u0131n\u0131 istismar i\u00e7in de kullan\u0131lm\u0131\u015ft\u0131r. Nitekim s\u00f6z\u00fcn\u00fc etti\u011fim triumvir yap\u0131, ben se\u00e7im kampanyas\u0131 dahilinde il mitinglerini dola\u015f\u0131rken, bilgim dahilinde olmadan kendince \u201csorunlu\u201d kentleri dola\u015fm\u0131\u015ft\u0131r ve aday yap\u0131lmad\u0131\u011f\u0131m i\u00e7in tepki g\u00f6steren \u00fcye ve y\u00f6neticileri \u201cikna\u201d turuna \u00e7\u0131km\u0131\u015ft\u0131r. Bu ilgin\u00e7 faaliyetle ilgili ne \u00f6ncesinde ne de sonras\u0131nda, sekreterya \u00fcyesi olan Genel Ba\u015fkan\u2019a, herhangi bir bilgi verilmemi\u015ftir. Daha vahimi bu g\u00f6r\u00fc\u015fmelerde \u201cGenel Ba\u015fkan asl\u0131nda g\u00f6revinde \u00e7ok ba\u015far\u0131l\u0131 ama biz kolektif \u00e7al\u0131\u015fmaya daha uygun ve Meclis ortam\u0131ndan etkilenmeyecek arkada\u015flar\u0131 \u00f6nerdik\u201d mealinde s\u00f6zler sarf edilmi\u015ftir. Yani \u201cba\u015far\u0131l\u0131\u201d (!) bir Genel Ba\u015fkan olarak benim kolektif \u00e7al\u0131\u015fmaya daha uzak oldu\u011fum, Meclis ortam\u0131na girince olumsuz sapma ya da e\u011filimlerde bulunabilece\u011fim \u00fcst\u00fc kapal\u0131 olarak ima edilmi\u015ftir. Bu hem \u015fahs\u0131ma hem de EMEP\u2019in Genel Ba\u015fkanl\u0131k makam\u0131na hakarettir. Bu durumda istifa karar\u0131m sadece \u015fahsi onuruma de\u011fil, Genel Ba\u015fkanl\u0131k makam\u0131na da sayg\u0131n\u0131n bir ifadesidir.<\/p>\n<p>\u2013 Kimi y\u00f6netici ve \u00fcye yolda\u015flardan adayl\u0131k tart\u0131\u015fmalar\u0131na gelen itirazlara verilen ilgin\u00e7 gerek\u00e7elerden biri de \u201cGenel Ba\u015fkanl\u0131k asl\u0131nda bizde yasal zorunluluk, dolay\u0131s\u0131yla sembolik\u201d \u015feklindeki c\u00fcmledir. Elbette bu saptama da Genel Ba\u015fkan\u2019\u0131n bilgisi dahilinde de\u011fildir. Birbiriyle tamamen \u00e7eli\u015fen b\u00fct\u00fcn ifade ve izahatlar, asl\u0131nda adayl\u0131k belirleme s\u00fcrecinin nas\u0131l bir oldu bittiye getirilmek istendi\u011fini g\u00f6stermektedir. Tel tel d\u00f6k\u00fclen bu acelecilik ve acemilikle \u00fczeri alelacele \u00f6rt\u00fclmek istenen karambol duruma elbette izin vermem s\u00f6z konusu olamazd\u0131. Sadece, \u00fclkedeki se\u00e7im s\u00fcrecinin ge\u00e7mesini ve 15 May\u0131s\u2019\u0131 bekledim.<\/p>\n<p>\u00d6rnekler uzat\u0131labilir ama uzatmak gerekmiyor.<\/p>\n<p>K\u0131sa \u00e7er\u00e7evesini \u00e7izmeye \u00e7al\u0131\u015ft\u0131\u011f\u0131m bu tablo, s\u00fcrece dair \u201cparti kararlar\u0131n\u0131n ger\u00e7ekte nas\u0131l \u201cal\u0131nd\u0131\u011f\u0131n\u0131n\u201d tipik foto\u011fraf\u0131d\u0131r. Ayr\u0131ca bu tabloda, \u201cyolda\u015f\u0131n yolda\u015f i\u00e7in can\u0131n\u0131 vermeye haz\u0131r oldu\u011fu\u201d devrimci sosyalist bir parti gelene\u011finden \u201cyolda\u015f\u0131n yolda\u015f arkas\u0131ndan i\u015f \u00e7evirmeye ba\u015flad\u0131\u011f\u0131\u201d bir partiye ge\u00e7i\u015fin dramatik hikayesi vard\u0131r. Lobicilik, kulis\u00e7ilik sosyalist bir partide yer bulamaz, bulursa o parti devrimci olmaz. \u00c7\u0131kar ili\u015fkilerine kap\u0131 aralayan inceltilmi\u015f lobi organizasyonlar\u0131 yak\u0131n ge\u00e7mi\u015f ve gelece\u011fin en b\u00fcy\u00fck tehlikesidir. Sovyet partisi ve sovyet y\u00f6netiminin \u00e7\u00f6k\u00fc\u015f\u00fc bunun say\u0131s\u0131z \u00f6rnekleriyle doludur. Bununla asla uzla\u015fmayaca\u011f\u0131m, asla bir par\u00e7as\u0131 olmayaca\u011f\u0131m. EMEP\u2019in kurulu\u015fundan bug\u00fcne gerek Emek Gen\u00e7li\u011fi gerekse parti \u00f6rg\u00fctlerinin bir\u00e7ok kademesinde g\u00f6rev ald\u0131m. Hi\u00e7bir zaman akl\u0131mda makam ya da koltuk olmad\u0131. Bu m\u00fccadeleye milletvekili olmak i\u00e7in de kat\u0131lmad\u0131m. B\u00f6ylesi bir heves, her \u015feyden \u00f6nce can vermi\u015f yolda\u015flara, onlar\u0131n ailelerine en b\u00fcy\u00fck sayg\u0131s\u0131zl\u0131k olurdu ve asla y\u00fczlerine bakamazd\u0131m. Evet, o ac\u0131l\u0131 ailelerin y\u00fczlerine bakmak, ellerinden tutmak i\u00e7in bu istifa beyan\u0131n\u0131 yaz\u0131yorum. Beni tan\u0131yan y\u00fczlerce, binlerce m\u00fccadele arkada\u015f\u0131m, halktan insanlar samimiyetimi teslim edeceklerdir. Bu istifa beyan\u0131yla kendimi ortaya koyuyorum. Partinin tercihi ve de\u011fi\u015fimin g\u00fcc\u00fc art\u0131k benim elimde de\u011fil. \u0130stifa karar\u0131m partiye verilen bir zarar de\u011fil, tersine katk\u0131 olarak g\u00f6r\u00fclmeli. Elbette takdir partinin kongre delegelerine, GYK, MYK, MDK ba\u015fta olmak \u00fczere organlar\u0131na, \u00fcyelerine ve gen\u00e7li\u011fine aittir. Bir \u015fey diyemem, bu saatten sonra da s\u00f6ylemem.<\/p>\n<p>Peki bundan sonra s\u00fcre\u00e7 nas\u0131l i\u015fleyecek, ne olacak?<\/p>\n<p>EMEP Parti T\u00fcz\u00fc\u011f\u00fc\u2019n\u00fcn 32. maddesi \u015fu \u015fekildedir: \u201cGenel ba\u015fkanl\u0131\u011f\u0131n herhangi bir nedenle bo\u015falmas\u0131 halinde, genel kongre toplan\u0131ncaya kadar GYK, Partiyi temsil yetkisini, kendi i\u00e7inden se\u00e7ece\u011fi bir \u00fcyeye tevdi eder. En ge\u00e7 45 g\u00fcn i\u00e7inde genel kongreyi toplant\u0131ya \u00e7a\u011f\u0131r\u0131r.\u201d \u0130stifam\u0131n akabinde s\u00fcre\u00e7 bu \u015fekilde ilerleyecektir. Dolay\u0131s\u0131yla ola\u011fan\u00fcst\u00fc parti kongresi, 28 May\u0131s\u2019ta yap\u0131lacak ikinci tur Ba\u015fkanl\u0131k se\u00e7imlerinin \u00e7ok sonras\u0131na kalacak ve iki se\u00e7im aras\u0131nda partiyi yormayacakt\u0131r. Parti \u00fcyeli\u011finden istifa etti\u011fim i\u00e7in benim ola\u011fan\u00fcst\u00fc kongreye kat\u0131lmam s\u00f6z konusu de\u011fildir.<\/p>\n<p>Partilerde esas birlik program birli\u011fidir. Fakat bu yeterli de\u011fildir. \u00c7\u00fcnk\u00fc devrimci \u00f6z\u00fcn\u00fc yitirmi\u015f pratik, devrimci teori ve program\u0131 teslim al\u0131yor ve i\u00e7ini bo\u015falt\u0131yorsa orada g\u00f6n\u00fcll\u00fc bir birli\u011fin kalmayaca\u011f\u0131 benim a\u00e7\u0131mdan a\u00e7\u0131kt\u0131r. \u201cKol k\u0131r\u0131l\u0131r yen i\u00e7inde kal\u0131r\u201d \u00e7\u0131tas\u0131 \u00e7oktan ve fazlas\u0131yla a\u015f\u0131lm\u0131\u015ft\u0131r. Gelinen yerde parti merkez y\u00f6netiminde duygu, g\u00f6n\u00fcl, vicdan, irade ve g\u00fcven birli\u011fini kaybetmi\u015f bulunuyoruz. Bana bug\u00fcne kadar yolda\u015fl\u0131k etmi\u015f olan ve bug\u00fcn hala partide samimi olarak m\u00fccadele eden gen\u00e7 ve ya\u015fl\u0131 y\u00fczlerce m\u00fccadele arkada\u015f\u0131m\u0131 elbette bunun d\u0131\u015f\u0131nda tutuyor, her birine sevgi ve sayg\u0131lar\u0131m\u0131 sunuyorum.<\/p>\n<p>Al\u0131ngan de\u011filim, istifa karar\u0131n\u0131 da bir anl\u0131k \u00f6fke ile almad\u0131m. 15 May\u0131s\u2019a kadar var g\u00fcc\u00fcmle \u00e7al\u0131\u015ft\u0131m. Fakat k\u00f6kleriyle parti merkezine yerle\u015fmeye ba\u015flayan b\u00f6ylesi triumvirlik bir yap\u0131n\u0131n g\u00f6lgesi alt\u0131nda, benim i\u00e7in bir kurul toplant\u0131s\u0131na daha kat\u0131lmak hem faydas\u0131z hem de katlan\u0131lmazd\u0131r. Bu y\u00fczden bilin\u00e7li bir tercih olarak istifa gerek\u00e7emi hem parti kamuoyunun hem de demokratik kamuoyunun bilgisine sunuyorum.<\/p>\n<p>T\u00fcrkiye\u2019nin gelece\u011finde emek, demokrasi, \u00f6zg\u00fcrl\u00fck ve halk g\u00fc\u00e7lerinin birli\u011fine her zaman oldu\u011fu gibi de\u011fer verece\u011fim. Harc\u0131nda bir kum tanesi olursam ne mutlu bana. Sosyalizm, kalbimizi her daim \u0131\u015f\u0131tan bir g\u00fcne\u015f bizim. Umutsuzlu\u011fa yer yok, tek adam d\u00fczeni son bulacak. \u0130\u015f\u00e7i s\u0131n\u0131f\u0131n\u0131, emek\u00e7i halk\u0131m\u0131z\u0131, b\u00fct\u00fcn devrimci, demokratik parti ve \u00f6rg\u00fctleri selaml\u0131yorum.\u201d<\/p>\n<p><strong>P\u0130RHA<\/strong><\/p>\n","protected":false},"excerpt":{"rendered":"<p>Emek Partisi (EMEP) Genel Ba\u015fkan\u0131 Erc\u00fcment Akdeniz g\u00f6revinden ve partisinden istifa etti. EMEP Genel Ba\u015fkan\u0131\u00a0Akdeniz\u00a0yapt\u0131\u011f\u0131 a\u00e7\u0131klamada, \u201c14 May\u0131s se\u00e7imlerine giden s\u00fcre\u00e7te parti merkezi i\u00e7inde ba\u015f g\u00f6steren kimi tart\u0131\u015fma, tutum ve e\u011filimler hem Genel Ba\u015fkanl\u0131k ve parti g\u00f6revlerimden hem de parti \u00fcyeli\u011finden istifa etme karar\u0131 vermeme neden olmu\u015ftur. \u0130stifa karar\u0131m\u0131 a\u00e7\u0131klamay\u0131 bilerek geciktirdim ve 14 May\u0131s se\u00e7imleri sonras\u0131n\u0131 bekledim. \u00c7\u00fcnk\u00fc hem Cumhurba\u015fkan\u0131 hem de milletvekili se\u00e7imlerinin ayn\u0131 anda yap\u0131ld\u0131\u011f\u0131 bir se\u00e7im s\u00fcrecinde; parti, Emek \u00d6zg\u00fcrl\u00fck \u0130ttifak\u0131 ve devrimci demokratik kamuoyu nezdinde bu g\u00fcndemle an\u0131lmak olmazd\u0131\u201d ifadelerine yer verdi. Akdeniz\u2018in a\u00e7\u0131klamas\u0131 \u015f\u00f6yle: \u201c14 May\u0131s se\u00e7imlerine giden s\u00fcre\u00e7te parti merkezi i\u00e7inde ba\u015f g\u00f6steren kimi tart\u0131\u015fma, tutum ve e\u011filimler hem Genel Ba\u015fkanl\u0131k ve parti g\u00f6revlerimden hem de parti \u00fcyeli\u011finden istifa etme karar\u0131 vermeme neden olmu\u015ftur. \u0130stifa karar\u0131m\u0131 a\u00e7\u0131klamay\u0131 bilerek geciktirdim ve 14 May\u0131s se\u00e7imleri sonras\u0131n\u0131 bekledim. \u00c7\u00fcnk\u00fc hem Cumhurba\u015fkan\u0131 hem de milletvekili se\u00e7imlerinin ayn\u0131 anda yap\u0131ld\u0131\u011f\u0131 bir se\u00e7im s\u00fcrecinde; parti, Emek \u00d6zg\u00fcrl\u00fck ittifak\u0131 ve devrimci demokratik kamuoyu nezdinde bu g\u00fcndemle an\u0131lmak olmazd\u0131. Nitekim, bu s\u00fcre\u00e7te var g\u00fcc\u00fcm\u00fczle hep beraber \u00e7al\u0131\u015ft\u0131k. Tek adam y\u00f6netiminin son bulmas\u0131 i\u00e7in kararl\u0131l\u0131kla m\u00fccadele eden emek\u00e7i halk\u0131m\u0131z\u0131 ve demokrasi g\u00fc\u00e7lerini selaml\u0131yorum. Halk\u0131n parlamentoya g\u00f6nderdi\u011fi ittifak vekillerini tebrik ediyor, ba\u015far\u0131lar diliyorum. Peki, istifay\u0131 gerektirecek a\u011f\u0131rl\u0131kta nas\u0131l bir sorun ya\u015fanm\u0131\u015f olabilir? Herkesin merak etti\u011fi husus, hakl\u0131 olarak bu olacakt\u0131r. Konuyu \u00e7ok uzatmadan a\u00e7\u0131klamaya \u00e7al\u0131\u015fay\u0131m; Genel Y\u00f6netim Kurulu\u2019nda, GYK toplant\u0131s\u0131nda Emek Partisi\u2019nin (EMEP) Ye\u015fil Sol Parti listelerinden se\u00e7ime kat\u0131lma karar\u0131n\u0131 savunan GYK \u00fcyeleri k\u00fcrs\u00fcde \u00f6l\u00e7\u00fcs\u00fcz bir \u015fekilde bask\u0131 alt\u0131na al\u0131nm\u0131\u015ft\u0131r. Ye\u015fil Sol Parti listelerinden girme karar\u0131n\u0131n al\u0131nmas\u0131 sonras\u0131nda ise, baz\u0131 Sekretarya \u00fcyeleri taraf\u0131ndan, demokratik \u015fekilde al\u0131nan bir karar s\u00f6z konusu olmas\u0131na ra\u011fmen \u2018bu karar \u00f6rg\u00fctlendi\u2019 \u015feklinde bir su\u00e7lama ortaya at\u0131lm\u0131\u015f, bu su\u00e7lama MYK toplant\u0131s\u0131nda da dile getirilmi\u015ftir. Bu su\u00e7lamalar, partide kendisini GYK\u2019n\u0131n ve MYK\u2019n\u0131n \u00fczerinde g\u00f6ren triumvir bir yap\u0131n\u0131n eseri olup b\u00f6yle bir yap\u0131yla yol y\u00fcr\u00fcmek benim a\u00e7\u0131mdan m\u00fcmk\u00fcn de\u011fildir. Milletvekili adaylar\u0131n\u0131n belirlenmesi s\u00fcrecine gelindi\u011finde ise parti i\u00e7i demokrasiye ayk\u0131r\u0131 m\u00fcdahaleler farkl\u0131 bi\u00e7imlerde ortaya \u00e7\u0131km\u0131\u015ft\u0131r. Parti merkezi nezdinde aday belirleme s\u00fcrecine ili\u015fkin prensiplerin hen\u00fcz olu\u015fmad\u0131\u011f\u0131 esnada kendisini partiden \u00fcst\u00fcn g\u00f6ren bu yap\u0131, \u2018\u00f6rg\u00fct\/taban e\u011filimini alma faaliyeti\u2019 ad\u0131 alt\u0131nda, aday belirlenmesine ili\u015fkin olarak hen\u00fcz belirlenmemi\u015f baz\u0131 prensipleri sanki parti merkezi nezdinde ortakla\u015fa belirlenmi\u015f gibi \u00f6rg\u00fct taban\u0131na sunmu\u015ftur. Buna g\u00f6re; \u2013 Baz\u0131 y\u00f6netici ve \u00fcyelere, Genel Ba\u015fkan\u2019\u0131n ba\u015fka partiden aday olmamas\u0131 y\u00f6n\u00fcnde bir parti karar\u0131 oldu\u011fu bildirilmi\u015ftir. Oysa ki ortada bu y\u00f6nde herhangi bir parti karar\u0131 yoktur. Son parti kongresinde b\u00f6yle bir karar al\u0131nmad\u0131\u011f\u0131 gibi parti t\u00fcz\u00fc\u011f\u00fcnde de b\u00f6yle bir d\u00fczenleme yoktur. \u00dcstelik ger\u00e7ekte var olmayan bu karar\u0131n konusu olan ki\u015finin, yani Genel Ba\u015fkan\u2019\u0131n da bu karardan haberi yoktur. Daha vahimi, D\u0130SK Genel Ba\u015fkanlar\u0131n\u0131n genellikle Meclis\u2019e aday g\u00f6sterilmesi \u00f6rne\u011fi, bu bilinmeyen tuhaf \u2018karara\u2019 gerek\u00e7e olarak g\u00f6sterilmi\u015ftir. EMEP eski Genel Ba\u015fkanl\u0131k g\u00f6revinde bulunan yolda\u015flar\u0131n adayl\u0131k, vekillik vb konularda \u2018al\u0131nganl\u0131k g\u00f6sterdikleri iddias\u0131\u2019 dahi \u00f6rnek g\u00f6sterilmi\u015ftir. Daha da ileri gidilerek, kimi \u00fcyelere \u2018HDP bunu yar\u0131n \u00f6n\u00fcm\u00fcze koyar, EMEP\u2019in ba\u015fkan\u0131n\u0131 biz belirledik der\u2019 \u015feklinde garabetle melul izahatlar yap\u0131lm\u0131\u015ft\u0131r. \u2013 \u0130l y\u00f6neticileri ve \u00fcyelerden adayl\u0131k i\u00e7in \u00f6neri al\u0131n\u0131rken, Genel Ba\u015fkan\u2019\u0131n haberi olmaks\u0131z\u0131n, bir\u00e7ok yerde \u2018Ba\u015far\u0131l\u0131 Genel Ba\u015fkan + yan\u0131nda 2 Milletvekili\u2019 form\u00fcl\u00fc, sanki parti merkezi taraf\u0131ndan \u00f6nceden belirlenmi\u015f bir prensipmi\u015f gibi aktar\u0131lm\u0131\u015ft\u0131r. \u201cGenel Ba\u015fkan zaten tan\u0131n\u0131yor, vekil gibi \u00e7al\u0131\u015f\u0131yor\u201d denmi\u015ftir. Parti merkezinin bilgisi ve \u00f6nceden konu\u015fulmu\u015f g\u00fcndemi olmaks\u0131z\u0131n yap\u0131lan bu s\u00f6ylemlerle, \u00fcyelerin sunaca\u011f\u0131 isim \u00f6nerilerine, ger\u00e7ekle ba\u011fda\u015fmayacak \u015fekilde, dolayl\u0131 etki ve y\u00f6nlendirme yap\u0131lm\u0131\u015ft\u0131r. B\u00f6ylesi y\u00f6nlendirmelerin olmad\u0131\u011f\u0131 illerde b\u00fcy\u00fck \u00e7o\u011funluk Genel Ba\u015fkan\u2019\u0131 \u00f6nermi\u015ftir. Y\u00f6nlendirmenin ve alg\u0131 y\u00f6netiminin yap\u0131ld\u0131\u011f\u0131 yerlerde de Genel Ba\u015fkan y\u00fcksek oranla \u00f6nerilmi\u015ftir ama \u015fapkadan \u201cBa\u015far\u0131l\u0131 Ba\u015fkan + 2 vekil\u201d form\u00fcl\u00fc \u00e7\u0131kar\u0131l\u0131nca, \u00fcye ve y\u00f6neticiler Genel Ba\u015fkan\u2019\u0131n d\u0131\u015f\u0131nda iki isim \u00f6nerisi yapm\u0131\u015flard\u0131r. Bu durumun kendisi hem b\u00fcy\u00fck bir \u00e7eli\u015fkiye hem de \u201ctriumvira\u201dy\u0131 and\u0131ran y\u00f6netim \u015feklinin vahametine i\u015farettir. Ayr\u0131ca kimi illerde t\u00fcm il y\u00f6netiminden, kimi illerde sadece sorumlu bir y\u00f6neticiden, kimi illerde ise \u00fcyelerden \u00f6neri al\u0131nmas\u0131 demokratik merkeziyet\u00e7ilik ilkesinin \u00e7i\u011fnendi\u011fini g\u00f6stermektedir. \u2013 15 Nisan tarihli MYK toplant\u0131s\u0131nda vekil aday\u0131 i\u00e7in tart\u0131\u015f\u0131lan isimler konusunda \u00f6zellikle not d\u00fc\u015ft\u00fc\u011f\u00fcm bir \u201c\u015ferh karar\u0131m\u201d bulunmaktad\u0131r. Bu \u015ferh, yaln\u0131zca ve yaln\u0131zca, iki vekil aday\u0131ndan birinin dahi i\u015f\u00e7i olmamas\u0131na dairdir. EMEP\u2019in \u00e7eyrek asr\u0131 a\u015fan m\u00fccadele tarihinde ve nihayet bug\u00fcn\u00fcnde i\u015f\u00e7i k\u00f6kenli Genel Ba\u015fkan ve i\u015f\u00e7i milletvekili \u00e7\u0131karamamas\u0131 \u00fcz\u00fcc\u00fcd\u00fcr, hepimizin sorumlulu\u011fundad\u0131r. 14 May\u0131s se\u00e7imlerine do\u011fru devrimci i\u015f\u00e7i partisi kimli\u011fi ta\u015f\u0131yan bir parti olarak EMEP\u2019in iki vekil \u00e7\u0131karma imkan\u0131 varken hala bunlardan birini bir i\u015f\u00e7iden veya i\u015f\u00e7i k\u00f6kenli bir devrimciden yana tercih etmemesi benim a\u00e7\u0131mdan kabul edilemez. Nitekim bu \u00f6zelli\u011fi haiz \u00e7ok\u00e7a i\u015f\u00e7i yolda\u015f\u0131m\u0131z vard\u0131r. Ne yaz\u0131k ki bu \u015ferh karar\u0131m, t\u00fcm uyar\u0131lar\u0131ma ra\u011fmen, GYK \u00fcyelerine, il il\u00e7e y\u00f6neticilerine ve \u00fcyelere ula\u015ft\u0131r\u0131lmam\u0131\u015ft\u0131r. \u2013 Ayn\u0131 toplant\u0131da, \u201cMeclise \u015fimdiki Genel Ba\u015fkan gitmeyecekse, EMEP ad\u0131na gidecek iki vekil arkada\u015ftan biri mutlaka Genel Ba\u015fkan olmal\u0131d\u0131r. Gerekirse bunun i\u00e7in h\u0131zla ola\u011fan\u00fcst\u00fc genel kongre toplanmal\u0131d\u0131r\u201d \u015feklindeki \u00f6nerim ve uyar\u0131m da dikkate al\u0131nmam\u0131\u015ft\u0131r, bilgilendirme yap\u0131l\u0131rken bu uyar\u0131m yine y\u00f6netici ve \u00fcyelere ula\u015ft\u0131r\u0131lmam\u0131\u015ft\u0131r. Zira, \u00f6nemli olan parlamentoya gidecek isimden ziyade, Meclis\u2019te Genel Ba\u015fkanl\u0131k\u2019\u0131n temsil edilmesidir. Meclis\u2019te grubu bulunmayan bir partinin parlamentoda etkin olmas\u0131 i\u00e7in de bu tercih elzemdir. Ayr\u0131ca, ittifak bile\u015feni parti ve \u00f6rg\u00fctlerin ba\u015fkan, e\u015f ba\u015fkan ve s\u00f6zc\u00fclerinin Meclis\u2019teki hareket alan\u0131 i\u00e7in de vekillerden birinin Ba\u015fkan olmas\u0131nda mutlak fayda vard\u0131r. Dolay\u0131s\u0131yla \u201cGenel Ba\u015fkan + 2 vekil\u201d \u015feklinde bir form\u00fcl\u00fcn ortaya at\u0131lmas\u0131n\u0131n hi\u00e7bir faydas\u0131 ve i\u015flevi yoktur. \u0130simler de\u011fil, parti bak\u0131m\u0131ndan k\u00fcrs\u00fc ve temsiliyet \u00f6nemlidir. Bununla birlikte, bizzat MYK \u00fcyelerimizi, yaz\u0131l\u0131 olarak uyarmama ra\u011fmen; \u201cBa\u015fkan + 2 vekil form\u00fcl\u00fcn\u00fc do\u011fru bulmuyorum, \u00f6rg\u00fcte b\u00f6yle izah edilmesin\u201d dememe, tersinin yap\u0131ld\u0131\u011f\u0131 \u00f6rnekler \u00e7ok\u00e7a g\u00f6r\u00fclm\u00fc\u015ft\u00fcr. \u2013 \u201cGenel Ba\u015fkan tan\u0131n\u0131yor, o milletvekili gibi\u201d \u015feklindeki s\u00f6ylemler \u00fcyelerin masum duygular\u0131n\u0131 istismar i\u00e7in de kullan\u0131lm\u0131\u015ft\u0131r. Nitekim s\u00f6z\u00fcn\u00fc etti\u011fim triumvir yap\u0131, ben se\u00e7im kampanyas\u0131 dahilinde il mitinglerini dola\u015f\u0131rken, bilgim dahilinde olmadan kendince \u201csorunlu\u201d kentleri dola\u015fm\u0131\u015ft\u0131r ve aday yap\u0131lmad\u0131\u011f\u0131m i\u00e7in tepki g\u00f6steren \u00fcye ve y\u00f6neticileri \u201cikna\u201d turuna \u00e7\u0131km\u0131\u015ft\u0131r. Bu ilgin\u00e7 faaliyetle ilgili ne \u00f6ncesinde ne de sonras\u0131nda, sekreterya \u00fcyesi olan Genel Ba\u015fkan\u2019a, herhangi bir bilgi verilmemi\u015ftir. Daha vahimi bu g\u00f6r\u00fc\u015fmelerde \u201cGenel Ba\u015fkan asl\u0131nda g\u00f6revinde \u00e7ok ba\u015far\u0131l\u0131 ama biz kolektif \u00e7al\u0131\u015fmaya daha uygun ve Meclis ortam\u0131ndan etkilenmeyecek arkada\u015flar\u0131 \u00f6nerdik\u201d mealinde s\u00f6zler sarf edilmi\u015ftir. Yani \u201cba\u015far\u0131l\u0131\u201d (!) bir Genel Ba\u015fkan olarak benim kolektif \u00e7al\u0131\u015fmaya daha uzak oldu\u011fum, Meclis ortam\u0131na girince olumsuz sapma ya da e\u011filimlerde bulunabilece\u011fim \u00fcst\u00fc kapal\u0131 olarak ima edilmi\u015ftir. Bu hem \u015fahs\u0131ma hem de EMEP\u2019in Genel Ba\u015fkanl\u0131k makam\u0131na hakarettir. Bu durumda istifa karar\u0131m sadece \u015fahsi onuruma<\/p>\n","protected":false},"author":2,"featured_media":991,"comment_status":"open","ping_status":"open","sticky":false,"template":"","format":"standard","meta":{"_joinchat":[],"footnotes":""},"categories":[23],"tags":[],"class_list":["post-990","post","type-post","status-publish","format-standard","has-post-thumbnail","hentry","category-politika-siyaset"],"acf":[],"_links":{"self":[{"href":"https:\/\/radyomunzur.com\/index.php?rest_route=\/wp\/v2\/posts\/990","targetHints":{"allow":["GET"]}}],"collection":[{"href":"https:\/\/radyomunzur.com\/index.php?rest_route=\/wp\/v2\/posts"}],"about":[{"href":"https:\/\/radyomunzur.com\/index.php?rest_route=\/wp\/v2\/types\/post"}],"author":[{"embeddable":true,"href":"https:\/\/radyomunzur.com\/index.php?rest_route=\/wp\/v2\/users\/2"}],"replies":[{"embeddable":true,"href":"https:\/\/radyomunzur.com\/index.php?rest_route=%2Fwp%2Fv2%2Fcomments&post=990"}],"version-history":[{"count":1,"href":"https:\/\/radyomunzur.com\/index.php?rest_route=\/wp\/v2\/posts\/990\/revisions"}],"predecessor-version":[{"id":992,"href":"https:\/\/radyomunzur.com\/index.php?rest_route=\/wp\/v2\/posts\/990\/revisions\/992"}],"wp:featuredmedia":[{"embeddable":true,"href":"https:\/\/radyomunzur.com\/index.php?rest_route=\/wp\/v2\/media\/991"}],"wp:attachment":[{"href":"https:\/\/radyomunzur.com\/index.php?rest_route=%2Fwp%2Fv2%2Fmedia&parent=990"}],"wp:term":[{"taxonomy":"category","embeddable":true,"href":"https:\/\/radyomunzur.com\/index.php?rest_route=%2Fwp%2Fv2%2Fcategories&post=990"},{"taxonomy":"post_tag","embeddable":true,"href":"https:\/\/radyomunzur.com\/index.php?rest_route=%2Fwp%2Fv2%2Ftags&post=990"}],"curies":[{"name":"wp","href":"https:\/\/api.w.org\/{rel}","templated":true}]}}