{"id":987,"date":"2023-05-17T04:21:50","date_gmt":"2023-05-17T08:21:50","guid":{"rendered":"https:\/\/radyomunzur.com\/?p=987"},"modified":"2023-05-20T04:53:21","modified_gmt":"2023-05-20T08:53:21","slug":"9-gazeteci-hakkinda-tahliye-karari-verildi","status":"publish","type":"post","link":"https:\/\/radyomunzur.com\/?p=987","title":{"rendered":"9 gazeteci hakk\u0131nda tahliye karar\u0131 verildi"},"content":{"rendered":"<p><strong>12 gazetecinin yarg\u0131land\u0131\u011f\u0131 davada mahkeme, tutuklu yarg\u0131lanan 9 gazeteci hakk\u0131nda tahliye karar\u0131 verildi.<\/strong><\/p>\n<p>Mezopotamya Ajans\u0131 (MA) Yaz\u0131 \u0130\u015fleri M\u00fcd\u00fcr\u00fc Diren Yurtsever\u2019in de aralar\u0131nda bulundu\u011fu 12 gazetecinin Ankara 4. A\u011f\u0131r Ceza Mahkemesi\u2019nde s\u00fcren yarg\u0131lanmas\u0131na, mahkeme Hamdullah Bayram\u2019\u0131n tutukluluk halinin devam\u0131na karar verirken, tutuklu yarg\u0131lanan Diren Yurtsever, Berivan Altan, Ceylan \u015eahinli, Deniz Nazl\u0131m, Emrullah Acar, Hakan Yal\u00e7\u0131n, Selman G\u00fczely\u00fcz, Habibe Eren ve \u00d6znur De\u011fer hakk\u0131nda ise tahliye karar\u0131 verdi.<\/p>\n<p>Mahkeme, dinlenmeyen gizli ve a\u00e7\u0131k tan\u0131klar\u0131n yan\u0131 s\u0131ra MA \u0130mtiyaz Sahibi Ferhat \u00c7elik\u2019in de tan\u0131k s\u0131fat\u0131yla gelecek celsede dinlenmesine karar verdi. Bir sonraki duru\u015fma 5 Temmuz 2023\u2019e ertelendi.<\/p>\n<p><strong>P\u0130RHA\/ANKARA<\/strong><\/p>\n","protected":false},"excerpt":{"rendered":"<p>12 gazetecinin yarg\u0131land\u0131\u011f\u0131 davada mahkeme, tutuklu yarg\u0131lanan 9 gazeteci hakk\u0131nda tahliye karar\u0131 verildi. Mezopotamya Ajans\u0131 (MA) Yaz\u0131 \u0130\u015fleri M\u00fcd\u00fcr\u00fc Diren Yurtsever\u2019in de aralar\u0131nda bulundu\u011fu 12 gazetecinin Ankara 4. A\u011f\u0131r Ceza Mahkemesi\u2019nde s\u00fcren yarg\u0131lanmas\u0131na, mahkeme Hamdullah Bayram\u2019\u0131n tutukluluk halinin devam\u0131na karar verirken, tutuklu yarg\u0131lanan Diren Yurtsever, Berivan Altan, Ceylan \u015eahinli, Deniz Nazl\u0131m, Emrullah Acar, Hakan Yal\u00e7\u0131n, Selman G\u00fczely\u00fcz, Habibe Eren ve \u00d6znur De\u011fer hakk\u0131nda ise tahliye karar\u0131 verdi. Mahkeme, dinlenmeyen gizli ve a\u00e7\u0131k tan\u0131klar\u0131n yan\u0131 s\u0131ra MA \u0130mtiyaz Sahibi Ferhat \u00c7elik\u2019in de tan\u0131k s\u0131fat\u0131yla gelecek celsede dinlenmesine karar verdi. Bir sonraki duru\u015fma 5 Temmuz 2023\u2019e ertelendi. P\u0130RHA\/ANKARA<\/p>\n","protected":false},"author":2,"featured_media":988,"comment_status":"open","ping_status":"open","sticky":false,"template":"","format":"standard","meta":{"_joinchat":[],"footnotes":""},"categories":[7],"tags":[],"class_list":["post-987","post","type-post","status-publish","format-standard","has-post-thumbnail","hentry","category-dil"],"acf":[],"_links":{"self":[{"href":"https:\/\/radyomunzur.com\/index.php?rest_route=\/wp\/v2\/posts\/987","targetHints":{"allow":["GET"]}}],"collection":[{"href":"https:\/\/radyomunzur.com\/index.php?rest_route=\/wp\/v2\/posts"}],"about":[{"href":"https:\/\/radyomunzur.com\/index.php?rest_route=\/wp\/v2\/types\/post"}],"author":[{"embeddable":true,"href":"https:\/\/radyomunzur.com\/index.php?rest_route=\/wp\/v2\/users\/2"}],"replies":[{"embeddable":true,"href":"https:\/\/radyomunzur.com\/index.php?rest_route=%2Fwp%2Fv2%2Fcomments&post=987"}],"version-history":[{"count":1,"href":"https:\/\/radyomunzur.com\/index.php?rest_route=\/wp\/v2\/posts\/987\/revisions"}],"predecessor-version":[{"id":989,"href":"https:\/\/radyomunzur.com\/index.php?rest_route=\/wp\/v2\/posts\/987\/revisions\/989"}],"wp:featuredmedia":[{"embeddable":true,"href":"https:\/\/radyomunzur.com\/index.php?rest_route=\/wp\/v2\/media\/988"}],"wp:attachment":[{"href":"https:\/\/radyomunzur.com\/index.php?rest_route=%2Fwp%2Fv2%2Fmedia&parent=987"}],"wp:term":[{"taxonomy":"category","embeddable":true,"href":"https:\/\/radyomunzur.com\/index.php?rest_route=%2Fwp%2Fv2%2Fcategories&post=987"},{"taxonomy":"post_tag","embeddable":true,"href":"https:\/\/radyomunzur.com\/index.php?rest_route=%2Fwp%2Fv2%2Ftags&post=987"}],"curies":[{"name":"wp","href":"https:\/\/api.w.org\/{rel}","templated":true}]}}