{"id":974,"date":"2023-05-11T05:24:51","date_gmt":"2023-05-11T09:24:51","guid":{"rendered":"https:\/\/radyomunzur.com\/?p=974"},"modified":"2023-05-11T12:24:18","modified_gmt":"2023-05-11T16:24:18","slug":"gazeteci-caner-aktanin-gozaltina-alinmasi-dersimde-protesto-edildi","status":"publish","type":"post","link":"https:\/\/radyomunzur.com\/?p=974","title":{"rendered":"Gazeteci Caner Aktan\u2019\u0131n g\u00f6zalt\u0131na al\u0131nmas\u0131 Dersim\u2019de protesto edildi"},"content":{"rendered":"<p><strong>Dersim\u2019de Yeni Dersim Gazetesi Muhabiri Caner Aktan\u2019\u0131n 6 May\u0131s\u2019ta g\u00f6zalt\u0131na al\u0131nmas\u0131na tepki g\u00f6sterilerek a\u00e7\u0131klama yap\u0131ld\u0131. Yap\u0131lan a\u00e7\u0131klamada, \u201c\u00d6zg\u00fcr bas\u0131na yap\u0131lan her sald\u0131r\u0131 haber alma hakk\u0131m\u0131za sald\u0131r\u0131d\u0131r\u201d denildi.<\/strong><\/p>\n<div class=\"epyt-video-wrapper fluid-width-video-wrapper\"><iframe id=\"_ytid_55508\" class=\"__youtube_prefs__  epyt-is-override  no-lazyload\" title=\"Gazeteci Caner Aktan\u2019\u0131n g\u00f6zalt\u0131na al\u0131nmas\u0131 Dersim\u2019de protesto edildi\" src=\"https:\/\/www.youtube.com\/embed\/ETLElQ60E-g?enablejsapi=1&amp;autoplay=0&amp;cc_load_policy=0&amp;cc_lang_pref=tr&amp;iv_load_policy=3&amp;loop=0&amp;modestbranding=1&amp;rel=0&amp;fs=1&amp;playsinline=0&amp;autohide=2&amp;hl=tr_TR&amp;theme=dark&amp;color=red&amp;controls=1&amp;\" allowfullscreen=\"allowfullscreen\" data-origwidth=\"1170\" data-origheight=\"658\" data-no-lazy=\"1\" data-skipgform_ajax_framebjll=\"\" data-mce-fragment=\"1\"><\/iframe><\/div>\n<p>Dersim\u2019de Yeni Dersim Gazetesi muhabiri Caner Aktan\u2019\u0131n 6 May\u0131s\u2019ta g\u00f6zalt\u0131na al\u0131nmas\u0131na ili\u015fkin Sanat Soka\u011f\u0131\u2019nda a\u00e7\u0131klama yap\u0131ld\u0131. \u201cYeni Dersim gazetesi sahibi Caner Aktan serbest b\u0131rak\u0131ls\u0131n\u201d yaz\u0131l\u0131 pankart\u0131n a\u00e7\u0131ld\u0131\u011f\u0131 a\u00e7\u0131klamaya, gazeteciler, Emek ve \u00d6zg\u00fcrl\u00fck \u0130ttifak\u0131, Dersim Belediye Ba\u015fkan\u0131 Fatih Mehmet Ma\u00e7o\u011flu ve \u00e7ok say\u0131da yurtta\u015f kat\u0131ld\u0131.<\/p>\n<p><strong>\u201cGAZETEC\u0130LER\u0130N G\u00d6ZALTINA ALINMASI B\u0130R SUSTURMA OPERASYONUDUR\u201d<\/strong><\/p>\n<p>A\u00e7\u0131klamay\u0131 okuyan sanat\u00e7\u0131\u00a0<strong>Metin Kahraman<\/strong>, \u201cNisan sonunda Diyarbak\u0131r\u2019da d\u00fczenlenen bir operasyonla aralar\u0131nda \u00e7ok say\u0131da gazetecinin de bulundu\u011fu 216 ki\u015fi hakk\u0131nda soru\u015fturma a\u00e7\u0131lm\u0131\u015f, bu ki\u015filer aras\u0131ndan 4 gazeteci hakk\u0131nda tutuklama karar\u0131 \u00e7\u0131kar\u0131lm\u0131\u015ft\u0131. 14 May\u0131s se\u00e7imlerinden hemen \u00f6nce giri\u015filen bu operasyon, se\u00e7imleri izleme ve se\u00e7im yolsuzluklar\u0131na m\u00fcdahale etme g\u00fcc\u00fc bulunacak kesimlerin pasifize edilmesi olarak yorumlanm\u0131\u015ft\u0131. Benzer bir operasyon Dersim\u2019de de ger\u00e7ekle\u015ftirilmi\u015f, Dersim\u2019de \u00f6zellikle \u00e7evre m\u00fccadelesi, k\u00fclt\u00fcrel \u00e7al\u0131\u015fmalar ve tar\u0131msal kalk\u0131nmayla ilgili haberleriyle etkili bir gazetecilik \u00e7al\u0131\u015fmas\u0131 y\u00fcr\u00fcten arkada\u015f\u0131m\u0131z Caner Aktan, s\u00f6zde bir siber sald\u0131r\u0131 su\u00e7lamas\u0131 ba\u011flam\u0131nda g\u00f6zalt\u0131na al\u0131nm\u0131\u015ft\u0131r. Gazetecilerin g\u00f6zalt\u0131na al\u0131nmas\u0131n\u0131 yakla\u015fan se\u00e7ime d\u00f6n\u00fck bir susturma operasyonudur. Arkada\u015f\u0131m\u0131z\u0131n bir an evvel serbest b\u0131rak\u0131lmas\u0131n\u0131 bekliyoruz. \u00d6zg\u00fcr bas\u0131na yap\u0131lan her sald\u0131r\u0131 haber alma hakk\u0131m\u0131za yap\u0131lan bir sald\u0131r\u0131d\u0131r. \u0130ktidar\u0131n bu bask\u0131lar\u0131na hep beraber dur demeliyiz\u201d dedi.<\/p>\n<p><strong>\u201c\u00d6ZG\u00dcR BASIN SUSTURULAMAZ\u201d<\/strong><\/p>\n<p>A\u00e7\u0131klamadan sonra konu\u015fan gazeteci\u00a0<strong>H\u00fcseyin Ya\u015far Sezgin<\/strong>\u00a0de, \u201cAnkara ve \u0130stanbul merkezli son s\u00fcre\u00e7te yap\u0131lan soru\u015fturmalarda \u00e7ok say\u0131da gazeteci arkada\u015f\u0131m\u0131z g\u00f6zalt\u0131na al\u0131nd\u0131. \u0130\u015fkence yap\u0131larak, tutukland\u0131lar. Mezopotamya ve Jinnews haber ajanslar\u0131, Yeni Demokrasi muhabiri g\u00f6zalt\u0131na al\u0131nd\u0131. ayn\u0131 zamanda Yeni Dersim muhabiri Caner Aktan da g\u00f6zalt\u0131na al\u0131nd\u0131. \u00d6zg\u00fcr bas\u0131n\u0131n susturulabilece\u011fini zannediyorlar. Se\u00e7im s\u00fcrecinde bu bask\u0131lar\u0131n kar\u015f\u0131s\u0131nda dimdik durmaya devam edece\u011fiz. \u00d6zg\u00fcr bas\u0131n susturulamaz. Gazetecilik su\u00e7 de\u011fildir\u201d diye konu\u015ftu.<\/p>\n<p>A\u00e7\u0131klama \u2018Bask\u0131lar bizi y\u0131ld\u0131ramaz\u2019 sloganlar\u0131yla sona erdi.<\/p>\n<p><strong>P\u0130RHA\/DERS\u0130M<\/strong><\/p>\n","protected":false},"excerpt":{"rendered":"<p>Dersim\u2019de Yeni Dersim Gazetesi Muhabiri Caner Aktan\u2019\u0131n 6 May\u0131s\u2019ta g\u00f6zalt\u0131na al\u0131nmas\u0131na tepki g\u00f6sterilerek a\u00e7\u0131klama yap\u0131ld\u0131. Yap\u0131lan a\u00e7\u0131klamada, \u201c\u00d6zg\u00fcr bas\u0131na yap\u0131lan her sald\u0131r\u0131 haber alma hakk\u0131m\u0131za sald\u0131r\u0131d\u0131r\u201d denildi. Dersim\u2019de Yeni Dersim Gazetesi muhabiri Caner Aktan\u2019\u0131n 6 May\u0131s\u2019ta g\u00f6zalt\u0131na al\u0131nmas\u0131na ili\u015fkin Sanat Soka\u011f\u0131\u2019nda a\u00e7\u0131klama yap\u0131ld\u0131. \u201cYeni Dersim gazetesi sahibi Caner Aktan serbest b\u0131rak\u0131ls\u0131n\u201d yaz\u0131l\u0131 pankart\u0131n a\u00e7\u0131ld\u0131\u011f\u0131 a\u00e7\u0131klamaya, gazeteciler, Emek ve \u00d6zg\u00fcrl\u00fck \u0130ttifak\u0131, Dersim Belediye Ba\u015fkan\u0131 Fatih Mehmet Ma\u00e7o\u011flu ve \u00e7ok say\u0131da yurtta\u015f kat\u0131ld\u0131. \u201cGAZETEC\u0130LER\u0130N G\u00d6ZALTINA ALINMASI B\u0130R SUSTURMA OPERASYONUDUR\u201d A\u00e7\u0131klamay\u0131 okuyan sanat\u00e7\u0131\u00a0Metin Kahraman, \u201cNisan sonunda Diyarbak\u0131r\u2019da d\u00fczenlenen bir operasyonla aralar\u0131nda \u00e7ok say\u0131da gazetecinin de bulundu\u011fu 216 ki\u015fi hakk\u0131nda soru\u015fturma a\u00e7\u0131lm\u0131\u015f, bu ki\u015filer aras\u0131ndan 4 gazeteci hakk\u0131nda tutuklama karar\u0131 \u00e7\u0131kar\u0131lm\u0131\u015ft\u0131. 14 May\u0131s se\u00e7imlerinden hemen \u00f6nce giri\u015filen bu operasyon, se\u00e7imleri izleme ve se\u00e7im yolsuzluklar\u0131na m\u00fcdahale etme g\u00fcc\u00fc bulunacak kesimlerin pasifize edilmesi olarak yorumlanm\u0131\u015ft\u0131. Benzer bir operasyon Dersim\u2019de de ger\u00e7ekle\u015ftirilmi\u015f, Dersim\u2019de \u00f6zellikle \u00e7evre m\u00fccadelesi, k\u00fclt\u00fcrel \u00e7al\u0131\u015fmalar ve tar\u0131msal kalk\u0131nmayla ilgili haberleriyle etkili bir gazetecilik \u00e7al\u0131\u015fmas\u0131 y\u00fcr\u00fcten arkada\u015f\u0131m\u0131z Caner Aktan, s\u00f6zde bir siber sald\u0131r\u0131 su\u00e7lamas\u0131 ba\u011flam\u0131nda g\u00f6zalt\u0131na al\u0131nm\u0131\u015ft\u0131r. Gazetecilerin g\u00f6zalt\u0131na al\u0131nmas\u0131n\u0131 yakla\u015fan se\u00e7ime d\u00f6n\u00fck bir susturma operasyonudur. Arkada\u015f\u0131m\u0131z\u0131n bir an evvel serbest b\u0131rak\u0131lmas\u0131n\u0131 bekliyoruz. \u00d6zg\u00fcr bas\u0131na yap\u0131lan her sald\u0131r\u0131 haber alma hakk\u0131m\u0131za yap\u0131lan bir sald\u0131r\u0131d\u0131r. \u0130ktidar\u0131n bu bask\u0131lar\u0131na hep beraber dur demeliyiz\u201d dedi. \u201c\u00d6ZG\u00dcR BASIN SUSTURULAMAZ\u201d A\u00e7\u0131klamadan sonra konu\u015fan gazeteci\u00a0H\u00fcseyin Ya\u015far Sezgin\u00a0de, \u201cAnkara ve \u0130stanbul merkezli son s\u00fcre\u00e7te yap\u0131lan soru\u015fturmalarda \u00e7ok say\u0131da gazeteci arkada\u015f\u0131m\u0131z g\u00f6zalt\u0131na al\u0131nd\u0131. \u0130\u015fkence yap\u0131larak, tutukland\u0131lar. Mezopotamya ve Jinnews haber ajanslar\u0131, Yeni Demokrasi muhabiri g\u00f6zalt\u0131na al\u0131nd\u0131. ayn\u0131 zamanda Yeni Dersim muhabiri Caner Aktan da g\u00f6zalt\u0131na al\u0131nd\u0131. \u00d6zg\u00fcr bas\u0131n\u0131n susturulabilece\u011fini zannediyorlar. Se\u00e7im s\u00fcrecinde bu bask\u0131lar\u0131n kar\u015f\u0131s\u0131nda dimdik durmaya devam edece\u011fiz. \u00d6zg\u00fcr bas\u0131n susturulamaz. Gazetecilik su\u00e7 de\u011fildir\u201d diye konu\u015ftu. A\u00e7\u0131klama \u2018Bask\u0131lar bizi y\u0131ld\u0131ramaz\u2019 sloganlar\u0131yla sona erdi. P\u0130RHA\/DERS\u0130M<\/p>\n","protected":false},"author":2,"featured_media":975,"comment_status":"open","ping_status":"open","sticky":false,"template":"","format":"standard","meta":{"_joinchat":[],"footnotes":""},"categories":[5],"tags":[],"class_list":["post-974","post","type-post","status-publish","format-standard","has-post-thumbnail","hentry","category-yerel-haberler"],"acf":[],"_links":{"self":[{"href":"https:\/\/radyomunzur.com\/index.php?rest_route=\/wp\/v2\/posts\/974","targetHints":{"allow":["GET"]}}],"collection":[{"href":"https:\/\/radyomunzur.com\/index.php?rest_route=\/wp\/v2\/posts"}],"about":[{"href":"https:\/\/radyomunzur.com\/index.php?rest_route=\/wp\/v2\/types\/post"}],"author":[{"embeddable":true,"href":"https:\/\/radyomunzur.com\/index.php?rest_route=\/wp\/v2\/users\/2"}],"replies":[{"embeddable":true,"href":"https:\/\/radyomunzur.com\/index.php?rest_route=%2Fwp%2Fv2%2Fcomments&post=974"}],"version-history":[{"count":1,"href":"https:\/\/radyomunzur.com\/index.php?rest_route=\/wp\/v2\/posts\/974\/revisions"}],"predecessor-version":[{"id":976,"href":"https:\/\/radyomunzur.com\/index.php?rest_route=\/wp\/v2\/posts\/974\/revisions\/976"}],"wp:featuredmedia":[{"embeddable":true,"href":"https:\/\/radyomunzur.com\/index.php?rest_route=\/wp\/v2\/media\/975"}],"wp:attachment":[{"href":"https:\/\/radyomunzur.com\/index.php?rest_route=%2Fwp%2Fv2%2Fmedia&parent=974"}],"wp:term":[{"taxonomy":"category","embeddable":true,"href":"https:\/\/radyomunzur.com\/index.php?rest_route=%2Fwp%2Fv2%2Fcategories&post=974"},{"taxonomy":"post_tag","embeddable":true,"href":"https:\/\/radyomunzur.com\/index.php?rest_route=%2Fwp%2Fv2%2Ftags&post=974"}],"curies":[{"name":"wp","href":"https:\/\/api.w.org\/{rel}","templated":true}]}}