{"id":970,"date":"2023-05-11T05:06:52","date_gmt":"2023-05-11T09:06:52","guid":{"rendered":"https:\/\/radyomunzur.com\/?p=970"},"modified":"2023-05-11T12:24:00","modified_gmt":"2023-05-11T16:24:00","slug":"abdal-musa-postnisini-eristen-akpnin-cemevi-baskanligina-tepki-guvenmiyoruz","status":"publish","type":"post","link":"https:\/\/radyomunzur.com\/?p=970","title":{"rendered":"Abdal Musa Postni\u015fini Eri\u015f\u2019ten AKP\u2019nin Cemevi Ba\u015fkanl\u0131\u011f\u0131\u2019na tepki: G\u00fcvenmiyoruz"},"content":{"rendered":"<p><strong>ANTALYA- Abdal Musa Postni\u015fini H\u00fcseyin Eri\u015f, AKP taraf\u0131ndan kurulan Alevi Bekta\u015fi K\u00fclt\u00fcr ve Cemevi Ba\u015fkanl\u0131\u011f\u0131 b\u00fcnyesinde s\u00f6zle\u015fmeli personel al\u0131nmas\u0131na tepki g\u00f6stererek, \u201cAlevilerin \u00fczerinde bu t\u00fcr oyunlar hep oynana gelmi\u015f olsa da uzun vadede \u00e7ok ba\u015far\u0131l\u0131 olacaklar\u0131n\u0131 d\u00fc\u015f\u00fcnm\u00fcyorum\u201d dedi.\u00a0<\/strong><\/p>\n<div class=\"epyt-video-wrapper fluid-width-video-wrapper\"><iframe id=\"_ytid_25218\" class=\"__youtube_prefs__  epyt-is-override  no-lazyload\" title=\"Abdal Musa Postni\u015fini Eri\u015f'ten AKP'nin Cemevi Ba\u015fkanl\u0131\u011f\u0131'na tepki: G\u00fcvenmiyoruz\" src=\"https:\/\/www.youtube.com\/embed\/919hcenQ8es?enablejsapi=1&amp;autoplay=0&amp;cc_load_policy=0&amp;cc_lang_pref=tr&amp;iv_load_policy=3&amp;loop=0&amp;modestbranding=1&amp;rel=0&amp;fs=1&amp;playsinline=0&amp;autohide=2&amp;hl=tr_TR&amp;theme=dark&amp;color=red&amp;controls=1&amp;\" allowfullscreen=\"allowfullscreen\" data-origwidth=\"1170\" data-origheight=\"658\" data-no-lazy=\"1\" data-skipgform_ajax_framebjll=\"\" data-mce-fragment=\"1\"><\/iframe><\/div>\n<p>Cumhurba\u015fkanl\u0131\u011f\u0131 Kararnamesi ile kurulan\u00a0<strong>Alevi Bekta\u015fi K\u00fclt\u00fcr ve Cemevi Ba\u015fkanl\u0131\u011f\u0131<\/strong>\u00a0b\u00fcnyesinde 40 s\u00f6zle\u015fmeli \u2018uzman\u2019 personelin istihdam edildi\u011fi\u00a0 duyurulmu\u015ftu. Aleviler ise asimilasyona hizmet edece\u011fi gerek\u00e7esiyle buna kar\u015f\u0131 \u00e7\u0131kmay\u0131 s\u00fcrd\u00fcr\u00fcyor.<\/p>\n<p>Abdal Musa Postni\u015fini H\u00fcseyin Eri\u015f,\u00a0 Alevi Bekta\u015fi K\u00fclt\u00fcr ve Cemevi Ba\u015fkanl\u0131\u011f\u0131\u2019n\u0131n kurulmas\u0131n\u0131 \u201cAlevilere nas\u0131l yak\u0131nla\u015fabiliriz, onlar\u0131 nas\u0131l kazanabiliriz d\u00fc\u015f\u00fcncesi\u201d diye yorumlad\u0131. Eri\u015f, \u201cGer\u00e7ekten anlamakta zorluk \u00e7ekiyorum\u201d diyerek, \u201cNe istiyorlar, ne yapmaya \u00e7al\u0131\u015f\u0131yorlar?\u2019 sorusunu da y\u00f6neltti.<\/p>\n<p>H\u00fcseyin Eri\u015f, AKP iktidar\u0131n\u0131n, Alevi toplumuna y\u00f6nelik yapt\u0131klar\u0131n\u0131n ortada oldu\u011funu belirterek, \u201cSadece Aleviler de\u011fil, kendisi gibi d\u00fc\u015f\u00fcnmeyen herkese farkl\u0131 bir g\u00f6zle bakt\u0131\u011f\u0131n\u0131 g\u00f6r\u00fcyoruz zaten\u201d dedi.<\/p>\n<p><strong>\u201cDEVLET\u0130N YAKLA\u015eIMINI SAM\u0130M\u0130 G\u00d6RM\u00dcYORUZ, \u0130NANMIYORUZ\u201d<\/strong><\/p>\n<p>H\u00fcseyin Eri\u015f, AKP iktidar\u0131n\u0131n, Alevi toplumuna kar\u015f\u0131 samimiyet g\u00f6stermedi\u011finin alt\u0131n\u0131 \u00e7izerek \u015funlar\u0131 ifade etti:<\/p>\n<p>\u201cBu bir samimiyet meselesidir. Samimiyet gerekli ama samimiyet g\u00f6remiyoruz. Neyi anlatmaya \u00e7al\u0131\u015f\u0131yorlar, nas\u0131l yapacaklar, kimlere neyi verecekler bu da \u00e7ok belli de\u011fil. \u2018Sen Alevisin, sen Alevi dedesisin, Alevi babas\u0131s\u0131n\u2019 deyip, oraya koymakla ne yapmaya \u00e7al\u0131\u015f\u0131yorlar, bu da \u00e7ok belli de\u011fil. Mutlaka iktidar\u0131n bir amac\u0131 vard\u0131r, onu biliyoruz. \u0130nan\u00e7l\u0131 Aleviler, Yol\u2019u, erkan\u0131 bilen Aleviler, dedeler, talipler, canlar her \u015feyi g\u00f6r\u00fcyor. Bunlar ge\u00e7icidir. Zaman zaman Alevilerin \u00fczerinde bu t\u00fcr d\u00fczenler, oyunlar hep oynana gelmi\u015f. Tabii zaman zaman ba\u015far\u0131l\u0131 olduklar\u0131 yer de var. Pir Sultan der ya, \u201cHer a\u011fac\u0131n kurdu \u00f6z\u00fcnden olur\u201d, bizim i\u00e7imizde de kurtlar var. Tabii onlar bizim \u00f6z\u00fcm\u00fczden gelip ufak tefek nifaklar\u0131 Alevili\u011fe, Bekta\u015fili\u011fe sokuyor ama bunlar\u0131n uzun vadede \u00e7ok ba\u015far\u0131l\u0131 olduklar\u0131n\u0131, olacaklar\u0131n\u0131 d\u00fc\u015f\u00fcnm\u00fcyorum.\u201d<\/p>\n<p><strong>P\u0130RHA\/Cebrail ARSLAN<\/strong><\/p>\n","protected":false},"excerpt":{"rendered":"<p>ANTALYA- Abdal Musa Postni\u015fini H\u00fcseyin Eri\u015f, AKP taraf\u0131ndan kurulan Alevi Bekta\u015fi K\u00fclt\u00fcr ve Cemevi Ba\u015fkanl\u0131\u011f\u0131 b\u00fcnyesinde s\u00f6zle\u015fmeli personel al\u0131nmas\u0131na tepki g\u00f6stererek, \u201cAlevilerin \u00fczerinde bu t\u00fcr oyunlar hep oynana gelmi\u015f olsa da uzun vadede \u00e7ok ba\u015far\u0131l\u0131 olacaklar\u0131n\u0131 d\u00fc\u015f\u00fcnm\u00fcyorum\u201d dedi.\u00a0 Cumhurba\u015fkanl\u0131\u011f\u0131 Kararnamesi ile kurulan\u00a0Alevi Bekta\u015fi K\u00fclt\u00fcr ve Cemevi Ba\u015fkanl\u0131\u011f\u0131\u00a0b\u00fcnyesinde 40 s\u00f6zle\u015fmeli \u2018uzman\u2019 personelin istihdam edildi\u011fi\u00a0 duyurulmu\u015ftu. Aleviler ise asimilasyona hizmet edece\u011fi gerek\u00e7esiyle buna kar\u015f\u0131 \u00e7\u0131kmay\u0131 s\u00fcrd\u00fcr\u00fcyor. Abdal Musa Postni\u015fini H\u00fcseyin Eri\u015f,\u00a0 Alevi Bekta\u015fi K\u00fclt\u00fcr ve Cemevi Ba\u015fkanl\u0131\u011f\u0131\u2019n\u0131n kurulmas\u0131n\u0131 \u201cAlevilere nas\u0131l yak\u0131nla\u015fabiliriz, onlar\u0131 nas\u0131l kazanabiliriz d\u00fc\u015f\u00fcncesi\u201d diye yorumlad\u0131. Eri\u015f, \u201cGer\u00e7ekten anlamakta zorluk \u00e7ekiyorum\u201d diyerek, \u201cNe istiyorlar, ne yapmaya \u00e7al\u0131\u015f\u0131yorlar?\u2019 sorusunu da y\u00f6neltti. H\u00fcseyin Eri\u015f, AKP iktidar\u0131n\u0131n, Alevi toplumuna y\u00f6nelik yapt\u0131klar\u0131n\u0131n ortada oldu\u011funu belirterek, \u201cSadece Aleviler de\u011fil, kendisi gibi d\u00fc\u015f\u00fcnmeyen herkese farkl\u0131 bir g\u00f6zle bakt\u0131\u011f\u0131n\u0131 g\u00f6r\u00fcyoruz zaten\u201d dedi. \u201cDEVLET\u0130N YAKLA\u015eIMINI SAM\u0130M\u0130 G\u00d6RM\u00dcYORUZ, \u0130NANMIYORUZ\u201d H\u00fcseyin Eri\u015f, AKP iktidar\u0131n\u0131n, Alevi toplumuna kar\u015f\u0131 samimiyet g\u00f6stermedi\u011finin alt\u0131n\u0131 \u00e7izerek \u015funlar\u0131 ifade etti: \u201cBu bir samimiyet meselesidir. Samimiyet gerekli ama samimiyet g\u00f6remiyoruz. Neyi anlatmaya \u00e7al\u0131\u015f\u0131yorlar, nas\u0131l yapacaklar, kimlere neyi verecekler bu da \u00e7ok belli de\u011fil. \u2018Sen Alevisin, sen Alevi dedesisin, Alevi babas\u0131s\u0131n\u2019 deyip, oraya koymakla ne yapmaya \u00e7al\u0131\u015f\u0131yorlar, bu da \u00e7ok belli de\u011fil. Mutlaka iktidar\u0131n bir amac\u0131 vard\u0131r, onu biliyoruz. \u0130nan\u00e7l\u0131 Aleviler, Yol\u2019u, erkan\u0131 bilen Aleviler, dedeler, talipler, canlar her \u015feyi g\u00f6r\u00fcyor. Bunlar ge\u00e7icidir. Zaman zaman Alevilerin \u00fczerinde bu t\u00fcr d\u00fczenler, oyunlar hep oynana gelmi\u015f. Tabii zaman zaman ba\u015far\u0131l\u0131 olduklar\u0131 yer de var. Pir Sultan der ya, \u201cHer a\u011fac\u0131n kurdu \u00f6z\u00fcnden olur\u201d, bizim i\u00e7imizde de kurtlar var. Tabii onlar bizim \u00f6z\u00fcm\u00fczden gelip ufak tefek nifaklar\u0131 Alevili\u011fe, Bekta\u015fili\u011fe sokuyor ama bunlar\u0131n uzun vadede \u00e7ok ba\u015far\u0131l\u0131 olduklar\u0131n\u0131, olacaklar\u0131n\u0131 d\u00fc\u015f\u00fcnm\u00fcyorum.\u201d P\u0130RHA\/Cebrail ARSLAN<\/p>\n","protected":false},"author":2,"featured_media":972,"comment_status":"open","ping_status":"open","sticky":false,"template":"","format":"standard","meta":{"_joinchat":[],"footnotes":""},"categories":[5],"tags":[],"class_list":["post-970","post","type-post","status-publish","format-standard","has-post-thumbnail","hentry","category-yerel-haberler"],"acf":[],"_links":{"self":[{"href":"https:\/\/radyomunzur.com\/index.php?rest_route=\/wp\/v2\/posts\/970","targetHints":{"allow":["GET"]}}],"collection":[{"href":"https:\/\/radyomunzur.com\/index.php?rest_route=\/wp\/v2\/posts"}],"about":[{"href":"https:\/\/radyomunzur.com\/index.php?rest_route=\/wp\/v2\/types\/post"}],"author":[{"embeddable":true,"href":"https:\/\/radyomunzur.com\/index.php?rest_route=\/wp\/v2\/users\/2"}],"replies":[{"embeddable":true,"href":"https:\/\/radyomunzur.com\/index.php?rest_route=%2Fwp%2Fv2%2Fcomments&post=970"}],"version-history":[{"count":1,"href":"https:\/\/radyomunzur.com\/index.php?rest_route=\/wp\/v2\/posts\/970\/revisions"}],"predecessor-version":[{"id":973,"href":"https:\/\/radyomunzur.com\/index.php?rest_route=\/wp\/v2\/posts\/970\/revisions\/973"}],"wp:featuredmedia":[{"embeddable":true,"href":"https:\/\/radyomunzur.com\/index.php?rest_route=\/wp\/v2\/media\/972"}],"wp:attachment":[{"href":"https:\/\/radyomunzur.com\/index.php?rest_route=%2Fwp%2Fv2%2Fmedia&parent=970"}],"wp:term":[{"taxonomy":"category","embeddable":true,"href":"https:\/\/radyomunzur.com\/index.php?rest_route=%2Fwp%2Fv2%2Fcategories&post=970"},{"taxonomy":"post_tag","embeddable":true,"href":"https:\/\/radyomunzur.com\/index.php?rest_route=%2Fwp%2Fv2%2Ftags&post=970"}],"curies":[{"name":"wp","href":"https:\/\/api.w.org\/{rel}","templated":true}]}}