{"id":864,"date":"2023-02-24T03:46:16","date_gmt":"2023-02-24T08:46:16","guid":{"rendered":"https:\/\/radyomunzur.com\/?p=864"},"modified":"2023-05-11T12:17:39","modified_gmt":"2023-05-11T16:17:39","slug":"dersimde-deprem-aciklamasi-yasadigimiz-cehennemin-nedeni-rant-hirsidir","status":"publish","type":"post","link":"https:\/\/radyomunzur.com\/?p=864","title":{"rendered":"Dersim\u2019de deprem a\u00e7\u0131klamas\u0131: Ya\u015fad\u0131\u011f\u0131m\u0131z cehennemin nedeni rant h\u0131rs\u0131d\u0131r"},"content":{"rendered":"<div class=\"single-featured\"><a class=\"post-thumbnail open-lightbox\" href=\"https:\/\/pirha.org\/wp-content\/uploads\/2023\/02\/dersim-emek-ve-demokrasi-platformu-deprem-aciklama-1-scaled.jpg\" rel=\"prettyPhoto\"><img fetchpriority=\"high\" decoding=\"async\" class=\"b-loaded\" src=\"https:\/\/pirha.org\/wp-content\/uploads\/2023\/02\/dersim-emek-ve-demokrasi-platformu-deprem-aciklama-1-scaled.jpg\" alt=\"\" width=\"2560\" height=\"1707\" \/><\/a><\/div>\n<div class=\"post-share single-post-share top-share clearfix style-9\"><\/div>\n<div class=\"entry-content clearfix single-post-content\">\n<p><strong>Dersim Emek ve Demokrasi Platformu, depremden sonra ya\u015fananlara ili\u015fkin bas\u0131n a\u00e7\u0131klamas\u0131 yapt\u0131. Platform ad\u0131na a\u00e7\u0131klamay\u0131 okuyan Nur\u015fat Ye\u015fil, \u201cHer biri mezarl\u0131\u011fa d\u00f6nen enkazlar da on binlerce insan\u0131m\u0131z, gerekli i\u015f makineleri, arama kurtarma ekipleri ve yard\u0131mlar ula\u015fmad\u0131\u011f\u0131 i\u00e7in can vermi\u015ftir. Y\u00fcz binlerce insan\u0131m\u0131z yaral\u0131d\u0131r. \u015eu ana dek tek bir yetkili dahi istifa etmemi\u015ftir. Sistemin kendisi kriz i\u00e7erisindedir\u201d dedi.\u00a0<\/strong><\/p>\n<div class=\"epyt-video-wrapper fluid-width-video-wrapper\"><iframe id=\"_ytid_96035\" class=\"__youtube_prefs__  epyt-is-override  no-lazyload\" title=\"Dersim'de deprem a\u00e7\u0131klamas\u0131: Ya\u015fad\u0131\u011f\u0131m\u0131z cehennemin nedeni rant h\u0131rs\u0131d\u0131r\" src=\"https:\/\/www.youtube.com\/embed\/wS0liwMTKyI?enablejsapi=1&amp;autoplay=0&amp;cc_load_policy=0&amp;cc_lang_pref=tr&amp;iv_load_policy=3&amp;loop=0&amp;modestbranding=1&amp;rel=0&amp;fs=1&amp;playsinline=0&amp;autohide=2&amp;hl=tr_TR&amp;theme=dark&amp;color=red&amp;controls=1&amp;\" allowfullscreen=\"allowfullscreen\" data-origwidth=\"1170\" data-origheight=\"658\" data-no-lazy=\"1\" data-skipgform_ajax_framebjll=\"\" data-mce-fragment=\"1\"><\/iframe><\/div>\n<p>Mara\u015f Pazarc\u0131k ve Elbistan merkezli iki b\u00fcy\u00fck depremin ard\u0131ndan on binlerce yurtta\u015f ya\u015fam\u0131n\u0131 yitirirken, y\u00fcz binlercesi yaraland\u0131, evsiz kald\u0131.<\/p>\n<p>Dersim Emek ve Demokrasi Platformu, depremden sonra ya\u015fananlara ili\u015fkin Belediye Konferans Salonu\u2019nda bas\u0131n a\u00e7\u0131klamas\u0131 yapt\u0131. Platform ad\u0131na a\u00e7\u0131klamay\u0131 Ye\u015fil Sol Parti Dersim \u0130l \u00d6rg\u00fct\u00fc E\u015f S\u00f6zc\u00fcs\u00fc\u00a0<strong>Nur\u015fat Ye\u015fil<\/strong>\u00a0okudu.<\/p>\n<p><strong>\u201c\u0130KT\u0130DAR DEPREM\u0130N S\u0130YAS\u0130 SORUMLUSUDUR\u201d<\/strong><\/p>\n<p>16 g\u00fcnd\u00fcr b\u00fcy\u00fck bir insanl\u0131k dram\u0131 ile kar\u015f\u0131 kar\u015f\u0131ya olundu\u011funu belirten\u00a0<strong>Nur\u015fat Ye\u015fil<\/strong>, \u201cB\u00fcy\u00fck bir felaket ya\u015f\u0131yoruz. Ac\u0131m\u0131z ve yas\u0131m\u0131z devam ediyor ama buna kar\u015f\u0131n, dayan\u0131\u015fmay\u0131 b\u00fcy\u00fcterek bug\u00fcnleri a\u015fmaya, yaralar\u0131m\u0131z\u0131 sarmaya \u00e7al\u0131\u015f\u0131yoruz. Her biri mezarl\u0131\u011fa d\u00f6nen enkazlar da on binlerce insan\u0131m\u0131z, gerekli i\u015f makineleri, arama kurtarma ekipleri ve yard\u0131mlar ula\u015fmad\u0131\u011f\u0131 i\u00e7in can vermi\u015ftir. Y\u00fcz binlerce insan\u0131m\u0131z yaral\u0131d\u0131r. \u015eu ana dek tek bir yetkili dahi istifa etmemi\u015ftir. Kriz y\u00f6netmeyi bir kenara b\u0131rak\u0131n sistemin kendisi kriz i\u00e7erisindedir. Ya\u015fad\u0131\u011f\u0131m\u0131z cehennemin nedeni s\u00f6z\u00fc edildi\u011fi gibi bir \u201ckader plan\u0131\u201d de\u011fil, doymak bilmeyen kar ve rant h\u0131rs\u0131d\u0131r. Bilim insanlar\u0131n\u0131n uyar\u0131lar\u0131n\u0131 dikkate almak yerine, m\u00fcteahhitlere s\u0131n\u0131rs\u0131z kaynak ve imk\u00e2n sa\u011flayan beton zihniyetli iktidar bu depremin siyasi sorumlusudur\u201d diye belirtti.<\/p>\n<p><strong>\u201cDEPREM KATL\u0130AMININ HESABINI B\u0130RL\u0130KTE SORACA\u011eIZ\u201d<\/strong><\/p>\n<p>\u00dclkenin ve d\u00fcnyan\u0131n d\u00f6rt bir yan\u0131ndan gelen yard\u0131mlar\u0131n t\u00fcm zorluklara ve engellemelere ra\u011fmen ihtiya\u00e7 sahiplerine ula\u015ft\u0131r\u0131ld\u0131\u011f\u0131n\u0131 ifade eden\u00a0<strong>Ye\u015fil<\/strong>, \u201cToplum b\u00fcy\u00fck bir dayan\u0131\u015fma \u00f6rne\u011fi g\u00f6stererek ortakla\u015fman\u0131n ne oldu\u011funu iktidarlara g\u00f6sterdi, binlerce g\u00f6n\u00fcll\u00fc depremde yaralar\u0131 sarmak i\u00e7in seferber oldu. Evsiz kalan y\u00fczlerce aileye konaklama imk\u00e2n\u0131 sa\u011fland\u0131. Ancak deprem sonras\u0131 ya\u015fanan insani krizi y\u00f6netemeyen, tehdit, hakaret ve k\u00fcf\u00fcr ederek halka kin ve \u00f6fkelerini kusan iktidar temsilcilerine tan\u0131k olduk ve bunlar\u0131 asla unutmayaca\u011f\u0131m\u0131z\u0131 belirtmek isteriz. Hatay, Ad\u0131yaman, Mara\u015f ba\u015fta olmak \u00fczere y\u0131k\u0131lan kentlerin yeniden in\u015fas\u0131 bir kez daha kar ve rant politikalar\u0131na terk edilemez. Yaralar\u0131m\u0131z\u0131 birlikte saraca\u011f\u0131z, deprem katliam\u0131n\u0131n hesab\u0131n\u0131 birlikte soraca\u011f\u0131z\u201d dedi.<\/p>\n<p><strong>\u201cDERS\u0130M, B\u0130R\u0130NC\u0130 DERECE DEPREM B\u00d6LGES\u0130NDE YER ALIYOR\u201d<\/strong><\/p>\n<p>Depremin ya\u015fand\u0131\u011f\u0131 ilk g\u00fcnden itibaren Dersim Emek ve Demokrasi Platformu ve Dersim Belediyesi olarak bir araya gelip deprem kriz koordinasyonunu olu\u015fturduklar\u0131n\u0131 s\u00f6yleyen\u00a0<strong>Ye\u015fil<\/strong>, \u015f\u00f6yle devam etti:<\/p>\n<p>\u201cDeprem kriz koordinasyon merkezi, \u00f6nceli\u011fine arama kurtarmay\u0131 koyarak \u00e7al\u0131\u015fmalar\u0131na ba\u015flam\u0131\u015ft\u0131r. Bu kapsamda g\u00f6n\u00fcll\u00fcler ve Dersim Belediyesi ekipleri deprem b\u00f6lgelerinde arama kurtarma faaliyetlerine h\u0131zl\u0131ca d\u00e2hil oldu. Dersim Belediyesi hizmet binas\u0131nda g\u00f6n\u00fcll\u00fclerin kat\u0131l\u0131m\u0131yla Malatya, Ad\u0131yaman, Pazarc\u0131k, Elbistan ve Nurhak\u2019a dayan\u0131\u015fma t\u0131rlar\u0131 g\u00f6nderilmi\u015ftir. Depremden etkilenen ve ilimize yerle\u015fen depremzedelerin temel ihtiya\u00e7lar\u0131 kar\u015f\u0131lanmaya devam ediyor.\u201d<\/p>\n<p>Nur\u015fat Ye\u015fil, Dersim\u2019in birinci derecede deprem b\u00f6lgesinde yer ald\u0131\u011f\u0131n\u0131 belirterek,\u00a0\u201cKuzey-do\u011fusunda Bing\u00f6l Yedisu fay hatt\u0131, do\u011fusunda Bing\u00f6l Karl\u0131ova fay hatt\u0131, bat\u0131s\u0131nda Ovac\u0131k fay hatt\u0131 bulunmaktad\u0131r. Bu fay hatlar\u0131n\u0131n minimum 7.2 deprem \u00fcretme potansiyeli oldu\u011fu bilinmektedir. Bu bilimsel veriler \u0131\u015f\u0131\u011f\u0131nda bizler Dersim\u2019in olas\u0131 bir depremsellik kar\u015f\u0131s\u0131nda haz\u0131rl\u0131kl\u0131 olma ve \u00f6nlem \u00e7al\u0131\u015fmalar\u0131 i\u00e7erisinde bulunmaktay\u0131z. Daha somut ele alacak olursak Dersim\u2019in ba\u015fta devlet hastanesi olmak \u00fczere mevcut yap\u0131 sto\u011fu i\u00e7erisinde riskli yap\u0131lar\u0131n en ivedi \u015fekilde tespit edilip bu yap\u0131lar\u0131m\u0131z\u0131 en h\u0131zl\u0131 \u015fekilde depreme haz\u0131rlama, mevzuatsal iyile\u015ftirmeler yaparak yeni g\u00f6vdelenecek binalar\u0131m\u0131z\u0131n olu\u015facak depremleri g\u00f6\u011f\u00fcsleme noktas\u0131nda olu\u015fturmu\u015f oldu\u011fumuz komisyonlarca \u00e7al\u0131\u015fmalar\u0131m\u0131z\u0131 y\u00fcr\u00fctmekteyiz.\u201d<\/p>\n<p><strong>P\u0130RHA\/DERS\u0130M<\/strong><\/p>\n<\/div>\n","protected":false},"excerpt":{"rendered":"<p>Dersim Emek ve Demokrasi Platformu, depremden sonra ya\u015fananlara ili\u015fkin bas\u0131n a\u00e7\u0131klamas\u0131 yapt\u0131. Platform ad\u0131na a\u00e7\u0131klamay\u0131 okuyan Nur\u015fat Ye\u015fil, \u201cHer biri mezarl\u0131\u011fa d\u00f6nen enkazlar da on binlerce insan\u0131m\u0131z, gerekli i\u015f makineleri, arama kurtarma ekipleri ve yard\u0131mlar ula\u015fmad\u0131\u011f\u0131 i\u00e7in can vermi\u015ftir. Y\u00fcz binlerce insan\u0131m\u0131z yaral\u0131d\u0131r. \u015eu ana dek tek bir yetkili dahi istifa etmemi\u015ftir. Sistemin kendisi kriz i\u00e7erisindedir\u201d dedi.\u00a0 Mara\u015f Pazarc\u0131k ve Elbistan merkezli iki b\u00fcy\u00fck depremin ard\u0131ndan on binlerce yurtta\u015f ya\u015fam\u0131n\u0131 yitirirken, y\u00fcz binlercesi yaraland\u0131, evsiz kald\u0131. Dersim Emek ve Demokrasi Platformu, depremden sonra ya\u015fananlara ili\u015fkin Belediye Konferans Salonu\u2019nda bas\u0131n a\u00e7\u0131klamas\u0131 yapt\u0131. Platform ad\u0131na a\u00e7\u0131klamay\u0131 Ye\u015fil Sol Parti Dersim \u0130l \u00d6rg\u00fct\u00fc E\u015f S\u00f6zc\u00fcs\u00fc\u00a0Nur\u015fat Ye\u015fil\u00a0okudu. \u201c\u0130KT\u0130DAR DEPREM\u0130N S\u0130YAS\u0130 SORUMLUSUDUR\u201d 16 g\u00fcnd\u00fcr b\u00fcy\u00fck bir insanl\u0131k dram\u0131 ile kar\u015f\u0131 kar\u015f\u0131ya olundu\u011funu belirten\u00a0Nur\u015fat Ye\u015fil, \u201cB\u00fcy\u00fck bir felaket ya\u015f\u0131yoruz. Ac\u0131m\u0131z ve yas\u0131m\u0131z devam ediyor ama buna kar\u015f\u0131n, dayan\u0131\u015fmay\u0131 b\u00fcy\u00fcterek bug\u00fcnleri a\u015fmaya, yaralar\u0131m\u0131z\u0131 sarmaya \u00e7al\u0131\u015f\u0131yoruz. Her biri mezarl\u0131\u011fa d\u00f6nen enkazlar da on binlerce insan\u0131m\u0131z, gerekli i\u015f makineleri, arama kurtarma ekipleri ve yard\u0131mlar ula\u015fmad\u0131\u011f\u0131 i\u00e7in can vermi\u015ftir. Y\u00fcz binlerce insan\u0131m\u0131z yaral\u0131d\u0131r. \u015eu ana dek tek bir yetkili dahi istifa etmemi\u015ftir. Kriz y\u00f6netmeyi bir kenara b\u0131rak\u0131n sistemin kendisi kriz i\u00e7erisindedir. Ya\u015fad\u0131\u011f\u0131m\u0131z cehennemin nedeni s\u00f6z\u00fc edildi\u011fi gibi bir \u201ckader plan\u0131\u201d de\u011fil, doymak bilmeyen kar ve rant h\u0131rs\u0131d\u0131r. Bilim insanlar\u0131n\u0131n uyar\u0131lar\u0131n\u0131 dikkate almak yerine, m\u00fcteahhitlere s\u0131n\u0131rs\u0131z kaynak ve imk\u00e2n sa\u011flayan beton zihniyetli iktidar bu depremin siyasi sorumlusudur\u201d diye belirtti. \u201cDEPREM KATL\u0130AMININ HESABINI B\u0130RL\u0130KTE SORACA\u011eIZ\u201d \u00dclkenin ve d\u00fcnyan\u0131n d\u00f6rt bir yan\u0131ndan gelen yard\u0131mlar\u0131n t\u00fcm zorluklara ve engellemelere ra\u011fmen ihtiya\u00e7 sahiplerine ula\u015ft\u0131r\u0131ld\u0131\u011f\u0131n\u0131 ifade eden\u00a0Ye\u015fil, \u201cToplum b\u00fcy\u00fck bir dayan\u0131\u015fma \u00f6rne\u011fi g\u00f6stererek ortakla\u015fman\u0131n ne oldu\u011funu iktidarlara g\u00f6sterdi, binlerce g\u00f6n\u00fcll\u00fc depremde yaralar\u0131 sarmak i\u00e7in seferber oldu. Evsiz kalan y\u00fczlerce aileye konaklama imk\u00e2n\u0131 sa\u011fland\u0131. Ancak deprem sonras\u0131 ya\u015fanan insani krizi y\u00f6netemeyen, tehdit, hakaret ve k\u00fcf\u00fcr ederek halka kin ve \u00f6fkelerini kusan iktidar temsilcilerine tan\u0131k olduk ve bunlar\u0131 asla unutmayaca\u011f\u0131m\u0131z\u0131 belirtmek isteriz. Hatay, Ad\u0131yaman, Mara\u015f ba\u015fta olmak \u00fczere y\u0131k\u0131lan kentlerin yeniden in\u015fas\u0131 bir kez daha kar ve rant politikalar\u0131na terk edilemez. Yaralar\u0131m\u0131z\u0131 birlikte saraca\u011f\u0131z, deprem katliam\u0131n\u0131n hesab\u0131n\u0131 birlikte soraca\u011f\u0131z\u201d dedi. \u201cDERS\u0130M, B\u0130R\u0130NC\u0130 DERECE DEPREM B\u00d6LGES\u0130NDE YER ALIYOR\u201d Depremin ya\u015fand\u0131\u011f\u0131 ilk g\u00fcnden itibaren Dersim Emek ve Demokrasi Platformu ve Dersim Belediyesi olarak bir araya gelip deprem kriz koordinasyonunu olu\u015fturduklar\u0131n\u0131 s\u00f6yleyen\u00a0Ye\u015fil, \u015f\u00f6yle devam etti: \u201cDeprem kriz koordinasyon merkezi, \u00f6nceli\u011fine arama kurtarmay\u0131 koyarak \u00e7al\u0131\u015fmalar\u0131na ba\u015flam\u0131\u015ft\u0131r. Bu kapsamda g\u00f6n\u00fcll\u00fcler ve Dersim Belediyesi ekipleri deprem b\u00f6lgelerinde arama kurtarma faaliyetlerine h\u0131zl\u0131ca d\u00e2hil oldu. Dersim Belediyesi hizmet binas\u0131nda g\u00f6n\u00fcll\u00fclerin kat\u0131l\u0131m\u0131yla Malatya, Ad\u0131yaman, Pazarc\u0131k, Elbistan ve Nurhak\u2019a dayan\u0131\u015fma t\u0131rlar\u0131 g\u00f6nderilmi\u015ftir. Depremden etkilenen ve ilimize yerle\u015fen depremzedelerin temel ihtiya\u00e7lar\u0131 kar\u015f\u0131lanmaya devam ediyor.\u201d Nur\u015fat Ye\u015fil, Dersim\u2019in birinci derecede deprem b\u00f6lgesinde yer ald\u0131\u011f\u0131n\u0131 belirterek,\u00a0\u201cKuzey-do\u011fusunda Bing\u00f6l Yedisu fay hatt\u0131, do\u011fusunda Bing\u00f6l Karl\u0131ova fay hatt\u0131, bat\u0131s\u0131nda Ovac\u0131k fay hatt\u0131 bulunmaktad\u0131r. Bu fay hatlar\u0131n\u0131n minimum 7.2 deprem \u00fcretme potansiyeli oldu\u011fu bilinmektedir. Bu bilimsel veriler \u0131\u015f\u0131\u011f\u0131nda bizler Dersim\u2019in olas\u0131 bir depremsellik kar\u015f\u0131s\u0131nda haz\u0131rl\u0131kl\u0131 olma ve \u00f6nlem \u00e7al\u0131\u015fmalar\u0131 i\u00e7erisinde bulunmaktay\u0131z. Daha somut ele alacak olursak Dersim\u2019in ba\u015fta devlet hastanesi olmak \u00fczere mevcut yap\u0131 sto\u011fu i\u00e7erisinde riskli yap\u0131lar\u0131n en ivedi \u015fekilde tespit edilip bu yap\u0131lar\u0131m\u0131z\u0131 en h\u0131zl\u0131 \u015fekilde depreme haz\u0131rlama, mevzuatsal iyile\u015ftirmeler yaparak yeni g\u00f6vdelenecek binalar\u0131m\u0131z\u0131n olu\u015facak depremleri g\u00f6\u011f\u00fcsleme noktas\u0131nda olu\u015fturmu\u015f oldu\u011fumuz komisyonlarca \u00e7al\u0131\u015fmalar\u0131m\u0131z\u0131 y\u00fcr\u00fctmekteyiz.\u201d P\u0130RHA\/DERS\u0130M<\/p>\n","protected":false},"author":2,"featured_media":865,"comment_status":"open","ping_status":"open","sticky":false,"template":"","format":"standard","meta":{"_joinchat":[],"footnotes":""},"categories":[7],"tags":[],"class_list":["post-864","post","type-post","status-publish","format-standard","has-post-thumbnail","hentry","category-dil"],"acf":[],"_links":{"self":[{"href":"https:\/\/radyomunzur.com\/index.php?rest_route=\/wp\/v2\/posts\/864","targetHints":{"allow":["GET"]}}],"collection":[{"href":"https:\/\/radyomunzur.com\/index.php?rest_route=\/wp\/v2\/posts"}],"about":[{"href":"https:\/\/radyomunzur.com\/index.php?rest_route=\/wp\/v2\/types\/post"}],"author":[{"embeddable":true,"href":"https:\/\/radyomunzur.com\/index.php?rest_route=\/wp\/v2\/users\/2"}],"replies":[{"embeddable":true,"href":"https:\/\/radyomunzur.com\/index.php?rest_route=%2Fwp%2Fv2%2Fcomments&post=864"}],"version-history":[{"count":1,"href":"https:\/\/radyomunzur.com\/index.php?rest_route=\/wp\/v2\/posts\/864\/revisions"}],"predecessor-version":[{"id":866,"href":"https:\/\/radyomunzur.com\/index.php?rest_route=\/wp\/v2\/posts\/864\/revisions\/866"}],"wp:featuredmedia":[{"embeddable":true,"href":"https:\/\/radyomunzur.com\/index.php?rest_route=\/wp\/v2\/media\/865"}],"wp:attachment":[{"href":"https:\/\/radyomunzur.com\/index.php?rest_route=%2Fwp%2Fv2%2Fmedia&parent=864"}],"wp:term":[{"taxonomy":"category","embeddable":true,"href":"https:\/\/radyomunzur.com\/index.php?rest_route=%2Fwp%2Fv2%2Fcategories&post=864"},{"taxonomy":"post_tag","embeddable":true,"href":"https:\/\/radyomunzur.com\/index.php?rest_route=%2Fwp%2Fv2%2Ftags&post=864"}],"curies":[{"name":"wp","href":"https:\/\/api.w.org\/{rel}","templated":true}]}}