{"id":859,"date":"2023-02-24T02:15:05","date_gmt":"2023-02-24T07:15:05","guid":{"rendered":"https:\/\/radyomunzur.com\/?p=859"},"modified":"2023-05-20T04:52:19","modified_gmt":"2023-05-20T08:52:19","slug":"gazeteci-gokhan-biciciyi-darp-eden-polis-hakkinda-yakalama-karari","status":"publish","type":"post","link":"https:\/\/radyomunzur.com\/?p=859","title":{"rendered":"Gazeteci G\u00f6khan Bi\u00e7ici\u2019yi darp eden polis hakk\u0131nda yakalama karar\u0131"},"content":{"rendered":"<p><img fetchpriority=\"high\" decoding=\"async\" class=\"alignnone size-full wp-image-860\" src=\"https:\/\/radyomunzur.com\/wp-content\/uploads\/2023\/02\/gokhan-bicici.jpeg\" alt=\"\" width=\"690\" height=\"390\" srcset=\"https:\/\/radyomunzur.com\/wp-content\/uploads\/2023\/02\/gokhan-bicici.jpeg 690w, https:\/\/radyomunzur.com\/wp-content\/uploads\/2023\/02\/gokhan-bicici-150x85.jpeg 150w, https:\/\/radyomunzur.com\/wp-content\/uploads\/2023\/02\/gokhan-bicici-450x254.jpeg 450w\" sizes=\"(max-width: 690px) 100vw, 690px\" \/><\/p>\n<p>Gezi direni\u015fi s\u0131ras\u0131nda \u0130MC TV ad\u0131na haber takibi yapan Gazeteci G\u00f6khan Bi\u00e7ici\u2019yi darp eden 5 polis hakk\u0131nda \u201cZor kullanma yetkisine ili\u015fkin s\u0131n\u0131rlar\u0131n a\u015f\u0131lmas\u0131\u201d, \u201chakaret\u201d, \u201ci\u015f ve \u00e7al\u0131\u015fma h\u00fcrriyetinin ihlali\u201d su\u00e7lamas\u0131yla a\u00e7\u0131lan davan\u0131n d\u00f6rd\u00fcnc\u00fc duru\u015fmas\u0131 \u0130stanbul 48\u2019inci Asliye Ceza Mahkemesi\u2019nde g\u00f6r\u00fcld\u00fc.<\/p>\n<p>Duru\u015fmaya Bi\u00e7ici kat\u0131lmazken, avukat\u0131 Metin \u0130riz ise haz\u0131r bulundu. Duru\u015fmada, daha \u00f6nce hakk\u0131nda yakalama karar\u0131 \u00e7\u0131kart\u0131lan polis Y\u0131lmaz Uyan\u2019\u0131n yakaland\u0131\u011f\u0131 ve ifadesinin al\u0131nd\u0131\u011f\u0131 payla\u015f\u0131ld\u0131. Bi\u00e7ici\u2019ye i\u015fkence yapan polis Uyan\u2019\u0131n, Bi\u00e7ici\u2019nin polise mukavemet etti\u011fini iddia etti. Duru\u015fmada s\u00f6z alan Av. \u0130riz, m\u00fcvekkiline i\u015fkence uyguland\u0131\u011f\u0131n\u0131 ve bu nedenle mahkemeden dosya hakk\u0131nda g\u00f6revsizlik karar\u0131 verilmesini ve dosyay\u0131 A\u011f\u0131r Ceza Mahkemesi\u2019ne g\u00f6ndermesini talep etti.<\/p>\n<p>\u0130ddia makam\u0131n\u0131n eksik hususlar\u0131n giderilmesine dair talebinin ard\u0131ndan ara karar\u0131n\u0131 olu\u015fturan mahkeme, hen\u00fcz ifadesi al\u0131nmayan san\u0131k polis Alper Erbay hakk\u0131nda yakalama karar\u0131 \u00e7\u0131kararak duru\u015fmay\u0131 23 May\u0131s\u2019a erteledi.<\/p>\n<p>Pirha<\/p>\n","protected":false},"excerpt":{"rendered":"<p>Gezi direni\u015fi s\u0131ras\u0131nda \u0130MC TV ad\u0131na haber takibi yapan Gazeteci G\u00f6khan Bi\u00e7ici\u2019yi darp eden 5 polis hakk\u0131nda \u201cZor kullanma yetkisine ili\u015fkin s\u0131n\u0131rlar\u0131n a\u015f\u0131lmas\u0131\u201d, \u201chakaret\u201d, \u201ci\u015f ve \u00e7al\u0131\u015fma h\u00fcrriyetinin ihlali\u201d su\u00e7lamas\u0131yla a\u00e7\u0131lan davan\u0131n d\u00f6rd\u00fcnc\u00fc duru\u015fmas\u0131 \u0130stanbul 48\u2019inci Asliye Ceza Mahkemesi\u2019nde g\u00f6r\u00fcld\u00fc. Duru\u015fmaya Bi\u00e7ici kat\u0131lmazken, avukat\u0131 Metin \u0130riz ise haz\u0131r bulundu. Duru\u015fmada, daha \u00f6nce hakk\u0131nda yakalama karar\u0131 \u00e7\u0131kart\u0131lan polis Y\u0131lmaz Uyan\u2019\u0131n yakaland\u0131\u011f\u0131 ve ifadesinin al\u0131nd\u0131\u011f\u0131 payla\u015f\u0131ld\u0131. Bi\u00e7ici\u2019ye i\u015fkence yapan polis Uyan\u2019\u0131n, Bi\u00e7ici\u2019nin polise mukavemet etti\u011fini iddia etti. Duru\u015fmada s\u00f6z alan Av. \u0130riz, m\u00fcvekkiline i\u015fkence uyguland\u0131\u011f\u0131n\u0131 ve bu nedenle mahkemeden dosya hakk\u0131nda g\u00f6revsizlik karar\u0131 verilmesini ve dosyay\u0131 A\u011f\u0131r Ceza Mahkemesi\u2019ne g\u00f6ndermesini talep etti. \u0130ddia makam\u0131n\u0131n eksik hususlar\u0131n giderilmesine dair talebinin ard\u0131ndan ara karar\u0131n\u0131 olu\u015fturan mahkeme, hen\u00fcz ifadesi al\u0131nmayan san\u0131k polis Alper Erbay hakk\u0131nda yakalama karar\u0131 \u00e7\u0131kararak duru\u015fmay\u0131 23 May\u0131s\u2019a erteledi. Pirha<\/p>\n","protected":false},"author":2,"featured_media":860,"comment_status":"open","ping_status":"open","sticky":false,"template":"","format":"standard","meta":{"_joinchat":[],"footnotes":""},"categories":[7],"tags":[],"class_list":["post-859","post","type-post","status-publish","format-standard","has-post-thumbnail","hentry","category-dil"],"acf":[],"_links":{"self":[{"href":"https:\/\/radyomunzur.com\/index.php?rest_route=\/wp\/v2\/posts\/859","targetHints":{"allow":["GET"]}}],"collection":[{"href":"https:\/\/radyomunzur.com\/index.php?rest_route=\/wp\/v2\/posts"}],"about":[{"href":"https:\/\/radyomunzur.com\/index.php?rest_route=\/wp\/v2\/types\/post"}],"author":[{"embeddable":true,"href":"https:\/\/radyomunzur.com\/index.php?rest_route=\/wp\/v2\/users\/2"}],"replies":[{"embeddable":true,"href":"https:\/\/radyomunzur.com\/index.php?rest_route=%2Fwp%2Fv2%2Fcomments&post=859"}],"version-history":[{"count":3,"href":"https:\/\/radyomunzur.com\/index.php?rest_route=\/wp\/v2\/posts\/859\/revisions"}],"predecessor-version":[{"id":863,"href":"https:\/\/radyomunzur.com\/index.php?rest_route=\/wp\/v2\/posts\/859\/revisions\/863"}],"wp:featuredmedia":[{"embeddable":true,"href":"https:\/\/radyomunzur.com\/index.php?rest_route=\/wp\/v2\/media\/860"}],"wp:attachment":[{"href":"https:\/\/radyomunzur.com\/index.php?rest_route=%2Fwp%2Fv2%2Fmedia&parent=859"}],"wp:term":[{"taxonomy":"category","embeddable":true,"href":"https:\/\/radyomunzur.com\/index.php?rest_route=%2Fwp%2Fv2%2Fcategories&post=859"},{"taxonomy":"post_tag","embeddable":true,"href":"https:\/\/radyomunzur.com\/index.php?rest_route=%2Fwp%2Fv2%2Ftags&post=859"}],"curies":[{"name":"wp","href":"https:\/\/api.w.org\/{rel}","templated":true}]}}