{"id":853,"date":"2023-02-24T01:33:38","date_gmt":"2023-02-24T06:33:38","guid":{"rendered":"https:\/\/radyomunzur.com\/?p=853"},"modified":"2023-02-24T01:35:25","modified_gmt":"2023-02-24T06:35:25","slug":"yskdan-emsal-karar-elazigdaki-muhtarlik-secimi-deprem-nedeniyle-ertelenmeyecek","status":"publish","type":"post","link":"https:\/\/radyomunzur.com\/?p=853","title":{"rendered":"YSK&#8217;dan emsal karar: Elaz\u0131\u011f\u2019daki muhtarl\u0131k se\u00e7imi &#8216;deprem nedeniyle&#8217; ertelenmeyecek"},"content":{"rendered":"<div class=\"content-heading\">\n<h1 class=\"content-title\"><img class=\"lazy\" style=\"font-size: 14px; color: var(--c-contrast-800);\" srcset=\"https:\/\/cdn.artigercek.com\/news_ts\/215392.jpg 414w, https:\/\/cdn.artigercek.com\/news_t\/215392.jpg 702w, https:\/\/cdn.artigercek.com\/news\/215392.jpg 1280w\" alt=\"YSK'dan emsal karar: Elaz\u0131\u011f\u2019daki muhtarl\u0131k se\u00e7imi 'deprem nedeniyle' ertelenmeyecek\" \/><\/h1>\n<\/div>\n<div class=\"content-description\">YSK, Elaz\u0131\u011f\u2019da 5 Mart tarihinde yap\u0131lmas\u0131 planlanan muhtarl\u0131k se\u00e7iminin deprem nedeniyle ertelenip\/ertelenemeyece\u011fine y\u00f6nelik soruya, \u2018Belirlenen tarihte se\u00e7imin yap\u0131lmas\u0131 gerekti\u011fi\u2019 \u015feklinde yan\u0131t verdi.<\/div>\n<article class=\"article-content\">\n<div class=\"text-content\">\n<p>Mara\u015f merkezli iki b\u00fcy\u00fck depremin ard\u0131ndan se\u00e7imlerin deprem nedeniyle ertelenmesi tart\u0131\u015fmalar\u0131 s\u00fcrerken, 5 Mart tarihinde yap\u0131lmas\u0131 planlanan Elaz\u0131\u011f\u2019daki muhtarl\u0131k se\u00e7imlerine dair Y\u00fcksek Se\u00e7im Kurulu\u2019ndan (YSK) emsal say\u0131labilecek bir karar geldi.<\/p>\n<p>Depremden etkilenen kentlerden olan Elaz\u0131\u011f G\u00fcneykent Mahallesi Muhtarl\u0131k se\u00e7imlerinin deprem nedeniyle ertelenip ertelenmeyece\u011fini g\u00f6r\u00fc\u015fen YSK, &#8220;Belirlenen tarihte se\u00e7imin yap\u0131lmas\u0131 gerekti\u011fi\u201d y\u00f6n\u00fcnde karar verdi.<\/p>\n<p>\u0130Y\u0130 Parti\u2019nin YSK temsilcisi Mustafa Tolga \u00d6zt\u00fcrk, konuya dair yapt\u0131\u011f\u0131 a\u00e7\u0131klamada \u015fu ifadeleri kulland\u0131:<\/p>\n<p>\u201cYSK, 23.02.2023 tarihli toplant\u0131s\u0131nda Elaz\u0131\u011f 2. \u0130l\u00e7e Se\u00e7im Kurulu\u2019nun G\u00fcneykent (Elaz\u0131\u011f) Mahallesi Muhtarl\u0131k se\u00e7iminin deprem nedeniyle ertelenip\/ertelenemeyece\u011fine y\u00f6nelik sorusuna \u2018Belirlenen tarihte se\u00e7imin yap\u0131lmas\u0131 gerekti\u011fi\u2019 \u015feklinde karar verdi.&#8221;<\/p>\n<div class=\"twitter-tweet twitter-tweet-rendered\"><\/div>\n<p><strong>SE\u00c7\u0130M\u0130N ERTELENMES\u0130 TARTI\u015eMALARI<\/strong><\/p>\n<p>Mara\u015f merkezli 7.7 ve 7.6 b\u00fcy\u00fckl\u00fc\u011f\u00fcndeki depremlerin ard\u0131ndan se\u00e7imlerin ertelenebilece\u011fi tart\u0131\u015fmas\u0131 kamuoyunun g\u00fcndemine gelmi\u015fti.<\/p>\n<p>AKP&#8217;nin kurucular\u0131ndan eski TBMM Ba\u015fkan\u0131 B\u00fclent Ar\u0131n\u00e7, se\u00e7imlerin &#8220;ivedilikle&#8221; ertelenmesi talebinde bulunarak, &#8220;Devlet b\u00fcrokrasisinin vatanda\u015flar\u0131m\u0131z\u0131n yaralar\u0131na merhem olmas\u0131na odaklanmas\u0131 i\u00e7in se\u00e7imlerin ivedilikle ertelenmesi laz\u0131m. Bu bir tercih de\u011fil zarurettir&#8221; demi\u015fti.<\/p>\n<p>Muhalefet ise Ar\u0131n\u00e7&#8217;\u0131n a\u00e7\u0131klamas\u0131na tepki g\u00f6stererek, se\u00e7imlerin zaman\u0131nda yap\u0131lmas\u0131 gerekti\u011fini vurgulam\u0131\u015ft\u0131.<\/p>\n<p>CHP Genel Ba\u015fkan\u0131 Kemal K\u0131l\u0131\u00e7daro\u011flu, se\u00e7imlerin ertelenece\u011fine ili\u015fkin tart\u0131\u015fmaya y\u00f6nelik, \u015funlar\u0131 s\u00f6ylemi\u015fti:<\/p>\n<p>&#8220;Bu \u00fclke sana 20 y\u0131l verdi. Darbe g\u00f6rd\u00fc sayende. Covid\u2019de 5 maskeye muhta\u00e7 ettin. Ormanlar\u0131m\u0131z yand\u0131, u\u00e7ak bulamad\u0131n. Ekonomiyi \u00e7\u00f6kerttin. Depremde y\u0131k\u0131ld\u0131k. Hep beceriksizdin. Sana verecek 1 y\u0131l de\u011fil, 1 g\u00fcn\u00fcm\u00fcz bile yok. Bir beceriksizli\u011fe daha katlanamay\u0131z. Se\u00e7imden korkma. Ya da kork, se\u00e7im zaman\u0131nda yap\u0131lacak!&#8221;<\/p>\n<p>Art\u0131 Ger\u00e7ek\/Haber Merkezi<\/p>\n<\/div>\n<\/article>\n","protected":false},"excerpt":{"rendered":"<p>YSK, Elaz\u0131\u011f\u2019da 5 Mart tarihinde yap\u0131lmas\u0131 planlanan muhtarl\u0131k se\u00e7iminin deprem nedeniyle ertelenip\/ertelenemeyece\u011fine y\u00f6nelik soruya, \u2018Belirlenen tarihte se\u00e7imin yap\u0131lmas\u0131 gerekti\u011fi\u2019 \u015feklinde yan\u0131t verdi. Mara\u015f merkezli iki b\u00fcy\u00fck depremin ard\u0131ndan se\u00e7imlerin deprem nedeniyle ertelenmesi tart\u0131\u015fmalar\u0131 s\u00fcrerken, 5 Mart tarihinde yap\u0131lmas\u0131 planlanan Elaz\u0131\u011f\u2019daki muhtarl\u0131k se\u00e7imlerine dair Y\u00fcksek Se\u00e7im Kurulu\u2019ndan (YSK) emsal say\u0131labilecek bir karar geldi. Depremden etkilenen kentlerden olan Elaz\u0131\u011f G\u00fcneykent Mahallesi Muhtarl\u0131k se\u00e7imlerinin deprem nedeniyle ertelenip ertelenmeyece\u011fini g\u00f6r\u00fc\u015fen YSK, &#8220;Belirlenen tarihte se\u00e7imin yap\u0131lmas\u0131 gerekti\u011fi\u201d y\u00f6n\u00fcnde karar verdi. \u0130Y\u0130 Parti\u2019nin YSK temsilcisi Mustafa Tolga \u00d6zt\u00fcrk, konuya dair yapt\u0131\u011f\u0131 a\u00e7\u0131klamada \u015fu ifadeleri kulland\u0131: \u201cYSK, 23.02.2023 tarihli toplant\u0131s\u0131nda Elaz\u0131\u011f 2. \u0130l\u00e7e Se\u00e7im Kurulu\u2019nun G\u00fcneykent (Elaz\u0131\u011f) Mahallesi Muhtarl\u0131k se\u00e7iminin deprem nedeniyle ertelenip\/ertelenemeyece\u011fine y\u00f6nelik sorusuna \u2018Belirlenen tarihte se\u00e7imin yap\u0131lmas\u0131 gerekti\u011fi\u2019 \u015feklinde karar verdi.&#8221; SE\u00c7\u0130M\u0130N ERTELENMES\u0130 TARTI\u015eMALARI Mara\u015f merkezli 7.7 ve 7.6 b\u00fcy\u00fckl\u00fc\u011f\u00fcndeki depremlerin ard\u0131ndan se\u00e7imlerin ertelenebilece\u011fi tart\u0131\u015fmas\u0131 kamuoyunun g\u00fcndemine gelmi\u015fti. AKP&#8217;nin kurucular\u0131ndan eski TBMM Ba\u015fkan\u0131 B\u00fclent Ar\u0131n\u00e7, se\u00e7imlerin &#8220;ivedilikle&#8221; ertelenmesi talebinde bulunarak, &#8220;Devlet b\u00fcrokrasisinin vatanda\u015flar\u0131m\u0131z\u0131n yaralar\u0131na merhem olmas\u0131na odaklanmas\u0131 i\u00e7in se\u00e7imlerin ivedilikle ertelenmesi laz\u0131m. Bu bir tercih de\u011fil zarurettir&#8221; demi\u015fti. Muhalefet ise Ar\u0131n\u00e7&#8217;\u0131n a\u00e7\u0131klamas\u0131na tepki g\u00f6stererek, se\u00e7imlerin zaman\u0131nda yap\u0131lmas\u0131 gerekti\u011fini vurgulam\u0131\u015ft\u0131. CHP Genel Ba\u015fkan\u0131 Kemal K\u0131l\u0131\u00e7daro\u011flu, se\u00e7imlerin ertelenece\u011fine ili\u015fkin tart\u0131\u015fmaya y\u00f6nelik, \u015funlar\u0131 s\u00f6ylemi\u015fti: &#8220;Bu \u00fclke sana 20 y\u0131l verdi. Darbe g\u00f6rd\u00fc sayende. Covid\u2019de 5 maskeye muhta\u00e7 ettin. Ormanlar\u0131m\u0131z yand\u0131, u\u00e7ak bulamad\u0131n. Ekonomiyi \u00e7\u00f6kerttin. Depremde y\u0131k\u0131ld\u0131k. Hep beceriksizdin. Sana verecek 1 y\u0131l de\u011fil, 1 g\u00fcn\u00fcm\u00fcz bile yok. Bir beceriksizli\u011fe daha katlanamay\u0131z. Se\u00e7imden korkma. Ya da kork, se\u00e7im zaman\u0131nda yap\u0131lacak!&#8221; Art\u0131 Ger\u00e7ek\/Haber Merkezi<\/p>\n","protected":false},"author":2,"featured_media":854,"comment_status":"open","ping_status":"open","sticky":false,"template":"","format":"standard","meta":{"_joinchat":[],"footnotes":""},"categories":[1],"tags":[],"class_list":["post-853","post","type-post","status-publish","format-standard","has-post-thumbnail","hentry","category-gundem"],"acf":[],"_links":{"self":[{"href":"https:\/\/radyomunzur.com\/index.php?rest_route=\/wp\/v2\/posts\/853","targetHints":{"allow":["GET"]}}],"collection":[{"href":"https:\/\/radyomunzur.com\/index.php?rest_route=\/wp\/v2\/posts"}],"about":[{"href":"https:\/\/radyomunzur.com\/index.php?rest_route=\/wp\/v2\/types\/post"}],"author":[{"embeddable":true,"href":"https:\/\/radyomunzur.com\/index.php?rest_route=\/wp\/v2\/users\/2"}],"replies":[{"embeddable":true,"href":"https:\/\/radyomunzur.com\/index.php?rest_route=%2Fwp%2Fv2%2Fcomments&post=853"}],"version-history":[{"count":3,"href":"https:\/\/radyomunzur.com\/index.php?rest_route=\/wp\/v2\/posts\/853\/revisions"}],"predecessor-version":[{"id":857,"href":"https:\/\/radyomunzur.com\/index.php?rest_route=\/wp\/v2\/posts\/853\/revisions\/857"}],"wp:featuredmedia":[{"embeddable":true,"href":"https:\/\/radyomunzur.com\/index.php?rest_route=\/wp\/v2\/media\/854"}],"wp:attachment":[{"href":"https:\/\/radyomunzur.com\/index.php?rest_route=%2Fwp%2Fv2%2Fmedia&parent=853"}],"wp:term":[{"taxonomy":"category","embeddable":true,"href":"https:\/\/radyomunzur.com\/index.php?rest_route=%2Fwp%2Fv2%2Fcategories&post=853"},{"taxonomy":"post_tag","embeddable":true,"href":"https:\/\/radyomunzur.com\/index.php?rest_route=%2Fwp%2Fv2%2Ftags&post=853"}],"curies":[{"name":"wp","href":"https:\/\/api.w.org\/{rel}","templated":true}]}}