{"id":847,"date":"2023-02-23T06:11:39","date_gmt":"2023-02-23T11:11:39","guid":{"rendered":"https:\/\/radyomunzur.com\/?p=847"},"modified":"2023-02-23T06:16:16","modified_gmt":"2023-02-23T11:16:16","slug":"tutuklu-gazetecilerin-durusma-tarihi-belli-oldu-16-mayis","status":"publish","type":"post","link":"https:\/\/radyomunzur.com\/?p=847","title":{"rendered":"Tutuklu gazetecilerin duru\u015fma tarihi belli oldu: 16 May\u0131s"},"content":{"rendered":"<div class=\"content-heading\">\n<h1 class=\"content-title\"><img class=\"lazy\" style=\"font-size: 14px; color: var(--c-contrast-800);\" srcset=\"https:\/\/cdn.artigercek.com\/news_ts\/215317.jpg 414w, https:\/\/cdn.artigercek.com\/news_t\/215317.jpg 702w, https:\/\/cdn.artigercek.com\/news\/215317.jpg 1280w\" alt=\"Tutuklu gazetecilerin duru\u015fma tarihi belli oldu: 16 May\u0131s\" \/><\/h1>\n<\/div>\n<div class=\"content-description\">Tutuklu gazeteciler hakk\u0131nda \u00fc\u00e7 bu\u00e7uk ay sonra haz\u0131rlanan iddianamenin ard\u0131ndan duru\u015fma tarihi belli oldu. Mahkeme, ilk duru\u015fma i\u00e7in 16 May\u0131s tarihini belirledi.<\/div>\n<article class=\"article-content\">\n<div class=\"text-content\">\n<p>Ankara Cumhuriyet Ba\u015fsavc\u0131l\u0131\u011f\u0131 taraf\u0131ndan y\u00fcr\u00fct\u00fclen soru\u015fturma kapsam\u0131nda 29 Ekim\u2019de tutuklanan gazetecilerin duru\u015fma tarihi belli oldu.<\/p>\n<p>Mezopotamya Ajans\u0131 Yaz\u0131 \u0130\u015fleri M\u00fcd\u00fcr\u00fc Diren Yurtsever, muhabirleri Berivan Altan, Ceylan \u015eahinli, Deniz Nazl\u0131m, Emrullah Acar, Hakan Yal\u00e7\u0131n, Selman G\u00fczely\u00fcz, JINNEWS muhabirleri Habibe Eren ve \u00d6znur De\u011fer ile tutuksuz yarg\u0131lanan MA muhabiri Zemo A\u011fg\u00f6z ve bir s\u00fcre MA Ankara b\u00fcrosunda stajyer olarak \u00e7al\u0131\u015fan Mehmet G\u00fcnhan hakk\u0131nda a\u00e7\u0131lan davan\u0131n il duru\u015fmas\u0131 16 May\u0131s\u2019ta g\u00f6r\u00fclecek.<\/p>\n<p>Gazeteciler hakk\u0131nda tutukluluktan 3 bu\u00e7uk ay sonra 17 \u015eubat\u2019ta haz\u0131rlanan iddianamede, t\u00fczel ki\u015fili\u011fi bulunan Mezopotamya Ajans\u0131 da san\u0131k olarak yer ald\u0131. \u0130ddianamenin b\u00fcy\u00fck bir b\u00f6l\u00fcm\u00fcn\u00fc Mezopotamya Ajans\u0131\u2019nda yay\u0131nlanan 149 haber olu\u015fturdu. Ayr\u0131ca iddianamede gazeteciler hakk\u0131nda beyan\u0131 olmayan a\u00e7\u0131k ve gizli tan\u0131klar\u0131n ifadeleri yer ald\u0131.<\/p>\n<p><strong>TAHL\u0130YE TALEB\u0130 REDDED\u0130LD\u0130<\/strong><\/p>\n<p>Delillerden yoksun ve gazetecilerin \u201c\u00f6rg\u00fct \u00fcyesi\u201d oldu\u011fu iddia edilen iddianameyi kabul eden Ankara 4\u2019\u00fcnc\u00fc A\u011f\u0131r Ceza Mahkemesi, ayn\u0131 g\u00fcn gazetecilerin avukat\u0131 Resul Temur\u2019un yapt\u0131\u011f\u0131 tahliye talepli ba\u015fvurusunu reddetti.<\/p>\n<p><strong>MAHKEME TUTUKLULUK HALLER\u0130N DEVAMINA KARAR VERD\u0130<\/strong><\/p>\n<p>Mahkeme, \u201c\u2026at\u0131l\u0131 su\u00e7 i\u00e7in yasada \u00f6ng\u00f6r\u00fclen cezan\u0131n t\u00fcr\u00fc ve miktar\u0131, tutuklama karar\u0131ndan sonra delillerde san\u0131klar lehine bir de\u011fi\u015fiklik olmamas\u0131 ve tutuklama karar\u0131ndaki gerek\u00e7eler ile t\u00fcm dosya kapsam\u0131 birlikte de\u011ferlendirildi\u011finde, ad\u0131 ge\u00e7en san\u0131klar y\u00f6n\u00fcnden kuvvetli su\u00e7 \u015f\u00fcphesinin varl\u0131\u011f\u0131n\u0131 g\u00f6steren somut delillerin bulunmas\u0131, san\u0131klara isnat edilen su\u00e7lar\u0131n CMK\u2019n\u0131n 100\/3-a maddesinin 11.alt bendi gere\u011fince tutuklama sebebi varsay\u0131lan su\u00e7lardan olmas\u0131, san\u0131klar\u0131n tutuklu kald\u0131\u011f\u0131 s\u00fcre ve muhtemel cezan\u0131n \u00fcst s\u0131n\u0131r\u0131na g\u00f6re san\u0131klar\u0131n ka\u00e7ma \u015f\u00fcphesinin mevcudiyeti ile bu a\u015famada adli kontrol h\u00fck\u00fcmlerinin yetersiz kalaca\u011f\u0131 hususlar\u0131 birlikte nazara al\u0131narak\u2026\u201d gerek\u00e7elerine yer vererek, tutuklular\u0131n hallerinin devam\u0131na karar verdi.<\/p>\n<p>Ayr\u0131ca, MA muhabiri Zemo A\u011fg\u00f6z ve Mehmet G\u00fcnhan hakk\u0131nda dosya kapsam\u0131nda adli kontrol \u015fart\u0131 uygulamas\u0131n\u0131n devam\u0131na karar verildi.(MA)<\/p>\n<\/div>\n<\/article>\n","protected":false},"excerpt":{"rendered":"<p>Tutuklu gazeteciler hakk\u0131nda \u00fc\u00e7 bu\u00e7uk ay sonra haz\u0131rlanan iddianamenin ard\u0131ndan duru\u015fma tarihi belli oldu. Mahkeme, ilk duru\u015fma i\u00e7in 16 May\u0131s tarihini belirledi. Ankara Cumhuriyet Ba\u015fsavc\u0131l\u0131\u011f\u0131 taraf\u0131ndan y\u00fcr\u00fct\u00fclen soru\u015fturma kapsam\u0131nda 29 Ekim\u2019de tutuklanan gazetecilerin duru\u015fma tarihi belli oldu. Mezopotamya Ajans\u0131 Yaz\u0131 \u0130\u015fleri M\u00fcd\u00fcr\u00fc Diren Yurtsever, muhabirleri Berivan Altan, Ceylan \u015eahinli, Deniz Nazl\u0131m, Emrullah Acar, Hakan Yal\u00e7\u0131n, Selman G\u00fczely\u00fcz, JINNEWS muhabirleri Habibe Eren ve \u00d6znur De\u011fer ile tutuksuz yarg\u0131lanan MA muhabiri Zemo A\u011fg\u00f6z ve bir s\u00fcre MA Ankara b\u00fcrosunda stajyer olarak \u00e7al\u0131\u015fan Mehmet G\u00fcnhan hakk\u0131nda a\u00e7\u0131lan davan\u0131n il duru\u015fmas\u0131 16 May\u0131s\u2019ta g\u00f6r\u00fclecek. Gazeteciler hakk\u0131nda tutukluluktan 3 bu\u00e7uk ay sonra 17 \u015eubat\u2019ta haz\u0131rlanan iddianamede, t\u00fczel ki\u015fili\u011fi bulunan Mezopotamya Ajans\u0131 da san\u0131k olarak yer ald\u0131. \u0130ddianamenin b\u00fcy\u00fck bir b\u00f6l\u00fcm\u00fcn\u00fc Mezopotamya Ajans\u0131\u2019nda yay\u0131nlanan 149 haber olu\u015fturdu. Ayr\u0131ca iddianamede gazeteciler hakk\u0131nda beyan\u0131 olmayan a\u00e7\u0131k ve gizli tan\u0131klar\u0131n ifadeleri yer ald\u0131. TAHL\u0130YE TALEB\u0130 REDDED\u0130LD\u0130 Delillerden yoksun ve gazetecilerin \u201c\u00f6rg\u00fct \u00fcyesi\u201d oldu\u011fu iddia edilen iddianameyi kabul eden Ankara 4\u2019\u00fcnc\u00fc A\u011f\u0131r Ceza Mahkemesi, ayn\u0131 g\u00fcn gazetecilerin avukat\u0131 Resul Temur\u2019un yapt\u0131\u011f\u0131 tahliye talepli ba\u015fvurusunu reddetti. MAHKEME TUTUKLULUK HALLER\u0130N DEVAMINA KARAR VERD\u0130 Mahkeme, \u201c\u2026at\u0131l\u0131 su\u00e7 i\u00e7in yasada \u00f6ng\u00f6r\u00fclen cezan\u0131n t\u00fcr\u00fc ve miktar\u0131, tutuklama karar\u0131ndan sonra delillerde san\u0131klar lehine bir de\u011fi\u015fiklik olmamas\u0131 ve tutuklama karar\u0131ndaki gerek\u00e7eler ile t\u00fcm dosya kapsam\u0131 birlikte de\u011ferlendirildi\u011finde, ad\u0131 ge\u00e7en san\u0131klar y\u00f6n\u00fcnden kuvvetli su\u00e7 \u015f\u00fcphesinin varl\u0131\u011f\u0131n\u0131 g\u00f6steren somut delillerin bulunmas\u0131, san\u0131klara isnat edilen su\u00e7lar\u0131n CMK\u2019n\u0131n 100\/3-a maddesinin 11.alt bendi gere\u011fince tutuklama sebebi varsay\u0131lan su\u00e7lardan olmas\u0131, san\u0131klar\u0131n tutuklu kald\u0131\u011f\u0131 s\u00fcre ve muhtemel cezan\u0131n \u00fcst s\u0131n\u0131r\u0131na g\u00f6re san\u0131klar\u0131n ka\u00e7ma \u015f\u00fcphesinin mevcudiyeti ile bu a\u015famada adli kontrol h\u00fck\u00fcmlerinin yetersiz kalaca\u011f\u0131 hususlar\u0131 birlikte nazara al\u0131narak\u2026\u201d gerek\u00e7elerine yer vererek, tutuklular\u0131n hallerinin devam\u0131na karar verdi. Ayr\u0131ca, MA muhabiri Zemo A\u011fg\u00f6z ve Mehmet G\u00fcnhan hakk\u0131nda dosya kapsam\u0131nda adli kontrol \u015fart\u0131 uygulamas\u0131n\u0131n devam\u0131na karar verildi.(MA)<\/p>\n","protected":false},"author":2,"featured_media":848,"comment_status":"open","ping_status":"open","sticky":false,"template":"","format":"standard","meta":{"_joinchat":[],"footnotes":""},"categories":[1],"tags":[],"class_list":["post-847","post","type-post","status-publish","format-standard","has-post-thumbnail","hentry","category-gundem"],"acf":[],"_links":{"self":[{"href":"https:\/\/radyomunzur.com\/index.php?rest_route=\/wp\/v2\/posts\/847","targetHints":{"allow":["GET"]}}],"collection":[{"href":"https:\/\/radyomunzur.com\/index.php?rest_route=\/wp\/v2\/posts"}],"about":[{"href":"https:\/\/radyomunzur.com\/index.php?rest_route=\/wp\/v2\/types\/post"}],"author":[{"embeddable":true,"href":"https:\/\/radyomunzur.com\/index.php?rest_route=\/wp\/v2\/users\/2"}],"replies":[{"embeddable":true,"href":"https:\/\/radyomunzur.com\/index.php?rest_route=%2Fwp%2Fv2%2Fcomments&post=847"}],"version-history":[{"count":3,"href":"https:\/\/radyomunzur.com\/index.php?rest_route=\/wp\/v2\/posts\/847\/revisions"}],"predecessor-version":[{"id":851,"href":"https:\/\/radyomunzur.com\/index.php?rest_route=\/wp\/v2\/posts\/847\/revisions\/851"}],"wp:featuredmedia":[{"embeddable":true,"href":"https:\/\/radyomunzur.com\/index.php?rest_route=\/wp\/v2\/media\/848"}],"wp:attachment":[{"href":"https:\/\/radyomunzur.com\/index.php?rest_route=%2Fwp%2Fv2%2Fmedia&parent=847"}],"wp:term":[{"taxonomy":"category","embeddable":true,"href":"https:\/\/radyomunzur.com\/index.php?rest_route=%2Fwp%2Fv2%2Fcategories&post=847"},{"taxonomy":"post_tag","embeddable":true,"href":"https:\/\/radyomunzur.com\/index.php?rest_route=%2Fwp%2Fv2%2Ftags&post=847"}],"curies":[{"name":"wp","href":"https:\/\/api.w.org\/{rel}","templated":true}]}}