{"id":841,"date":"2023-02-23T05:09:45","date_gmt":"2023-02-23T10:09:45","guid":{"rendered":"https:\/\/radyomunzur.com\/?p=841"},"modified":"2023-02-23T05:09:45","modified_gmt":"2023-02-23T10:09:45","slug":"aymden-cumartesi-annelerine-orantisiz-mudahale-basvurusunda-hak-ihlali-karari","status":"publish","type":"post","link":"https:\/\/radyomunzur.com\/?p=841","title":{"rendered":"AYM\u2019den Cumartesi Anneleri\u2019ne &#8220;orant\u0131s\u0131z m\u00fcdahale&#8221; ba\u015fvurusunda \u2018hak ihlali\u2019 karar\u0131"},"content":{"rendered":"<div>Cumartesi Anneleri\u2019nin 700\u2019\u00fcnc\u00fc hafta eylemine d\u00f6n\u00fck polis sald\u0131r\u0131s\u0131na kar\u015f\u0131 yap\u0131lan ba\u015fvuruyu karara ba\u011flayan AYM, 24 y\u0131ld\u0131r devam eden eylemin kamu d\u00fczenini zedelemeyece\u011fini belirterek, hak ihlali karar\u0131 verdi.<\/div>\n<div>G\u00f6zalt\u0131nda kaybedilen yak\u0131nlar\u0131n\u0131n ak\u0131betini sormak ve faillerin yarg\u0131lanmas\u0131n\u0131 isteyen Cumartesi Anneleri, 27 May\u0131s 1995&#8217;ten bug\u00fcne her hafta Cumartesi g\u00fcn\u00fc \u0130stanbul Galatasaray Meydan\u0131\u2019nda oturma eylemini s\u00fcrd\u00fcr\u00fcyordu. Cumartesi Anneleri\u2019nin 28 y\u0131ld\u0131r s\u00fcrd\u00fcrd\u00fc\u011f\u00fc eylemin 25 A\u011fustos 2018 tarihli 700\u2019\u00fcnc\u00fc hafta eyleminin \u0130\u00e7i\u015fleri Bakanl\u0131\u011f\u0131 karar\u0131yla yasaklanmas\u0131 \u00fczerine polisin m\u00fcdahalesiyle kar\u015f\u0131la\u015fan aileler, darp edildi, yerlerde s\u00fcr\u00fcklendi, \u015fiddete maruz kald\u0131, g\u00f6zalt\u0131na al\u0131nd\u0131. \u015eiddete u\u011frayarak g\u00f6zalt\u0131na al\u0131nan Cumartesi Anneleri\u2019nden 47 ki\u015fi, \u201c2911 say\u0131l\u0131 Toplant\u0131 ve G\u00f6steri Y\u00fcr\u00fcy\u00fc\u015fleri Kanunu\u201dna muhalefet ettikleri gerek\u00e7esiyle daval\u0131k oldu.<\/div>\n<div><strong>BA\u015eSAVCILIK BA\u015eVURUYU REDDETT\u0130<\/strong><\/div>\n<div>Polis sald\u0131r\u0131s\u0131nda darp edilerek ters kelep\u00e7eyle g\u00f6zalt\u0131na al\u0131nan Maside Ocak K\u0131\u015flak\u00e7\u0131, polislerin orant\u0131s\u0131z g\u00fc\u00e7 kullanmas\u0131 ve toplant\u0131, g\u00f6steri, y\u00fcr\u00fcy\u00fc\u015f hakk\u0131n\u0131n hukuka ayk\u0131r\u0131 bir \u015fekilde ihlal edilmesine kar\u015f\u0131n polisler hakk\u0131nda 10 Eyl\u00fcl 2018\u2019de \u0130stanbul Cumhuriyet Ba\u015fsavc\u0131l\u0131\u011f\u0131\u2019na su\u00e7 duyurusunda bulundu. \u0130stanbul Cumhuriyet Ba\u015fsavc\u0131l\u0131\u011f\u0131 taraf\u0131ndan su\u00e7 duyurusuna dair 2 May\u0131s 2019\u2019da takipsizlik karar\u0131 vermesi \u00fczerine K\u0131\u015flak\u00e7\u0131, 19 Haziran 2019\u2019da Anayasa Mahkemesi\u2019ne (AYM) bireysel ba\u015fvuruda bulundu.<\/div>\n<div><strong>K\u00d6T\u00dc MUAMELEYE Y\u00d6N\u00dcNDEN RET<\/strong><\/div>\n<div>Ba\u015fvuruyu de\u011ferlendiren AYM, \u0130\u00e7i\u015fleri Bakanl\u0131\u011f\u0131ndan savunma istedi. Bakanl\u0131k g\u00f6r\u00fc\u015f\u00fcnde, ba\u015fvurunun s\u00fcre a\u015f\u0131m\u0131 nedeniyle kabul edilemez oldu\u011funu savundu. Bakanl\u0131k, darp edilerek ters kelep\u00e7eyle g\u00f6zalt\u0131na al\u0131nmas\u0131na ra\u011fmen ba\u015fvurucunun k\u00f6t\u00fc muameleye u\u011frad\u0131\u011f\u0131na dair her t\u00fcrl\u00fc \u015f\u00fcpheden uzak makul kan\u0131tlar\u0131n olmad\u0131\u011f\u0131n\u0131 ileri s\u00fcrd\u00fc. Anayasa Mahkemesi de ba\u015fvurucunun olaydan 15 g\u00fcn sonra darp raporu almas\u0131n\u0131 gerek\u00e7e g\u00f6stererek, ba\u015fvurunun k\u00f6t\u00fc muamele y\u00f6n\u00fcnden reddedilmesine karar verdi.<\/div>\n<div><strong>24 YILDIR BARI\u015e\u00c7IL N\u0130TEL\u0130KLE EYLEM<\/strong><\/div>\n<div>Ba\u015fvuruyu toplant\u0131 ve g\u00f6steri y\u00fcr\u00fcy\u00fc\u015f\u00fc d\u00fczenleme hakk\u0131n\u0131n ihlali y\u00f6n\u00fcnden de\u011ferlendiren AYM, karar\u0131nda K\u0131\u015flak\u00e7\u0131\u2019n\u0131n olaya dair \u015fu g\u00f6r\u00fc\u015flerine yer verdi: \u201cBa\u015fvurucu; karde\u015finin g\u00f6zalt\u0131nda kayboldu\u011funu, kay\u0131p ki\u015filerin ak\u0131betlerinin a\u00e7\u0131klanmas\u0131 ve adalet aray\u0131\u015f\u0131 nedeniyle di\u011fer kay\u0131p ki\u015filerin yak\u0131nlar\u0131 ile birlikte 24 y\u0131ld\u0131r her hafta toplanarak oturma eylemi ve bas\u0131n a\u00e7\u0131klamas\u0131 yapt\u0131klar\u0131n\u0131, etkinli\u011fin bar\u0131\u015f\u00e7\u0131l nitelikte oldu\u011funu, bu zamana kadar yap\u0131lan toplant\u0131larda hi\u00e7bir \u015fiddet hareketinin ya\u015fanmad\u0131\u011f\u0131n\u0131 belirtip slogan dahi at\u0131lmad\u0131\u011f\u0131n\u0131 vurgulam\u0131\u015ft\u0131r. Anma ama\u00e7l\u0131 yap\u0131lmak istenen 700. haftal\u0131k toplanman\u0131n idarece yasakland\u0131\u011f\u0131n\u0131, karar\u0131n taraflar\u0131na tebli\u011f edilmedi\u011fini, ayr\u0131ca haks\u0131z ve orant\u0131s\u0131z \u015fekilde toplant\u0131ya m\u00fcdahale edildi\u011fini, bu nedenle ifade \u00f6zg\u00fcrl\u00fc\u011f\u00fcn\u00fcn ihlal edildi\u011fini ileri s\u00fcrm\u00fc\u015ft\u00fcr.\u201d<\/div>\n<div><strong>BAKANLIKTAN KAMU D\u00dcZEN\u0130 SAVUNMASI<\/strong><\/div>\n<div>AYM karar\u0131nda savunmas\u0131na yer verilen bakanl\u0131k, toplant\u0131n\u0131n bildirim verme y\u00fck\u00fcml\u00fcl\u00fc\u011f\u00fcne uyulmadan ger\u00e7ekle\u015ftirildi\u011fi, ihtara ra\u011fmen grubun da\u011f\u0131lmad\u0131\u011f\u0131, kat\u0131l\u0131mc\u0131lar\u0131n kolluk g\u00f6revlilerine s\u00f6zl\u00fc ve fiziki sald\u0131r\u0131lar da bulunmas\u0131 sonucu polislerin yaraland\u0131\u011f\u0131 ve bu nedenle m\u00fcdahalenin kamu d\u00fczenini sa\u011flamaya y\u00f6nelik ve gerekli oldu\u011funu savundu.<\/div>\n<div><strong>HAK VE \u00d6ZG\u00dcRL\u00dcKLER NASIL ZEDELEN\u0130YOR?<\/strong><\/div>\n<div>Ba\u015fvuruyu toplant\u0131 ve g\u00f6steri y\u00fcr\u00fcy\u00fc\u015f\u00fc hakk\u0131 kapsam\u0131nda kabul eden AYM, benzer ba\u015fvurularla ilgili verilen kararlar\u0131 hat\u0131rlatarak, toplant\u0131 ve g\u00f6steri y\u00fcr\u00fcy\u00fc\u015f\u00fc d\u00fczenleme hakk\u0131 ile kamu d\u00fczeni aras\u0131nda adil bir denge kurulmas\u0131 gerekti\u011finin alt\u0131n\u0131 \u00e7izdi. AYM, <strong>m\u00fcdahaleye gerek\u00e7e g\u00f6sterilen yasaklama karar\u0131nda toplant\u0131 i\u00e7in bildirim yap\u0131lmamas\u0131n\u0131n kamu d\u00fczenini ne \u015fekilde bozaca\u011f\u0131na veya ba\u015fkalar\u0131n\u0131n hak ve \u00f6zg\u00fcrl\u00fcklerini nas\u0131l zedeleyece\u011fine dair hi\u00e7bir a\u00e7\u0131klamada bulunulmad\u0131\u011f\u0131na dikkat \u00e7ekti.\u00a0<\/strong><\/div>\n<div><strong>\u0130DAREN\u0130N POZ\u0130T\u0130F Y\u00dcK\u00dcML\u00dcL\u00dcKLER\u0130\u00a0<\/strong><\/div>\n<div>Cumartesi Annelerinin eyleminin 24 y\u0131ld\u0131r devam etti\u011fini hat\u0131rlatan AYM,<strong> eylemin ayn\u0131 yer ve ayn\u0131 zamanda yap\u0131lmas\u0131 nedeniyle idarenin bilgi sahibi olmamas\u0131n\u0131n m\u00fcmk\u00fcn olmad\u0131\u011f\u0131na dikkat \u00e7ekildi.<\/strong> Eylemin bar\u0131\u015f\u00e7\u0131l olmas\u0131 nedeniyle idarenin toplant\u0131 ve g\u00f6steri y\u00fcr\u00fcy\u00fc\u015f\u00fc d\u00fczenleme hakk\u0131n\u0131n etkin kullan\u0131m\u0131n\u0131 sa\u011flamaya y\u00f6nelik pozitif h\u00fck\u00fcmlerin hat\u0131rlat\u0131ld\u0131\u011f\u0131 kararda, ancak bunun yap\u0131lmad\u0131\u011f\u0131 ve yasaklama yoluna gitti\u011fi belirtildi. Bu nedenlerle idarenin etkinli\u011fi yasaklama karar\u0131 i\u00e7in <strong>dayanak gerek\u00e7elerinin hakl\u0131 ve ikna edici olmad\u0131\u011f\u0131<\/strong>n\u0131n alt\u0131 \u00e7izilen kararda, \u201cBa\u015fvurucunun da i\u00e7inde yer ald\u0131\u011f\u0131 grubun kaybolan yak\u0131nlar\u0131n\u0131n bulunmas\u0131 ve kamuoyunda fark\u0131ndal\u0131k yarat\u0131lmas\u0131 amac\u0131na y\u00f6nelik oturma eylemi ve bas\u0131n a\u00e7\u0131klamas\u0131 yapmak istemesi d<strong>emokratik bir toplumda sayg\u0131yla kar\u015f\u0131lanmal\u0131d\u0131r<\/strong>\u201d denildi.<\/div>\n<div><strong>POL\u0130S\u0130N M\u00dcDAHALES\u0130 HUKUKA AYKIRI\u00a0<\/strong><\/div>\n<div>Polisin m\u00fcdahalesi s\u0131ras\u0131ndaki tepkilerin polisin hukuka ayk\u0131r\u0131 m\u00fcdahalesini hukuka uygun hale getirmeyece\u011fi belirtilen kararda, \u201cBu do\u011frultuda kolluk g\u00f6revlilerinin somut olayda etkinli\u011fe m\u00fcdahale etmesini gerektirecek makul sebep ortaya koymadan ve an\u0131lan hakk\u0131n kullan\u0131labilmesine y\u00f6nelik tolerans g\u00f6stermeden gruba m\u00fcdahale etti\u011fi sonucuna var\u0131lm\u0131\u015ft\u0131r. A\u00e7\u0131klanan gerek\u00e7elerle Anayasan\u0131n 34. maddesinde g\u00fcvence alt\u0131na al\u0131nan toplant\u0131 ve g\u00f6steri y\u00fcr\u00fcy\u00fc\u015f\u00fc d\u00fczenleme hakk\u0131n\u0131n ihlal edildi\u011fine karar verilmesi gerekir.\u201d<\/div>\n<div><strong>TOPLANTI VE G\u00d6STER\u0130 HAKKI \u0130HLAL ED\u0130LD\u0130<\/strong><\/div>\n<div>Anayasa Mahkemesi \u00fcyesi Muhterem \u0130nce\u2019nin \u015ferh koydu\u011fu ve oy \u00e7oklu\u011fuyla al\u0131nan <strong>kararda, toplant\u0131 ve g\u00f6steri y\u00fcr\u00fcy\u00fc\u015f\u00fc d\u00fczenleme hakk\u0131n\u0131n ihlal edildi\u011fine h\u00fckmedildi.<\/strong> Ayr\u0131ca K\u0131\u015flak\u00e7\u0131\u2019ya manevi tazminat \u00f6denmesine karar verildi.<\/div>\n<div><\/div>\n","protected":false},"excerpt":{"rendered":"<p>Cumartesi Anneleri\u2019nin 700\u2019\u00fcnc\u00fc hafta eylemine d\u00f6n\u00fck polis sald\u0131r\u0131s\u0131na kar\u015f\u0131 yap\u0131lan ba\u015fvuruyu karara ba\u011flayan AYM, 24 y\u0131ld\u0131r devam eden eylemin kamu d\u00fczenini zedelemeyece\u011fini belirterek, hak ihlali karar\u0131 verdi. G\u00f6zalt\u0131nda kaybedilen yak\u0131nlar\u0131n\u0131n ak\u0131betini sormak ve faillerin yarg\u0131lanmas\u0131n\u0131 isteyen Cumartesi Anneleri, 27 May\u0131s 1995&#8217;ten bug\u00fcne her hafta Cumartesi g\u00fcn\u00fc \u0130stanbul Galatasaray Meydan\u0131\u2019nda oturma eylemini s\u00fcrd\u00fcr\u00fcyordu. Cumartesi Anneleri\u2019nin 28 y\u0131ld\u0131r s\u00fcrd\u00fcrd\u00fc\u011f\u00fc eylemin 25 A\u011fustos 2018 tarihli 700\u2019\u00fcnc\u00fc hafta eyleminin \u0130\u00e7i\u015fleri Bakanl\u0131\u011f\u0131 karar\u0131yla yasaklanmas\u0131 \u00fczerine polisin m\u00fcdahalesiyle kar\u015f\u0131la\u015fan aileler, darp edildi, yerlerde s\u00fcr\u00fcklendi, \u015fiddete maruz kald\u0131, g\u00f6zalt\u0131na al\u0131nd\u0131. \u015eiddete u\u011frayarak g\u00f6zalt\u0131na al\u0131nan Cumartesi Anneleri\u2019nden 47 ki\u015fi, \u201c2911 say\u0131l\u0131 Toplant\u0131 ve G\u00f6steri Y\u00fcr\u00fcy\u00fc\u015fleri Kanunu\u201dna muhalefet ettikleri gerek\u00e7esiyle daval\u0131k oldu. BA\u015eSAVCILIK BA\u015eVURUYU REDDETT\u0130 Polis sald\u0131r\u0131s\u0131nda darp edilerek ters kelep\u00e7eyle g\u00f6zalt\u0131na al\u0131nan Maside Ocak K\u0131\u015flak\u00e7\u0131, polislerin orant\u0131s\u0131z g\u00fc\u00e7 kullanmas\u0131 ve toplant\u0131, g\u00f6steri, y\u00fcr\u00fcy\u00fc\u015f hakk\u0131n\u0131n hukuka ayk\u0131r\u0131 bir \u015fekilde ihlal edilmesine kar\u015f\u0131n polisler hakk\u0131nda 10 Eyl\u00fcl 2018\u2019de \u0130stanbul Cumhuriyet Ba\u015fsavc\u0131l\u0131\u011f\u0131\u2019na su\u00e7 duyurusunda bulundu. \u0130stanbul Cumhuriyet Ba\u015fsavc\u0131l\u0131\u011f\u0131 taraf\u0131ndan su\u00e7 duyurusuna dair 2 May\u0131s 2019\u2019da takipsizlik karar\u0131 vermesi \u00fczerine K\u0131\u015flak\u00e7\u0131, 19 Haziran 2019\u2019da Anayasa Mahkemesi\u2019ne (AYM) bireysel ba\u015fvuruda bulundu. K\u00d6T\u00dc MUAMELEYE Y\u00d6N\u00dcNDEN RET Ba\u015fvuruyu de\u011ferlendiren AYM, \u0130\u00e7i\u015fleri Bakanl\u0131\u011f\u0131ndan savunma istedi. Bakanl\u0131k g\u00f6r\u00fc\u015f\u00fcnde, ba\u015fvurunun s\u00fcre a\u015f\u0131m\u0131 nedeniyle kabul edilemez oldu\u011funu savundu. Bakanl\u0131k, darp edilerek ters kelep\u00e7eyle g\u00f6zalt\u0131na al\u0131nmas\u0131na ra\u011fmen ba\u015fvurucunun k\u00f6t\u00fc muameleye u\u011frad\u0131\u011f\u0131na dair her t\u00fcrl\u00fc \u015f\u00fcpheden uzak makul kan\u0131tlar\u0131n olmad\u0131\u011f\u0131n\u0131 ileri s\u00fcrd\u00fc. Anayasa Mahkemesi de ba\u015fvurucunun olaydan 15 g\u00fcn sonra darp raporu almas\u0131n\u0131 gerek\u00e7e g\u00f6stererek, ba\u015fvurunun k\u00f6t\u00fc muamele y\u00f6n\u00fcnden reddedilmesine karar verdi. 24 YILDIR BARI\u015e\u00c7IL N\u0130TEL\u0130KLE EYLEM Ba\u015fvuruyu toplant\u0131 ve g\u00f6steri y\u00fcr\u00fcy\u00fc\u015f\u00fc d\u00fczenleme hakk\u0131n\u0131n ihlali y\u00f6n\u00fcnden de\u011ferlendiren AYM, karar\u0131nda K\u0131\u015flak\u00e7\u0131\u2019n\u0131n olaya dair \u015fu g\u00f6r\u00fc\u015flerine yer verdi: \u201cBa\u015fvurucu; karde\u015finin g\u00f6zalt\u0131nda kayboldu\u011funu, kay\u0131p ki\u015filerin ak\u0131betlerinin a\u00e7\u0131klanmas\u0131 ve adalet aray\u0131\u015f\u0131 nedeniyle di\u011fer kay\u0131p ki\u015filerin yak\u0131nlar\u0131 ile birlikte 24 y\u0131ld\u0131r her hafta toplanarak oturma eylemi ve bas\u0131n a\u00e7\u0131klamas\u0131 yapt\u0131klar\u0131n\u0131, etkinli\u011fin bar\u0131\u015f\u00e7\u0131l nitelikte oldu\u011funu, bu zamana kadar yap\u0131lan toplant\u0131larda hi\u00e7bir \u015fiddet hareketinin ya\u015fanmad\u0131\u011f\u0131n\u0131 belirtip slogan dahi at\u0131lmad\u0131\u011f\u0131n\u0131 vurgulam\u0131\u015ft\u0131r. Anma ama\u00e7l\u0131 yap\u0131lmak istenen 700. haftal\u0131k toplanman\u0131n idarece yasakland\u0131\u011f\u0131n\u0131, karar\u0131n taraflar\u0131na tebli\u011f edilmedi\u011fini, ayr\u0131ca haks\u0131z ve orant\u0131s\u0131z \u015fekilde toplant\u0131ya m\u00fcdahale edildi\u011fini, bu nedenle ifade \u00f6zg\u00fcrl\u00fc\u011f\u00fcn\u00fcn ihlal edildi\u011fini ileri s\u00fcrm\u00fc\u015ft\u00fcr.\u201d BAKANLIKTAN KAMU D\u00dcZEN\u0130 SAVUNMASI AYM karar\u0131nda savunmas\u0131na yer verilen bakanl\u0131k, toplant\u0131n\u0131n bildirim verme y\u00fck\u00fcml\u00fcl\u00fc\u011f\u00fcne uyulmadan ger\u00e7ekle\u015ftirildi\u011fi, ihtara ra\u011fmen grubun da\u011f\u0131lmad\u0131\u011f\u0131, kat\u0131l\u0131mc\u0131lar\u0131n kolluk g\u00f6revlilerine s\u00f6zl\u00fc ve fiziki sald\u0131r\u0131lar da bulunmas\u0131 sonucu polislerin yaraland\u0131\u011f\u0131 ve bu nedenle m\u00fcdahalenin kamu d\u00fczenini sa\u011flamaya y\u00f6nelik ve gerekli oldu\u011funu savundu. HAK VE \u00d6ZG\u00dcRL\u00dcKLER NASIL ZEDELEN\u0130YOR? Ba\u015fvuruyu toplant\u0131 ve g\u00f6steri y\u00fcr\u00fcy\u00fc\u015f\u00fc hakk\u0131 kapsam\u0131nda kabul eden AYM, benzer ba\u015fvurularla ilgili verilen kararlar\u0131 hat\u0131rlatarak, toplant\u0131 ve g\u00f6steri y\u00fcr\u00fcy\u00fc\u015f\u00fc d\u00fczenleme hakk\u0131 ile kamu d\u00fczeni aras\u0131nda adil bir denge kurulmas\u0131 gerekti\u011finin alt\u0131n\u0131 \u00e7izdi. AYM, m\u00fcdahaleye gerek\u00e7e g\u00f6sterilen yasaklama karar\u0131nda toplant\u0131 i\u00e7in bildirim yap\u0131lmamas\u0131n\u0131n kamu d\u00fczenini ne \u015fekilde bozaca\u011f\u0131na veya ba\u015fkalar\u0131n\u0131n hak ve \u00f6zg\u00fcrl\u00fcklerini nas\u0131l zedeleyece\u011fine dair hi\u00e7bir a\u00e7\u0131klamada bulunulmad\u0131\u011f\u0131na dikkat \u00e7ekti.\u00a0 \u0130DAREN\u0130N POZ\u0130T\u0130F Y\u00dcK\u00dcML\u00dcL\u00dcKLER\u0130\u00a0 Cumartesi Annelerinin eyleminin 24 y\u0131ld\u0131r devam etti\u011fini hat\u0131rlatan AYM, eylemin ayn\u0131 yer ve ayn\u0131 zamanda yap\u0131lmas\u0131 nedeniyle idarenin bilgi sahibi olmamas\u0131n\u0131n m\u00fcmk\u00fcn olmad\u0131\u011f\u0131na dikkat \u00e7ekildi. Eylemin bar\u0131\u015f\u00e7\u0131l olmas\u0131 nedeniyle idarenin toplant\u0131 ve g\u00f6steri y\u00fcr\u00fcy\u00fc\u015f\u00fc d\u00fczenleme hakk\u0131n\u0131n etkin kullan\u0131m\u0131n\u0131 sa\u011flamaya y\u00f6nelik pozitif h\u00fck\u00fcmlerin hat\u0131rlat\u0131ld\u0131\u011f\u0131 kararda, ancak bunun yap\u0131lmad\u0131\u011f\u0131 ve yasaklama yoluna gitti\u011fi belirtildi. Bu nedenlerle idarenin etkinli\u011fi yasaklama karar\u0131 i\u00e7in dayanak gerek\u00e7elerinin hakl\u0131 ve ikna edici olmad\u0131\u011f\u0131n\u0131n alt\u0131 \u00e7izilen kararda, \u201cBa\u015fvurucunun da i\u00e7inde yer ald\u0131\u011f\u0131 grubun kaybolan yak\u0131nlar\u0131n\u0131n bulunmas\u0131 ve kamuoyunda fark\u0131ndal\u0131k yarat\u0131lmas\u0131 amac\u0131na y\u00f6nelik oturma eylemi ve bas\u0131n a\u00e7\u0131klamas\u0131 yapmak istemesi demokratik bir toplumda sayg\u0131yla kar\u015f\u0131lanmal\u0131d\u0131r\u201d denildi. POL\u0130S\u0130N M\u00dcDAHALES\u0130 HUKUKA AYKIRI\u00a0 Polisin m\u00fcdahalesi s\u0131ras\u0131ndaki tepkilerin polisin hukuka ayk\u0131r\u0131 m\u00fcdahalesini hukuka uygun hale getirmeyece\u011fi belirtilen kararda, \u201cBu do\u011frultuda kolluk g\u00f6revlilerinin somut olayda etkinli\u011fe m\u00fcdahale etmesini gerektirecek makul sebep ortaya koymadan ve an\u0131lan hakk\u0131n kullan\u0131labilmesine y\u00f6nelik tolerans g\u00f6stermeden gruba m\u00fcdahale etti\u011fi sonucuna var\u0131lm\u0131\u015ft\u0131r. A\u00e7\u0131klanan gerek\u00e7elerle Anayasan\u0131n 34. maddesinde g\u00fcvence alt\u0131na al\u0131nan toplant\u0131 ve g\u00f6steri y\u00fcr\u00fcy\u00fc\u015f\u00fc d\u00fczenleme hakk\u0131n\u0131n ihlal edildi\u011fine karar verilmesi gerekir.\u201d TOPLANTI VE G\u00d6STER\u0130 HAKKI \u0130HLAL ED\u0130LD\u0130 Anayasa Mahkemesi \u00fcyesi Muhterem \u0130nce\u2019nin \u015ferh koydu\u011fu ve oy \u00e7oklu\u011fuyla al\u0131nan kararda, toplant\u0131 ve g\u00f6steri y\u00fcr\u00fcy\u00fc\u015f\u00fc d\u00fczenleme hakk\u0131n\u0131n ihlal edildi\u011fine h\u00fckmedildi. Ayr\u0131ca K\u0131\u015flak\u00e7\u0131\u2019ya manevi tazminat \u00f6denmesine karar verildi.<\/p>\n","protected":false},"author":2,"featured_media":842,"comment_status":"open","ping_status":"open","sticky":false,"template":"","format":"standard","meta":{"_joinchat":[],"footnotes":""},"categories":[1],"tags":[],"class_list":["post-841","post","type-post","status-publish","format-standard","has-post-thumbnail","hentry","category-gundem"],"acf":[],"_links":{"self":[{"href":"https:\/\/radyomunzur.com\/index.php?rest_route=\/wp\/v2\/posts\/841","targetHints":{"allow":["GET"]}}],"collection":[{"href":"https:\/\/radyomunzur.com\/index.php?rest_route=\/wp\/v2\/posts"}],"about":[{"href":"https:\/\/radyomunzur.com\/index.php?rest_route=\/wp\/v2\/types\/post"}],"author":[{"embeddable":true,"href":"https:\/\/radyomunzur.com\/index.php?rest_route=\/wp\/v2\/users\/2"}],"replies":[{"embeddable":true,"href":"https:\/\/radyomunzur.com\/index.php?rest_route=%2Fwp%2Fv2%2Fcomments&post=841"}],"version-history":[{"count":1,"href":"https:\/\/radyomunzur.com\/index.php?rest_route=\/wp\/v2\/posts\/841\/revisions"}],"predecessor-version":[{"id":843,"href":"https:\/\/radyomunzur.com\/index.php?rest_route=\/wp\/v2\/posts\/841\/revisions\/843"}],"wp:featuredmedia":[{"embeddable":true,"href":"https:\/\/radyomunzur.com\/index.php?rest_route=\/wp\/v2\/media\/842"}],"wp:attachment":[{"href":"https:\/\/radyomunzur.com\/index.php?rest_route=%2Fwp%2Fv2%2Fmedia&parent=841"}],"wp:term":[{"taxonomy":"category","embeddable":true,"href":"https:\/\/radyomunzur.com\/index.php?rest_route=%2Fwp%2Fv2%2Fcategories&post=841"},{"taxonomy":"post_tag","embeddable":true,"href":"https:\/\/radyomunzur.com\/index.php?rest_route=%2Fwp%2Fv2%2Ftags&post=841"}],"curies":[{"name":"wp","href":"https:\/\/api.w.org\/{rel}","templated":true}]}}