{"id":838,"date":"2023-02-23T04:51:57","date_gmt":"2023-02-23T09:51:57","guid":{"rendered":"https:\/\/radyomunzur.com\/?p=838"},"modified":"2023-02-23T04:51:57","modified_gmt":"2023-02-23T09:51:57","slug":"izmir-barosudan-bakan-yanik-ile-ihh-hakkinda-suc-duyurusu","status":"publish","type":"post","link":"https:\/\/radyomunzur.com\/?p=838","title":{"rendered":"\u0130zmir Barosu&#8217;dan Bakan Yan\u0131k ile \u0130HH hakk\u0131nda su\u00e7 duyurusu"},"content":{"rendered":"<div>\u0130zmir Barosu, depremzede \u00e7ocuklar\u0131n \u0130HH y\u00f6neticisine teslim edilmesine ili\u015fkin Bakan Derya Yan\u0131k ile \u0130HH y\u00f6neticisi hakk\u0131nda su\u00e7 duyurusunda bulundu.<\/div>\n<div>\u0130zmir Barosu, deprem b\u00f6lgesinde ebeveynleri olmayan ve \u0130HH \u0130nsani Yard\u0131m Vakf\u0131 g\u00f6n\u00fcll\u00fcs\u00fcne teslim edilen \u00e7ocuklar\u0131n al\u0131konulmas\u0131 nedeniyle Aile ve Sosyal Hizmetler Bakan\u0131 Derya Yan\u0131k ile \u0130HH y\u00f6neticisi hakk\u0131nda su\u00e7 duyurusunda bulundu. Beykoz Cumhuriyet Ba\u015fsavc\u0131l\u0131\u011f\u0131&#8217;na verilen su\u00e7 duyurusu dilek\u00e7esinde \u0130HH ve bakanl\u0131k hakk\u0131nda \u201c\u00c7ocu\u011fun Ka\u00e7\u0131r\u0131lmas\u0131 ve Al\u0131konulmas\u0131\u201d, \u201cKi\u015fiyi H\u00fcrriyetinden Yoksun K\u0131lma\u201d, \u201cG\u00f6revi K\u00f6t\u00fcye Kullanma\u201d su\u00e7lar\u0131ndan kamu davas\u0131 a\u00e7\u0131lmas\u0131 istendi.<\/div>\n<div><strong>SU\u00c7 DUYURUSU<\/strong><\/div>\n<div>Su\u00e7 duyurusu dilek\u00e7esinde, \u201c\u00c7ocuklar\u0131n, bak\u0131m ve g\u00f6zetiminden sorumlu tek yetkili kurum Aile ve Sosyal Hizmetler Bakanl\u0131\u011f\u0131 olmas\u0131na ra\u011fmen, bakanl\u0131k g\u00f6revlilerinin tarikatlarla ili\u015fkili ki\u015fi ve kurumlar\u0131 da bu s\u00fcrece dahil etmesi bakanl\u0131\u011f\u0131n asli y\u00fck\u00fcml\u00fcl\u00fc\u011f\u00fcn\u00fc ihlal etti\u011fini g\u00f6stermektedir. Bas\u0131na ula\u015fan bu ihbara ili\u015fkin olarak somut ger\u00e7ekli\u011fin derhal kamuoyuna a\u00e7\u0131klanmas\u0131 ve depremzede \u00e7ocuklar\u0131n ak\u0131betine ili\u015fkin \u015feffaf bi\u00e7imde bilgilendirme yap\u0131lmas\u0131, \u00e7ocuklar\u0131n g\u00fcvenli\u011fi bak\u0131m\u0131ndan olduk\u00e7a elzemdir. Buna ek olarak i\u015fbu soru\u015fturma kapsam\u0131nda ilgili denetimi ger\u00e7ekle\u015ftiren ve a\u00e7\u0131klamada dahiliyeti bulunan kamu \u00e7al\u0131\u015fanlar\u0131n\u0131n da \u015f\u00fcpheli olarak ifadelerine ba\u015fvurulmas\u0131, \u2018g\u00f6revi k\u00f6t\u00fcye kullanma\u2019 su\u00e7una ili\u015fkin iddialar\u0131n ortaya konulmas\u0131 bak\u0131m\u0131ndan gereklidir\u201d denildi.<\/div>\n<div>Ma\/\u0130zmir<\/div>\n","protected":false},"excerpt":{"rendered":"<p>\u0130zmir Barosu, depremzede \u00e7ocuklar\u0131n \u0130HH y\u00f6neticisine teslim edilmesine ili\u015fkin Bakan Derya Yan\u0131k ile \u0130HH y\u00f6neticisi hakk\u0131nda su\u00e7 duyurusunda bulundu. \u0130zmir Barosu, deprem b\u00f6lgesinde ebeveynleri olmayan ve \u0130HH \u0130nsani Yard\u0131m Vakf\u0131 g\u00f6n\u00fcll\u00fcs\u00fcne teslim edilen \u00e7ocuklar\u0131n al\u0131konulmas\u0131 nedeniyle Aile ve Sosyal Hizmetler Bakan\u0131 Derya Yan\u0131k ile \u0130HH y\u00f6neticisi hakk\u0131nda su\u00e7 duyurusunda bulundu. Beykoz Cumhuriyet Ba\u015fsavc\u0131l\u0131\u011f\u0131&#8217;na verilen su\u00e7 duyurusu dilek\u00e7esinde \u0130HH ve bakanl\u0131k hakk\u0131nda \u201c\u00c7ocu\u011fun Ka\u00e7\u0131r\u0131lmas\u0131 ve Al\u0131konulmas\u0131\u201d, \u201cKi\u015fiyi H\u00fcrriyetinden Yoksun K\u0131lma\u201d, \u201cG\u00f6revi K\u00f6t\u00fcye Kullanma\u201d su\u00e7lar\u0131ndan kamu davas\u0131 a\u00e7\u0131lmas\u0131 istendi. SU\u00c7 DUYURUSU Su\u00e7 duyurusu dilek\u00e7esinde, \u201c\u00c7ocuklar\u0131n, bak\u0131m ve g\u00f6zetiminden sorumlu tek yetkili kurum Aile ve Sosyal Hizmetler Bakanl\u0131\u011f\u0131 olmas\u0131na ra\u011fmen, bakanl\u0131k g\u00f6revlilerinin tarikatlarla ili\u015fkili ki\u015fi ve kurumlar\u0131 da bu s\u00fcrece dahil etmesi bakanl\u0131\u011f\u0131n asli y\u00fck\u00fcml\u00fcl\u00fc\u011f\u00fcn\u00fc ihlal etti\u011fini g\u00f6stermektedir. Bas\u0131na ula\u015fan bu ihbara ili\u015fkin olarak somut ger\u00e7ekli\u011fin derhal kamuoyuna a\u00e7\u0131klanmas\u0131 ve depremzede \u00e7ocuklar\u0131n ak\u0131betine ili\u015fkin \u015feffaf bi\u00e7imde bilgilendirme yap\u0131lmas\u0131, \u00e7ocuklar\u0131n g\u00fcvenli\u011fi bak\u0131m\u0131ndan olduk\u00e7a elzemdir. Buna ek olarak i\u015fbu soru\u015fturma kapsam\u0131nda ilgili denetimi ger\u00e7ekle\u015ftiren ve a\u00e7\u0131klamada dahiliyeti bulunan kamu \u00e7al\u0131\u015fanlar\u0131n\u0131n da \u015f\u00fcpheli olarak ifadelerine ba\u015fvurulmas\u0131, \u2018g\u00f6revi k\u00f6t\u00fcye kullanma\u2019 su\u00e7una ili\u015fkin iddialar\u0131n ortaya konulmas\u0131 bak\u0131m\u0131ndan gereklidir\u201d denildi. Ma\/\u0130zmir<\/p>\n","protected":false},"author":2,"featured_media":839,"comment_status":"open","ping_status":"open","sticky":false,"template":"","format":"standard","meta":{"_joinchat":[],"footnotes":""},"categories":[1],"tags":[],"class_list":["post-838","post","type-post","status-publish","format-standard","has-post-thumbnail","hentry","category-gundem"],"acf":[],"_links":{"self":[{"href":"https:\/\/radyomunzur.com\/index.php?rest_route=\/wp\/v2\/posts\/838","targetHints":{"allow":["GET"]}}],"collection":[{"href":"https:\/\/radyomunzur.com\/index.php?rest_route=\/wp\/v2\/posts"}],"about":[{"href":"https:\/\/radyomunzur.com\/index.php?rest_route=\/wp\/v2\/types\/post"}],"author":[{"embeddable":true,"href":"https:\/\/radyomunzur.com\/index.php?rest_route=\/wp\/v2\/users\/2"}],"replies":[{"embeddable":true,"href":"https:\/\/radyomunzur.com\/index.php?rest_route=%2Fwp%2Fv2%2Fcomments&post=838"}],"version-history":[{"count":1,"href":"https:\/\/radyomunzur.com\/index.php?rest_route=\/wp\/v2\/posts\/838\/revisions"}],"predecessor-version":[{"id":840,"href":"https:\/\/radyomunzur.com\/index.php?rest_route=\/wp\/v2\/posts\/838\/revisions\/840"}],"wp:featuredmedia":[{"embeddable":true,"href":"https:\/\/radyomunzur.com\/index.php?rest_route=\/wp\/v2\/media\/839"}],"wp:attachment":[{"href":"https:\/\/radyomunzur.com\/index.php?rest_route=%2Fwp%2Fv2%2Fmedia&parent=838"}],"wp:term":[{"taxonomy":"category","embeddable":true,"href":"https:\/\/radyomunzur.com\/index.php?rest_route=%2Fwp%2Fv2%2Fcategories&post=838"},{"taxonomy":"post_tag","embeddable":true,"href":"https:\/\/radyomunzur.com\/index.php?rest_route=%2Fwp%2Fv2%2Ftags&post=838"}],"curies":[{"name":"wp","href":"https:\/\/api.w.org\/{rel}","templated":true}]}}