{"id":825,"date":"2023-02-20T06:39:36","date_gmt":"2023-02-20T11:39:36","guid":{"rendered":"https:\/\/radyomunzur.com\/?p=825"},"modified":"2023-05-11T12:17:06","modified_gmt":"2023-05-11T16:17:06","slug":"depremden-sonra-dersime-goc-eden-tuncay-yildiz-yasanilanlar-kelimelerle-anlatilamaz","status":"publish","type":"post","link":"https:\/\/radyomunzur.com\/?p=825","title":{"rendered":"Depremden sonra Dersim\u2019e g\u00f6\u00e7 eden Tuncay Y\u0131ld\u0131z: Ya\u015fan\u0131lanlar kelimelerle anlat\u0131lamaz"},"content":{"rendered":"<p><strong>Deprem sonras\u0131 Hatay\u2019dan Dersim\u2019e g\u00f6\u00e7 etmek zorunda kalan Tuncay Y\u0131ld\u0131z, \u201cAntakya\u2019da art\u00e7\u0131lar halen devam ediyor, insanlar korku ve panik i\u00e7erisinde. Ya\u015fan\u0131lan s\u0131k\u0131nt\u0131lar kelimelerle anlat\u0131lamaz. As\u0131l bundan sonra zorluklar hissedilecek. Ne yapaca\u011f\u0131m\u0131z\u0131 bilmiyoruz\u201d dedi.<\/strong><\/p>\n<div class=\"epyt-video-wrapper fluid-width-video-wrapper\"><iframe id=\"_ytid_28242\" class=\"__youtube_prefs__  epyt-is-override  no-lazyload\" title=\"Depremden sonra Dersim\u2019e g\u00f6\u00e7 eden Tuncay Y\u0131ld\u0131z: Ya\u015fan\u0131lanlar kelimelerle anlat\u0131lamaz\" src=\"https:\/\/www.youtube.com\/embed\/MjrZ-XMn0hQ?enablejsapi=1&amp;autoplay=0&amp;cc_load_policy=0&amp;cc_lang_pref=tr&amp;iv_load_policy=3&amp;loop=0&amp;modestbranding=1&amp;rel=0&amp;fs=1&amp;playsinline=0&amp;autohide=2&amp;hl=tr_TR&amp;theme=dark&amp;color=red&amp;controls=1&amp;\" allowfullscreen=\"allowfullscreen\" data-origwidth=\"1170\" data-origheight=\"658\" data-no-lazy=\"1\" data-skipgform_ajax_framebjll=\"\" data-mce-fragment=\"1\"><\/iframe><\/div>\n<p>Mara\u015f Pazarc\u0131k ve Elbistan merkezli depremlerin ard\u0131ndan onbinlerce yurtta\u015f ya\u015fam\u0131n\u0131 yitirirken, y\u00fcz binlercesi de evsiz kald\u0131.<\/p>\n<p>Deprem sonras\u0131nda b\u00fcy\u00fck y\u0131k\u0131m\u0131n ya\u015fand\u0131\u011f\u0131 Hatay\u2019da halen bar\u0131nma sorunu \u00e7\u00f6z\u00fclm\u00fc\u015f de\u011fil. \u0130nsanlar bar\u0131nma sorunu \u00e7\u00f6z\u00fclemedi\u011fi i\u00e7in farkl\u0131 illere g\u00f6\u00e7 etmek zorunda kal\u0131yor.<\/p>\n<p>Depremin 3. g\u00fcn\u00fc Hatay\u2019dan Dersim\u2019e gelen\u00a0<strong>Tuncay Y\u0131ld\u0131z<\/strong>, ya\u015fad\u0131klar\u0131n\u0131\u00a0<strong>P\u0130RHA\u2019ya<\/strong>\u00a0anlatt\u0131.<\/p>\n<p><strong>\u201c\u0130NSANLARIN EN B\u00dcY\u00dcK SORUNU BARINMA VE BESLENMEYD\u0130\u201d<\/strong><\/p>\n<p>Ya\u015fanan depremin b\u00fcy\u00fck bir felaket oldu\u011funu belirten\u00a0<strong>Tuncay Y\u0131ld\u0131z<\/strong>, \u201cHatay\u2019\u0131n bir\u00e7ok yerinde b\u00fcy\u00fck y\u0131k\u0131mlara tan\u0131k olduk. Depremden sonra insanlar\u0131n y\u00fcz\u00fcnde panik ve \u00e7aresizlik vard\u0131. \u0130nsanlar sabaha kadar a\u00e7\u0131k alanlarda kald\u0131lar \u0131s\u0131nma sorunlar\u0131n\u0131 da ate\u015f yakarak \u00e7\u00f6zd\u00fcler. Kimse ne yapaca\u011f\u0131n\u0131 bilmiyordu. Herkes kendi imk\u00e2nlar\u0131yla bir \u015feyler yapmaya \u00e7al\u0131\u015f\u0131yordu. \u0130nsanlar\u0131n en b\u00fcy\u00fck sorunu bar\u0131nma ve beslenmeydi. Antakya\u2019da art\u00e7\u0131lar halen devam ediyor insanlar korku ile panik i\u00e7erisinde ve Hatay art\u0131k hayalet bir \u015fehre d\u00f6n\u00fc\u015ft\u00fc, insanlar ba\u015fka illere gitti. Elektrik ve su halen yok. Ya\u015fan\u0131lan s\u0131k\u0131nt\u0131lar kelimelerle anlat\u0131lamaz. As\u0131l bundan sonra zorluklar hissedilecek. Ne yapaca\u011f\u0131m\u0131z\u0131 bilmiyoruz. Depremin 3. g\u00fcn\u00fcnde Dersim\u2019e geldik ama burada her \u015fey bizim i\u00e7in ge\u00e7ici. Bize evini a\u00e7an ekme\u011fini b\u00f6l\u00fc\u015fen duyarl\u0131 halk\u0131m\u0131z var onlara te\u015fekk\u00fcr ederiz. Hatay\u2019\u0131n durumunu g\u00f6r\u00fcnce gelecek i\u00e7in bir plan yapam\u0131yoruz\u201d dedi.<\/p>\n<p><strong>P\u0130RHA\/DERS\u0130M<\/strong><\/p>\n<div id=\"gallery-1\" class=\"gallery galleryid-363002 gallery-columns-1 gallery-size-thumbnail\"><\/div>\n","protected":false},"excerpt":{"rendered":"<p>Deprem sonras\u0131 Hatay\u2019dan Dersim\u2019e g\u00f6\u00e7 etmek zorunda kalan Tuncay Y\u0131ld\u0131z, \u201cAntakya\u2019da art\u00e7\u0131lar halen devam ediyor, insanlar korku ve panik i\u00e7erisinde. Ya\u015fan\u0131lan s\u0131k\u0131nt\u0131lar kelimelerle anlat\u0131lamaz. As\u0131l bundan sonra zorluklar hissedilecek. Ne yapaca\u011f\u0131m\u0131z\u0131 bilmiyoruz\u201d dedi. Mara\u015f Pazarc\u0131k ve Elbistan merkezli depremlerin ard\u0131ndan onbinlerce yurtta\u015f ya\u015fam\u0131n\u0131 yitirirken, y\u00fcz binlercesi de evsiz kald\u0131. Deprem sonras\u0131nda b\u00fcy\u00fck y\u0131k\u0131m\u0131n ya\u015fand\u0131\u011f\u0131 Hatay\u2019da halen bar\u0131nma sorunu \u00e7\u00f6z\u00fclm\u00fc\u015f de\u011fil. \u0130nsanlar bar\u0131nma sorunu \u00e7\u00f6z\u00fclemedi\u011fi i\u00e7in farkl\u0131 illere g\u00f6\u00e7 etmek zorunda kal\u0131yor. Depremin 3. g\u00fcn\u00fc Hatay\u2019dan Dersim\u2019e gelen\u00a0Tuncay Y\u0131ld\u0131z, ya\u015fad\u0131klar\u0131n\u0131\u00a0P\u0130RHA\u2019ya\u00a0anlatt\u0131. \u201c\u0130NSANLARIN EN B\u00dcY\u00dcK SORUNU BARINMA VE BESLENMEYD\u0130\u201d Ya\u015fanan depremin b\u00fcy\u00fck bir felaket oldu\u011funu belirten\u00a0Tuncay Y\u0131ld\u0131z, \u201cHatay\u2019\u0131n bir\u00e7ok yerinde b\u00fcy\u00fck y\u0131k\u0131mlara tan\u0131k olduk. Depremden sonra insanlar\u0131n y\u00fcz\u00fcnde panik ve \u00e7aresizlik vard\u0131. \u0130nsanlar sabaha kadar a\u00e7\u0131k alanlarda kald\u0131lar \u0131s\u0131nma sorunlar\u0131n\u0131 da ate\u015f yakarak \u00e7\u00f6zd\u00fcler. Kimse ne yapaca\u011f\u0131n\u0131 bilmiyordu. Herkes kendi imk\u00e2nlar\u0131yla bir \u015feyler yapmaya \u00e7al\u0131\u015f\u0131yordu. \u0130nsanlar\u0131n en b\u00fcy\u00fck sorunu bar\u0131nma ve beslenmeydi. Antakya\u2019da art\u00e7\u0131lar halen devam ediyor insanlar korku ile panik i\u00e7erisinde ve Hatay art\u0131k hayalet bir \u015fehre d\u00f6n\u00fc\u015ft\u00fc, insanlar ba\u015fka illere gitti. Elektrik ve su halen yok. Ya\u015fan\u0131lan s\u0131k\u0131nt\u0131lar kelimelerle anlat\u0131lamaz. As\u0131l bundan sonra zorluklar hissedilecek. Ne yapaca\u011f\u0131m\u0131z\u0131 bilmiyoruz. Depremin 3. g\u00fcn\u00fcnde Dersim\u2019e geldik ama burada her \u015fey bizim i\u00e7in ge\u00e7ici. Bize evini a\u00e7an ekme\u011fini b\u00f6l\u00fc\u015fen duyarl\u0131 halk\u0131m\u0131z var onlara te\u015fekk\u00fcr ederiz. Hatay\u2019\u0131n durumunu g\u00f6r\u00fcnce gelecek i\u00e7in bir plan yapam\u0131yoruz\u201d dedi. P\u0130RHA\/DERS\u0130M<\/p>\n","protected":false},"author":2,"featured_media":826,"comment_status":"open","ping_status":"open","sticky":false,"template":"","format":"standard","meta":{"_joinchat":[],"footnotes":""},"categories":[7],"tags":[],"class_list":["post-825","post","type-post","status-publish","format-standard","has-post-thumbnail","hentry","category-dil"],"acf":[],"_links":{"self":[{"href":"https:\/\/radyomunzur.com\/index.php?rest_route=\/wp\/v2\/posts\/825","targetHints":{"allow":["GET"]}}],"collection":[{"href":"https:\/\/radyomunzur.com\/index.php?rest_route=\/wp\/v2\/posts"}],"about":[{"href":"https:\/\/radyomunzur.com\/index.php?rest_route=\/wp\/v2\/types\/post"}],"author":[{"embeddable":true,"href":"https:\/\/radyomunzur.com\/index.php?rest_route=\/wp\/v2\/users\/2"}],"replies":[{"embeddable":true,"href":"https:\/\/radyomunzur.com\/index.php?rest_route=%2Fwp%2Fv2%2Fcomments&post=825"}],"version-history":[{"count":1,"href":"https:\/\/radyomunzur.com\/index.php?rest_route=\/wp\/v2\/posts\/825\/revisions"}],"predecessor-version":[{"id":827,"href":"https:\/\/radyomunzur.com\/index.php?rest_route=\/wp\/v2\/posts\/825\/revisions\/827"}],"wp:featuredmedia":[{"embeddable":true,"href":"https:\/\/radyomunzur.com\/index.php?rest_route=\/wp\/v2\/media\/826"}],"wp:attachment":[{"href":"https:\/\/radyomunzur.com\/index.php?rest_route=%2Fwp%2Fv2%2Fmedia&parent=825"}],"wp:term":[{"taxonomy":"category","embeddable":true,"href":"https:\/\/radyomunzur.com\/index.php?rest_route=%2Fwp%2Fv2%2Fcategories&post=825"},{"taxonomy":"post_tag","embeddable":true,"href":"https:\/\/radyomunzur.com\/index.php?rest_route=%2Fwp%2Fv2%2Ftags&post=825"}],"curies":[{"name":"wp","href":"https:\/\/api.w.org\/{rel}","templated":true}]}}