{"id":818,"date":"2023-02-20T05:47:07","date_gmt":"2023-02-20T10:47:07","guid":{"rendered":"https:\/\/radyomunzur.com\/?p=818"},"modified":"2023-02-20T05:47:07","modified_gmt":"2023-02-20T10:47:07","slug":"bafta-2023-odulleri-torende-mavi-kurdele-takan-sanatcilar-kahramanmaras-depreminde-hayatini-kaybedenleri-andi","status":"publish","type":"post","link":"https:\/\/radyomunzur.com\/?p=818","title":{"rendered":"BAFTA 2023 \u00d6d\u00fclleri: T\u00f6rende mavi kurdele takan sanat\u00e7\u0131lar Kahramanmara\u015f depreminde hayat\u0131n\u0131 kaybedenleri and\u0131"},"content":{"rendered":"<p><strong>\u0130ngiliz Film ve Televizyon Sanatlar\u0131 Akademisi (BAFTA) \u00d6d\u00fclleri bu y\u0131lki sahiplerini bulurken, \u00f6d\u00fcl t\u00f6reninde T\u00fcrkiye\u2019de ya\u015fanan depremde hayat\u0131n\u0131 kaybedenler an\u0131ld\u0131.<\/strong><\/p>\n<p>En \u0130yi \u00c7\u0131k\u0131\u015f (\u0130ngiliz yazar, y\u00f6netmen ve yap\u0131mc\u0131) dal\u0131nda \u00f6d\u00fcle lay\u0131k g\u00f6r\u00fclen Aftersun (G\u00fcne\u015f Sonras\u0131) filminin senaristi ve y\u00f6netmeni\u00a0<strong>Charlotte Wells<\/strong>, \u00f6d\u00fcl konu\u015fmas\u0131nda filmde yer alan T\u00fcrk ekibe \u00f6zel bir te\u015fekk\u00fcrde bulundu.<\/p>\n<p>6 \u015eubat\u2019ta merkez\u00fcss\u00fc Kahramanmara\u015f\u2019ta ya\u015fanan depremleri hat\u0131rlatan Wells, \u201c<em>Filmde \u00e7al\u0131\u015fan T\u00fcrk ekibe de \u00f6zel bir te\u015fekk\u00fcr etmem gerekiyor. Ekibimizin \u00e7o\u011fu T\u00fcrkt\u00fc. O \u00fclkede, T\u00fcrkiye ve Suriye&#8217;ye etki eden depremden etkilenmeyen herhangi biri oldu\u011funu d\u00fc\u015f\u00fcnm\u00fcyorum<\/em>\u201d dedi. Film, bir k\u0131z \u00e7ocu\u011funun babas\u0131yla birlikte T\u00fcrkiye\u2019de yapt\u0131\u011f\u0131 tatili konu ediniyor.<\/p>\n<p>Wells, di\u011fer pek \u00e7ok sanat\u00e7\u0131 gibi, depremzedelere ve depremden dolay\u0131 yerlerinden olan insanlara dayan\u0131\u015fma mesaj\u0131 g\u00f6ndermek i\u00e7in k\u0131yafetine mavi kurdele takarak kat\u0131ld\u0131.<\/p>\n<figure><img fetchpriority=\"high\" decoding=\"async\" src=\"https:\/\/ichef.bbci.co.uk\/news\/raw\/cpsprodpb\/e1c5\/live\/a3e30440-b0d5-11ed-89f4-f3657d2bfa3b.png\" alt=\"Charlotte Wells\" width=\"976\" height=\"549\" \/><\/figure>\n<p>Mavi kurdele takan isimlerden birisi de Aftersun filminin ba\u015frol oyuncusu\u00a0<strong>Paul Mescal<\/strong>\u2019di.<\/p>\n<p>K\u0131rm\u0131z\u0131 hal\u0131da AP&#8217;nin sorular\u0131n\u0131 yan\u0131tlayan oyuncu, neden mavi kurdele takt\u0131klar\u0131na ili\u015fkin soruyu, \u201c<em>Ya\u015fanan felakete bir \u015fekilde vurgu yapmak ger\u00e7ekten \u00f6nemliydi<\/em>\u201d diyerek yan\u0131tlad\u0131.<\/p>\n<p>Mescal, \u201c<em>\u00d6l\u00fc say\u0131lar\u0131 her ge\u00e7en g\u00fcn art\u0131yor. Ne denebilir ki, ger\u00e7ekten \u00e7ok \u00fcz\u00fcc\u00fc<\/em>\u201d dedi.<\/p>\n<p>En \u0130yi Kad\u0131n Oyuncu \u00d6d\u00fcl\u00fc\u2019n\u00fc alan Tar filminin ba\u015frol oyuncusu\u00a0<strong>Cate Blanchett<\/strong>\u00a0de mavi kurdele takan isimler aras\u0131ndayd\u0131. Verdi\u011fi r\u00f6portaj s\u0131ras\u0131nda Mescal\u2019in yan\u0131na gelen Blanchett, arkada\u015f\u0131n\u0131n kurdelesine dokunarak te\u015fekk\u00fcr etti.<\/p>\n<figure><img decoding=\"async\" src=\"https:\/\/ichef.bbci.co.uk\/news\/raw\/cpsprodpb\/a611\/live\/34552a80-b0d6-11ed-89f4-f3657d2bfa3b.jpg\" alt=\"Paul Mescal\" width=\"1024\" height=\"683\" \/><\/p>\n<footer>Getty Images<\/footer><figcaption>Paul Mescal<\/figcaption><\/figure>\n<p>\u201cAll Quiet On The Western Front\u201d (Bat\u0131 Cephesinde Yeni Bir \u015eey Yok) filminin y\u00f6netmeni<strong>\u00a0Edward Berger<\/strong>, \u201cThe Banshees of Inisherin\u201d filminin ba\u015frol oyuncusu Colin Farrell, \u201cEverything Everywhere All at Once\u201d (Her \u015eey Her Yerde Ayn\u0131 Anda) filminin oyuncular\u0131ndan\u00a0<strong>Jamie Lee Curtis\u00a0<\/strong>ile<strong>\u00a0Sophie Turner\u00a0<\/strong>ve<strong>\u00a0Angela Bassett<\/strong>\u00a0gibi isimler de mavi kurdele takarak depremde hayat\u0131n\u0131 kaybeden insanlar\u0131 and\u0131.<\/p>\n<p>PA Haber Ajans\u0131\u2019na konu\u015fan Curtis, mavi kurdeleleri Birle\u015fmi\u015f Milletler M\u00fclteciler Y\u00fcksek Komiserli\u011fi\u2019nin (UNHCR) iyi niyet el\u00e7ilerinden birisi olan Blanchett\u2019in ricas\u0131yla takt\u0131klar\u0131n\u0131 s\u00f6yledi.<\/p>\n<p>UNHCR, ge\u00e7en y\u0131l 20 Haziran D\u00fcnya M\u00fclteci G\u00fcn\u00fc\u2019nde \u00fcnl\u00fc isimlerden, yerlerinden edilmi\u015f insanlarla dayan\u0131\u015fma ve m\u00fclteci konusunda fark\u0131ndal\u0131k yaratmak i\u00e7in mavi kurdele takmalar\u0131n\u0131 istemi\u015fti. Bu, \u201c#withrefugees\u201d (\u201c#M\u00fcltecilerleBirlikte\u201d) etiketiyle bir sosyal medya kampanyas\u0131na da d\u00f6n\u00fc\u015fm\u00fc\u015ft\u00fc.<\/p>\n<p>Bu y\u0131l BAFTA\u2019ya All Quiet On The Western Front filmi damga vurdu.<\/p>\n<p>\u00d6d\u00fcller \u00f6ncesinde 14 dalda aday g\u00f6sterilen film, En \u0130yi Film, En \u0130yi Y\u00f6netmen, Sinematografi de dahil olmak \u00fczere toplam yedi dalda \u00f6d\u00fcllere lay\u0131k g\u00f6r\u00fcld\u00fc. Almanca film, BAFTA\u2019da \u0130ngilizce olmayan bir filmin ald\u0131\u011f\u0131 en \u00e7ok \u00f6d\u00fcl\u00fc de toplayarak rekor k\u0131rd\u0131.<\/p>\n<p>The Banshees of Inisherin ve Elvis filmleri de d\u00f6rder dalda \u00f6d\u00fcl ald\u0131.<\/p>\n<p>T\u00e1r filmdeki rol\u00fcyle Cate Blanchett, En \u0130yi Kad\u0131n Oyuncu \u00f6d\u00fcl\u00fcn\u00fc; Elvis\u2019teki rol\u00fcyle de Austin Butler En \u0130yi Erkek Oyuncu \u00d6d\u00fcl\u00fcn\u00fc ald\u0131.<\/p>\n<p>Cumhuriyet\/Sanat<\/p>\n<figure><img decoding=\"async\" src=\"https:\/\/ichef.bbci.co.uk\/news\/raw\/cpsprodpb\/ba14\/live\/c00921e0-b0d5-11ed-89f4-f3657d2bfa3b.jpg\" alt=\"Berger\" width=\"1024\" height=\"683\" \/><\/figure>\n","protected":false},"excerpt":{"rendered":"<p>\u0130ngiliz Film ve Televizyon Sanatlar\u0131 Akademisi (BAFTA) \u00d6d\u00fclleri bu y\u0131lki sahiplerini bulurken, \u00f6d\u00fcl t\u00f6reninde T\u00fcrkiye\u2019de ya\u015fanan depremde hayat\u0131n\u0131 kaybedenler an\u0131ld\u0131. En \u0130yi \u00c7\u0131k\u0131\u015f (\u0130ngiliz yazar, y\u00f6netmen ve yap\u0131mc\u0131) dal\u0131nda \u00f6d\u00fcle lay\u0131k g\u00f6r\u00fclen Aftersun (G\u00fcne\u015f Sonras\u0131) filminin senaristi ve y\u00f6netmeni\u00a0Charlotte Wells, \u00f6d\u00fcl konu\u015fmas\u0131nda filmde yer alan T\u00fcrk ekibe \u00f6zel bir te\u015fekk\u00fcrde bulundu. 6 \u015eubat\u2019ta merkez\u00fcss\u00fc Kahramanmara\u015f\u2019ta ya\u015fanan depremleri hat\u0131rlatan Wells, \u201cFilmde \u00e7al\u0131\u015fan T\u00fcrk ekibe de \u00f6zel bir te\u015fekk\u00fcr etmem gerekiyor. Ekibimizin \u00e7o\u011fu T\u00fcrkt\u00fc. O \u00fclkede, T\u00fcrkiye ve Suriye&#8217;ye etki eden depremden etkilenmeyen herhangi biri oldu\u011funu d\u00fc\u015f\u00fcnm\u00fcyorum\u201d dedi. Film, bir k\u0131z \u00e7ocu\u011funun babas\u0131yla birlikte T\u00fcrkiye\u2019de yapt\u0131\u011f\u0131 tatili konu ediniyor. Wells, di\u011fer pek \u00e7ok sanat\u00e7\u0131 gibi, depremzedelere ve depremden dolay\u0131 yerlerinden olan insanlara dayan\u0131\u015fma mesaj\u0131 g\u00f6ndermek i\u00e7in k\u0131yafetine mavi kurdele takarak kat\u0131ld\u0131. Mavi kurdele takan isimlerden birisi de Aftersun filminin ba\u015frol oyuncusu\u00a0Paul Mescal\u2019di. K\u0131rm\u0131z\u0131 hal\u0131da AP&#8217;nin sorular\u0131n\u0131 yan\u0131tlayan oyuncu, neden mavi kurdele takt\u0131klar\u0131na ili\u015fkin soruyu, \u201cYa\u015fanan felakete bir \u015fekilde vurgu yapmak ger\u00e7ekten \u00f6nemliydi\u201d diyerek yan\u0131tlad\u0131. Mescal, \u201c\u00d6l\u00fc say\u0131lar\u0131 her ge\u00e7en g\u00fcn art\u0131yor. Ne denebilir ki, ger\u00e7ekten \u00e7ok \u00fcz\u00fcc\u00fc\u201d dedi. En \u0130yi Kad\u0131n Oyuncu \u00d6d\u00fcl\u00fc\u2019n\u00fc alan Tar filminin ba\u015frol oyuncusu\u00a0Cate Blanchett\u00a0de mavi kurdele takan isimler aras\u0131ndayd\u0131. Verdi\u011fi r\u00f6portaj s\u0131ras\u0131nda Mescal\u2019in yan\u0131na gelen Blanchett, arkada\u015f\u0131n\u0131n kurdelesine dokunarak te\u015fekk\u00fcr etti. Getty ImagesPaul Mescal \u201cAll Quiet On The Western Front\u201d (Bat\u0131 Cephesinde Yeni Bir \u015eey Yok) filminin y\u00f6netmeni\u00a0Edward Berger, \u201cThe Banshees of Inisherin\u201d filminin ba\u015frol oyuncusu Colin Farrell, \u201cEverything Everywhere All at Once\u201d (Her \u015eey Her Yerde Ayn\u0131 Anda) filminin oyuncular\u0131ndan\u00a0Jamie Lee Curtis\u00a0ile\u00a0Sophie Turner\u00a0ve\u00a0Angela Bassett\u00a0gibi isimler de mavi kurdele takarak depremde hayat\u0131n\u0131 kaybeden insanlar\u0131 and\u0131. PA Haber Ajans\u0131\u2019na konu\u015fan Curtis, mavi kurdeleleri Birle\u015fmi\u015f Milletler M\u00fclteciler Y\u00fcksek Komiserli\u011fi\u2019nin (UNHCR) iyi niyet el\u00e7ilerinden birisi olan Blanchett\u2019in ricas\u0131yla takt\u0131klar\u0131n\u0131 s\u00f6yledi. UNHCR, ge\u00e7en y\u0131l 20 Haziran D\u00fcnya M\u00fclteci G\u00fcn\u00fc\u2019nde \u00fcnl\u00fc isimlerden, yerlerinden edilmi\u015f insanlarla dayan\u0131\u015fma ve m\u00fclteci konusunda fark\u0131ndal\u0131k yaratmak i\u00e7in mavi kurdele takmalar\u0131n\u0131 istemi\u015fti. Bu, \u201c#withrefugees\u201d (\u201c#M\u00fcltecilerleBirlikte\u201d) etiketiyle bir sosyal medya kampanyas\u0131na da d\u00f6n\u00fc\u015fm\u00fc\u015ft\u00fc. Bu y\u0131l BAFTA\u2019ya All Quiet On The Western Front filmi damga vurdu. \u00d6d\u00fcller \u00f6ncesinde 14 dalda aday g\u00f6sterilen film, En \u0130yi Film, En \u0130yi Y\u00f6netmen, Sinematografi de dahil olmak \u00fczere toplam yedi dalda \u00f6d\u00fcllere lay\u0131k g\u00f6r\u00fcld\u00fc. Almanca film, BAFTA\u2019da \u0130ngilizce olmayan bir filmin ald\u0131\u011f\u0131 en \u00e7ok \u00f6d\u00fcl\u00fc de toplayarak rekor k\u0131rd\u0131. The Banshees of Inisherin ve Elvis filmleri de d\u00f6rder dalda \u00f6d\u00fcl ald\u0131. T\u00e1r filmdeki rol\u00fcyle Cate Blanchett, En \u0130yi Kad\u0131n Oyuncu \u00f6d\u00fcl\u00fcn\u00fc; Elvis\u2019teki rol\u00fcyle de Austin Butler En \u0130yi Erkek Oyuncu \u00d6d\u00fcl\u00fcn\u00fc ald\u0131. Cumhuriyet\/Sanat<\/p>\n","protected":false},"author":2,"featured_media":819,"comment_status":"open","ping_status":"open","sticky":false,"template":"","format":"standard","meta":{"_joinchat":[],"footnotes":""},"categories":[3],"tags":[],"class_list":["post-818","post","type-post","status-publish","format-standard","has-post-thumbnail","hentry","category-sanat"],"acf":[],"_links":{"self":[{"href":"https:\/\/radyomunzur.com\/index.php?rest_route=\/wp\/v2\/posts\/818","targetHints":{"allow":["GET"]}}],"collection":[{"href":"https:\/\/radyomunzur.com\/index.php?rest_route=\/wp\/v2\/posts"}],"about":[{"href":"https:\/\/radyomunzur.com\/index.php?rest_route=\/wp\/v2\/types\/post"}],"author":[{"embeddable":true,"href":"https:\/\/radyomunzur.com\/index.php?rest_route=\/wp\/v2\/users\/2"}],"replies":[{"embeddable":true,"href":"https:\/\/radyomunzur.com\/index.php?rest_route=%2Fwp%2Fv2%2Fcomments&post=818"}],"version-history":[{"count":2,"href":"https:\/\/radyomunzur.com\/index.php?rest_route=\/wp\/v2\/posts\/818\/revisions"}],"predecessor-version":[{"id":821,"href":"https:\/\/radyomunzur.com\/index.php?rest_route=\/wp\/v2\/posts\/818\/revisions\/821"}],"wp:featuredmedia":[{"embeddable":true,"href":"https:\/\/radyomunzur.com\/index.php?rest_route=\/wp\/v2\/media\/819"}],"wp:attachment":[{"href":"https:\/\/radyomunzur.com\/index.php?rest_route=%2Fwp%2Fv2%2Fmedia&parent=818"}],"wp:term":[{"taxonomy":"category","embeddable":true,"href":"https:\/\/radyomunzur.com\/index.php?rest_route=%2Fwp%2Fv2%2Fcategories&post=818"},{"taxonomy":"post_tag","embeddable":true,"href":"https:\/\/radyomunzur.com\/index.php?rest_route=%2Fwp%2Fv2%2Ftags&post=818"}],"curies":[{"name":"wp","href":"https:\/\/api.w.org\/{rel}","templated":true}]}}