{"id":800,"date":"2023-02-19T06:29:53","date_gmt":"2023-02-19T11:29:53","guid":{"rendered":"https:\/\/radyomunzur.com\/?p=800"},"modified":"2023-05-10T16:49:33","modified_gmt":"2023-05-10T20:49:33","slug":"yokten-universitelerin-bahar-yariyilina-iliskin-16-soruya-cevap","status":"publish","type":"post","link":"https:\/\/radyomunzur.com\/?p=800","title":{"rendered":"Y\u00d6K\u2019ten \u00fcniversitelerin bahar yar\u0131y\u0131l\u0131na ili\u015fkin 16 soruya cevap"},"content":{"rendered":"<p>Y\u00fcksek\u00f6\u011fretim Kurulu (Y\u00d6K), \u00fcniversitelerde 2022-2023 bahar yar\u0131y\u0131l\u0131 e\u011fitim ve \u00f6\u011fretimine ili\u015fkin s\u0131k\u00e7a sorulan 16 soruyu yan\u0131tlad\u0131.<\/p>\n<p>Kahramanmara\u015f merkezli depremlerin ard\u0131ndan, 2022-2023 bahar d\u00f6neminde, y\u00fcksek\u00f6\u011fretim kurumlar\u0131nda 20 \u015eubat&#8217;tan itibaren uzaktan e\u011fitime ba\u015flanabilece\u011fi, \u015fartlar\u0131n elveri\u015fli hale gelmesi durumunda nisan ay\u0131 ba\u015f\u0131 itibar\u0131yla hibrit \u00f6\u011fretim se\u00e7ene\u011finin de de\u011ferlendirilebilece\u011fine karar verilmi\u015fti.<\/p>\n<p>Bu kararlar sonras\u0131nda Y\u00d6K, \u00f6\u011frenciler taraf\u0131ndan s\u0131k\u00e7a sorular\u0131n 16 soruyu yan\u0131tlad\u0131.<\/p>\n<p>Y\u00d6K&#8217;\u00fcn internet sitesinde yer alan bahar yar\u0131y\u0131l\u0131 e\u011fitim ve \u00f6\u011fretimine ili\u015fkin sorular ve cevaplar\u0131 \u015f\u00f6yle:<\/p>\n<p><strong>1- Bahar yar\u0131y\u0131l\u0131 ne zaman ba\u015flayacak?<\/strong><\/p>\n<p>2022-2023 bahar yar\u0131y\u0131l\u0131n\u0131n, 20 \u015eubat 2023 tarihinden itibaren ne zaman ba\u015flayaca\u011f\u0131na y\u00fcksek\u00f6\u011fretim kurumlar\u0131n\u0131n yetkili kurullar\u0131 karar verecek. \u00d6\u011frencilerin, kay\u0131tl\u0131 olduklar\u0131 y\u00fcksek\u00f6\u011fretim kurumlar\u0131n\u0131n duyurular\u0131n\u0131 takip etmesi gerekiyor.<\/p>\n<p><strong>2- 2022-2023 bahar yar\u0131y\u0131l\u0131nda e\u011fitim ve \u00f6\u011fretim nas\u0131l y\u00fcr\u00fct\u00fclecektir?<\/strong><\/p>\n<p>E\u011fitim ve \u00f6\u011fretim uzaktan \u00f6\u011fretim (online) y\u00f6ntemi ile y\u00fcr\u00fct\u00fclecek.<\/p>\n<p><strong>3- Uzaktan \u00f6\u011fretim t\u00fcm bahar yar\u0131y\u0131l\u0131nda m\u0131 uygulanacak?<\/strong><\/p>\n<p>Uzaktan \u00f6\u011fretim karar\u0131, 2023 y\u0131l\u0131 nisan ay\u0131 ba\u015f\u0131nda yeniden g\u00f6zden ge\u00e7irilecek. \u015eartlar elveri\u015fli hale gelirse Y\u00fcksek\u00f6\u011fretim Kurulu kararlar\u0131yla harmanlanm\u0131\u015f (hibrit) \u00f6\u011fretim usulleri de de\u011ferlendirmeye al\u0131nabilecek.<\/p>\n<p><strong>4- Derslerin teorik ve uygulamal\u0131 k\u0131s\u0131mlar\u0131 y\u00fcz y\u00fcze yap\u0131labilir mi?<\/strong><\/p>\n<p>Y\u00fcksek\u00f6\u011fretim sisteminde, laboratuvar, at\u00f6lye, saha ve benzeri baz\u0131 dersler teori ve uygulama diye kendi i\u00e7inde iki k\u0131s\u0131mdan olu\u015fuyor. Teori ve uygulaman\u0131n toplam\u0131 dersin toplam kredisini olu\u015fturuyor. Bu \u015fekildeki derslerin teorik k\u0131sm\u0131 uzaktan \u00f6\u011fretim y\u00f6ntemi ile yap\u0131lacak. Derslere ait uygulama k\u0131sm\u0131 ise bu y\u0131l\u0131n nisan ay\u0131ndan sonraya b\u0131rak\u0131lacak. Uzaktan \u00f6\u011fretimin nisan ay\u0131ndan sonra da devam etmesi halinde bu \u015fekildeki uygulamalar, y\u00fcksek\u00f6\u011fretim kurumunun yetkili kurullar\u0131n\u0131n alaca\u011f\u0131 karar ile yaz d\u00f6neminde yap\u0131labilece\u011fi gibi bir sonraki e\u011fitim ve \u00f6\u011fretim d\u00f6nemine de ertelenebilecek veya uygulamal\u0131 proje \u00e7al\u0131\u015fmalar\u0131yla tamamlanabilecek.<\/p>\n<p><strong>5- Uygulamal\u0131 e\u011fitimler hangi programlar\u0131 kapsamaktad\u0131r ve bunlar nas\u0131l verilecektir?<\/strong><\/p>\n<p>Uygulamal\u0131 e\u011fitimler, t\u0131p fak\u00fcltesinin 4, 5 ve 6. s\u0131n\u0131f \u00f6\u011frencilerini, di\u015f hekimli\u011fi fak\u00fcltesinin 4 ve 5. s\u0131n\u0131f \u00f6\u011frencilerini, veterinerlik fak\u00fcltesinin 5. s\u0131n\u0131f \u00f6\u011frencilerini, (7+1) program\u0131 uygulayan teknoloji ve m\u00fchendislik fak\u00fcltelerinin (+1) d\u00f6nemdeki \u00f6\u011frencileri, hem\u015firelik, ebelik, denizcilik ve di\u011fer t\u00fcm y\u00fcksek\u00f6\u011fretim programlar\u0131nda \u0130\u015fletmede Mesleki E\u011fitim Uygulamas\u0131 yapan \u00f6\u011frencileri, (6+2) veya (7+1) program\u0131 uygulayan spor bilimlerinin (+1) veya (+2) d\u00f6nemdeki \u00f6\u011frencileri, (3+1) veya (2+1) program\u0131 uygulayan meslek y\u00fcksekokullar\u0131n\u0131n (+1) d\u00f6nemdeki \u00f6\u011frencileri, meslek y\u00fcksekokullar\u0131n\u0131n \u0130\u015fletmede Mesleki E\u011fitim Uygulamas\u0131 yapan \u00f6\u011frencileri ve \u00f6\u011fretmenlik uygulamas\u0131 dersinin \u00f6\u011frencilerini kapsayacak. Bu \u00f6\u011frenciler uygulamal\u0131 e\u011fitimlerini y\u00fcz y\u00fcze mahallinde yapabilecek. \u00d6\u011frenciler bu konuda ayr\u0131nt\u0131l\u0131 bilgiyi kay\u0131tl\u0131 olduklar\u0131 \u00fcniversiteden edinebilecek.<\/p>\n<p><strong>6- Mezun durumuna gelmi\u015f ve staj\u0131 eksik kalm\u0131\u015f \u00f6\u011frenciler stajlar\u0131n\u0131 nas\u0131l tamamlayacak?<\/strong><\/p>\n<p>Mezun duruma gelmi\u015f ve staj\u0131 eksik kalm\u0131\u015f \u00f6n lisans ve lisans program\u0131 \u00f6\u011frencileri, kay\u0131tl\u0131 olduklar\u0131 program\u0131n m\u00fcfredat\u0131nda yer alan zorunlu stajlar\u0131n\u0131 ilgili i\u015f yerlerinde y\u00fcz y\u00fcze yerine getirecek.<\/p>\n<p><strong>7- Deprem b\u00f6lgesindeki bir k\u0131s\u0131m \u00fcniversiteler neden di\u011fer \u00fcniversiteler ile e\u015fle\u015ftirildi?<\/strong><\/p>\n<p>Depremden etkilenen illerdeki baz\u0131 \u00fcniversiteler, di\u011fer illerdeki \u00fcniversitelerle e\u015fle\u015ftirildi. \u0130lgili \u00fcniversitelerin rekt\u00f6rleri ile de g\u00f6r\u00fc\u015f\u00fclerek yap\u0131lan bu e\u015fle\u015ftirme, s\u00f6z konusu \u00fcniversitelerin kendi aralar\u0131nda akademik ve idari g\u00f6revlendirme ile bili\u015fim alan\u0131nda i\u015fbirli\u011fi yapabilmeleri i\u00e7in ger\u00e7ekle\u015ftirildi.<\/p>\n<p><strong>8- Deprem b\u00f6lgesindeki baz\u0131 \u00fcniversiteler neden e\u015fle\u015ftirilmedi?<\/strong><\/p>\n<p>Deprem b\u00f6lgesindeki \u00fcniversitelerin mevcut durumu yerinde de\u011ferlendirilerek ve \u00fcniversitelerin rekt\u00f6rleri ile de g\u00f6r\u00fc\u015f\u00fclmek suretiyle \u00f6\u011frencilerin e\u011fitim ve \u00f6\u011fretim imkanlar\u0131n\u0131 g\u00fc\u00e7lendirmek amac\u0131yla e\u015fle\u015ftirme yap\u0131ld\u0131. E\u011fitim ve \u00f6\u011fretim hizmetini y\u00fcr\u00fctmesine engel bir durumu olmayan \u00fcniversitelerle ilgili herhangi bir e\u015fle\u015ftirme yap\u0131lmad\u0131.<\/p>\n<p><strong>9- \u00d6zel \u00f6\u011frencilik ne fayda sa\u011flar?<\/strong><\/p>\n<p>\u00d6zel \u00f6\u011frencilik stat\u00fcs\u00fc bir \u00f6\u011frencinin kay\u0131tl\u0131 oldu\u011fu \u00fcniversiteden farkl\u0131 bir \u00fcniversitedeki e\u015f de\u011fer diploma program\u0131ndan ders alabilmesine ve ba\u015far\u0131l\u0131 oldu\u011fu derslerin kredisini sayd\u0131rabilmesine imkan veriyor.<\/p>\n<p><strong>10- Y\u00fcksek\u00f6\u011fretim Kurulunun 17 \u015eubat 2023 tarihli kararlar\u0131na g\u00f6re hangi \u00f6\u011frenciler \u00f6zel \u00f6\u011frencilik stat\u00fcs\u00fcnden faydalanabilir?<\/strong><\/p>\n<p>&#8220;Depremden etkilenen illerdeki \u00fcniversitelerde kay\u0131tl\u0131 \u00f6\u011frenci olmak veya birinci derece yak\u0131nlar\u0131 deprem b\u00f6lgesindeki illerde ikamet edip deprem b\u00f6lgesi d\u0131\u015f\u0131ndaki illerde bulunan \u00fcniversitelerde kay\u0131tl\u0131 olmak&#8221; ve &#8220;Y\u00fcksek\u00f6\u011fretimde Uygulamal\u0131 E\u011fitimler \u00c7er\u00e7eve Y\u00f6netmeli\u011fi kapsam\u0131ndaki programlarda kay\u0131tl\u0131 \u00f6\u011frenci olmak&#8221; iki \u015fart\u0131n\u0131 birlikte sa\u011flayan \u00f6\u011frenciler \u00f6zel \u00f6\u011frencilik stat\u00fcs\u00fcnden yararlanabilecek.<\/p>\n<p><strong>11- \u00d6zel \u00f6\u011frencilik stat\u00fcs\u00fc i\u00e7in nereye ve ne zaman ba\u015fvuruda bulunulmal\u0131d\u0131r?<\/strong><\/p>\n<p>\u00d6zel \u00f6\u011frencilik stat\u00fcs\u00fcnden faydalanmak isteyen \u00f6\u011frenciler, \u00f6zel \u00f6\u011frencisi olmak istedikleri \u00fcniversiteye ba\u015fvuracak. \u00d6zel \u00f6\u011frencilik ba\u015fvurusunun, ba\u015fvuruda bulunulacak \u00fcniversitenin bahar yar\u0131y\u0131l\u0131 e\u011fitim ve \u00f6\u011fretime ba\u015flama tarihinden itibaren 3 hafta i\u00e7inde yap\u0131lmas\u0131 gerekecek. Bu nedenle \u00f6zel \u00f6\u011frenci stat\u00fcs\u00fcne ba\u015fvuracak \u00f6\u011frencilerin, ilgili \u00fcniversitenin bahar yar\u0131y\u0131l\u0131 a\u00e7\u0131l\u0131\u015f tarihini yak\u0131ndan takip etmeleri \u00f6nem ta\u015f\u0131yor.<\/p>\n<p><strong>12- \u00d6zel \u00f6\u011frencilik stat\u00fcs\u00fc i\u00e7in nas\u0131l ba\u015fvuru yap\u0131l\u0131r?<\/strong><\/p>\n<p>\u00d6zel \u00f6\u011frencilik stat\u00fcs\u00fcnden faydalanmak isteyen \u00f6\u011frenci haz\u0131rlayaca\u011f\u0131 ba\u015fvuru dilek\u00e7esi ile \u00f6zel \u00f6\u011frenci olmak istedi\u011fi \u00fcniversitenin \u00f6\u011frenci i\u015fleri daire ba\u015fkanl\u0131\u011f\u0131na ba\u015fvuracak. Dilek\u00e7esine Y\u00d6K e-transkript \u00fczerinden ald\u0131\u011f\u0131 \u00f6\u011frencilik belgesini de ekleyecek. Ba\u015fvuru yap\u0131lan \u00fcniversite 10. soruda a\u00e7\u0131klanan \u015fartlar\u0131 sa\u011flayan \u00f6\u011frenciyi ilgili programa ve s\u0131n\u0131fa kaydedecek. D\u00f6nem sonunda \u00f6\u011frencinin esas kay\u0131tl\u0131 oldu\u011fu kendi \u00fcniversitesi, ba\u015fkaca bir i\u015fleme gerek olmaks\u0131z\u0131n \u00f6\u011frencinin ba\u015far\u0131 durumunu Y\u00d6K e-transkript \u00fczerinden kabul edecek.<\/p>\n<p><strong>13- \u00d6\u011frenciler ba\u015fvurular\u0131 kabul edildikten sonra ne yapmal\u0131d\u0131r? \u00d6zel \u00f6\u011frencilik i\u00e7in \u00f6\u011frenim \u00fccreti \u00f6denecek mi?<\/strong><\/p>\n<p>\u00d6zel \u00f6\u011frenci stat\u00fcs\u00fc kazanan \u00f6\u011frenci, kendi \u00fcniversitesinin \u00f6\u011frenci i\u015fleri daire ba\u015fkanl\u0131\u011f\u0131na \u00f6zel \u00f6\u011frencilik stat\u00fcs\u00fc kazand\u0131\u011f\u0131n\u0131 yaz\u0131l\u0131 olarak bildirecek, \u00f6zel \u00f6\u011frencilik i\u00e7in ayr\u0131ca bir \u00fccret \u00f6denmeyecek.<\/p>\n<p><strong>14- 2022-2023 bahar yar\u0131y\u0131l\u0131nda kay\u0131t dondurma hakk\u0131ndan kimler faydalanabilir?<\/strong><\/p>\n<p>Talep eden her \u00fcniversite \u00f6\u011frencisi, bahar yar\u0131y\u0131l\u0131nda kay\u0131t dondurabilecek. Kay\u0131tl\u0131 oldu\u011fu \u00fcniversitenin bahar yar\u0131y\u0131l\u0131n\u0131n ba\u015flang\u0131\u00e7 tarihinden itibaren 3 hafta i\u00e7inde dileyen \u00f6\u011frenci kay\u0131t dondurma ba\u015fvurusunda bulunabilecek. \u00d6\u011frencinin kay\u0131t dondurdu\u011fu d\u00f6nem azami \u00f6\u011frenim s\u00fcresinden say\u0131lmayacak. Mazeretleri nedeniyle kay\u0131t dondurma tarihlerinde ba\u015fvuru yapamayanlar\u0131n, mazeretlerini belgelendirerek ba\u015fvurmalar\u0131 halinde talepleri \u00fcniversitelerince yeniden de\u011ferlendirilecek.<\/p>\n<p><strong>15- Deprem nedeniyle s\u0131navlara kat\u0131lamam\u0131\u015f \u00f6\u011frencilerin durumu ne olacak?<\/strong><\/p>\n<p>6 \u015eubat ve sonras\u0131nda 2022-2023 g\u00fcz yar\u0131y\u0131l\u0131 \u00f6n lisans, lisans ve lisans\u00fcst\u00fc programlar\u0131na ait s\u0131navlar i\u00e7in y\u00fcksek\u00f6\u011fretim kurumlar\u0131 yeni bir tarih belirleyerek telafi s\u0131navlar\u0131 yapacak.<\/p>\n<p><strong>16- Depremden etkilenen iller hangileridir?<\/strong><\/p>\n<p>Depremden etkilenen iller, Adana, Ad\u0131yaman, Diyarbak\u0131r, Elaz\u0131\u011f, Gaziantep, Hatay, Kahramanmara\u015f, Kilis, Malatya, Osmaniye, \u015eanl\u0131urfa ile Sivas&#8217;\u0131n G\u00fcr\u00fcn il\u00e7esi.<\/p>\n<p>(AA)<\/p>\n","protected":false},"excerpt":{"rendered":"<p>Y\u00fcksek\u00f6\u011fretim Kurulu (Y\u00d6K), \u00fcniversitelerde 2022-2023 bahar yar\u0131y\u0131l\u0131 e\u011fitim ve \u00f6\u011fretimine ili\u015fkin s\u0131k\u00e7a sorulan 16 soruyu yan\u0131tlad\u0131. Kahramanmara\u015f merkezli depremlerin ard\u0131ndan, 2022-2023 bahar d\u00f6neminde, y\u00fcksek\u00f6\u011fretim kurumlar\u0131nda 20 \u015eubat&#8217;tan itibaren uzaktan e\u011fitime ba\u015flanabilece\u011fi, \u015fartlar\u0131n elveri\u015fli hale gelmesi durumunda nisan ay\u0131 ba\u015f\u0131 itibar\u0131yla hibrit \u00f6\u011fretim se\u00e7ene\u011finin de de\u011ferlendirilebilece\u011fine karar verilmi\u015fti. Bu kararlar sonras\u0131nda Y\u00d6K, \u00f6\u011frenciler taraf\u0131ndan s\u0131k\u00e7a sorular\u0131n 16 soruyu yan\u0131tlad\u0131. Y\u00d6K&#8217;\u00fcn internet sitesinde yer alan bahar yar\u0131y\u0131l\u0131 e\u011fitim ve \u00f6\u011fretimine ili\u015fkin sorular ve cevaplar\u0131 \u015f\u00f6yle: 1- Bahar yar\u0131y\u0131l\u0131 ne zaman ba\u015flayacak? 2022-2023 bahar yar\u0131y\u0131l\u0131n\u0131n, 20 \u015eubat 2023 tarihinden itibaren ne zaman ba\u015flayaca\u011f\u0131na y\u00fcksek\u00f6\u011fretim kurumlar\u0131n\u0131n yetkili kurullar\u0131 karar verecek. \u00d6\u011frencilerin, kay\u0131tl\u0131 olduklar\u0131 y\u00fcksek\u00f6\u011fretim kurumlar\u0131n\u0131n duyurular\u0131n\u0131 takip etmesi gerekiyor. 2- 2022-2023 bahar yar\u0131y\u0131l\u0131nda e\u011fitim ve \u00f6\u011fretim nas\u0131l y\u00fcr\u00fct\u00fclecektir? E\u011fitim ve \u00f6\u011fretim uzaktan \u00f6\u011fretim (online) y\u00f6ntemi ile y\u00fcr\u00fct\u00fclecek. 3- Uzaktan \u00f6\u011fretim t\u00fcm bahar yar\u0131y\u0131l\u0131nda m\u0131 uygulanacak? Uzaktan \u00f6\u011fretim karar\u0131, 2023 y\u0131l\u0131 nisan ay\u0131 ba\u015f\u0131nda yeniden g\u00f6zden ge\u00e7irilecek. \u015eartlar elveri\u015fli hale gelirse Y\u00fcksek\u00f6\u011fretim Kurulu kararlar\u0131yla harmanlanm\u0131\u015f (hibrit) \u00f6\u011fretim usulleri de de\u011ferlendirmeye al\u0131nabilecek. 4- Derslerin teorik ve uygulamal\u0131 k\u0131s\u0131mlar\u0131 y\u00fcz y\u00fcze yap\u0131labilir mi? Y\u00fcksek\u00f6\u011fretim sisteminde, laboratuvar, at\u00f6lye, saha ve benzeri baz\u0131 dersler teori ve uygulama diye kendi i\u00e7inde iki k\u0131s\u0131mdan olu\u015fuyor. Teori ve uygulaman\u0131n toplam\u0131 dersin toplam kredisini olu\u015fturuyor. Bu \u015fekildeki derslerin teorik k\u0131sm\u0131 uzaktan \u00f6\u011fretim y\u00f6ntemi ile yap\u0131lacak. Derslere ait uygulama k\u0131sm\u0131 ise bu y\u0131l\u0131n nisan ay\u0131ndan sonraya b\u0131rak\u0131lacak. Uzaktan \u00f6\u011fretimin nisan ay\u0131ndan sonra da devam etmesi halinde bu \u015fekildeki uygulamalar, y\u00fcksek\u00f6\u011fretim kurumunun yetkili kurullar\u0131n\u0131n alaca\u011f\u0131 karar ile yaz d\u00f6neminde yap\u0131labilece\u011fi gibi bir sonraki e\u011fitim ve \u00f6\u011fretim d\u00f6nemine de ertelenebilecek veya uygulamal\u0131 proje \u00e7al\u0131\u015fmalar\u0131yla tamamlanabilecek. 5- Uygulamal\u0131 e\u011fitimler hangi programlar\u0131 kapsamaktad\u0131r ve bunlar nas\u0131l verilecektir? Uygulamal\u0131 e\u011fitimler, t\u0131p fak\u00fcltesinin 4, 5 ve 6. s\u0131n\u0131f \u00f6\u011frencilerini, di\u015f hekimli\u011fi fak\u00fcltesinin 4 ve 5. s\u0131n\u0131f \u00f6\u011frencilerini, veterinerlik fak\u00fcltesinin 5. s\u0131n\u0131f \u00f6\u011frencilerini, (7+1) program\u0131 uygulayan teknoloji ve m\u00fchendislik fak\u00fcltelerinin (+1) d\u00f6nemdeki \u00f6\u011frencileri, hem\u015firelik, ebelik, denizcilik ve di\u011fer t\u00fcm y\u00fcksek\u00f6\u011fretim programlar\u0131nda \u0130\u015fletmede Mesleki E\u011fitim Uygulamas\u0131 yapan \u00f6\u011frencileri, (6+2) veya (7+1) program\u0131 uygulayan spor bilimlerinin (+1) veya (+2) d\u00f6nemdeki \u00f6\u011frencileri, (3+1) veya (2+1) program\u0131 uygulayan meslek y\u00fcksekokullar\u0131n\u0131n (+1) d\u00f6nemdeki \u00f6\u011frencileri, meslek y\u00fcksekokullar\u0131n\u0131n \u0130\u015fletmede Mesleki E\u011fitim Uygulamas\u0131 yapan \u00f6\u011frencileri ve \u00f6\u011fretmenlik uygulamas\u0131 dersinin \u00f6\u011frencilerini kapsayacak. Bu \u00f6\u011frenciler uygulamal\u0131 e\u011fitimlerini y\u00fcz y\u00fcze mahallinde yapabilecek. \u00d6\u011frenciler bu konuda ayr\u0131nt\u0131l\u0131 bilgiyi kay\u0131tl\u0131 olduklar\u0131 \u00fcniversiteden edinebilecek. 6- Mezun durumuna gelmi\u015f ve staj\u0131 eksik kalm\u0131\u015f \u00f6\u011frenciler stajlar\u0131n\u0131 nas\u0131l tamamlayacak? Mezun duruma gelmi\u015f ve staj\u0131 eksik kalm\u0131\u015f \u00f6n lisans ve lisans program\u0131 \u00f6\u011frencileri, kay\u0131tl\u0131 olduklar\u0131 program\u0131n m\u00fcfredat\u0131nda yer alan zorunlu stajlar\u0131n\u0131 ilgili i\u015f yerlerinde y\u00fcz y\u00fcze yerine getirecek. 7- Deprem b\u00f6lgesindeki bir k\u0131s\u0131m \u00fcniversiteler neden di\u011fer \u00fcniversiteler ile e\u015fle\u015ftirildi? Depremden etkilenen illerdeki baz\u0131 \u00fcniversiteler, di\u011fer illerdeki \u00fcniversitelerle e\u015fle\u015ftirildi. \u0130lgili \u00fcniversitelerin rekt\u00f6rleri ile de g\u00f6r\u00fc\u015f\u00fclerek yap\u0131lan bu e\u015fle\u015ftirme, s\u00f6z konusu \u00fcniversitelerin kendi aralar\u0131nda akademik ve idari g\u00f6revlendirme ile bili\u015fim alan\u0131nda i\u015fbirli\u011fi yapabilmeleri i\u00e7in ger\u00e7ekle\u015ftirildi. 8- Deprem b\u00f6lgesindeki baz\u0131 \u00fcniversiteler neden e\u015fle\u015ftirilmedi? Deprem b\u00f6lgesindeki \u00fcniversitelerin mevcut durumu yerinde de\u011ferlendirilerek ve \u00fcniversitelerin rekt\u00f6rleri ile de g\u00f6r\u00fc\u015f\u00fclmek suretiyle \u00f6\u011frencilerin e\u011fitim ve \u00f6\u011fretim imkanlar\u0131n\u0131 g\u00fc\u00e7lendirmek amac\u0131yla e\u015fle\u015ftirme yap\u0131ld\u0131. E\u011fitim ve \u00f6\u011fretim hizmetini y\u00fcr\u00fctmesine engel bir durumu olmayan \u00fcniversitelerle ilgili herhangi bir e\u015fle\u015ftirme yap\u0131lmad\u0131. 9- \u00d6zel \u00f6\u011frencilik ne fayda sa\u011flar? \u00d6zel \u00f6\u011frencilik stat\u00fcs\u00fc bir \u00f6\u011frencinin kay\u0131tl\u0131 oldu\u011fu \u00fcniversiteden farkl\u0131 bir \u00fcniversitedeki e\u015f de\u011fer diploma program\u0131ndan ders alabilmesine ve ba\u015far\u0131l\u0131 oldu\u011fu derslerin kredisini sayd\u0131rabilmesine imkan veriyor. 10- Y\u00fcksek\u00f6\u011fretim Kurulunun 17 \u015eubat 2023 tarihli kararlar\u0131na g\u00f6re hangi \u00f6\u011frenciler \u00f6zel \u00f6\u011frencilik stat\u00fcs\u00fcnden faydalanabilir? &#8220;Depremden etkilenen illerdeki \u00fcniversitelerde kay\u0131tl\u0131 \u00f6\u011frenci olmak veya birinci derece yak\u0131nlar\u0131 deprem b\u00f6lgesindeki illerde ikamet edip deprem b\u00f6lgesi d\u0131\u015f\u0131ndaki illerde bulunan \u00fcniversitelerde kay\u0131tl\u0131 olmak&#8221; ve &#8220;Y\u00fcksek\u00f6\u011fretimde Uygulamal\u0131 E\u011fitimler \u00c7er\u00e7eve Y\u00f6netmeli\u011fi kapsam\u0131ndaki programlarda kay\u0131tl\u0131 \u00f6\u011frenci olmak&#8221; iki \u015fart\u0131n\u0131 birlikte sa\u011flayan \u00f6\u011frenciler \u00f6zel \u00f6\u011frencilik stat\u00fcs\u00fcnden yararlanabilecek. 11- \u00d6zel \u00f6\u011frencilik stat\u00fcs\u00fc i\u00e7in nereye ve ne zaman ba\u015fvuruda bulunulmal\u0131d\u0131r? \u00d6zel \u00f6\u011frencilik stat\u00fcs\u00fcnden faydalanmak isteyen \u00f6\u011frenciler, \u00f6zel \u00f6\u011frencisi olmak istedikleri \u00fcniversiteye ba\u015fvuracak. \u00d6zel \u00f6\u011frencilik ba\u015fvurusunun, ba\u015fvuruda bulunulacak \u00fcniversitenin bahar yar\u0131y\u0131l\u0131 e\u011fitim ve \u00f6\u011fretime ba\u015flama tarihinden itibaren 3 hafta i\u00e7inde yap\u0131lmas\u0131 gerekecek. Bu nedenle \u00f6zel \u00f6\u011frenci stat\u00fcs\u00fcne ba\u015fvuracak \u00f6\u011frencilerin, ilgili \u00fcniversitenin bahar yar\u0131y\u0131l\u0131 a\u00e7\u0131l\u0131\u015f tarihini yak\u0131ndan takip etmeleri \u00f6nem ta\u015f\u0131yor. 12- \u00d6zel \u00f6\u011frencilik stat\u00fcs\u00fc i\u00e7in nas\u0131l ba\u015fvuru yap\u0131l\u0131r? \u00d6zel \u00f6\u011frencilik stat\u00fcs\u00fcnden faydalanmak isteyen \u00f6\u011frenci haz\u0131rlayaca\u011f\u0131 ba\u015fvuru dilek\u00e7esi ile \u00f6zel \u00f6\u011frenci olmak istedi\u011fi \u00fcniversitenin \u00f6\u011frenci i\u015fleri daire ba\u015fkanl\u0131\u011f\u0131na ba\u015fvuracak. Dilek\u00e7esine Y\u00d6K e-transkript \u00fczerinden ald\u0131\u011f\u0131 \u00f6\u011frencilik belgesini de ekleyecek. Ba\u015fvuru yap\u0131lan \u00fcniversite 10. soruda a\u00e7\u0131klanan \u015fartlar\u0131 sa\u011flayan \u00f6\u011frenciyi ilgili programa ve s\u0131n\u0131fa kaydedecek. D\u00f6nem sonunda \u00f6\u011frencinin esas kay\u0131tl\u0131 oldu\u011fu kendi \u00fcniversitesi, ba\u015fkaca bir i\u015fleme gerek olmaks\u0131z\u0131n \u00f6\u011frencinin ba\u015far\u0131 durumunu Y\u00d6K e-transkript \u00fczerinden kabul edecek. 13- \u00d6\u011frenciler ba\u015fvurular\u0131 kabul edildikten sonra ne yapmal\u0131d\u0131r? \u00d6zel \u00f6\u011frencilik i\u00e7in \u00f6\u011frenim \u00fccreti \u00f6denecek mi? \u00d6zel \u00f6\u011frenci stat\u00fcs\u00fc kazanan \u00f6\u011frenci, kendi \u00fcniversitesinin \u00f6\u011frenci i\u015fleri daire ba\u015fkanl\u0131\u011f\u0131na \u00f6zel \u00f6\u011frencilik stat\u00fcs\u00fc kazand\u0131\u011f\u0131n\u0131 yaz\u0131l\u0131 olarak bildirecek, \u00f6zel \u00f6\u011frencilik i\u00e7in ayr\u0131ca bir \u00fccret \u00f6denmeyecek. 14- 2022-2023 bahar yar\u0131y\u0131l\u0131nda kay\u0131t dondurma hakk\u0131ndan kimler faydalanabilir? Talep eden her \u00fcniversite \u00f6\u011frencisi, bahar yar\u0131y\u0131l\u0131nda kay\u0131t dondurabilecek. Kay\u0131tl\u0131 oldu\u011fu \u00fcniversitenin bahar yar\u0131y\u0131l\u0131n\u0131n ba\u015flang\u0131\u00e7 tarihinden itibaren 3 hafta i\u00e7inde dileyen \u00f6\u011frenci kay\u0131t dondurma ba\u015fvurusunda bulunabilecek. \u00d6\u011frencinin kay\u0131t dondurdu\u011fu d\u00f6nem azami \u00f6\u011frenim s\u00fcresinden say\u0131lmayacak. Mazeretleri nedeniyle kay\u0131t dondurma tarihlerinde ba\u015fvuru yapamayanlar\u0131n, mazeretlerini belgelendirerek ba\u015fvurmalar\u0131 halinde talepleri \u00fcniversitelerince yeniden de\u011ferlendirilecek. 15- Deprem nedeniyle s\u0131navlara kat\u0131lamam\u0131\u015f \u00f6\u011frencilerin durumu ne olacak? 6 \u015eubat ve sonras\u0131nda 2022-2023 g\u00fcz yar\u0131y\u0131l\u0131 \u00f6n lisans, lisans ve lisans\u00fcst\u00fc programlar\u0131na ait s\u0131navlar i\u00e7in y\u00fcksek\u00f6\u011fretim kurumlar\u0131 yeni bir tarih belirleyerek telafi s\u0131navlar\u0131 yapacak. 16- Depremden etkilenen iller hangileridir? Depremden etkilenen iller, Adana, Ad\u0131yaman, Diyarbak\u0131r, Elaz\u0131\u011f, Gaziantep, Hatay, Kahramanmara\u015f, Kilis, Malatya, Osmaniye, \u015eanl\u0131urfa ile Sivas&#8217;\u0131n G\u00fcr\u00fcn il\u00e7esi. (AA)<\/p>\n","protected":false},"author":2,"featured_media":802,"comment_status":"open","ping_status":"open","sticky":false,"template":"","format":"standard","meta":{"_joinchat":[],"footnotes":""},"categories":[7],"tags":[],"class_list":["post-800","post","type-post","status-publish","format-standard","has-post-thumbnail","hentry","category-dil"],"acf":[],"_links":{"self":[{"href":"https:\/\/radyomunzur.com\/index.php?rest_route=\/wp\/v2\/posts\/800","targetHints":{"allow":["GET"]}}],"collection":[{"href":"https:\/\/radyomunzur.com\/index.php?rest_route=\/wp\/v2\/posts"}],"about":[{"href":"https:\/\/radyomunzur.com\/index.php?rest_route=\/wp\/v2\/types\/post"}],"author":[{"embeddable":true,"href":"https:\/\/radyomunzur.com\/index.php?rest_route=\/wp\/v2\/users\/2"}],"replies":[{"embeddable":true,"href":"https:\/\/radyomunzur.com\/index.php?rest_route=%2Fwp%2Fv2%2Fcomments&post=800"}],"version-history":[{"count":1,"href":"https:\/\/radyomunzur.com\/index.php?rest_route=\/wp\/v2\/posts\/800\/revisions"}],"predecessor-version":[{"id":803,"href":"https:\/\/radyomunzur.com\/index.php?rest_route=\/wp\/v2\/posts\/800\/revisions\/803"}],"wp:featuredmedia":[{"embeddable":true,"href":"https:\/\/radyomunzur.com\/index.php?rest_route=\/wp\/v2\/media\/802"}],"wp:attachment":[{"href":"https:\/\/radyomunzur.com\/index.php?rest_route=%2Fwp%2Fv2%2Fmedia&parent=800"}],"wp:term":[{"taxonomy":"category","embeddable":true,"href":"https:\/\/radyomunzur.com\/index.php?rest_route=%2Fwp%2Fv2%2Fcategories&post=800"},{"taxonomy":"post_tag","embeddable":true,"href":"https:\/\/radyomunzur.com\/index.php?rest_route=%2Fwp%2Fv2%2Ftags&post=800"}],"curies":[{"name":"wp","href":"https:\/\/api.w.org\/{rel}","templated":true}]}}