{"id":790,"date":"2023-02-19T05:52:12","date_gmt":"2023-02-19T10:52:12","guid":{"rendered":"https:\/\/radyomunzur.com\/?p=790"},"modified":"2023-02-19T07:25:49","modified_gmt":"2023-02-19T12:25:49","slug":"semsurdaadiyaman-iki-alman-gonullu-kurt-nufusun-oldugu-yerlerde-cok-fazla-adaletsizlik-var","status":"publish","type":"post","link":"https:\/\/radyomunzur.com\/?p=790","title":{"rendered":"Sems\u00fbr\u2019da(Ad\u0131yaman) iki Alman g\u00f6n\u00fcll\u00fc: K\u00fcrt n\u00fcfusun oldu\u011fu yerlerde \u00e7ok fazla adaletsizlik var"},"content":{"rendered":"<p><a href=\"https:\/\/yeniyasamgazetesi4.com\/semsurda-iki-alman-gonullu-kurt-nufusun-oldugu-yerlerde-cok-fazla-adaletsizlik-var\/\">https:\/\/yeniyasamgazetesi4.com\/semsurda-iki-alman-gonullu-kurt-nufusun-oldugu-yerlerde-cok-fazla-adaletsizlik-var\/<\/a><\/p>\n<p>Depremin yerle bir etti\u011fi kentlerden olan Sems\u00fbr\u2019da (Ad\u0131yaman) dayan\u0131\u015fmac\u0131lar\u0131n el birli\u011fi ile yaralar sar\u0131lmaya \u00e7al\u0131\u015f\u0131l\u0131yor. Depremin \u00fczerinden 14 g\u00fcn ge\u00e7mesine ra\u011fmen kentte hala enkazlar yerde iken, \u00f6l\u00fc say\u0131s\u0131 binleri a\u015fm\u0131\u015f durumda.<\/p>\n<p>Depremin ilk \u00fc\u00e7 g\u00fcn\u00fc herhangi bir \u00e7al\u0131\u015fman\u0131n ba\u015flat\u0131lmad\u0131\u011f\u0131 kentte ilk g\u00fcnden beri sahada olanlar ise sadece g\u00f6n\u00fcll\u00fcler. Kurdistan\u2019\u0131n neredeyse her kentinden gelen g\u00f6n\u00fcll\u00fclerin yan\u0131 s\u0131ra T\u00fcrkiye ve uluslararas\u0131 alanda da sahada \u00e7ok say\u0131da dayan\u0131\u015fmac\u0131 var. Onlardan ikisi de Erasmus \u00f6\u011frencileri Flora ve Sebastian.<\/p>\n<p><strong>Ate\u015f ba\u015f\u0131nda tan\u0131\u015f\u0131yoruz<\/strong><\/p>\n<p>Semsur\u2019da Yenimahalle Cemevi bah\u00e7esinde \u0131s\u0131nmaya \u00e7al\u0131\u015f\u0131rken tan\u0131\u015ft\u0131\u011f\u0131m iki g\u00f6n\u00fcll\u00fc, g\u00fcnlerdir sahada olan insanlardan. Depoda k\u0131yafet ay\u0131klayan ve kolilere yerle\u015ftiren iki g\u00f6n\u00fcll\u00fc, g\u00fcler y\u00fczleri ve K\u00fcrt\u00e7e kurduklar\u0131 tek t\u00fck c\u00fcmleleri ile ilgi \u00e7ekmeyi ba\u015far\u0131yor.<\/p>\n<p>Ate\u015f ba\u015f\u0131nda denk geldi\u011fin gen\u00e7lerden Sebastian Almanya Dortmundlu. \u0130stanbul\u2019da erasmus \u00f6\u011frencisi. \u00d6nce Amed oradan Mardin ve oradan ise KESK\u2019in ekibi ile Sems\u00fbr\u2019a gelmi\u015fler. Ben kentten ayr\u0131ld\u0131\u011f\u0131mda da hen\u00fcz ordayd\u0131lar.<\/p>\n<p><strong>Kent yerle bir<\/strong><\/p>\n<p>Sems\u00fbr\u2019da arkada\u015flar\u0131 oldu\u011fu ve kente dair korkun\u00e7 haberler ald\u0131klar\u0131 i\u00e7in buraya gelmeye karar verdiklerini s\u00f6yl\u00fcyor Sebastian, \u015fehri nas\u0131l buldun diyorum, tek kelime ile \u00f6zetliyor; \u201cYerle bir\u2026\u201d Sonras\u0131n\u0131 kendi anlat\u0131yor, \u201cY\u0131k\u0131c\u0131 bir \u015fey. Depremin insanlara yapt\u0131klar\u0131n\u0131n \u00e7ok ac\u0131mas\u0131zca oldu\u011funu d\u00fc\u015f\u00fcn\u00fcyorum. Burada yard\u0131ma ihtiya\u00e7 var ve bence h\u00fck\u00fcmet yeterince bir \u015fey yapm\u0131yor ve bence bu y\u00fczden g\u00f6n\u00fcll\u00fclere ve buradaki insanlara yard\u0131m eden g\u00f6n\u00fcll\u00fc kurulu\u015flara ihtiyac\u0131m\u0131z var\u201d diyor Sebastian.<\/p>\n<p><strong>Yas da var dayan\u0131\u015fma da<\/strong><\/p>\n<p>Uzun s\u00fcredir kentte oldu\u011fu i\u00e7in duygular\u0131n\u0131 soruyorum, \u201cKar\u0131\u015f\u0131k duygular i\u00e7indeyim\u201d diyor ve ekliyor; \u201c\u00dczg\u00fcn\u00fcm, hayat\u0131n\u0131 kaybeden t\u00fcm insanlar i\u00e7in yas tutuyorum. Arkada\u015f\u0131m ve ev arkada\u015f\u0131m b\u00fcy\u00fckannesini kaybetti, ba\u015fka bir arkada\u015f\u0131m \u00e7evresindeki yakla\u015f\u0131k on ki\u015fiyi kaybetti. Bir taraftan yas tutuyoruz, di\u011fer taraftan burada ho\u015f kar\u015f\u0131land\u0131\u011f\u0131m\u0131z\u0131 hissediyoruz. Hemen \u00e7ay ve \u00e7orba gibi ikramlarla kar\u015f\u0131land\u0131k ve hala b\u00f6yle bir durumda insanlar pes etmiyor. Biz daha iyi bir zaman i\u00e7in m\u00fccadele eden insanlar\u0131z.\u201d<\/p>\n<p>K\u00fcrt\u00e7e spas ve spasxwe\u015f\u2019i \u00f6\u011frenmi\u015f bir de benim s\u0131k s\u0131k Ad\u0131yaman dememi d\u00fczleterek, Sems\u00fbr diyor onu \u00f6\u011frenmi\u015f Sebastian.<\/p>\n<p><strong>Her yer \u00f6l\u00fcm ve so\u011fuk\u2026<\/strong><\/p>\n<p>Bir di\u011fer g\u00f6n\u00fcll\u00fc ise Flora, o da Alman. \u015eehre geli\u015flerini anlat\u0131yor, \u201c\u015eehre vard\u0131\u011f\u0131m\u0131zda y\u0131k\u0131lm\u0131\u015f evleri g\u00f6rd\u00fck, hala ayakta olsalar bile y\u0131k\u0131lm\u0131\u015flard\u0131 ve insanlar art\u0131k i\u00e7inde ya\u015fayam\u0131yordu. Bu so\u011fuk havada insanlar\u0131n \u00e7ad\u0131rlarda ya da sokaklarda uyumak zorunda kald\u0131\u011f\u0131n\u0131 g\u00f6rmek ger\u00e7ekten \u00e7ok zor\u201d diyor. O da duygular\u0131n\u0131 \u201ckar\u0131\u015f\u0131k\u201d olarak tarifliyor ve ekliyor, \u201cElbette burada olmak ve neler oldu\u011funu ve \u015fimdi nas\u0131l ya\u015famak zorunda olduklar\u0131n\u0131 g\u00f6rmek \u00fcz\u00fcc\u00fc ama Sebastian\u2019\u0131n da dedi\u011fi gibi insanlar\u0131n bizi \u00e7ok iyi kar\u015f\u0131lad\u0131\u011f\u0131n\u0131 g\u00f6rmek de g\u00fczel. Ama onlar daha fazlas\u0131n\u0131 yap\u0131yor. \u0130\u015fin \u00e7o\u011funu onlar yap\u0131yor, biz sadece biraz yard\u0131m etmeye \u00e7al\u0131\u015f\u0131yoruz\u201d diyor.<\/p>\n<p><strong>Devlet yok burada<\/strong><\/p>\n<p>\u015eehirde herhangi bir resmi \u00e7al\u0131\u015fmaya \u015fahit olup olmad\u0131\u011f\u0131n\u0131 soruyorum, Flora ise, \u201cH\u00fck\u00fcmet \u015fimdiye kadar yap\u0131lan t\u00fcm i\u015flerin sadece \u00e7ok k\u00fc\u00e7\u00fck bir k\u0131sm\u0131n\u0131 yapt\u0131. \u00c7al\u0131\u015fmalar\u0131n neredeyse tamam\u0131 burada ya\u015fayan ya da yard\u0131ma gelen insanlar taraf\u0131ndan yap\u0131ld\u0131. Ve bu ger\u00e7ekten \u00e7ok zor\u2026 H\u00fck\u00fcmetin burada hi\u00e7bir yerde olmamas\u0131 ve t\u00fcm yard\u0131m\u0131 burada ya\u015fayan insanlar\u0131n ve onlar\u0131n yolda\u015flar\u0131n\u0131n yapmak zorunda kalmas\u0131 ger\u00e7ekten \u00fcz\u00fcc\u00fc\u201d diye cevapl\u0131yor<\/p>\n<p><strong>\u0130nsanlar e\u015fit olmal\u0131<\/strong><\/p>\n<p>\u201cEvlerini tekrar terk etmek zorunda kalan insanlar\u0131n, \u00f6zellikle de Suriyeli m\u00fcltecilerin hik\u00e2yelerini de duyduk. Bunun ne kadar adaletsiz oldu\u011funu g\u00f6r\u00fcyorsunuz \u00e7\u00fcnk\u00fc bu \u00fclkedeki herkes ayn\u0131 haklara sahip olmal\u0131 ve e\u015fit insani ihtiya\u00e7lar kar\u015f\u0131lanmal\u0131. \u00d6zellikle K\u00fcrt n\u00fcfusun \u00e7o\u011funlukta oldu\u011fu \u015fehirlerde ve Arap n\u00fcfusun \u00e7o\u011funlukta oldu\u011fu \u015fehirlerde \u00e7ok fazla adaletsizlik g\u00f6r\u00fcyorsunuz\u201d diyor Flora.<\/p>\n<p><strong>Para sava\u015fa harcan\u0131yor<\/strong><\/p>\n<p>Sebastian araya girerek s\u00f6z\u00fc sava\u015f politikalar\u0131na getiriyor ve \u201c99\u2019daki depremden sonra bir vergi ihdas edildi\u011fini de duydum. O zamandan beri insanlar bu gibi durumlar, depremler i\u00e7in bu vergileri \u00f6demek zorundaym\u0131\u015f. Ve \u015fimdi h\u00fck\u00fcmet bu paray\u0131 burada kullanm\u0131yor ve Suriye\u2019deki sava\u015fta askerlik hizmeti gibi ba\u015fka \u015feyler i\u00e7in kullan\u0131yor. Bence bu da buradaki insanlar\u0131n \u00e7ok \u00fcz\u00fcld\u00fc\u011f\u00fc bir \u015fey\u201d diyor haliyle.<\/p>\n<p>YEN\u0130 YA\u015eAM\/ADIYAMAN<\/p>\n","protected":false},"excerpt":{"rendered":"<p>https:\/\/yeniyasamgazetesi4.com\/semsurda-iki-alman-gonullu-kurt-nufusun-oldugu-yerlerde-cok-fazla-adaletsizlik-var\/ Depremin yerle bir etti\u011fi kentlerden olan Sems\u00fbr\u2019da (Ad\u0131yaman) dayan\u0131\u015fmac\u0131lar\u0131n el birli\u011fi ile yaralar sar\u0131lmaya \u00e7al\u0131\u015f\u0131l\u0131yor. Depremin \u00fczerinden 14 g\u00fcn ge\u00e7mesine ra\u011fmen kentte hala enkazlar yerde iken, \u00f6l\u00fc say\u0131s\u0131 binleri a\u015fm\u0131\u015f durumda. Depremin ilk \u00fc\u00e7 g\u00fcn\u00fc herhangi bir \u00e7al\u0131\u015fman\u0131n ba\u015flat\u0131lmad\u0131\u011f\u0131 kentte ilk g\u00fcnden beri sahada olanlar ise sadece g\u00f6n\u00fcll\u00fcler. Kurdistan\u2019\u0131n neredeyse her kentinden gelen g\u00f6n\u00fcll\u00fclerin yan\u0131 s\u0131ra T\u00fcrkiye ve uluslararas\u0131 alanda da sahada \u00e7ok say\u0131da dayan\u0131\u015fmac\u0131 var. Onlardan ikisi de Erasmus \u00f6\u011frencileri Flora ve Sebastian. Ate\u015f ba\u015f\u0131nda tan\u0131\u015f\u0131yoruz Semsur\u2019da Yenimahalle Cemevi bah\u00e7esinde \u0131s\u0131nmaya \u00e7al\u0131\u015f\u0131rken tan\u0131\u015ft\u0131\u011f\u0131m iki g\u00f6n\u00fcll\u00fc, g\u00fcnlerdir sahada olan insanlardan. Depoda k\u0131yafet ay\u0131klayan ve kolilere yerle\u015ftiren iki g\u00f6n\u00fcll\u00fc, g\u00fcler y\u00fczleri ve K\u00fcrt\u00e7e kurduklar\u0131 tek t\u00fck c\u00fcmleleri ile ilgi \u00e7ekmeyi ba\u015far\u0131yor. Ate\u015f ba\u015f\u0131nda denk geldi\u011fin gen\u00e7lerden Sebastian Almanya Dortmundlu. \u0130stanbul\u2019da erasmus \u00f6\u011frencisi. \u00d6nce Amed oradan Mardin ve oradan ise KESK\u2019in ekibi ile Sems\u00fbr\u2019a gelmi\u015fler. Ben kentten ayr\u0131ld\u0131\u011f\u0131mda da hen\u00fcz ordayd\u0131lar. Kent yerle bir Sems\u00fbr\u2019da arkada\u015flar\u0131 oldu\u011fu ve kente dair korkun\u00e7 haberler ald\u0131klar\u0131 i\u00e7in buraya gelmeye karar verdiklerini s\u00f6yl\u00fcyor Sebastian, \u015fehri nas\u0131l buldun diyorum, tek kelime ile \u00f6zetliyor; \u201cYerle bir\u2026\u201d Sonras\u0131n\u0131 kendi anlat\u0131yor, \u201cY\u0131k\u0131c\u0131 bir \u015fey. Depremin insanlara yapt\u0131klar\u0131n\u0131n \u00e7ok ac\u0131mas\u0131zca oldu\u011funu d\u00fc\u015f\u00fcn\u00fcyorum. Burada yard\u0131ma ihtiya\u00e7 var ve bence h\u00fck\u00fcmet yeterince bir \u015fey yapm\u0131yor ve bence bu y\u00fczden g\u00f6n\u00fcll\u00fclere ve buradaki insanlara yard\u0131m eden g\u00f6n\u00fcll\u00fc kurulu\u015flara ihtiyac\u0131m\u0131z var\u201d diyor Sebastian. Yas da var dayan\u0131\u015fma da Uzun s\u00fcredir kentte oldu\u011fu i\u00e7in duygular\u0131n\u0131 soruyorum, \u201cKar\u0131\u015f\u0131k duygular i\u00e7indeyim\u201d diyor ve ekliyor; \u201c\u00dczg\u00fcn\u00fcm, hayat\u0131n\u0131 kaybeden t\u00fcm insanlar i\u00e7in yas tutuyorum. Arkada\u015f\u0131m ve ev arkada\u015f\u0131m b\u00fcy\u00fckannesini kaybetti, ba\u015fka bir arkada\u015f\u0131m \u00e7evresindeki yakla\u015f\u0131k on ki\u015fiyi kaybetti. Bir taraftan yas tutuyoruz, di\u011fer taraftan burada ho\u015f kar\u015f\u0131land\u0131\u011f\u0131m\u0131z\u0131 hissediyoruz. Hemen \u00e7ay ve \u00e7orba gibi ikramlarla kar\u015f\u0131land\u0131k ve hala b\u00f6yle bir durumda insanlar pes etmiyor. Biz daha iyi bir zaman i\u00e7in m\u00fccadele eden insanlar\u0131z.\u201d K\u00fcrt\u00e7e spas ve spasxwe\u015f\u2019i \u00f6\u011frenmi\u015f bir de benim s\u0131k s\u0131k Ad\u0131yaman dememi d\u00fczleterek, Sems\u00fbr diyor onu \u00f6\u011frenmi\u015f Sebastian. Her yer \u00f6l\u00fcm ve so\u011fuk\u2026 Bir di\u011fer g\u00f6n\u00fcll\u00fc ise Flora, o da Alman. \u015eehre geli\u015flerini anlat\u0131yor, \u201c\u015eehre vard\u0131\u011f\u0131m\u0131zda y\u0131k\u0131lm\u0131\u015f evleri g\u00f6rd\u00fck, hala ayakta olsalar bile y\u0131k\u0131lm\u0131\u015flard\u0131 ve insanlar art\u0131k i\u00e7inde ya\u015fayam\u0131yordu. Bu so\u011fuk havada insanlar\u0131n \u00e7ad\u0131rlarda ya da sokaklarda uyumak zorunda kald\u0131\u011f\u0131n\u0131 g\u00f6rmek ger\u00e7ekten \u00e7ok zor\u201d diyor. O da duygular\u0131n\u0131 \u201ckar\u0131\u015f\u0131k\u201d olarak tarifliyor ve ekliyor, \u201cElbette burada olmak ve neler oldu\u011funu ve \u015fimdi nas\u0131l ya\u015famak zorunda olduklar\u0131n\u0131 g\u00f6rmek \u00fcz\u00fcc\u00fc ama Sebastian\u2019\u0131n da dedi\u011fi gibi insanlar\u0131n bizi \u00e7ok iyi kar\u015f\u0131lad\u0131\u011f\u0131n\u0131 g\u00f6rmek de g\u00fczel. Ama onlar daha fazlas\u0131n\u0131 yap\u0131yor. \u0130\u015fin \u00e7o\u011funu onlar yap\u0131yor, biz sadece biraz yard\u0131m etmeye \u00e7al\u0131\u015f\u0131yoruz\u201d diyor. Devlet yok burada \u015eehirde herhangi bir resmi \u00e7al\u0131\u015fmaya \u015fahit olup olmad\u0131\u011f\u0131n\u0131 soruyorum, Flora ise, \u201cH\u00fck\u00fcmet \u015fimdiye kadar yap\u0131lan t\u00fcm i\u015flerin sadece \u00e7ok k\u00fc\u00e7\u00fck bir k\u0131sm\u0131n\u0131 yapt\u0131. \u00c7al\u0131\u015fmalar\u0131n neredeyse tamam\u0131 burada ya\u015fayan ya da yard\u0131ma gelen insanlar taraf\u0131ndan yap\u0131ld\u0131. Ve bu ger\u00e7ekten \u00e7ok zor\u2026 H\u00fck\u00fcmetin burada hi\u00e7bir yerde olmamas\u0131 ve t\u00fcm yard\u0131m\u0131 burada ya\u015fayan insanlar\u0131n ve onlar\u0131n yolda\u015flar\u0131n\u0131n yapmak zorunda kalmas\u0131 ger\u00e7ekten \u00fcz\u00fcc\u00fc\u201d diye cevapl\u0131yor \u0130nsanlar e\u015fit olmal\u0131 \u201cEvlerini tekrar terk etmek zorunda kalan insanlar\u0131n, \u00f6zellikle de Suriyeli m\u00fcltecilerin hik\u00e2yelerini de duyduk. Bunun ne kadar adaletsiz oldu\u011funu g\u00f6r\u00fcyorsunuz \u00e7\u00fcnk\u00fc bu \u00fclkedeki herkes ayn\u0131 haklara sahip olmal\u0131 ve e\u015fit insani ihtiya\u00e7lar kar\u015f\u0131lanmal\u0131. \u00d6zellikle K\u00fcrt n\u00fcfusun \u00e7o\u011funlukta oldu\u011fu \u015fehirlerde ve Arap n\u00fcfusun \u00e7o\u011funlukta oldu\u011fu \u015fehirlerde \u00e7ok fazla adaletsizlik g\u00f6r\u00fcyorsunuz\u201d diyor Flora. Para sava\u015fa harcan\u0131yor Sebastian araya girerek s\u00f6z\u00fc sava\u015f politikalar\u0131na getiriyor ve \u201c99\u2019daki depremden sonra bir vergi ihdas edildi\u011fini de duydum. O zamandan beri insanlar bu gibi durumlar, depremler i\u00e7in bu vergileri \u00f6demek zorundaym\u0131\u015f. Ve \u015fimdi h\u00fck\u00fcmet bu paray\u0131 burada kullanm\u0131yor ve Suriye\u2019deki sava\u015fta askerlik hizmeti gibi ba\u015fka \u015feyler i\u00e7in kullan\u0131yor. Bence bu da buradaki insanlar\u0131n \u00e7ok \u00fcz\u00fcld\u00fc\u011f\u00fc bir \u015fey\u201d diyor haliyle. YEN\u0130 YA\u015eAM\/ADIYAMAN<\/p>\n","protected":false},"author":2,"featured_media":791,"comment_status":"open","ping_status":"open","sticky":false,"template":"","format":"standard","meta":{"_joinchat":[],"footnotes":""},"categories":[7],"tags":[],"class_list":["post-790","post","type-post","status-publish","format-standard","has-post-thumbnail","hentry","category-dil"],"acf":[],"_links":{"self":[{"href":"https:\/\/radyomunzur.com\/index.php?rest_route=\/wp\/v2\/posts\/790","targetHints":{"allow":["GET"]}}],"collection":[{"href":"https:\/\/radyomunzur.com\/index.php?rest_route=\/wp\/v2\/posts"}],"about":[{"href":"https:\/\/radyomunzur.com\/index.php?rest_route=\/wp\/v2\/types\/post"}],"author":[{"embeddable":true,"href":"https:\/\/radyomunzur.com\/index.php?rest_route=\/wp\/v2\/users\/2"}],"replies":[{"embeddable":true,"href":"https:\/\/radyomunzur.com\/index.php?rest_route=%2Fwp%2Fv2%2Fcomments&post=790"}],"version-history":[{"count":1,"href":"https:\/\/radyomunzur.com\/index.php?rest_route=\/wp\/v2\/posts\/790\/revisions"}],"predecessor-version":[{"id":792,"href":"https:\/\/radyomunzur.com\/index.php?rest_route=\/wp\/v2\/posts\/790\/revisions\/792"}],"wp:featuredmedia":[{"embeddable":true,"href":"https:\/\/radyomunzur.com\/index.php?rest_route=\/wp\/v2\/media\/791"}],"wp:attachment":[{"href":"https:\/\/radyomunzur.com\/index.php?rest_route=%2Fwp%2Fv2%2Fmedia&parent=790"}],"wp:term":[{"taxonomy":"category","embeddable":true,"href":"https:\/\/radyomunzur.com\/index.php?rest_route=%2Fwp%2Fv2%2Fcategories&post=790"},{"taxonomy":"post_tag","embeddable":true,"href":"https:\/\/radyomunzur.com\/index.php?rest_route=%2Fwp%2Fv2%2Ftags&post=790"}],"curies":[{"name":"wp","href":"https:\/\/api.w.org\/{rel}","templated":true}]}}