{"id":785,"date":"2023-02-19T05:35:02","date_gmt":"2023-02-19T10:35:02","guid":{"rendered":"https:\/\/radyomunzur.com\/?p=785"},"modified":"2023-05-20T04:45:08","modified_gmt":"2023-05-20T08:45:08","slug":"dersimli-yurttaslar-depremden-sonra-mudahale-cok-gec-yapildi-insanlar-olume-terk-edildi","status":"publish","type":"post","link":"https:\/\/radyomunzur.com\/?p=785","title":{"rendered":"Dersimli yurtta\u015flar: Depremden sonra m\u00fcdahale \u00e7ok ge\u00e7 yap\u0131ld\u0131, insanlar \u00f6l\u00fcme terk edildi"},"content":{"rendered":"<p>Mara\u015f Pazarc\u0131k ve Elbistan merkezli depremlerin ard\u0131ndan binlerce ki\u015fi ya\u015fam\u0131n\u0131 yitirirken y\u00fcz binlercesi de evsiz kald\u0131. Yurtta\u015flar\u0131n so\u011fuk havada, d\u0131\u015far\u0131da zor \u015fartlarda bekleyi\u015fleri s\u00fcr\u00fcyor. \u00c7o\u011fu yurtta\u015f deprem nedeniyle sokakta ate\u015f yak\u0131p bekliyor. Hala yard\u0131m gitmeyen bir\u00e7ok yer var.<\/p>\n<p>Depremden sonra ya\u015fananlara ili\u015fkin Dersimli yurtta\u015flara mikrofon uzatt\u0131k.<img fetchpriority=\"high\" decoding=\"async\" class=\"alignnone size-medium wp-image-787\" src=\"https:\/\/radyomunzur.com\/wp-content\/uploads\/2023\/02\/deprem-sokak-roportaji-dersim-1020x680.jpg\" alt=\"\" width=\"1020\" height=\"680\" srcset=\"https:\/\/radyomunzur.com\/wp-content\/uploads\/2023\/02\/deprem-sokak-roportaji-dersim-1020x680.jpg 1020w, https:\/\/radyomunzur.com\/wp-content\/uploads\/2023\/02\/deprem-sokak-roportaji-dersim-768x512.jpg 768w, https:\/\/radyomunzur.com\/wp-content\/uploads\/2023\/02\/deprem-sokak-roportaji-dersim-150x100.jpg 150w, https:\/\/radyomunzur.com\/wp-content\/uploads\/2023\/02\/deprem-sokak-roportaji-dersim-450x300.jpg 450w, https:\/\/radyomunzur.com\/wp-content\/uploads\/2023\/02\/deprem-sokak-roportaji-dersim.jpg 1051w\" sizes=\"(max-width: 1020px) 100vw, 1020px\" \/><\/p>\n<p><iframe title=\"Dersimli yurtta\u015flar: Depremden sonra m\u00fcdahale \u00e7ok ge\u00e7 yap\u0131ld\u0131, insanlar \u00f6l\u00fcme terk edildi\" width=\"800\" height=\"450\" src=\"https:\/\/www.youtube.com\/embed\/IinSudri0Ls?feature=oembed\" frameborder=\"0\" allow=\"accelerometer; autoplay; clipboard-write; encrypted-media; gyroscope; picture-in-picture; web-share\" allowfullscreen><\/iframe><\/p>\n<p><strong>\u201cDEPREMDE M\u00dcDAHALE \u00c7OK GE\u00c7 YAPILDI\u201d<\/strong><\/p>\n<p>M\u00fcdahale olsayd\u0131 bu noktada olmayacaklar\u0131n\u0131 belirten bir yurtta\u015f, \u201cKentsel d\u00f6n\u00fc\u015f\u00fcm yasas\u0131yla ve imar aff\u0131yla nas\u0131l bir y\u0131k\u0131m yapt\u0131\u011f\u0131m\u0131z\u0131 ya\u015fad\u0131k. Ya\u015fl\u0131 ve ruhsats\u0131z binalar\u0131m\u0131za ruhsat vererek insanlar\u0131n \u00f6l\u00fcm\u00fcne sebebiyet verdik. Enkaz alt\u0131nda kald\u0131ktan sonra yeni g\u00fc\u00e7l\u00fc bir bina yapman\u0131n anlam\u0131 da, insan \u00f6ld\u00fckten sonra yeni bir binan\u0131n k\u0131ymeti de yok. O y\u00fczden h\u0131zl\u0131 bir \u015fekilde d\u00fczenli bir \u00e7al\u0131\u015fmayla insanlar\u0131n hayatlar\u0131n\u0131 kurtarabiliriz. \u0130hmal insan\u0131 \u00f6ld\u00fcr\u00fcyor, unutmayaca\u011f\u0131z e\u011fer unutursak tekrar enkaz alt\u0131nda kalaca\u011f\u0131z\u201d diye belirtti.<\/p>\n<p>Depremde gerekli \u00f6nlem al\u0131nmad\u0131\u011f\u0131n\u0131 ifade eden&nbsp;<strong>Kaz\u0131m Karatekin<\/strong>, \u201cBas\u0131nda izledi\u011fimiz kadar\u0131yla 3. g\u00fcnden sonra enkazlara m\u00fcdahale edildi. Deprem b\u00f6lgesine giden g\u00f6n\u00fcll\u00fcler olmasayd\u0131 bu h\u00fck\u00fcmet depremin alt\u0131nda ezilmi\u015fti ve bitmi\u015fti. \u0130nsanlar bile bile orada \u00f6ld\u00fc\u201d dedi.<\/p>\n<p>Depremde m\u00fcdahalenin \u00e7ok ge\u00e7 yap\u0131ld\u0131\u011f\u0131n\u0131 ama arama kurtarma \u00e7al\u0131\u015fmalar\u0131n\u0131n da \u00e7ok erken bitirildi\u011fini dile getiren&nbsp;<strong>Meral Orhan<\/strong>, \u201cHalen enkaz alt\u0131nda canl\u0131 \u00e7\u0131kar\u0131lanlar var ve halen enkaz ba\u015f\u0131nda yak\u0131nlar\u0131n\u0131 bekleyenler var. Herkes bir yak\u0131n\u0131n\u0131 kaybetti ama devlet \u00e7ok ge\u00e7 kald\u0131. Bizde deprem ya\u015farsak devlet bize yard\u0131m edebilecek mi diye endi\u015feleniyoruz\u201d diye ifade etti.<\/p>\n<p><strong>\u201c\u0130NSANLAR B\u0130LE B\u0130LE \u00d6L\u00dcME TERK ED\u0130LD\u0130\u201d<\/strong><\/p>\n<p>\u0130lk iki g\u00fcn deprem b\u00f6lgelerine m\u00fcdahale olmad\u0131\u011f\u0131n\u0131 s\u00f6yleyen&nbsp;<strong>R\u0131za Bozda\u011f<\/strong>, \u201c\u0130lk g\u00fcnden itibaren m\u00fcdahale edilseydi \u00e7ok ki\u015fi kurtar\u0131l\u0131rd\u0131. 3. ve 4. g\u00fcn m\u00fcdahale edilmesiyle i\u015f i\u015ften ge\u00e7mi\u015fti yaz\u0131k oldu o millete bu da h\u00fck\u00fcmetin beceriksizli\u011fi\u201d diye konu\u015ftu.<\/p>\n<p>T\u00fcrkiye\u2019nin deprem b\u00f6lgesinde oldu\u011funu hat\u0131rlatan&nbsp;<strong>\u00dcmit G\u00f6zl\u00fc<\/strong>, \u201cDevletin depreme y\u00f6nelik \u00f6nlem almas\u0131 laz\u0131md\u0131. Su\u00e7 devleti y\u00f6netenlerindir ba\u015fka kimsenin de\u011fildir. \u0130nsanlar bile bile \u00f6l\u00fcme terk edildi\u201d dedi.<\/p>\n<p>Halen enkaz alt\u0131nda olana insanlar oldu\u011funu vurgulayan&nbsp;<strong>Hazal Bakan<\/strong>, \u201cMaalesef elimizden bir \u015fey gelmiyor. Bende kendi bulundu\u011fum yerden yard\u0131m etmeye \u00e7al\u0131\u015ft\u0131m. Ama maalesef deprem b\u00f6lgesinde koordinasyonsuzluk sorunuyla kar\u015f\u0131la\u015ft\u0131klar\u0131n\u0131 haberi ald\u0131m, g\u00f6nderilen yard\u0131mlar\u0131n yerine ula\u015fmad\u0131\u011f\u0131 ya da \u00e7e\u015fitli bahanelerle el konuldu\u011fu haberleri ald\u0131m. Bir taraf yard\u0131m beklerken bir tarafta da yard\u0131mlar koordinasyonsuzluktan \u00e7\u00f6plere at\u0131ld\u0131\u011f\u0131na \u015fahit olduk. Ya\u015fad\u0131klar\u0131m\u0131z sinir bozucu ve y\u0131k\u0131c\u0131 yapabileceklerimizi yapmaya \u00e7al\u0131\u015f\u0131yoruz ve hesap soraca\u011f\u0131m\u0131z g\u00fcnleri bekliyoruz\u201d ifadelerine yer verdi.<\/p>\n<p><strong>P\u0130RHA\/DERS\u0130M<\/strong><\/p>\n","protected":false},"excerpt":{"rendered":"<p>Mara\u015f Pazarc\u0131k ve Elbistan merkezli depremlerin ard\u0131ndan binlerce ki\u015fi ya\u015fam\u0131n\u0131 yitirirken y\u00fcz binlercesi de evsiz kald\u0131. Yurtta\u015flar\u0131n so\u011fuk havada, d\u0131\u015far\u0131da zor \u015fartlarda bekleyi\u015fleri s\u00fcr\u00fcyor. \u00c7o\u011fu yurtta\u015f deprem nedeniyle sokakta ate\u015f yak\u0131p bekliyor. Hala yard\u0131m gitmeyen bir\u00e7ok yer var. Depremden sonra ya\u015fananlara ili\u015fkin Dersimli yurtta\u015flara mikrofon uzatt\u0131k. \u201cDEPREMDE M\u00dcDAHALE \u00c7OK GE\u00c7 YAPILDI\u201d M\u00fcdahale olsayd\u0131 bu noktada olmayacaklar\u0131n\u0131 belirten bir yurtta\u015f, \u201cKentsel d\u00f6n\u00fc\u015f\u00fcm yasas\u0131yla ve imar aff\u0131yla nas\u0131l bir y\u0131k\u0131m yapt\u0131\u011f\u0131m\u0131z\u0131 ya\u015fad\u0131k. Ya\u015fl\u0131 ve ruhsats\u0131z binalar\u0131m\u0131za ruhsat vererek insanlar\u0131n \u00f6l\u00fcm\u00fcne sebebiyet verdik. Enkaz alt\u0131nda kald\u0131ktan sonra yeni g\u00fc\u00e7l\u00fc bir bina yapman\u0131n anlam\u0131 da, insan \u00f6ld\u00fckten sonra yeni bir binan\u0131n k\u0131ymeti de yok. O y\u00fczden h\u0131zl\u0131 bir \u015fekilde d\u00fczenli bir \u00e7al\u0131\u015fmayla insanlar\u0131n hayatlar\u0131n\u0131 kurtarabiliriz. \u0130hmal insan\u0131 \u00f6ld\u00fcr\u00fcyor, unutmayaca\u011f\u0131z e\u011fer unutursak tekrar enkaz alt\u0131nda kalaca\u011f\u0131z\u201d diye belirtti. Depremde gerekli \u00f6nlem al\u0131nmad\u0131\u011f\u0131n\u0131 ifade eden&nbsp;Kaz\u0131m Karatekin, \u201cBas\u0131nda izledi\u011fimiz kadar\u0131yla 3. g\u00fcnden sonra enkazlara m\u00fcdahale edildi. Deprem b\u00f6lgesine giden g\u00f6n\u00fcll\u00fcler olmasayd\u0131 bu h\u00fck\u00fcmet depremin alt\u0131nda ezilmi\u015fti ve bitmi\u015fti. \u0130nsanlar bile bile orada \u00f6ld\u00fc\u201d dedi. Depremde m\u00fcdahalenin \u00e7ok ge\u00e7 yap\u0131ld\u0131\u011f\u0131n\u0131 ama arama kurtarma \u00e7al\u0131\u015fmalar\u0131n\u0131n da \u00e7ok erken bitirildi\u011fini dile getiren&nbsp;Meral Orhan, \u201cHalen enkaz alt\u0131nda canl\u0131 \u00e7\u0131kar\u0131lanlar var ve halen enkaz ba\u015f\u0131nda yak\u0131nlar\u0131n\u0131 bekleyenler var. Herkes bir yak\u0131n\u0131n\u0131 kaybetti ama devlet \u00e7ok ge\u00e7 kald\u0131. Bizde deprem ya\u015farsak devlet bize yard\u0131m edebilecek mi diye endi\u015feleniyoruz\u201d diye ifade etti. \u201c\u0130NSANLAR B\u0130LE B\u0130LE \u00d6L\u00dcME TERK ED\u0130LD\u0130\u201d \u0130lk iki g\u00fcn deprem b\u00f6lgelerine m\u00fcdahale olmad\u0131\u011f\u0131n\u0131 s\u00f6yleyen&nbsp;R\u0131za Bozda\u011f, \u201c\u0130lk g\u00fcnden itibaren m\u00fcdahale edilseydi \u00e7ok ki\u015fi kurtar\u0131l\u0131rd\u0131. 3. ve 4. g\u00fcn m\u00fcdahale edilmesiyle i\u015f i\u015ften ge\u00e7mi\u015fti yaz\u0131k oldu o millete bu da h\u00fck\u00fcmetin beceriksizli\u011fi\u201d diye konu\u015ftu. T\u00fcrkiye\u2019nin deprem b\u00f6lgesinde oldu\u011funu hat\u0131rlatan&nbsp;\u00dcmit G\u00f6zl\u00fc, \u201cDevletin depreme y\u00f6nelik \u00f6nlem almas\u0131 laz\u0131md\u0131. Su\u00e7 devleti y\u00f6netenlerindir ba\u015fka kimsenin de\u011fildir. \u0130nsanlar bile bile \u00f6l\u00fcme terk edildi\u201d dedi. Halen enkaz alt\u0131nda olana insanlar oldu\u011funu vurgulayan&nbsp;Hazal Bakan, \u201cMaalesef elimizden bir \u015fey gelmiyor. Bende kendi bulundu\u011fum yerden yard\u0131m etmeye \u00e7al\u0131\u015ft\u0131m. Ama maalesef deprem b\u00f6lgesinde koordinasyonsuzluk sorunuyla kar\u015f\u0131la\u015ft\u0131klar\u0131n\u0131 haberi ald\u0131m, g\u00f6nderilen yard\u0131mlar\u0131n yerine ula\u015fmad\u0131\u011f\u0131 ya da \u00e7e\u015fitli bahanelerle el konuldu\u011fu haberleri ald\u0131m. Bir taraf yard\u0131m beklerken bir tarafta da yard\u0131mlar koordinasyonsuzluktan \u00e7\u00f6plere at\u0131ld\u0131\u011f\u0131na \u015fahit olduk. Ya\u015fad\u0131klar\u0131m\u0131z sinir bozucu ve y\u0131k\u0131c\u0131 yapabileceklerimizi yapmaya \u00e7al\u0131\u015f\u0131yoruz ve hesap soraca\u011f\u0131m\u0131z g\u00fcnleri bekliyoruz\u201d ifadelerine yer verdi. P\u0130RHA\/DERS\u0130M<\/p>\n","protected":false},"author":2,"featured_media":787,"comment_status":"open","ping_status":"open","sticky":false,"template":"","format":"standard","meta":{"_joinchat":[],"footnotes":""},"categories":[7],"tags":[17,16,19,18],"class_list":["post-785","post","type-post","status-publish","format-standard","has-post-thumbnail","hentry","category-dil","tag-afet","tag-deprem","tag-roportaj","tag-zorluklar"],"acf":[],"_links":{"self":[{"href":"https:\/\/radyomunzur.com\/index.php?rest_route=\/wp\/v2\/posts\/785","targetHints":{"allow":["GET"]}}],"collection":[{"href":"https:\/\/radyomunzur.com\/index.php?rest_route=\/wp\/v2\/posts"}],"about":[{"href":"https:\/\/radyomunzur.com\/index.php?rest_route=\/wp\/v2\/types\/post"}],"author":[{"embeddable":true,"href":"https:\/\/radyomunzur.com\/index.php?rest_route=\/wp\/v2\/users\/2"}],"replies":[{"embeddable":true,"href":"https:\/\/radyomunzur.com\/index.php?rest_route=%2Fwp%2Fv2%2Fcomments&post=785"}],"version-history":[{"count":3,"href":"https:\/\/radyomunzur.com\/index.php?rest_route=\/wp\/v2\/posts\/785\/revisions"}],"predecessor-version":[{"id":812,"href":"https:\/\/radyomunzur.com\/index.php?rest_route=\/wp\/v2\/posts\/785\/revisions\/812"}],"wp:featuredmedia":[{"embeddable":true,"href":"https:\/\/radyomunzur.com\/index.php?rest_route=\/wp\/v2\/media\/787"}],"wp:attachment":[{"href":"https:\/\/radyomunzur.com\/index.php?rest_route=%2Fwp%2Fv2%2Fmedia&parent=785"}],"wp:term":[{"taxonomy":"category","embeddable":true,"href":"https:\/\/radyomunzur.com\/index.php?rest_route=%2Fwp%2Fv2%2Fcategories&post=785"},{"taxonomy":"post_tag","embeddable":true,"href":"https:\/\/radyomunzur.com\/index.php?rest_route=%2Fwp%2Fv2%2Ftags&post=785"}],"curies":[{"name":"wp","href":"https:\/\/api.w.org\/{rel}","templated":true}]}}