{"id":2978,"date":"2025-02-26T02:32:41","date_gmt":"2025-02-26T07:32:41","guid":{"rendered":"https:\/\/radyomunzur.com\/?p=2978"},"modified":"2025-02-26T03:41:19","modified_gmt":"2025-02-26T08:41:19","slug":"alan-dersim-dort-tarafi-aktif-faylarla-sinirlanmis-bir-kent","status":"publish","type":"post","link":"https:\/\/radyomunzur.com\/?p=2978","title":{"rendered":"ALAN: \u2018DERS\u0130M D\u00d6RT TARAFI AKT\u0130F FAYLARLA SINIRLANMI\u015e B\u0130R KENT\u2019"},"content":{"rendered":"<p>Kuzey Anadolu fay hatt\u0131 (KAF) ile Do\u011fu Anadolu Fay hatt\u0131 (DAF) aras\u0131nda kalan Dersim i\u00e7in uzmanlar 7 ve \u00fczeri deprem riski i\u00e7in s\u0131kl\u0131kla uyar\u0131da bulunuyor. TMMOB Jeoloji M\u00fchendisleri Odas\u0131 Ba\u015fkan\u0131 H\u00fcseyin Alan \u201cVatanda\u015f\u0131n can g\u00fcvenli\u011fini temel alacak bir yakla\u015f\u0131mla hem il\u00e7e merkezi hem k\u0131rsal yerle\u015fim alanlar\u0131n yap\u0131 sto\u011funun yenilenmesi laz\u0131m.\u201d dedi.<\/p>\n<p>Alan Dersim\u2019in d\u00f6rt taraf\u0131n\u0131n faylarla \u00e7evrili oldu\u011funu ve bu faylardan hangisi k\u0131r\u0131l\u0131rsa k\u0131r\u0131ls\u0131n 7 \u00fczeri deprem \u00fcretme potansiyeline sahip oldu\u011funu belirterek \u015f\u00f6yle devam etti,<\/p>\n<p>\u201cTunceli hem Kuzey Anadolu fay hatt\u0131n\u0131n hem de g\u00fcneyde do\u011frudan Do\u011fu Anadolu fay hatt\u0131n\u0131n etkisi alt\u0131nda. Kuzey Anadolu fay hatt\u0131 d\u00fcnyan\u0131n en etkin faylar\u0131ndan biri. \u00d6tekisi de yine son y\u0131llarda meydana gelen depremlerle birlikte binlerce ki\u015finin ya\u015fam\u0131n\u0131 kaybetmesine sebep olan fay. O yetmezmi\u015f gibi kentin hemen kuzeyinden ge\u00e7en Naz\u0131miye fay zonu var ki bunlar\u0131n hangisi k\u0131r\u0131l\u0131rsa k\u0131r\u0131ls\u0131n 7\u2019nin \u00fczerinde deprem \u00fcretme potansiyeline sahipler. Yine son zamanlarda Yedisu fay\u0131, bu segment de Karl\u0131ova\u2019dan ba\u015fl\u0131yor Erzincan\u2019a kadar geliyor. Sonu\u00e7 itibar\u0131yla \u00f6zellikle yak\u0131n bir gelecekte Yedisu fay\u0131nda bir deprem bekleniyor. Bat\u0131s\u0131nda yer alan Ovac\u0131k Malatya fay zonu uzun zamand\u0131r suskun.\u201d<\/p>\n<p>\u2018YED\u0130SUYU FAYI P\u00dcL\u00dcM\u00dcR\u2019\u00dc ETK\u0130LEYECEK\u2019<\/p>\n<p>P\u00fcl\u00fcm\u00fcr il\u00e7esine \u00f6zellikle dikkat \u00e7eken Alan \u201cVatanda\u015f\u0131n can g\u00fcvenli\u011fini temel alacak bir yakla\u015f\u0131mla hem il\u00e7e merkezi hem k\u0131rsal yerle\u015fim alanlar\u0131n yap\u0131 sto\u011funun yenilenmesi laz\u0131m.\u201d dedi. Alan il\u00e7e i\u00e7in al\u0131nmas\u0131 gereken tedbirlere ve risklere ili\u015fkin olarak \u015fu ifadeleri kulland\u0131,<\/p>\n<p>\u201cYedisuyu fay\u0131 P\u00fcl\u00fcm\u00fcr\u2019\u00fcn dibinde. Olas\u0131 bir depremde en \u00e7ok etkilenecek il\u00e7e P\u00fcl\u00fcm\u00fcr\u2019\u00fcn k\u0131rsal kesimleri, k\u00f6yleri olacak. B\u00f6lge topografik olarak \u00e7ok e\u011fimli olmas\u0131 nedeniyle orada heyelan potansiyeli, kaya d\u00fc\u015fmesi riski \u00e7ok y\u00fcksek. K\u0131\u015f\u0131n olmas\u0131 durumunda \u00e7\u0131\u011f gibi etkilerin ya\u015fanaca\u011f\u0131 bir co\u011frafya oras\u0131. Bir\u00e7ok k\u00f6y yolu heyelanl\u0131 alanlardan ge\u00e7iyor. Yine ula\u015f\u0131m yollar\u0131 heyelan a\u00e7\u0131s\u0131ndan s\u0131k\u0131nt\u0131l\u0131. Olas\u0131 bir depremden sonra buraya ula\u015fmak bile zor olabilir. Bu y\u00fczden alternatif ula\u015f\u0131m g\u00fczergahlar\u0131n\u0131n a\u00e7\u0131lmas\u0131 ve buna ili\u015fkin tedbirlerin al\u0131nmas\u0131 laz\u0131m. Ula\u015f\u0131m tedbirlerinin mutlaka alternatifler de d\u00fc\u015f\u00fcn\u00fcl\u00fcp yenilenmesi gerekiyor. \u0130kinci konu k\u0131rsal yerle\u015fim yerlerindeki ve kent i\u00e7erisindeki bir\u00e7ok yap\u0131 sto\u011fu uygun de\u011fil. Olas\u0131 bir depremin etkilerini kar\u015f\u0131layabilecek boyuttan \u00e7ok uzak. Bu nedenle zaman ge\u00e7irilmeden devletin de destek vermesiyle veya bilfiil devletin kendisi k\u0131rsal yerle\u015fim yerlerini baz olarak oradaki yenilenme i\u015flemini yapmal\u0131. Veya konut yap\u0131lmas\u0131 i\u00e7in kaynak yaratacak. Bunu da bir an ger\u00e7ekle\u015febilmesi gerekiyor. Uygun yerlerin se\u00e7ilmesi, heyelan riski olan yerlerden ta\u015f\u0131n\u0131lmas\u0131, k\u0131rsal yerle\u015fim alanlar\u0131na ili\u015fkin planlar\u0131n yap\u0131lmas\u0131 ve bu ta\u015f\u0131nma i\u015flemlerinin ger\u00e7ekle\u015ftirilmesi gerekiyor.\u201d<\/p>\n<p>\u2018B\u00dcT\u00dcN \u0130L\u00c7ELERDE VE KENT MERKEZ\u0130NDE GEREKL\u0130 TEDB\u0130RLER ALINMALI\u2019<\/p>\n<p>Alan bat\u0131da yer alan Malatya Ovac\u0131k fay zonunun da Hozat, Ovac\u0131k ve \u00c7emi\u015fgezek\u2019i etkileyece\u011fini belirterek son olarak \u015funlar\u0131 ifade etti,<\/p>\n<p>\u201cKent merkezinde kamu kurumlar\u0131 aras\u0131nda \u00f6nemli sorunlar var. Olas\u0131 bir depremde onlar da y\u0131k\u0131lma tehlikesiyle kar\u015f\u0131 kar\u015f\u0131ya b\u00f6lgede. Onlar\u0131n en az\u0131ndan bug\u00fcnk\u00fc standartlar\u0131 \u00e7er\u00e7evesinde yenilenmesi gerekir, yine alt yap\u0131ya ili\u015fkin s\u0131k\u0131nt\u0131lar ya\u015fanabilir. Bu alt yap\u0131 s\u0131k\u0131nt\u0131lar\u0131 da g\u00fczergahlar\u0131n\u0131n mutlaka deprem tehlikeleri de baz al\u0131narak g\u00f6zden ge\u00e7irilmesi laz\u0131m. Bu hizmetlerin yap\u0131lmas\u0131 gerekiyor. Bu kapsamda kent merkezinde de tedbirlerin al\u0131nmas\u0131 laz\u0131m. Kamu kurumlar\u0131n\u0131n ayakta kalmas\u0131 laz\u0131m. Vatanda\u015flar\u0131n ya\u015fam\u0131n\u0131 yitirmemesi i\u00e7in bug\u00fcnden bina sto\u011funun g\u00f6zden ge\u00e7irilmesi gerekiyor. Yeni yap\u0131lacak binalar\u0131n da uluslararas\u0131 standartlara uygun olmas\u0131 laz\u0131m.\u201d<\/p>\n<p><strong>DERS\u0130M\/Hakan K\u0130Z\u0130R<\/strong><\/p>\n<p><img fetchpriority=\"high\" decoding=\"async\" class=\"alignnone wp-image-2979\" src=\"https:\/\/radyomunzur.com\/wp-content\/uploads\/2025\/02\/F4w4HWGWUAA6AF--1020x593.jpg\" alt=\"\" width=\"503\" height=\"292\" srcset=\"https:\/\/radyomunzur.com\/wp-content\/uploads\/2025\/02\/F4w4HWGWUAA6AF--1020x593.jpg 1020w, https:\/\/radyomunzur.com\/wp-content\/uploads\/2025\/02\/F4w4HWGWUAA6AF--768x446.jpg 768w, https:\/\/radyomunzur.com\/wp-content\/uploads\/2025\/02\/F4w4HWGWUAA6AF-.jpg 1024w\" sizes=\"(max-width: 503px) 100vw, 503px\" \/><\/p>\n<p><img decoding=\"async\" class=\"alignnone wp-image-2713\" src=\"https:\/\/radyomunzur.com\/wp-content\/uploads\/2025\/01\/Ekipman_icin_Sticker-2-1020x574.png\" alt=\"\" width=\"649\" height=\"365\" srcset=\"https:\/\/radyomunzur.com\/wp-content\/uploads\/2025\/01\/Ekipman_icin_Sticker-2-1020x574.png 1020w, https:\/\/radyomunzur.com\/wp-content\/uploads\/2025\/01\/Ekipman_icin_Sticker-2-1080x608.png 1080w, https:\/\/radyomunzur.com\/wp-content\/uploads\/2025\/01\/Ekipman_icin_Sticker-2-768x432.png 768w, https:\/\/radyomunzur.com\/wp-content\/uploads\/2025\/01\/Ekipman_icin_Sticker-2-1536x864.png 1536w, https:\/\/radyomunzur.com\/wp-content\/uploads\/2025\/01\/Ekipman_icin_Sticker-2.png 1920w\" sizes=\"(max-width: 649px) 100vw, 649px\" \/><\/p>\n<p>&nbsp;<\/p>\n<p>&nbsp;<\/p>\n<p>&nbsp;<\/p>\n","protected":false},"excerpt":{"rendered":"<p>Kuzey Anadolu fay hatt\u0131 (KAF) ile Do\u011fu Anadolu Fay hatt\u0131 (DAF) aras\u0131nda kalan Dersim i\u00e7in uzmanlar 7 ve \u00fczeri deprem riski i\u00e7in s\u0131kl\u0131kla uyar\u0131da bulunuyor. TMMOB Jeoloji M\u00fchendisleri Odas\u0131 Ba\u015fkan\u0131 H\u00fcseyin Alan \u201cVatanda\u015f\u0131n can g\u00fcvenli\u011fini temel alacak bir yakla\u015f\u0131mla hem il\u00e7e merkezi hem k\u0131rsal yerle\u015fim alanlar\u0131n yap\u0131 sto\u011funun yenilenmesi laz\u0131m.\u201d dedi. Alan Dersim\u2019in d\u00f6rt taraf\u0131n\u0131n faylarla \u00e7evrili oldu\u011funu ve bu faylardan hangisi k\u0131r\u0131l\u0131rsa k\u0131r\u0131ls\u0131n 7 \u00fczeri deprem \u00fcretme potansiyeline sahip oldu\u011funu belirterek \u015f\u00f6yle devam etti, \u201cTunceli hem Kuzey Anadolu fay hatt\u0131n\u0131n hem de g\u00fcneyde do\u011frudan Do\u011fu Anadolu fay hatt\u0131n\u0131n etkisi alt\u0131nda. Kuzey Anadolu fay hatt\u0131 d\u00fcnyan\u0131n en etkin faylar\u0131ndan biri. \u00d6tekisi de yine son y\u0131llarda meydana gelen depremlerle birlikte binlerce ki\u015finin ya\u015fam\u0131n\u0131 kaybetmesine sebep olan fay. O yetmezmi\u015f gibi kentin hemen kuzeyinden ge\u00e7en Naz\u0131miye fay zonu var ki bunlar\u0131n hangisi k\u0131r\u0131l\u0131rsa k\u0131r\u0131ls\u0131n 7\u2019nin \u00fczerinde deprem \u00fcretme potansiyeline sahipler. Yine son zamanlarda Yedisu fay\u0131, bu segment de Karl\u0131ova\u2019dan ba\u015fl\u0131yor Erzincan\u2019a kadar geliyor. Sonu\u00e7 itibar\u0131yla \u00f6zellikle yak\u0131n bir gelecekte Yedisu fay\u0131nda bir deprem bekleniyor. Bat\u0131s\u0131nda yer alan Ovac\u0131k Malatya fay zonu uzun zamand\u0131r suskun.\u201d \u2018YED\u0130SUYU FAYI P\u00dcL\u00dcM\u00dcR\u2019\u00dc ETK\u0130LEYECEK\u2019 P\u00fcl\u00fcm\u00fcr il\u00e7esine \u00f6zellikle dikkat \u00e7eken Alan \u201cVatanda\u015f\u0131n can g\u00fcvenli\u011fini temel alacak bir yakla\u015f\u0131mla hem il\u00e7e merkezi hem k\u0131rsal yerle\u015fim alanlar\u0131n yap\u0131 sto\u011funun yenilenmesi laz\u0131m.\u201d dedi. Alan il\u00e7e i\u00e7in al\u0131nmas\u0131 gereken tedbirlere ve risklere ili\u015fkin olarak \u015fu ifadeleri kulland\u0131, \u201cYedisuyu fay\u0131 P\u00fcl\u00fcm\u00fcr\u2019\u00fcn dibinde. Olas\u0131 bir depremde en \u00e7ok etkilenecek il\u00e7e P\u00fcl\u00fcm\u00fcr\u2019\u00fcn k\u0131rsal kesimleri, k\u00f6yleri olacak. B\u00f6lge topografik olarak \u00e7ok e\u011fimli olmas\u0131 nedeniyle orada heyelan potansiyeli, kaya d\u00fc\u015fmesi riski \u00e7ok y\u00fcksek. K\u0131\u015f\u0131n olmas\u0131 durumunda \u00e7\u0131\u011f gibi etkilerin ya\u015fanaca\u011f\u0131 bir co\u011frafya oras\u0131. Bir\u00e7ok k\u00f6y yolu heyelanl\u0131 alanlardan ge\u00e7iyor. Yine ula\u015f\u0131m yollar\u0131 heyelan a\u00e7\u0131s\u0131ndan s\u0131k\u0131nt\u0131l\u0131. Olas\u0131 bir depremden sonra buraya ula\u015fmak bile zor olabilir. Bu y\u00fczden alternatif ula\u015f\u0131m g\u00fczergahlar\u0131n\u0131n a\u00e7\u0131lmas\u0131 ve buna ili\u015fkin tedbirlerin al\u0131nmas\u0131 laz\u0131m. Ula\u015f\u0131m tedbirlerinin mutlaka alternatifler de d\u00fc\u015f\u00fcn\u00fcl\u00fcp yenilenmesi gerekiyor. \u0130kinci konu k\u0131rsal yerle\u015fim yerlerindeki ve kent i\u00e7erisindeki bir\u00e7ok yap\u0131 sto\u011fu uygun de\u011fil. Olas\u0131 bir depremin etkilerini kar\u015f\u0131layabilecek boyuttan \u00e7ok uzak. Bu nedenle zaman ge\u00e7irilmeden devletin de destek vermesiyle veya bilfiil devletin kendisi k\u0131rsal yerle\u015fim yerlerini baz olarak oradaki yenilenme i\u015flemini yapmal\u0131. Veya konut yap\u0131lmas\u0131 i\u00e7in kaynak yaratacak. Bunu da bir an ger\u00e7ekle\u015febilmesi gerekiyor. Uygun yerlerin se\u00e7ilmesi, heyelan riski olan yerlerden ta\u015f\u0131n\u0131lmas\u0131, k\u0131rsal yerle\u015fim alanlar\u0131na ili\u015fkin planlar\u0131n yap\u0131lmas\u0131 ve bu ta\u015f\u0131nma i\u015flemlerinin ger\u00e7ekle\u015ftirilmesi gerekiyor.\u201d \u2018B\u00dcT\u00dcN \u0130L\u00c7ELERDE VE KENT MERKEZ\u0130NDE GEREKL\u0130 TEDB\u0130RLER ALINMALI\u2019 Alan bat\u0131da yer alan Malatya Ovac\u0131k fay zonunun da Hozat, Ovac\u0131k ve \u00c7emi\u015fgezek\u2019i etkileyece\u011fini belirterek son olarak \u015funlar\u0131 ifade etti, \u201cKent merkezinde kamu kurumlar\u0131 aras\u0131nda \u00f6nemli sorunlar var. Olas\u0131 bir depremde onlar da y\u0131k\u0131lma tehlikesiyle kar\u015f\u0131 kar\u015f\u0131ya b\u00f6lgede. Onlar\u0131n en az\u0131ndan bug\u00fcnk\u00fc standartlar\u0131 \u00e7er\u00e7evesinde yenilenmesi gerekir, yine alt yap\u0131ya ili\u015fkin s\u0131k\u0131nt\u0131lar ya\u015fanabilir. Bu alt yap\u0131 s\u0131k\u0131nt\u0131lar\u0131 da g\u00fczergahlar\u0131n\u0131n mutlaka deprem tehlikeleri de baz al\u0131narak g\u00f6zden ge\u00e7irilmesi laz\u0131m. Bu hizmetlerin yap\u0131lmas\u0131 gerekiyor. Bu kapsamda kent merkezinde de tedbirlerin al\u0131nmas\u0131 laz\u0131m. Kamu kurumlar\u0131n\u0131n ayakta kalmas\u0131 laz\u0131m. Vatanda\u015flar\u0131n ya\u015fam\u0131n\u0131 yitirmemesi i\u00e7in bug\u00fcnden bina sto\u011funun g\u00f6zden ge\u00e7irilmesi gerekiyor. Yeni yap\u0131lacak binalar\u0131n da uluslararas\u0131 standartlara uygun olmas\u0131 laz\u0131m.\u201d DERS\u0130M\/Hakan K\u0130Z\u0130R &nbsp; &nbsp; &nbsp;<\/p>\n","protected":false},"author":2,"featured_media":2980,"comment_status":"open","ping_status":"open","sticky":false,"template":"","format":"standard","meta":{"_joinchat":[],"footnotes":""},"categories":[5],"tags":[81,16,103,88,156,239,159,168,201,92,90,101,99,98,127,89],"class_list":["post-2978","post","type-post","status-publish","format-standard","has-post-thumbnail","hentry","category-yerel-haberler","tag-alevi","tag-deprem","tag-ekoloji","tag-gercek","tag-hayvancilik","tag-hozat","tag-hukuk","tag-jin","tag-jinjiyanazadi","tag-jiyan","tag-mucadele","tag-munzur","tag-ovacik","tag-pertek","tag-sanat","tag-yasam"],"acf":[],"_links":{"self":[{"href":"https:\/\/radyomunzur.com\/index.php?rest_route=\/wp\/v2\/posts\/2978","targetHints":{"allow":["GET"]}}],"collection":[{"href":"https:\/\/radyomunzur.com\/index.php?rest_route=\/wp\/v2\/posts"}],"about":[{"href":"https:\/\/radyomunzur.com\/index.php?rest_route=\/wp\/v2\/types\/post"}],"author":[{"embeddable":true,"href":"https:\/\/radyomunzur.com\/index.php?rest_route=\/wp\/v2\/users\/2"}],"replies":[{"embeddable":true,"href":"https:\/\/radyomunzur.com\/index.php?rest_route=%2Fwp%2Fv2%2Fcomments&post=2978"}],"version-history":[{"count":1,"href":"https:\/\/radyomunzur.com\/index.php?rest_route=\/wp\/v2\/posts\/2978\/revisions"}],"predecessor-version":[{"id":2981,"href":"https:\/\/radyomunzur.com\/index.php?rest_route=\/wp\/v2\/posts\/2978\/revisions\/2981"}],"wp:featuredmedia":[{"embeddable":true,"href":"https:\/\/radyomunzur.com\/index.php?rest_route=\/wp\/v2\/media\/2980"}],"wp:attachment":[{"href":"https:\/\/radyomunzur.com\/index.php?rest_route=%2Fwp%2Fv2%2Fmedia&parent=2978"}],"wp:term":[{"taxonomy":"category","embeddable":true,"href":"https:\/\/radyomunzur.com\/index.php?rest_route=%2Fwp%2Fv2%2Fcategories&post=2978"},{"taxonomy":"post_tag","embeddable":true,"href":"https:\/\/radyomunzur.com\/index.php?rest_route=%2Fwp%2Fv2%2Ftags&post=2978"}],"curies":[{"name":"wp","href":"https:\/\/api.w.org\/{rel}","templated":true}]}}