{"id":2971,"date":"2025-02-25T03:06:28","date_gmt":"2025-02-25T08:06:28","guid":{"rendered":"https:\/\/radyomunzur.com\/?p=2971"},"modified":"2025-02-25T03:58:39","modified_gmt":"2025-02-25T08:58:39","slug":"dersimde-bir-usta-baglama-bizim-telli-kuranimizdir","status":"publish","type":"post","link":"https:\/\/radyomunzur.com\/?p=2971","title":{"rendered":"Dersim&#8217;de bir usta: &#8220;Ba\u011flama Bizim Telli Kur&#8217;an&#8217;\u0131m\u0131zd\u0131r&#8221;"},"content":{"rendered":"<p>Dersim\u2019de ya\u015fayan ba\u011flama ustas\u0131 H\u00fcsn\u00fc G\u00fcng\u00f6r, 43 y\u0131l\u0131 a\u015fk\u0131n s\u00fcredir \u00f6mr\u00fcn\u00fc adad\u0131\u011f\u0131 mesle\u011fini a\u015fkla s\u00fcrd\u00fcr\u00fcyor. Ba\u011flamay\u0131 sadece bir enstr\u00fcman olarak de\u011fil, Alevi k\u00fclt\u00fcr\u00fcn\u00fcn ve inanc\u0131n\u0131n bir par\u00e7as\u0131 olarak g\u00f6ren G\u00fcng\u00f6r, &#8220;Bizim silah\u0131m\u0131z s\u00f6z\u00fcm\u00fcz ve saz\u0131m\u0131zd\u0131r&#8221; diyerek mesle\u011fine duydu\u011fu ba\u011fl\u0131l\u0131\u011f\u0131 ifade ediyor.<\/p>\n<p><iframe title=\"VENG\u00ca RABER - H\u00dcSN\u00dc G\u00dcNG\u00d6R\" width=\"800\" height=\"450\" src=\"https:\/\/www.youtube.com\/embed\/ECiyxWnUFFk?feature=oembed\" frameborder=\"0\" allow=\"accelerometer; autoplay; clipboard-write; encrypted-media; gyroscope; picture-in-picture; web-share\" referrerpolicy=\"strict-origin-when-cross-origin\" allowfullscreen><\/iframe><\/p>\n<h3><strong>Ba\u011flamaya adanan bir \u00f6m\u00fcr<\/strong><\/h3>\n<p>P\u00fcl\u00fcm\u00fcr\u2019de ilkokulu bitiren H\u00fcsn\u00fc G\u00fcng\u00f6r, ortaokula ba\u015flad\u0131ktan sonra \u0130stanbul\u2019a gitti. Babas\u0131n\u0131n da ba\u011flama ustas\u0131 olmas\u0131 nedeniyle \u00e7ocuk ya\u015fta bu meslekle tan\u0131\u015ft\u0131. Dedesi ve babas\u0131n\u0131n yan\u0131nda ba\u011flama yap\u0131m\u0131n\u0131n inceliklerini \u00f6\u011frenen G\u00fcng\u00f6r, 1977\u2019de Dersim\u2019e d\u00f6nerek bu i\u015fe burada devam etti. 1985 y\u0131l\u0131nda kendi at\u00f6lyesini a\u00e7arak tamamen ba\u011flama yap\u0131m\u0131na y\u00f6neldi.<\/p>\n<p>Ba\u011flaman\u0131n yaln\u0131zca bir enstr\u00fcman olmad\u0131\u011f\u0131n\u0131 vurgulayan G\u00fcng\u00f6r, bu mesle\u011fin bir k\u00fclt\u00fcr, inan\u00e7 ve ya\u015fam bi\u00e7imi oldu\u011funu belirtiyor: &#8220;Alevilikte en do\u011fru yolu \u00f6\u011freten bizim bu meslektir. Biz diyoruz ya telli Kuran, i\u015fte \u00fc\u00e7 tellinin \u00f6zelli\u011fi budur. Ba\u011flama, bizim dilimizdir, yolumuzdur.&#8221;<\/p>\n<h3><strong>Ba\u011flaman\u0131n incelikleri<\/strong><\/h3>\n<p>Ba\u011flama yap\u0131m\u0131nda kullan\u0131lan a\u011fa\u00e7lar\u0131n kalitesi b\u00fcy\u00fck \u00f6nem ta\u015f\u0131yor. G\u00fcng\u00f6r, dut a\u011fac\u0131n\u0131n ba\u011flama yap\u0131m\u0131ndaki \u00f6zel yerine dikkat \u00e7ekerek, &#8220;Ya\u015fl\u0131 dutlar \u00e7ok \u00f6nemli, herkes se\u00e7emez onlar\u0131. Yetmi\u015f, seksen, hatta y\u00fcz y\u0131ll\u0131k dut a\u011fa\u00e7lar\u0131 en iyi sesi verir. Dut, bizim dedelerimizden gelen kutsal bir mirast\u0131r&#8221; diyor. Bunun yan\u0131 s\u0131ra maun, ard\u0131\u00e7, ladin, k\u00f6knar ve Kanada \u00e7am\u0131 gibi a\u011fa\u00e7lar\u0131 da kulland\u0131\u011f\u0131n\u0131 belirtiyor.<\/p>\n<p>Ba\u011flama yap\u0131m\u0131n\u0131n zahmetli bir s\u00fcre\u00e7 oldu\u011funu vurgulayan usta, &#8220;Bir ba\u011flama 10 g\u00fcnde de yap\u0131labilir, 2 ayda da, 1 y\u0131lda da. \u00d6nemli olan onun verdi\u011fi sestir. Ba\u011flamay\u0131 eline alan ki\u015finin o enstr\u00fcmanla b\u00fct\u00fcnle\u015fmesi gerekir&#8221; diyor.<\/p>\n<h3><strong>\u201cToplumsal bir haf\u0131za\u201d<\/strong><\/h3>\n<p>G\u00fcng\u00f6r, ba\u011flaman\u0131n Alevi toplumundaki yerine de de\u011finiyor. &#8220;Ba\u011flama Alevilikte \u00e7ok \u00f6nemlidir. Dikkat ederseniz Alevilerin her taraf\u0131nda bu enstr\u00fcmana b\u00fcy\u00fck bir ra\u011fbet vard\u0131r. \u0130ran\u2019dan bile gelenler oluyor. \u00c7\u00fcnk\u00fc bu, sadece bir m\u00fczik aleti de\u011fil, ayn\u0131 zamanda bir inanc\u0131n, bir k\u00fclt\u00fcr\u00fcn ta\u015f\u0131y\u0131c\u0131s\u0131d\u0131r&#8221; diye anlat\u0131yor.<\/p>\n<p>G\u00fcng\u00f6r\u2019e g\u00f6re ba\u011flama yap\u0131m\u0131 ve \u00e7al\u0131m\u0131, sadece bireysel bir sanat de\u011fil, ayn\u0131 zamanda bir toplumsal haf\u0131za meselesi. &#8220;Eskiden kurs yerleri yoktu, \u015fimdi var. Gen\u00e7lerimiz, k\u0131zlar\u0131m\u0131z, erkeklerimiz gelip \u00f6\u011freniyorlar. Onlar\u0131n ba\u011flama \u00e7ald\u0131\u011f\u0131n\u0131 g\u00f6rmek beni \u00e7ok gururland\u0131r\u0131yor&#8221; diyor.<\/p>\n<h3><strong>\u00a0\u201cSadece bir meslek de\u011fil, a\u015fk\u201d<\/strong><\/h3>\n<p>Ba\u011flamaya olan ilginin her ge\u00e7en g\u00fcn artt\u0131\u011f\u0131n\u0131 s\u00f6yleyen G\u00fcng\u00f6r, &#8220;Yurt i\u00e7inden ve yurt d\u0131\u015f\u0131ndan insanlar geliyor, ba\u011flama istiyorlar. \u00c7alanlar, dinleyenler, merak edenler&#8230; Bu ilgiyi g\u00f6rmek beni mutlu ediyor&#8221; diyor.<\/p>\n<p>Ba\u011flamay\u0131 bir a\u015fk olarak tan\u0131mlayan G\u00fcng\u00f6r, &#8220;Bu i\u015f i\u00e7inden gelmezse yapamazs\u0131n. Ben y\u0131llard\u0131r g\u00f6zlerim yorulsa da, ellerim yorulsa da, ba\u011flaman\u0131n sesiyle b\u00fct\u00fcn yorgunlu\u011fumu unuturum. \u00c7\u00fcnk\u00fc bu i\u015f benim i\u00e7in sadece bir meslek de\u011fil, bir a\u015fkt\u0131r&#8221; diyor.<\/p>\n<h3><strong>Gen\u00e7lere \u00e7a\u011fr\u0131: Bu k\u00fclt\u00fcre sahip \u00e7\u0131k\u0131n<\/strong><\/h3>\n<p>Ancak mesle\u011fin gelece\u011fi konusunda kayg\u0131l\u0131: &#8220;Dersim\u2019de bu mesle\u011fi yapan sadece iki ki\u015fi kald\u0131k, ben ve Kaya. E\u011fer biz gidersek bu meslek de bitecek. Bunun i\u00e7in halk e\u011fitime, belediyeye, valili\u011fe gittim. Bir yer versinler ki birka\u00e7 ki\u015fi yeti\u015ftireyim, meslek \u00f6lmesin. Ama maalesef hen\u00fcz bir destek g\u00f6remedik.&#8221;<\/p>\n<p>Yetkililerden destek bekledi\u011fini de s\u00f6yleyen G\u00fcng\u00f6r, &#8220;Birka\u00e7 ki\u015fi yeti\u015ftirebilirsek bu sanat \u00f6lmez. \u0130stanbul\u2019da bu mesle\u011fi yapan pek \u00e7ok sanat\u00e7\u0131 ve zanaatk\u00e2r var. Dersim\u2019de neden olmas\u0131n? Buras\u0131 k\u00fclt\u00fcr\u00fcne, diline, inanc\u0131na sahip \u00e7\u0131kan bir \u015fehir. Ancak uygun bir yer bulamad\u0131\u011f\u0131m\u0131z i\u00e7in meslek devaml\u0131l\u0131k sorunu ya\u015f\u0131yor&#8221; diyerek mesle\u011fin gelece\u011fine dair endi\u015felerini dile getiriyor.<\/p>\n<p><strong>DERS\u0130M\/D\u00fczg\u00fcn AKDEN\u0130Z<\/strong><\/p>\n<p><img fetchpriority=\"high\" decoding=\"async\" class=\"alignnone wp-image-2973\" src=\"https:\/\/radyomunzur.com\/wp-content\/uploads\/2025\/02\/5902333110194915358-1020x765.jpg\" alt=\"\" width=\"611\" height=\"459\" srcset=\"https:\/\/radyomunzur.com\/wp-content\/uploads\/2025\/02\/5902333110194915358-1020x765.jpg 1020w, https:\/\/radyomunzur.com\/wp-content\/uploads\/2025\/02\/5902333110194915358-1080x810.jpg 1080w, https:\/\/radyomunzur.com\/wp-content\/uploads\/2025\/02\/5902333110194915358-768x576.jpg 768w, https:\/\/radyomunzur.com\/wp-content\/uploads\/2025\/02\/5902333110194915358.jpg 1280w\" sizes=\"(max-width: 611px) 100vw, 611px\" \/><\/p>\n<p><img decoding=\"async\" class=\"alignnone wp-image-2974\" src=\"https:\/\/radyomunzur.com\/wp-content\/uploads\/2025\/02\/5902333110194915363-1020x765.jpg\" alt=\"\" width=\"613\" height=\"460\" srcset=\"https:\/\/radyomunzur.com\/wp-content\/uploads\/2025\/02\/5902333110194915363-1020x765.jpg 1020w, https:\/\/radyomunzur.com\/wp-content\/uploads\/2025\/02\/5902333110194915363-1080x810.jpg 1080w, https:\/\/radyomunzur.com\/wp-content\/uploads\/2025\/02\/5902333110194915363-768x576.jpg 768w, https:\/\/radyomunzur.com\/wp-content\/uploads\/2025\/02\/5902333110194915363.jpg 1280w\" sizes=\"(max-width: 613px) 100vw, 613px\" \/><\/p>\n<p><img decoding=\"async\" class=\"alignnone wp-image-2713\" src=\"https:\/\/radyomunzur.com\/wp-content\/uploads\/2025\/01\/Ekipman_icin_Sticker-2-1020x574.png\" alt=\"\" width=\"723\" height=\"407\" srcset=\"https:\/\/radyomunzur.com\/wp-content\/uploads\/2025\/01\/Ekipman_icin_Sticker-2-1020x574.png 1020w, https:\/\/radyomunzur.com\/wp-content\/uploads\/2025\/01\/Ekipman_icin_Sticker-2-1080x608.png 1080w, https:\/\/radyomunzur.com\/wp-content\/uploads\/2025\/01\/Ekipman_icin_Sticker-2-768x432.png 768w, https:\/\/radyomunzur.com\/wp-content\/uploads\/2025\/01\/Ekipman_icin_Sticker-2-1536x864.png 1536w, https:\/\/radyomunzur.com\/wp-content\/uploads\/2025\/01\/Ekipman_icin_Sticker-2.png 1920w\" sizes=\"(max-width: 723px) 100vw, 723px\" \/><\/p>\n","protected":false},"excerpt":{"rendered":"<p>Dersim\u2019de ya\u015fayan ba\u011flama ustas\u0131 H\u00fcsn\u00fc G\u00fcng\u00f6r, 43 y\u0131l\u0131 a\u015fk\u0131n s\u00fcredir \u00f6mr\u00fcn\u00fc adad\u0131\u011f\u0131 mesle\u011fini a\u015fkla s\u00fcrd\u00fcr\u00fcyor. Ba\u011flamay\u0131 sadece bir enstr\u00fcman olarak de\u011fil, Alevi k\u00fclt\u00fcr\u00fcn\u00fcn ve inanc\u0131n\u0131n bir par\u00e7as\u0131 olarak g\u00f6ren G\u00fcng\u00f6r, &#8220;Bizim silah\u0131m\u0131z s\u00f6z\u00fcm\u00fcz ve saz\u0131m\u0131zd\u0131r&#8221; diyerek mesle\u011fine duydu\u011fu ba\u011fl\u0131l\u0131\u011f\u0131 ifade ediyor. Ba\u011flamaya adanan bir \u00f6m\u00fcr P\u00fcl\u00fcm\u00fcr\u2019de ilkokulu bitiren H\u00fcsn\u00fc G\u00fcng\u00f6r, ortaokula ba\u015flad\u0131ktan sonra \u0130stanbul\u2019a gitti. Babas\u0131n\u0131n da ba\u011flama ustas\u0131 olmas\u0131 nedeniyle \u00e7ocuk ya\u015fta bu meslekle tan\u0131\u015ft\u0131. Dedesi ve babas\u0131n\u0131n yan\u0131nda ba\u011flama yap\u0131m\u0131n\u0131n inceliklerini \u00f6\u011frenen G\u00fcng\u00f6r, 1977\u2019de Dersim\u2019e d\u00f6nerek bu i\u015fe burada devam etti. 1985 y\u0131l\u0131nda kendi at\u00f6lyesini a\u00e7arak tamamen ba\u011flama yap\u0131m\u0131na y\u00f6neldi. Ba\u011flaman\u0131n yaln\u0131zca bir enstr\u00fcman olmad\u0131\u011f\u0131n\u0131 vurgulayan G\u00fcng\u00f6r, bu mesle\u011fin bir k\u00fclt\u00fcr, inan\u00e7 ve ya\u015fam bi\u00e7imi oldu\u011funu belirtiyor: &#8220;Alevilikte en do\u011fru yolu \u00f6\u011freten bizim bu meslektir. Biz diyoruz ya telli Kuran, i\u015fte \u00fc\u00e7 tellinin \u00f6zelli\u011fi budur. Ba\u011flama, bizim dilimizdir, yolumuzdur.&#8221; Ba\u011flaman\u0131n incelikleri Ba\u011flama yap\u0131m\u0131nda kullan\u0131lan a\u011fa\u00e7lar\u0131n kalitesi b\u00fcy\u00fck \u00f6nem ta\u015f\u0131yor. G\u00fcng\u00f6r, dut a\u011fac\u0131n\u0131n ba\u011flama yap\u0131m\u0131ndaki \u00f6zel yerine dikkat \u00e7ekerek, &#8220;Ya\u015fl\u0131 dutlar \u00e7ok \u00f6nemli, herkes se\u00e7emez onlar\u0131. Yetmi\u015f, seksen, hatta y\u00fcz y\u0131ll\u0131k dut a\u011fa\u00e7lar\u0131 en iyi sesi verir. Dut, bizim dedelerimizden gelen kutsal bir mirast\u0131r&#8221; diyor. Bunun yan\u0131 s\u0131ra maun, ard\u0131\u00e7, ladin, k\u00f6knar ve Kanada \u00e7am\u0131 gibi a\u011fa\u00e7lar\u0131 da kulland\u0131\u011f\u0131n\u0131 belirtiyor. Ba\u011flama yap\u0131m\u0131n\u0131n zahmetli bir s\u00fcre\u00e7 oldu\u011funu vurgulayan usta, &#8220;Bir ba\u011flama 10 g\u00fcnde de yap\u0131labilir, 2 ayda da, 1 y\u0131lda da. \u00d6nemli olan onun verdi\u011fi sestir. Ba\u011flamay\u0131 eline alan ki\u015finin o enstr\u00fcmanla b\u00fct\u00fcnle\u015fmesi gerekir&#8221; diyor. \u201cToplumsal bir haf\u0131za\u201d G\u00fcng\u00f6r, ba\u011flaman\u0131n Alevi toplumundaki yerine de de\u011finiyor. &#8220;Ba\u011flama Alevilikte \u00e7ok \u00f6nemlidir. Dikkat ederseniz Alevilerin her taraf\u0131nda bu enstr\u00fcmana b\u00fcy\u00fck bir ra\u011fbet vard\u0131r. \u0130ran\u2019dan bile gelenler oluyor. \u00c7\u00fcnk\u00fc bu, sadece bir m\u00fczik aleti de\u011fil, ayn\u0131 zamanda bir inanc\u0131n, bir k\u00fclt\u00fcr\u00fcn ta\u015f\u0131y\u0131c\u0131s\u0131d\u0131r&#8221; diye anlat\u0131yor. G\u00fcng\u00f6r\u2019e g\u00f6re ba\u011flama yap\u0131m\u0131 ve \u00e7al\u0131m\u0131, sadece bireysel bir sanat de\u011fil, ayn\u0131 zamanda bir toplumsal haf\u0131za meselesi. &#8220;Eskiden kurs yerleri yoktu, \u015fimdi var. Gen\u00e7lerimiz, k\u0131zlar\u0131m\u0131z, erkeklerimiz gelip \u00f6\u011freniyorlar. Onlar\u0131n ba\u011flama \u00e7ald\u0131\u011f\u0131n\u0131 g\u00f6rmek beni \u00e7ok gururland\u0131r\u0131yor&#8221; diyor. \u00a0\u201cSadece bir meslek de\u011fil, a\u015fk\u201d Ba\u011flamaya olan ilginin her ge\u00e7en g\u00fcn artt\u0131\u011f\u0131n\u0131 s\u00f6yleyen G\u00fcng\u00f6r, &#8220;Yurt i\u00e7inden ve yurt d\u0131\u015f\u0131ndan insanlar geliyor, ba\u011flama istiyorlar. \u00c7alanlar, dinleyenler, merak edenler&#8230; Bu ilgiyi g\u00f6rmek beni mutlu ediyor&#8221; diyor. Ba\u011flamay\u0131 bir a\u015fk olarak tan\u0131mlayan G\u00fcng\u00f6r, &#8220;Bu i\u015f i\u00e7inden gelmezse yapamazs\u0131n. Ben y\u0131llard\u0131r g\u00f6zlerim yorulsa da, ellerim yorulsa da, ba\u011flaman\u0131n sesiyle b\u00fct\u00fcn yorgunlu\u011fumu unuturum. \u00c7\u00fcnk\u00fc bu i\u015f benim i\u00e7in sadece bir meslek de\u011fil, bir a\u015fkt\u0131r&#8221; diyor. Gen\u00e7lere \u00e7a\u011fr\u0131: Bu k\u00fclt\u00fcre sahip \u00e7\u0131k\u0131n Ancak mesle\u011fin gelece\u011fi konusunda kayg\u0131l\u0131: &#8220;Dersim\u2019de bu mesle\u011fi yapan sadece iki ki\u015fi kald\u0131k, ben ve Kaya. E\u011fer biz gidersek bu meslek de bitecek. Bunun i\u00e7in halk e\u011fitime, belediyeye, valili\u011fe gittim. Bir yer versinler ki birka\u00e7 ki\u015fi yeti\u015ftireyim, meslek \u00f6lmesin. Ama maalesef hen\u00fcz bir destek g\u00f6remedik.&#8221; Yetkililerden destek bekledi\u011fini de s\u00f6yleyen G\u00fcng\u00f6r, &#8220;Birka\u00e7 ki\u015fi yeti\u015ftirebilirsek bu sanat \u00f6lmez. \u0130stanbul\u2019da bu mesle\u011fi yapan pek \u00e7ok sanat\u00e7\u0131 ve zanaatk\u00e2r var. Dersim\u2019de neden olmas\u0131n? Buras\u0131 k\u00fclt\u00fcr\u00fcne, diline, inanc\u0131na sahip \u00e7\u0131kan bir \u015fehir. Ancak uygun bir yer bulamad\u0131\u011f\u0131m\u0131z i\u00e7in meslek devaml\u0131l\u0131k sorunu ya\u015f\u0131yor&#8221; diyerek mesle\u011fin gelece\u011fine dair endi\u015felerini dile getiriyor. DERS\u0130M\/D\u00fczg\u00fcn AKDEN\u0130Z<\/p>\n","protected":false},"author":2,"featured_media":2972,"comment_status":"open","ping_status":"open","sticky":false,"template":"","format":"standard","meta":{"_joinchat":[],"footnotes":""},"categories":[5],"tags":[270,14,273,272,269,271],"class_list":["post-2971","post","type-post","status-publish","format-standard","has-post-thumbnail","hentry","category-yerel-haberler","tag-baglama","tag-dersim","tag-husnu-gungor","tag-sanat-zanaat","tag-saz","tag-telli-calgilar"],"acf":[],"_links":{"self":[{"href":"https:\/\/radyomunzur.com\/index.php?rest_route=\/wp\/v2\/posts\/2971","targetHints":{"allow":["GET"]}}],"collection":[{"href":"https:\/\/radyomunzur.com\/index.php?rest_route=\/wp\/v2\/posts"}],"about":[{"href":"https:\/\/radyomunzur.com\/index.php?rest_route=\/wp\/v2\/types\/post"}],"author":[{"embeddable":true,"href":"https:\/\/radyomunzur.com\/index.php?rest_route=\/wp\/v2\/users\/2"}],"replies":[{"embeddable":true,"href":"https:\/\/radyomunzur.com\/index.php?rest_route=%2Fwp%2Fv2%2Fcomments&post=2971"}],"version-history":[{"count":3,"href":"https:\/\/radyomunzur.com\/index.php?rest_route=\/wp\/v2\/posts\/2971\/revisions"}],"predecessor-version":[{"id":2977,"href":"https:\/\/radyomunzur.com\/index.php?rest_route=\/wp\/v2\/posts\/2971\/revisions\/2977"}],"wp:featuredmedia":[{"embeddable":true,"href":"https:\/\/radyomunzur.com\/index.php?rest_route=\/wp\/v2\/media\/2972"}],"wp:attachment":[{"href":"https:\/\/radyomunzur.com\/index.php?rest_route=%2Fwp%2Fv2%2Fmedia&parent=2971"}],"wp:term":[{"taxonomy":"category","embeddable":true,"href":"https:\/\/radyomunzur.com\/index.php?rest_route=%2Fwp%2Fv2%2Fcategories&post=2971"},{"taxonomy":"post_tag","embeddable":true,"href":"https:\/\/radyomunzur.com\/index.php?rest_route=%2Fwp%2Fv2%2Ftags&post=2971"}],"curies":[{"name":"wp","href":"https:\/\/api.w.org\/{rel}","templated":true}]}}