{"id":2962,"date":"2025-02-25T02:31:02","date_gmt":"2025-02-25T07:31:02","guid":{"rendered":"https:\/\/radyomunzur.com\/?p=2962"},"modified":"2025-02-26T03:42:13","modified_gmt":"2025-02-26T08:42:13","slug":"sokak-hayvanlari-toplatiliyor-cozum-mu-yeni-bir-sorun-mu","status":"publish","type":"post","link":"https:\/\/radyomunzur.com\/?p=2962","title":{"rendered":"Sokak Hayvanlar\u0131 Toplat\u0131l\u0131yor: \u00c7\u00f6z\u00fcm m\u00fc, Yeni Bir Sorun mu?"},"content":{"rendered":"<p><strong>Kent genelindeki sokak k\u00f6peklerinin bar\u0131naklara toplanmas\u0131 karar\u0131na kar\u015f\u0131 hayvan haklar\u0131 savunucular\u0131, al\u0131nan karar\u0131n \u00e7\u00f6z\u00fcmden uzak oldu\u011funu belirterek, k\u0131s\u0131rla\u015ft\u0131rma yap\u0131lmadan bu sorunun \u00e7\u00f6z\u00fclemeyece\u011fini vurguluyor.<\/strong><\/p>\n<p>Dersim Hayvanlar\u0131 Koruma ve Ya\u015fatma Derne\u011fi (DERHAYKO) Ba\u015fkan\u0131 Ezgi Do\u011fan, kentteki sokak k\u00f6peklerinin b\u00fcy\u00fck bir b\u00f6l\u00fcm\u00fcn\u00fcn toplanmas\u0131n\u0131 \u00f6ng\u00f6ren karara tepki g\u00f6sterdi. Do\u011fan, al\u0131nan karar\u0131n \u00e7\u00f6z\u00fcmden uzak oldu\u011funu belirterek, k\u0131s\u0131rla\u015ft\u0131rma politikalar\u0131n\u0131n hayata ge\u00e7irilmeden bu sorunun \u00e7\u00f6z\u00fclemeyece\u011fini vurgulad\u0131.<\/p>\n<h3><strong>\u201cBu karar bir k\u0131s\u0131r d\u00f6ng\u00fc yaratacak\u201d<\/strong><\/h3>\n<p>Ezgi Do\u011fan, toplant\u0131ya sivil toplum kurulu\u015fu temsilcisi olarak kat\u0131ld\u0131klar\u0131n\u0131 ve al\u0131nan kararlar\u0131n hayvan haklar\u0131na ayk\u0131r\u0131 oldu\u011funu ifade etti. Do\u011fan \u015fu ifadeleri kulland\u0131:<\/p>\n<p><strong>\u201cKent genelindeki k\u00f6peklerin %70\u2019inin toplanmas\u0131 kararla\u015ft\u0131r\u0131ld\u0131. Ancak pop\u00fclasyon art\u0131\u015f\u0131n\u0131n temel sebebi olan k\u00f6y ve il\u00e7elerde k\u0131s\u0131rla\u015ft\u0131rma \u00e7al\u0131\u015fmalar\u0131 yap\u0131lmad\u0131\u011f\u0131 s\u00fcrece bu sorun asla \u00e7\u00f6z\u00fclmeyecek. K\u0131s\u0131rla\u015ft\u0131rma yap\u0131lmadan hayvanlar\u0131 toplamak sadece bir k\u0131s\u0131r d\u00f6ng\u00fc yaratacakt\u0131r.\u201d<\/strong><\/p>\n<p>Do\u011fan ayr\u0131ca, sokak k\u00f6peklerinin yoklu\u011funda \u015fehirde artan domuz pop\u00fclasyonuna dikkat \u00e7ekerek \u015fu uyar\u0131da bulundu:<\/p>\n<p><strong>\u201cBug\u00fcn \u015fehirde ciddi bir domuz pop\u00fclasyonu var. Sokakta k\u00f6peklerin olmad\u0131\u011f\u0131 bir ortamda, domuzlar\u0131n yayd\u0131\u011f\u0131 parazitler halk sa\u011fl\u0131\u011f\u0131 a\u00e7\u0131s\u0131ndan daha b\u00fcy\u00fck riskler olu\u015fturacak. Kuduz gibi hastal\u0131klar\u0131n yeniden ortaya \u00e7\u0131kma riski artacak.\u201d<\/strong><\/p>\n<h3><strong>DERHAYKO\u2019dan maliyet ve y\u00f6netim Uyar\u0131s\u0131<\/strong><\/h3>\n<p>Yeni yasa kapsam\u0131nda b\u00fcy\u00fck \u0131rk k\u00f6peklerin g\u00fcnde en az bir, yavru k\u00f6peklerin ise g\u00fcnde en az iki kez beslenmesi gerekti\u011fini hat\u0131rlatan Ezgi Do\u011fan, mevcut b\u00fct\u00e7enin yetersiz oldu\u011funu belirtti: <strong>\u201c\u015eu an kent genelinde 4000\u2019e yak\u0131n sokak k\u00f6pe\u011fi var. Sadece ayl\u0131k mama maliyeti 4 milyon TL\u2019ye ula\u015f\u0131yor. Bunun yan\u0131 s\u0131ra personel, ila\u00e7 ve bak\u0131m maliyetleri de d\u00fc\u015f\u00fcn\u00fcld\u00fc\u011f\u00fcnde, mevcut y\u00f6netim de\u011fi\u015fti\u011finde bu y\u00fck\u00fc hi\u00e7bir yerel y\u00f6netim kar\u015f\u0131layamaz.\u201d<\/strong><\/p>\n<h3><strong>DERHAYKO yetkililere \u00e7a\u011fr\u0131 yapt\u0131<\/strong><\/h3>\n<p>Ezgi Do\u011fan, yetkililere \u00e7a\u011fr\u0131da bulunarak, al\u0131nan kararlar\u0131n g\u00f6zden ge\u00e7irilmesi gerekti\u011fini vurgulad\u0131. Hayvan severler ve sivil toplum kurulu\u015flar\u0131, hayvan haklar\u0131n\u0131 savunmaya devam edeceklerini belirterek, kal\u0131c\u0131 bir \u00e7\u00f6z\u00fcm i\u00e7in k\u0131s\u0131rla\u015ft\u0131rma seferberli\u011fi ba\u015flat\u0131lmas\u0131n\u0131 talep etti. Do\u011fan, belediye ve valilik yetkililerinin bilimsel veriler \u0131\u015f\u0131\u011f\u0131nda hareket etmesi gerekti\u011fini ifade ederek, \u015fu s\u00f6zlerle a\u00e7\u0131klamas\u0131n\u0131 sonland\u0131rd\u0131:<\/p>\n<p><strong>\u201cSokak hayvanlar\u0131 ile ilgili al\u0131nan her karar, sadece bug\u00fcn\u00fc de\u011fil, gelece\u011fi de d\u00fc\u015f\u00fcnerek verilmelidir. Bilimsel ve s\u00fcrd\u00fcr\u00fclebilir y\u00f6ntemler uygulanmadan yap\u0131lan bu t\u00fcr uygulamalar, sorunu \u00e7\u00f6zmeyece\u011fi gibi, daha b\u00fcy\u00fck krizlere yol a\u00e7acakt\u0131r.\u201d<\/strong><\/p>\n<h3><strong>Toplatma Karar\u0131 ve Yetkililerin A\u00e7\u0131klamalar\u0131<\/strong><\/h3>\n<p>Dersim\u2019de sokak hayvanlar\u0131n\u0131n durumu ile ilgili 20 \u015eubat g\u00fcn\u00fc Vali ve Belediye Ba\u015fkanvekili B\u00fclent Tekb\u0131y\u0131ko\u011flu ba\u015fkanl\u0131\u011f\u0131nda bir toplant\u0131 ger\u00e7ekle\u015ftirildi. 112 \u00c7a\u011fr\u0131 Merkezi ve GAMER\u2019de d\u00fczenlenen toplant\u0131ya \u0130l Jandarma Komutan\u0131 Tu\u011fgeneral B\u00fclent Baykal, vali yard\u0131mc\u0131lar\u0131, \u0130l Emniyet M\u00fcd\u00fcr\u00fc Hakan Duman, ilgili kurum amirleri, il\u00e7e belediye ba\u015fkanlar\u0131 ve DERHAYKO y\u00f6netimi kat\u0131ld\u0131.<\/p>\n<p>Toplant\u0131da, \u2018Hayvan Koruma Kurulu\u2019nun olu\u015fturulmas\u0131na karar verilirken, \u00f6zellikle kamu binalar\u0131, hastaneler ve okullar\u0131n \u00e7evresinde ba\u015f\u0131bo\u015f gezen k\u00f6peklerin toplanmas\u0131 kararla\u015ft\u0131r\u0131ld\u0131. Vali Tekb\u0131y\u0131ko\u011flu, kent genelinde k\u00f6pek pop\u00fclasyonunun kontrol alt\u0131na al\u0131nmas\u0131n\u0131n ama\u00e7land\u0131\u011f\u0131n\u0131 belirterek \u015funlar\u0131 s\u00f6yledi:<\/p>\n<p><strong>\u201cHer ne kadar sokak hayvanlar\u0131 ifadesi kullan\u0131lsa da asl\u0131nda hi\u00e7bir hayvan\u0131n yeri sokak de\u011fildir. Artan k\u00f6pek pop\u00fclasyonu, hem halk sa\u011fl\u0131\u011f\u0131n\u0131 hem de g\u00fcvenli\u011fi tehdit ediyor. Ankara, Y\u00fcksekova ve di\u011fer baz\u0131 illerde \u00f6l\u00fcmle sonu\u00e7lanan vakalar ya\u015fand\u0131. Dersim\u2019de ge\u00e7en y\u0131l sa\u011fl\u0131k birimlerine 600\u2019\u00fcn \u00fczerinde \u0131s\u0131r\u0131k vakas\u0131 bildirildi. Bu vakalar\u0131n 334\u2019\u00fc k\u00f6pek sald\u0131r\u0131s\u0131 sonucu meydana geldi.\u201d<\/strong><\/p>\n<p>Yetkililer, sokak k\u00f6peklerinin kontroll\u00fc bir \u015fekilde bar\u0131naklara al\u0131narak, do\u011fal ya\u015fam alanlar\u0131n\u0131 aratmayacak bir sistem olu\u015fturulaca\u011f\u0131n\u0131 belirtti. Ayr\u0131ca, k\u0131s\u0131rla\u015ft\u0131rma \u00e7al\u0131\u015fmalar\u0131n\u0131n da devam edece\u011fi ifade edildi.<\/p>\n<p><strong>DERS\u0130M\/H\u00fcseyin Ya\u015far SEZG\u0130N<\/strong><\/p>\n<p><img fetchpriority=\"high\" decoding=\"async\" class=\"alignnone size-medium wp-image-2968\" src=\"https:\/\/radyomunzur.com\/wp-content\/uploads\/2025\/02\/WhatsApp-Image-2025-02-25-at-08.59.54.jpeg\" alt=\"\" width=\"750\" height=\"321\" \/><\/p>\n<p><img decoding=\"async\" class=\"alignnone size-full wp-image-2969\" src=\"https:\/\/radyomunzur.com\/wp-content\/uploads\/2025\/02\/WhatsApp-Image-2025-02-25-at-08.59.53.jpeg\" alt=\"\" width=\"750\" height=\"438\" \/><\/p>\n<p><img decoding=\"async\" class=\"alignnone wp-image-2713\" src=\"https:\/\/radyomunzur.com\/wp-content\/uploads\/2025\/01\/Ekipman_icin_Sticker-2-1020x574.png\" alt=\"\" width=\"782\" height=\"440\" srcset=\"https:\/\/radyomunzur.com\/wp-content\/uploads\/2025\/01\/Ekipman_icin_Sticker-2-1020x574.png 1020w, https:\/\/radyomunzur.com\/wp-content\/uploads\/2025\/01\/Ekipman_icin_Sticker-2-1080x608.png 1080w, https:\/\/radyomunzur.com\/wp-content\/uploads\/2025\/01\/Ekipman_icin_Sticker-2-768x432.png 768w, https:\/\/radyomunzur.com\/wp-content\/uploads\/2025\/01\/Ekipman_icin_Sticker-2-1536x864.png 1536w, https:\/\/radyomunzur.com\/wp-content\/uploads\/2025\/01\/Ekipman_icin_Sticker-2.png 1920w\" sizes=\"(max-width: 782px) 100vw, 782px\" \/><\/p>\n","protected":false},"excerpt":{"rendered":"<p>Kent genelindeki sokak k\u00f6peklerinin bar\u0131naklara toplanmas\u0131 karar\u0131na kar\u015f\u0131 hayvan haklar\u0131 savunucular\u0131, al\u0131nan karar\u0131n \u00e7\u00f6z\u00fcmden uzak oldu\u011funu belirterek, k\u0131s\u0131rla\u015ft\u0131rma yap\u0131lmadan bu sorunun \u00e7\u00f6z\u00fclemeyece\u011fini vurguluyor. Dersim Hayvanlar\u0131 Koruma ve Ya\u015fatma Derne\u011fi (DERHAYKO) Ba\u015fkan\u0131 Ezgi Do\u011fan, kentteki sokak k\u00f6peklerinin b\u00fcy\u00fck bir b\u00f6l\u00fcm\u00fcn\u00fcn toplanmas\u0131n\u0131 \u00f6ng\u00f6ren karara tepki g\u00f6sterdi. Do\u011fan, al\u0131nan karar\u0131n \u00e7\u00f6z\u00fcmden uzak oldu\u011funu belirterek, k\u0131s\u0131rla\u015ft\u0131rma politikalar\u0131n\u0131n hayata ge\u00e7irilmeden bu sorunun \u00e7\u00f6z\u00fclemeyece\u011fini vurgulad\u0131. \u201cBu karar bir k\u0131s\u0131r d\u00f6ng\u00fc yaratacak\u201d Ezgi Do\u011fan, toplant\u0131ya sivil toplum kurulu\u015fu temsilcisi olarak kat\u0131ld\u0131klar\u0131n\u0131 ve al\u0131nan kararlar\u0131n hayvan haklar\u0131na ayk\u0131r\u0131 oldu\u011funu ifade etti. Do\u011fan \u015fu ifadeleri kulland\u0131: \u201cKent genelindeki k\u00f6peklerin %70\u2019inin toplanmas\u0131 kararla\u015ft\u0131r\u0131ld\u0131. Ancak pop\u00fclasyon art\u0131\u015f\u0131n\u0131n temel sebebi olan k\u00f6y ve il\u00e7elerde k\u0131s\u0131rla\u015ft\u0131rma \u00e7al\u0131\u015fmalar\u0131 yap\u0131lmad\u0131\u011f\u0131 s\u00fcrece bu sorun asla \u00e7\u00f6z\u00fclmeyecek. K\u0131s\u0131rla\u015ft\u0131rma yap\u0131lmadan hayvanlar\u0131 toplamak sadece bir k\u0131s\u0131r d\u00f6ng\u00fc yaratacakt\u0131r.\u201d Do\u011fan ayr\u0131ca, sokak k\u00f6peklerinin yoklu\u011funda \u015fehirde artan domuz pop\u00fclasyonuna dikkat \u00e7ekerek \u015fu uyar\u0131da bulundu: \u201cBug\u00fcn \u015fehirde ciddi bir domuz pop\u00fclasyonu var. Sokakta k\u00f6peklerin olmad\u0131\u011f\u0131 bir ortamda, domuzlar\u0131n yayd\u0131\u011f\u0131 parazitler halk sa\u011fl\u0131\u011f\u0131 a\u00e7\u0131s\u0131ndan daha b\u00fcy\u00fck riskler olu\u015fturacak. Kuduz gibi hastal\u0131klar\u0131n yeniden ortaya \u00e7\u0131kma riski artacak.\u201d DERHAYKO\u2019dan maliyet ve y\u00f6netim Uyar\u0131s\u0131 Yeni yasa kapsam\u0131nda b\u00fcy\u00fck \u0131rk k\u00f6peklerin g\u00fcnde en az bir, yavru k\u00f6peklerin ise g\u00fcnde en az iki kez beslenmesi gerekti\u011fini hat\u0131rlatan Ezgi Do\u011fan, mevcut b\u00fct\u00e7enin yetersiz oldu\u011funu belirtti: \u201c\u015eu an kent genelinde 4000\u2019e yak\u0131n sokak k\u00f6pe\u011fi var. Sadece ayl\u0131k mama maliyeti 4 milyon TL\u2019ye ula\u015f\u0131yor. Bunun yan\u0131 s\u0131ra personel, ila\u00e7 ve bak\u0131m maliyetleri de d\u00fc\u015f\u00fcn\u00fcld\u00fc\u011f\u00fcnde, mevcut y\u00f6netim de\u011fi\u015fti\u011finde bu y\u00fck\u00fc hi\u00e7bir yerel y\u00f6netim kar\u015f\u0131layamaz.\u201d DERHAYKO yetkililere \u00e7a\u011fr\u0131 yapt\u0131 Ezgi Do\u011fan, yetkililere \u00e7a\u011fr\u0131da bulunarak, al\u0131nan kararlar\u0131n g\u00f6zden ge\u00e7irilmesi gerekti\u011fini vurgulad\u0131. Hayvan severler ve sivil toplum kurulu\u015flar\u0131, hayvan haklar\u0131n\u0131 savunmaya devam edeceklerini belirterek, kal\u0131c\u0131 bir \u00e7\u00f6z\u00fcm i\u00e7in k\u0131s\u0131rla\u015ft\u0131rma seferberli\u011fi ba\u015flat\u0131lmas\u0131n\u0131 talep etti. Do\u011fan, belediye ve valilik yetkililerinin bilimsel veriler \u0131\u015f\u0131\u011f\u0131nda hareket etmesi gerekti\u011fini ifade ederek, \u015fu s\u00f6zlerle a\u00e7\u0131klamas\u0131n\u0131 sonland\u0131rd\u0131: \u201cSokak hayvanlar\u0131 ile ilgili al\u0131nan her karar, sadece bug\u00fcn\u00fc de\u011fil, gelece\u011fi de d\u00fc\u015f\u00fcnerek verilmelidir. Bilimsel ve s\u00fcrd\u00fcr\u00fclebilir y\u00f6ntemler uygulanmadan yap\u0131lan bu t\u00fcr uygulamalar, sorunu \u00e7\u00f6zmeyece\u011fi gibi, daha b\u00fcy\u00fck krizlere yol a\u00e7acakt\u0131r.\u201d Toplatma Karar\u0131 ve Yetkililerin A\u00e7\u0131klamalar\u0131 Dersim\u2019de sokak hayvanlar\u0131n\u0131n durumu ile ilgili 20 \u015eubat g\u00fcn\u00fc Vali ve Belediye Ba\u015fkanvekili B\u00fclent Tekb\u0131y\u0131ko\u011flu ba\u015fkanl\u0131\u011f\u0131nda bir toplant\u0131 ger\u00e7ekle\u015ftirildi. 112 \u00c7a\u011fr\u0131 Merkezi ve GAMER\u2019de d\u00fczenlenen toplant\u0131ya \u0130l Jandarma Komutan\u0131 Tu\u011fgeneral B\u00fclent Baykal, vali yard\u0131mc\u0131lar\u0131, \u0130l Emniyet M\u00fcd\u00fcr\u00fc Hakan Duman, ilgili kurum amirleri, il\u00e7e belediye ba\u015fkanlar\u0131 ve DERHAYKO y\u00f6netimi kat\u0131ld\u0131. Toplant\u0131da, \u2018Hayvan Koruma Kurulu\u2019nun olu\u015fturulmas\u0131na karar verilirken, \u00f6zellikle kamu binalar\u0131, hastaneler ve okullar\u0131n \u00e7evresinde ba\u015f\u0131bo\u015f gezen k\u00f6peklerin toplanmas\u0131 kararla\u015ft\u0131r\u0131ld\u0131. Vali Tekb\u0131y\u0131ko\u011flu, kent genelinde k\u00f6pek pop\u00fclasyonunun kontrol alt\u0131na al\u0131nmas\u0131n\u0131n ama\u00e7land\u0131\u011f\u0131n\u0131 belirterek \u015funlar\u0131 s\u00f6yledi: \u201cHer ne kadar sokak hayvanlar\u0131 ifadesi kullan\u0131lsa da asl\u0131nda hi\u00e7bir hayvan\u0131n yeri sokak de\u011fildir. Artan k\u00f6pek pop\u00fclasyonu, hem halk sa\u011fl\u0131\u011f\u0131n\u0131 hem de g\u00fcvenli\u011fi tehdit ediyor. Ankara, Y\u00fcksekova ve di\u011fer baz\u0131 illerde \u00f6l\u00fcmle sonu\u00e7lanan vakalar ya\u015fand\u0131. Dersim\u2019de ge\u00e7en y\u0131l sa\u011fl\u0131k birimlerine 600\u2019\u00fcn \u00fczerinde \u0131s\u0131r\u0131k vakas\u0131 bildirildi. Bu vakalar\u0131n 334\u2019\u00fc k\u00f6pek sald\u0131r\u0131s\u0131 sonucu meydana geldi.\u201d Yetkililer, sokak k\u00f6peklerinin kontroll\u00fc bir \u015fekilde bar\u0131naklara al\u0131narak, do\u011fal ya\u015fam alanlar\u0131n\u0131 aratmayacak bir sistem olu\u015fturulaca\u011f\u0131n\u0131 belirtti. Ayr\u0131ca, k\u0131s\u0131rla\u015ft\u0131rma \u00e7al\u0131\u015fmalar\u0131n\u0131n da devam edece\u011fi ifade edildi. DERS\u0130M\/H\u00fcseyin Ya\u015far SEZG\u0130N<\/p>\n","protected":false},"author":2,"featured_media":2966,"comment_status":"open","ping_status":"open","sticky":false,"template":"","format":"standard","meta":{"_joinchat":[],"footnotes":""},"categories":[5],"tags":[81,16,105,275,156,90,110,99,89,118],"class_list":["post-2962","post","type-post","status-publish","format-standard","has-post-thumbnail","hentry","category-yerel-haberler","tag-alevi","tag-deprem","tag-hayat","tag-hayvan-haklari","tag-hayvancilik","tag-mucadele","tag-nazimiye","tag-ovacik","tag-yasam","tag-yasamalanlari"],"acf":[],"_links":{"self":[{"href":"https:\/\/radyomunzur.com\/index.php?rest_route=\/wp\/v2\/posts\/2962","targetHints":{"allow":["GET"]}}],"collection":[{"href":"https:\/\/radyomunzur.com\/index.php?rest_route=\/wp\/v2\/posts"}],"about":[{"href":"https:\/\/radyomunzur.com\/index.php?rest_route=\/wp\/v2\/types\/post"}],"author":[{"embeddable":true,"href":"https:\/\/radyomunzur.com\/index.php?rest_route=\/wp\/v2\/users\/2"}],"replies":[{"embeddable":true,"href":"https:\/\/radyomunzur.com\/index.php?rest_route=%2Fwp%2Fv2%2Fcomments&post=2962"}],"version-history":[{"count":2,"href":"https:\/\/radyomunzur.com\/index.php?rest_route=\/wp\/v2\/posts\/2962\/revisions"}],"predecessor-version":[{"id":2970,"href":"https:\/\/radyomunzur.com\/index.php?rest_route=\/wp\/v2\/posts\/2962\/revisions\/2970"}],"wp:featuredmedia":[{"embeddable":true,"href":"https:\/\/radyomunzur.com\/index.php?rest_route=\/wp\/v2\/media\/2966"}],"wp:attachment":[{"href":"https:\/\/radyomunzur.com\/index.php?rest_route=%2Fwp%2Fv2%2Fmedia&parent=2962"}],"wp:term":[{"taxonomy":"category","embeddable":true,"href":"https:\/\/radyomunzur.com\/index.php?rest_route=%2Fwp%2Fv2%2Fcategories&post=2962"},{"taxonomy":"post_tag","embeddable":true,"href":"https:\/\/radyomunzur.com\/index.php?rest_route=%2Fwp%2Fv2%2Ftags&post=2962"}],"curies":[{"name":"wp","href":"https:\/\/api.w.org\/{rel}","templated":true}]}}