{"id":2959,"date":"2025-02-24T06:38:31","date_gmt":"2025-02-24T11:38:31","guid":{"rendered":"https:\/\/radyomunzur.com\/?p=2959"},"modified":"2025-02-26T03:43:27","modified_gmt":"2025-02-26T08:43:27","slug":"yuruk-saglik-emekcilerinin-talepleri-liyakat-esitlik-ve-guvenceli-calisma-kosullari","status":"publish","type":"post","link":"https:\/\/radyomunzur.com\/?p=2959","title":{"rendered":"Y\u00dcR\u00dcK: \u2018SA\u011eLIK EMEK\u00c7\u0130LER\u0130N\u0130N TALEPLER\u0130 L\u0130YAKAT, E\u015e\u0130TL\u0130K VE G\u00dcVENCEL\u0130 \u00c7ALI\u015eMA KO\u015eULLARI\u2019"},"content":{"rendered":"<p>Sa\u011fl\u0131k alan\u0131nda ya\u015fanan s\u0131k\u0131nt\u0131lar sona ermiyor. Sa\u011fl\u0131k hakk\u0131ndan yararlanmada hastalar ve sa\u011fl\u0131k \u00e7al\u0131\u015fanlar\u0131 s\u0131k s\u0131k kar\u015f\u0131 kar\u015f\u0131ya getirilirken sa\u011fl\u0131k emek\u00e7ileri \u00e7al\u0131\u015fma ko\u015fullar\u0131n\u0131n ve \u00f6zl\u00fck haklar\u0131n\u0131n iyile\u015ftirilmesi talebiyle i\u015f b\u0131rakma eylemlerine gitmeye devam ediyor. Sa\u011fl\u0131k emek\u00e7ilerinin ya\u015fad\u0131klar\u0131 sorunlar i\u00e7in Sa\u011fl\u0131k ve Sosyal Hizmetler Sendikas\u0131 (SES) Dersim \u015eubesi E\u015f Ba\u015fkan\u0131 Kahraman Y\u00fcr\u00fck ile g\u00f6r\u00fc\u015ft\u00fck.<\/p>\n<p>\u2018\u0130ST\u0130HDAM REJ\u0130M\u0130NDEK\u0130 KARMA\u015eA VE ADALETS\u0130ZL\u0130K G\u0130DER\u0130LMEL\u0130D\u0130R\u2019<\/p>\n<p>Y\u00fcr\u00fck \u00f6ncelikli olarak \u201cSa\u011fl\u0131k ve sosyal hizmet emek\u00e7ileri say\u0131s\u0131 OECD ortalamas\u0131na, g\u00fcvenceli ve kadrolu istihdamla \u00e7\u0131kar\u0131lmal\u0131d\u0131r.\u201d diyerek sa\u011fl\u0131k emek\u00e7ilerinin sorunlar\u0131n\u0131 ve taleplerini dile getirdi,<\/p>\n<p>\u201cSa\u011fl\u0131k emek\u00e7ilerine ek \u00f6deme, te\u015fvik vb. adlarla yap\u0131lan, ekip anlay\u0131\u015f\u0131n\u0131 bozan, rekabet olu\u015fturan ve \u00e7al\u0131\u015fma bar\u0131\u015f\u0131n\u0131 bozan \u00f6deme y\u00f6ntemi yerine yoksulluk s\u0131n\u0131r\u0131n\u0131n \u00fczerinde, tek kalemde, tamam\u0131 emeklili\u011fe yans\u0131yacak \u015fekilde temel \u00fccret \u00f6denmesine ba\u015flanmal\u0131d\u0131r. Temel \u00fccret \u00fczerine yap\u0131lan i\u015fin niteli\u011fi ve riski, e\u011fitim durumu, k\u0131dem y\u0131l\u0131 gibi kriterler ile giydirilmi\u015f \u00fccret belirlenmelidir. Hak edi\u015flerin tavan \u00fccret kat say\u0131lar\u0131na tak\u0131lmamas\u0131 i\u00e7in, tavan \u00fccret katsay\u0131lar\u0131 y\u00fckseltilmelidir. 4-d,4b,4c,4924, ASDEP, ek ders, s\u00f6zle\u015fmeli vb. t\u00fcm istihdam tipleri ile \u00e7al\u0131\u015fanlar\u0131n istihdam modeli 4a stat\u00fcs\u00fcne al\u0131nmal\u0131d\u0131r.\u201d<\/p>\n<p>Sa\u011fl\u0131k emek\u00e7ilerinin uygulanan d\u00f6ner sermaye uygulamalar\u0131 nedeniyle kamuda \u00e7al\u0131\u015fan emsallerine g\u00f6re daha erken vergi dilimine girdi\u011fini aktaran Y\u00fcr\u00fck konu\u015fmas\u0131n\u0131 \u015f\u00f6yle s\u00fcrd\u00fcrd\u00fc,<\/p>\n<p>\u201cYoksulluk s\u0131n\u0131r\u0131 \u00fczerinde emeklili\u011fe yans\u0131yan temel \u00fccret rejimine gidilinceye kadar emeklili\u011fe yans\u0131mayan d\u00f6ner sermaye, te\u015fvik vb. isimler ad\u0131 alt\u0131nda \u00f6denen t\u00fcm \u00fccretler vergi dilimi d\u0131\u015f\u0131nda b\u0131rak\u0131lmal\u0131d\u0131r. Vergi dilimleri y\u00fczde 10\u2019da sabitlenmelidir. ASM\u2019ler kamu binalar\u0131nda fiziki ko\u015fullar\u0131 insan sa\u011fl\u0131\u011f\u0131na ve hizmet \u00fcretecek nitelikte yeniden d\u00fczenlenmelidir. Uygulanan eziyet y\u00f6netmeli\u011fi geri \u00e7ekilmeli, alanda \u00f6rg\u00fctl\u00fc emek ve meslek \u00f6rg\u00fctleri ile halk ve emek\u00e7iler yarar\u0131na olacak yasal d\u00fczenleme yap\u0131lmal\u0131d\u0131r. \u0130lave ek zam emeklili\u011fe yans\u0131yacak \u015fekilde d\u00fczeltilmelidir.\u201d<\/p>\n<p>\u2018SA\u011eLIK H\u0130ZMETLER\u0130 SUNUMU KAMUNUN SORUMLULU\u011eUNDADIR\u2019<\/p>\n<p>\u201cT\u00fcm sa\u011fl\u0131k ve sosyal hizmet alan\u0131nda \u00e7al\u0131\u015fan emek\u00e7ilerin mesleklerine y\u00f6nelik tan\u0131mlar net olarak yap\u0131lmal\u0131, angarya \u00e7al\u0131\u015ft\u0131rma yasaklanmal\u0131, \u00e7al\u0131\u015fanlar\u0131n tayin haklar\u0131 ba\u015fta olmak \u00fczere \u00f6zl\u00fck ve sosyal haklar\u0131 garanti alt\u0131na al\u0131nmal\u0131d\u0131r.\u201d ifadelerini kullanan Y\u00fcr\u00fck son olarak taleplerini \u015fu \u015fekilde s\u0131ralad\u0131,<\/p>\n<p>\u201cSa\u011fl\u0131k ve sosyal hizmetlerin \u00fcretilmesi planlanmas\u0131 ve sunulmas\u0131n\u0131n t\u00fcm a\u015famalar\u0131nda sa\u011fl\u0131k ve sosyal hizmet emek\u00e7ileri ve \u00f6rg\u00fctleri s\u00fcre\u00e7lere d\u00e2hil edilmelidir. Herkese e\u015fit, \u00fccretsiz, ula\u015f\u0131labilir, nitelikli ve anadilinde sa\u011fl\u0131k ve sosyal hizmet sunumu i\u00e7in gerekli \u00e7al\u0131\u015fmalar birlikte planlanmal\u0131d\u0131r. Hukuksuz bir \u015fekilde ihra\u00e7 edilen ve hakk\u0131nda kesinle\u015fmi\u015f yarg\u0131 karar\u0131 bulunmayan sa\u011fl\u0131k emek\u00e7ileri g\u00f6revlerine iade edilmelidir. Kamuda idarecilik yapan g\u00f6revliler, siyasilerin ya da kendi ideolojik g\u00f6r\u00fc\u015flerine g\u00f6re kurumlar\u0131 dizayn etmemeleri, liyakat esas\u0131na g\u00f6re g\u00f6revlendirmelerin yap\u0131larak sa\u011fl\u0131k emek\u00e7ileri aras\u0131nda ayr\u0131mc\u0131 davranarak i\u015f bar\u0131\u015f\u0131n\u0131 bozacak uygulamalardan vazge\u00e7melidirler.\u201d<\/p>\n<p><strong>DERS\u0130M\/Hakan K\u0130Z\u0130R<\/strong><\/p>\n<p><img fetchpriority=\"high\" decoding=\"async\" class=\"alignnone wp-image-2713\" src=\"https:\/\/radyomunzur.com\/wp-content\/uploads\/2025\/01\/Ekipman_icin_Sticker-2-1020x574.png\" alt=\"\" width=\"739\" height=\"416\" srcset=\"https:\/\/radyomunzur.com\/wp-content\/uploads\/2025\/01\/Ekipman_icin_Sticker-2-1020x574.png 1020w, https:\/\/radyomunzur.com\/wp-content\/uploads\/2025\/01\/Ekipman_icin_Sticker-2-1080x608.png 1080w, https:\/\/radyomunzur.com\/wp-content\/uploads\/2025\/01\/Ekipman_icin_Sticker-2-768x432.png 768w, https:\/\/radyomunzur.com\/wp-content\/uploads\/2025\/01\/Ekipman_icin_Sticker-2-1536x864.png 1536w, https:\/\/radyomunzur.com\/wp-content\/uploads\/2025\/01\/Ekipman_icin_Sticker-2.png 1920w\" sizes=\"(max-width: 739px) 100vw, 739px\" \/><\/p>\n","protected":false},"excerpt":{"rendered":"<p>Sa\u011fl\u0131k alan\u0131nda ya\u015fanan s\u0131k\u0131nt\u0131lar sona ermiyor. Sa\u011fl\u0131k hakk\u0131ndan yararlanmada hastalar ve sa\u011fl\u0131k \u00e7al\u0131\u015fanlar\u0131 s\u0131k s\u0131k kar\u015f\u0131 kar\u015f\u0131ya getirilirken sa\u011fl\u0131k emek\u00e7ileri \u00e7al\u0131\u015fma ko\u015fullar\u0131n\u0131n ve \u00f6zl\u00fck haklar\u0131n\u0131n iyile\u015ftirilmesi talebiyle i\u015f b\u0131rakma eylemlerine gitmeye devam ediyor. Sa\u011fl\u0131k emek\u00e7ilerinin ya\u015fad\u0131klar\u0131 sorunlar i\u00e7in Sa\u011fl\u0131k ve Sosyal Hizmetler Sendikas\u0131 (SES) Dersim \u015eubesi E\u015f Ba\u015fkan\u0131 Kahraman Y\u00fcr\u00fck ile g\u00f6r\u00fc\u015ft\u00fck. \u2018\u0130ST\u0130HDAM REJ\u0130M\u0130NDEK\u0130 KARMA\u015eA VE ADALETS\u0130ZL\u0130K G\u0130DER\u0130LMEL\u0130D\u0130R\u2019 Y\u00fcr\u00fck \u00f6ncelikli olarak \u201cSa\u011fl\u0131k ve sosyal hizmet emek\u00e7ileri say\u0131s\u0131 OECD ortalamas\u0131na, g\u00fcvenceli ve kadrolu istihdamla \u00e7\u0131kar\u0131lmal\u0131d\u0131r.\u201d diyerek sa\u011fl\u0131k emek\u00e7ilerinin sorunlar\u0131n\u0131 ve taleplerini dile getirdi, \u201cSa\u011fl\u0131k emek\u00e7ilerine ek \u00f6deme, te\u015fvik vb. adlarla yap\u0131lan, ekip anlay\u0131\u015f\u0131n\u0131 bozan, rekabet olu\u015fturan ve \u00e7al\u0131\u015fma bar\u0131\u015f\u0131n\u0131 bozan \u00f6deme y\u00f6ntemi yerine yoksulluk s\u0131n\u0131r\u0131n\u0131n \u00fczerinde, tek kalemde, tamam\u0131 emeklili\u011fe yans\u0131yacak \u015fekilde temel \u00fccret \u00f6denmesine ba\u015flanmal\u0131d\u0131r. Temel \u00fccret \u00fczerine yap\u0131lan i\u015fin niteli\u011fi ve riski, e\u011fitim durumu, k\u0131dem y\u0131l\u0131 gibi kriterler ile giydirilmi\u015f \u00fccret belirlenmelidir. Hak edi\u015flerin tavan \u00fccret kat say\u0131lar\u0131na tak\u0131lmamas\u0131 i\u00e7in, tavan \u00fccret katsay\u0131lar\u0131 y\u00fckseltilmelidir. 4-d,4b,4c,4924, ASDEP, ek ders, s\u00f6zle\u015fmeli vb. t\u00fcm istihdam tipleri ile \u00e7al\u0131\u015fanlar\u0131n istihdam modeli 4a stat\u00fcs\u00fcne al\u0131nmal\u0131d\u0131r.\u201d Sa\u011fl\u0131k emek\u00e7ilerinin uygulanan d\u00f6ner sermaye uygulamalar\u0131 nedeniyle kamuda \u00e7al\u0131\u015fan emsallerine g\u00f6re daha erken vergi dilimine girdi\u011fini aktaran Y\u00fcr\u00fck konu\u015fmas\u0131n\u0131 \u015f\u00f6yle s\u00fcrd\u00fcrd\u00fc, \u201cYoksulluk s\u0131n\u0131r\u0131 \u00fczerinde emeklili\u011fe yans\u0131yan temel \u00fccret rejimine gidilinceye kadar emeklili\u011fe yans\u0131mayan d\u00f6ner sermaye, te\u015fvik vb. isimler ad\u0131 alt\u0131nda \u00f6denen t\u00fcm \u00fccretler vergi dilimi d\u0131\u015f\u0131nda b\u0131rak\u0131lmal\u0131d\u0131r. Vergi dilimleri y\u00fczde 10\u2019da sabitlenmelidir. ASM\u2019ler kamu binalar\u0131nda fiziki ko\u015fullar\u0131 insan sa\u011fl\u0131\u011f\u0131na ve hizmet \u00fcretecek nitelikte yeniden d\u00fczenlenmelidir. Uygulanan eziyet y\u00f6netmeli\u011fi geri \u00e7ekilmeli, alanda \u00f6rg\u00fctl\u00fc emek ve meslek \u00f6rg\u00fctleri ile halk ve emek\u00e7iler yarar\u0131na olacak yasal d\u00fczenleme yap\u0131lmal\u0131d\u0131r. \u0130lave ek zam emeklili\u011fe yans\u0131yacak \u015fekilde d\u00fczeltilmelidir.\u201d \u2018SA\u011eLIK H\u0130ZMETLER\u0130 SUNUMU KAMUNUN SORUMLULU\u011eUNDADIR\u2019 \u201cT\u00fcm sa\u011fl\u0131k ve sosyal hizmet alan\u0131nda \u00e7al\u0131\u015fan emek\u00e7ilerin mesleklerine y\u00f6nelik tan\u0131mlar net olarak yap\u0131lmal\u0131, angarya \u00e7al\u0131\u015ft\u0131rma yasaklanmal\u0131, \u00e7al\u0131\u015fanlar\u0131n tayin haklar\u0131 ba\u015fta olmak \u00fczere \u00f6zl\u00fck ve sosyal haklar\u0131 garanti alt\u0131na al\u0131nmal\u0131d\u0131r.\u201d ifadelerini kullanan Y\u00fcr\u00fck son olarak taleplerini \u015fu \u015fekilde s\u0131ralad\u0131, \u201cSa\u011fl\u0131k ve sosyal hizmetlerin \u00fcretilmesi planlanmas\u0131 ve sunulmas\u0131n\u0131n t\u00fcm a\u015famalar\u0131nda sa\u011fl\u0131k ve sosyal hizmet emek\u00e7ileri ve \u00f6rg\u00fctleri s\u00fcre\u00e7lere d\u00e2hil edilmelidir. Herkese e\u015fit, \u00fccretsiz, ula\u015f\u0131labilir, nitelikli ve anadilinde sa\u011fl\u0131k ve sosyal hizmet sunumu i\u00e7in gerekli \u00e7al\u0131\u015fmalar birlikte planlanmal\u0131d\u0131r. Hukuksuz bir \u015fekilde ihra\u00e7 edilen ve hakk\u0131nda kesinle\u015fmi\u015f yarg\u0131 karar\u0131 bulunmayan sa\u011fl\u0131k emek\u00e7ileri g\u00f6revlerine iade edilmelidir. Kamuda idarecilik yapan g\u00f6revliler, siyasilerin ya da kendi ideolojik g\u00f6r\u00fc\u015flerine g\u00f6re kurumlar\u0131 dizayn etmemeleri, liyakat esas\u0131na g\u00f6re g\u00f6revlendirmelerin yap\u0131larak sa\u011fl\u0131k emek\u00e7ileri aras\u0131nda ayr\u0131mc\u0131 davranarak i\u015f bar\u0131\u015f\u0131n\u0131 bozacak uygulamalardan vazge\u00e7melidirler.\u201d DERS\u0130M\/Hakan K\u0130Z\u0130R<\/p>\n","protected":false},"author":2,"featured_media":2960,"comment_status":"open","ping_status":"open","sticky":false,"template":"","format":"standard","meta":{"_joinchat":[],"footnotes":""},"categories":[5],"tags":[14,57,90,277,73,104,276],"class_list":["post-2959","post","type-post","status-publish","format-standard","has-post-thumbnail","hentry","category-yerel-haberler","tag-dersim","tag-egitimsen","tag-mucadele","tag-saglikemekcileri","tag-sendika","tag-sendikacilik","tag-ses"],"acf":[],"_links":{"self":[{"href":"https:\/\/radyomunzur.com\/index.php?rest_route=\/wp\/v2\/posts\/2959","targetHints":{"allow":["GET"]}}],"collection":[{"href":"https:\/\/radyomunzur.com\/index.php?rest_route=\/wp\/v2\/posts"}],"about":[{"href":"https:\/\/radyomunzur.com\/index.php?rest_route=\/wp\/v2\/types\/post"}],"author":[{"embeddable":true,"href":"https:\/\/radyomunzur.com\/index.php?rest_route=\/wp\/v2\/users\/2"}],"replies":[{"embeddable":true,"href":"https:\/\/radyomunzur.com\/index.php?rest_route=%2Fwp%2Fv2%2Fcomments&post=2959"}],"version-history":[{"count":1,"href":"https:\/\/radyomunzur.com\/index.php?rest_route=\/wp\/v2\/posts\/2959\/revisions"}],"predecessor-version":[{"id":2961,"href":"https:\/\/radyomunzur.com\/index.php?rest_route=\/wp\/v2\/posts\/2959\/revisions\/2961"}],"wp:featuredmedia":[{"embeddable":true,"href":"https:\/\/radyomunzur.com\/index.php?rest_route=\/wp\/v2\/media\/2960"}],"wp:attachment":[{"href":"https:\/\/radyomunzur.com\/index.php?rest_route=%2Fwp%2Fv2%2Fmedia&parent=2959"}],"wp:term":[{"taxonomy":"category","embeddable":true,"href":"https:\/\/radyomunzur.com\/index.php?rest_route=%2Fwp%2Fv2%2Fcategories&post=2959"},{"taxonomy":"post_tag","embeddable":true,"href":"https:\/\/radyomunzur.com\/index.php?rest_route=%2Fwp%2Fv2%2Ftags&post=2959"}],"curies":[{"name":"wp","href":"https:\/\/api.w.org\/{rel}","templated":true}]}}