{"id":2953,"date":"2025-02-24T06:12:45","date_gmt":"2025-02-24T11:12:45","guid":{"rendered":"https:\/\/radyomunzur.com\/?p=2953"},"modified":"2025-02-24T06:12:45","modified_gmt":"2025-02-24T11:12:45","slug":"dersimin-tarihi-ergen-kilisesi-kaderine-terk-edildi","status":"publish","type":"post","link":"https:\/\/radyomunzur.com\/?p=2953","title":{"rendered":"Dersim\u2019in Tarihi Ergen Kilisesi Kaderine Terk Edildi"},"content":{"rendered":"<p><strong>Dersim\u2019in Hozat il\u00e7esine ba\u011fl\u0131 Ergen (Ge\u00e7imli) k\u00f6y\u00fcnde bulunan tarihi Ergen Kilisesi, y\u0131llard\u0131r s\u00fcren ihmal nedeniyle harabeye d\u00f6nm\u00fc\u015f durumda. K\u00fclt\u00fcrel ve tarihi miras a\u00e7\u0131s\u0131ndan b\u00fcy\u00fck \u00f6nem ta\u015f\u0131yan kilise, koruma alt\u0131nda olmas\u0131na ra\u011fmen restore edilmedi. B\u00f6lge halk\u0131, yap\u0131n\u0131n bir an \u00f6nce onar\u0131lmas\u0131n\u0131 ve turizme kazand\u0131r\u0131lmas\u0131n\u0131 talep ediyor.<\/strong><\/p>\n<p>Dersim\u2019in Hozat il\u00e7esine ba\u011fl\u0131 Ergen (Ge\u00e7imli) k\u00f6y\u00fcnde bulunan tarihi Ergen Kilisesi, y\u0131llard\u0131r s\u00fcren ihmal nedeniyle harabeye d\u00f6nm\u00fc\u015f durumda. K\u00f6y muhtar\u0131 Bedri O\u011fuz, kilisenin korunmas\u0131 ve onar\u0131m\u0131 i\u00e7in ba\u015fvurular yap\u0131lm\u0131\u015f olsa da herhangi bir somut ad\u0131m at\u0131lmad\u0131\u011f\u0131n\u0131 s\u00f6yledi. Erzurum K\u00fclt\u00fcr Varl\u0131klar\u0131n\u0131 Koruma Kurulu taraf\u0131ndan tescillenmesine ra\u011fmen, bug\u00fcne kadar hi\u00e7bir restorasyon \u00e7al\u0131\u015fmas\u0131 ger\u00e7ekle\u015ftirilmedi.<\/p>\n<p>Muhtar Bedri O\u011fuz, kilisenin korunmas\u0131 gerekti\u011fini vurgulayarak, &#8220;Uzun y\u0131llard\u0131r bak\u0131ms\u0131z olan kilisenin onar\u0131lmas\u0131n\u0131 istiyoruz. \u00c7ok yo\u011fun bir tahribat s\u00f6z konusu. Yaln\u0131zca ta\u015flar\u0131 ayakta kalm\u0131\u015f durumda. Baz\u0131 ta\u015flar ise b\u00f6lgedeki evlerin duvarlar\u0131nda kullan\u0131lm\u0131\u015f. Yaz aylar\u0131nda buraya T\u00fcrkiye\u2019nin d\u00f6rt bir yan\u0131ndan ziyaret\u00e7iler geliyor. Turizm a\u00e7\u0131s\u0131ndan da kilisenin korunup bak\u0131m\u0131n\u0131n yap\u0131lmas\u0131 b\u00fcy\u00fck \u00f6nem ta\u015f\u0131yor. Buras\u0131 sadece bir ibadet yeri de\u011fil, ayn\u0131 zamanda k\u00fclt\u00fcrel miras\u0131m\u0131z\u0131n \u00f6nemli bir par\u00e7as\u0131\u201d dedi.<\/p>\n<p><strong>975 Y\u0131l\u0131nda \u0130n\u015fa Edildi<\/strong><\/p>\n<p>Kilise, ta\u015f duvarlar\u0131nda bulunan kitabeye g\u00f6re 975 y\u0131l\u0131nda Prens Hancit Mxit taraf\u0131ndan Meryem Ana an\u0131s\u0131na in\u015fa edildi. Kesme ta\u015flardan yap\u0131lan yap\u0131n\u0131n s\u00fcslemelerinde oyma, kabartma ve kaz\u0131ma teknikleri kullan\u0131lm\u0131\u015f. Ayr\u0131ca Ermeni kiliselerinde s\u0131k\u00e7a g\u00f6r\u00fclen ve \u201ckhatchkar\/kha\u00e7kar\u201d olarak adland\u0131r\u0131lan ha\u00e7 tasvirleri de kilisenin ta\u015flar\u0131na i\u015flenmi\u015f.<\/p>\n<p>1915 Ermeni Soyk\u0131r\u0131m\u0131 s\u0131ras\u0131nda kilisenin son rahibi i\u00e7eride yak\u0131larak \u00f6ld\u00fcr\u00fcld\u00fc. O g\u00fcnden sonra k\u00f6y\u00fcn ismi Ergany\u2019den Ergen\u2019e, 1950\u2019den sonra ise Ge\u00e7imli olarak de\u011fi\u015ftirildi. Y\u0131llar i\u00e7inde bak\u0131ms\u0131z kalan kilisenin \u00f6nce \u00e7at\u0131s\u0131 \u00e7\u00f6kt\u00fc, ard\u0131ndan duvarlar\u0131 y\u0131k\u0131lmaya ba\u015flad\u0131. Kilise duvarlar\u0131 zamanla defineciler taraf\u0131ndan tahrip edildi, duvarlara yaz\u0131lamalar yap\u0131ld\u0131.<\/p>\n<p><strong>Tarihi ve K\u00fclt\u00fcrel \u00d6nemi B\u00fcy\u00fck<\/strong><\/p>\n<p>Dersim\u2019in en b\u00fcy\u00fck kiliselerinden biri olan Ergen Kilisesi, yaln\u0131zca bir Ermeni ibadet yeri olarak de\u011fil, b\u00f6lgedeki Alevi toplumu i\u00e7in de \u00f6nemli bir nokta olarak g\u00f6r\u00fcl\u00fcyor. Aleviler burada mum yak\u0131p lokma da\u011f\u0131tarak inan\u00e7lar\u0131n\u0131 s\u00fcrd\u00fcr\u00fcyor. &#8220;Ac\u0131lar\u0131m\u0131z ortak&#8221; diyerek Ermenilere ait bu ibadet yerine sahip \u00e7\u0131kan b\u00f6lge halk\u0131, kilisenin bir an \u00f6nce korunmas\u0131n\u0131 istiyor.<\/p>\n<p>K\u00f6yl\u00fcler, kilisenin y\u0131llarca definecilerin talan\u0131na u\u011frad\u0131\u011f\u0131n\u0131 ve yap\u0131n\u0131n ta\u015flar\u0131n\u0131n \u00e7evredeki yap\u0131lar\u0131n in\u015fas\u0131nda kullan\u0131ld\u0131\u011f\u0131n\u0131 belirtiyor. Kilise i\u00e7inde yer alan Ermenice yaz\u0131lar, ha\u00e7 i\u015faretleri ve \u00e7e\u015fitli s\u00fcslemeler b\u00fcy\u00fck \u00f6l\u00e7\u00fcde zarar g\u00f6rm\u00fc\u015f durumda.<\/p>\n<p><strong>Tarihi Yap\u0131n\u0131n Kaderi Ne Olacak?<\/strong><\/p>\n<p>2012 y\u0131l\u0131nda Tunceli \u0130l K\u00fclt\u00fcr ve Turizm M\u00fcd\u00fcrl\u00fc\u011f\u00fc taraf\u0131ndan Erzurum K\u00fclt\u00fcr Varl\u0131klar\u0131n\u0131 Koruma Kurulu\u2019na yap\u0131lan ba\u015fvuru sonucunda yap\u0131 koruma alt\u0131na al\u0131nm\u0131\u015f olsa da, bu s\u00fcre\u00e7te herhangi bir restorasyon \u00e7al\u0131\u015fmas\u0131 ba\u015flat\u0131lmad\u0131. B\u00f6lge halk\u0131 ve k\u00f6y muhtar\u0131 Bedri O\u011fuz, tarihi yap\u0131n\u0131n bir an \u00f6nce restore edilmesini ve turizme kazand\u0131r\u0131lmas\u0131n\u0131 talep ediyor.<\/p>\n<p>Dersim co\u011frafyas\u0131nda ayakta kalan nadir tarihi yap\u0131lardan biri olan Ergen Kilisesi, k\u00fclt\u00fcrel miras\u0131n korunmas\u0131 a\u00e7\u0131s\u0131ndan b\u00fcy\u00fck \u00f6nem ta\u015f\u0131yor. Ancak yetkililerin ilgisizli\u011fi nedeniyle, bu tarihi miras her ge\u00e7en g\u00fcn yok olmakla kar\u015f\u0131 kar\u015f\u0131ya.<\/p>\n<p><strong>DERS\u0130M\/ H\u00fcseyin Ya\u015far SEZG\u0130N<\/strong><\/p>\n<p>&nbsp;<\/p>\n<p><img fetchpriority=\"high\" decoding=\"async\" class=\"alignnone  wp-image-2956\" src=\"https:\/\/radyomunzur.com\/wp-content\/uploads\/2025\/02\/WhatsApp-Image-2025-02-24-at-12.05.58-1020x765.jpeg\" alt=\"\" width=\"643\" height=\"482\" srcset=\"https:\/\/radyomunzur.com\/wp-content\/uploads\/2025\/02\/WhatsApp-Image-2025-02-24-at-12.05.58-1020x765.jpeg 1020w, https:\/\/radyomunzur.com\/wp-content\/uploads\/2025\/02\/WhatsApp-Image-2025-02-24-at-12.05.58-1080x810.jpeg 1080w, https:\/\/radyomunzur.com\/wp-content\/uploads\/2025\/02\/WhatsApp-Image-2025-02-24-at-12.05.58-768x576.jpeg 768w, https:\/\/radyomunzur.com\/wp-content\/uploads\/2025\/02\/WhatsApp-Image-2025-02-24-at-12.05.58-1536x1152.jpeg 1536w, https:\/\/radyomunzur.com\/wp-content\/uploads\/2025\/02\/WhatsApp-Image-2025-02-24-at-12.05.58-2048x1536.jpeg 2048w\" sizes=\"(max-width: 643px) 100vw, 643px\" \/><\/p>\n<p><img decoding=\"async\" class=\"alignnone  wp-image-2957\" src=\"https:\/\/radyomunzur.com\/wp-content\/uploads\/2025\/02\/WhatsApp-Image-2025-02-24-at-12.06.00-765x1020.jpeg\" alt=\"\" width=\"602\" height=\"802\" srcset=\"https:\/\/radyomunzur.com\/wp-content\/uploads\/2025\/02\/WhatsApp-Image-2025-02-24-at-12.06.00-765x1020.jpeg 765w, https:\/\/radyomunzur.com\/wp-content\/uploads\/2025\/02\/WhatsApp-Image-2025-02-24-at-12.06.00-1080x1440.jpeg 1080w, https:\/\/radyomunzur.com\/wp-content\/uploads\/2025\/02\/WhatsApp-Image-2025-02-24-at-12.06.00-768x1024.jpeg 768w, https:\/\/radyomunzur.com\/wp-content\/uploads\/2025\/02\/WhatsApp-Image-2025-02-24-at-12.06.00-1152x1536.jpeg 1152w, https:\/\/radyomunzur.com\/wp-content\/uploads\/2025\/02\/WhatsApp-Image-2025-02-24-at-12.06.00-1536x2048.jpeg 1536w, https:\/\/radyomunzur.com\/wp-content\/uploads\/2025\/02\/WhatsApp-Image-2025-02-24-at-12.06.00-scaled.jpeg 1920w\" sizes=\"(max-width: 602px) 100vw, 602px\" \/><\/p>\n<p><img decoding=\"async\" class=\"alignnone  wp-image-2955\" src=\"https:\/\/radyomunzur.com\/wp-content\/uploads\/2025\/02\/WhatsApp-Image-2025-02-24-at-12.05.59-1020x765.jpeg\" alt=\"\" width=\"598\" height=\"448\" srcset=\"https:\/\/radyomunzur.com\/wp-content\/uploads\/2025\/02\/WhatsApp-Image-2025-02-24-at-12.05.59-1020x765.jpeg 1020w, https:\/\/radyomunzur.com\/wp-content\/uploads\/2025\/02\/WhatsApp-Image-2025-02-24-at-12.05.59-1080x810.jpeg 1080w, https:\/\/radyomunzur.com\/wp-content\/uploads\/2025\/02\/WhatsApp-Image-2025-02-24-at-12.05.59-768x576.jpeg 768w, https:\/\/radyomunzur.com\/wp-content\/uploads\/2025\/02\/WhatsApp-Image-2025-02-24-at-12.05.59-1536x1152.jpeg 1536w, https:\/\/radyomunzur.com\/wp-content\/uploads\/2025\/02\/WhatsApp-Image-2025-02-24-at-12.05.59-2048x1536.jpeg 2048w\" sizes=\"(max-width: 598px) 100vw, 598px\" \/><\/p>\n<p><img loading=\"lazy\" decoding=\"async\" class=\"alignnone  wp-image-2713\" src=\"https:\/\/radyomunzur.com\/wp-content\/uploads\/2025\/01\/Ekipman_icin_Sticker-2-1020x574.png\" alt=\"\" width=\"708\" height=\"398\" srcset=\"https:\/\/radyomunzur.com\/wp-content\/uploads\/2025\/01\/Ekipman_icin_Sticker-2-1020x574.png 1020w, https:\/\/radyomunzur.com\/wp-content\/uploads\/2025\/01\/Ekipman_icin_Sticker-2-1080x608.png 1080w, https:\/\/radyomunzur.com\/wp-content\/uploads\/2025\/01\/Ekipman_icin_Sticker-2-768x432.png 768w, https:\/\/radyomunzur.com\/wp-content\/uploads\/2025\/01\/Ekipman_icin_Sticker-2-1536x864.png 1536w, https:\/\/radyomunzur.com\/wp-content\/uploads\/2025\/01\/Ekipman_icin_Sticker-2.png 1920w\" sizes=\"(max-width: 708px) 100vw, 708px\" \/><\/p>\n","protected":false},"excerpt":{"rendered":"<p>Dersim\u2019in Hozat il\u00e7esine ba\u011fl\u0131 Ergen (Ge\u00e7imli) k\u00f6y\u00fcnde bulunan tarihi Ergen Kilisesi, y\u0131llard\u0131r s\u00fcren ihmal nedeniyle harabeye d\u00f6nm\u00fc\u015f durumda. K\u00fclt\u00fcrel ve tarihi miras a\u00e7\u0131s\u0131ndan b\u00fcy\u00fck \u00f6nem ta\u015f\u0131yan kilise, koruma alt\u0131nda olmas\u0131na ra\u011fmen restore edilmedi. B\u00f6lge halk\u0131, yap\u0131n\u0131n bir an \u00f6nce onar\u0131lmas\u0131n\u0131 ve turizme kazand\u0131r\u0131lmas\u0131n\u0131 talep ediyor. Dersim\u2019in Hozat il\u00e7esine ba\u011fl\u0131 Ergen (Ge\u00e7imli) k\u00f6y\u00fcnde bulunan tarihi Ergen Kilisesi, y\u0131llard\u0131r s\u00fcren ihmal nedeniyle harabeye d\u00f6nm\u00fc\u015f durumda. K\u00f6y muhtar\u0131 Bedri O\u011fuz, kilisenin korunmas\u0131 ve onar\u0131m\u0131 i\u00e7in ba\u015fvurular yap\u0131lm\u0131\u015f olsa da herhangi bir somut ad\u0131m at\u0131lmad\u0131\u011f\u0131n\u0131 s\u00f6yledi. Erzurum K\u00fclt\u00fcr Varl\u0131klar\u0131n\u0131 Koruma Kurulu taraf\u0131ndan tescillenmesine ra\u011fmen, bug\u00fcne kadar hi\u00e7bir restorasyon \u00e7al\u0131\u015fmas\u0131 ger\u00e7ekle\u015ftirilmedi. Muhtar Bedri O\u011fuz, kilisenin korunmas\u0131 gerekti\u011fini vurgulayarak, &#8220;Uzun y\u0131llard\u0131r bak\u0131ms\u0131z olan kilisenin onar\u0131lmas\u0131n\u0131 istiyoruz. \u00c7ok yo\u011fun bir tahribat s\u00f6z konusu. Yaln\u0131zca ta\u015flar\u0131 ayakta kalm\u0131\u015f durumda. Baz\u0131 ta\u015flar ise b\u00f6lgedeki evlerin duvarlar\u0131nda kullan\u0131lm\u0131\u015f. Yaz aylar\u0131nda buraya T\u00fcrkiye\u2019nin d\u00f6rt bir yan\u0131ndan ziyaret\u00e7iler geliyor. Turizm a\u00e7\u0131s\u0131ndan da kilisenin korunup bak\u0131m\u0131n\u0131n yap\u0131lmas\u0131 b\u00fcy\u00fck \u00f6nem ta\u015f\u0131yor. Buras\u0131 sadece bir ibadet yeri de\u011fil, ayn\u0131 zamanda k\u00fclt\u00fcrel miras\u0131m\u0131z\u0131n \u00f6nemli bir par\u00e7as\u0131\u201d dedi. 975 Y\u0131l\u0131nda \u0130n\u015fa Edildi Kilise, ta\u015f duvarlar\u0131nda bulunan kitabeye g\u00f6re 975 y\u0131l\u0131nda Prens Hancit Mxit taraf\u0131ndan Meryem Ana an\u0131s\u0131na in\u015fa edildi. Kesme ta\u015flardan yap\u0131lan yap\u0131n\u0131n s\u00fcslemelerinde oyma, kabartma ve kaz\u0131ma teknikleri kullan\u0131lm\u0131\u015f. Ayr\u0131ca Ermeni kiliselerinde s\u0131k\u00e7a g\u00f6r\u00fclen ve \u201ckhatchkar\/kha\u00e7kar\u201d olarak adland\u0131r\u0131lan ha\u00e7 tasvirleri de kilisenin ta\u015flar\u0131na i\u015flenmi\u015f. 1915 Ermeni Soyk\u0131r\u0131m\u0131 s\u0131ras\u0131nda kilisenin son rahibi i\u00e7eride yak\u0131larak \u00f6ld\u00fcr\u00fcld\u00fc. O g\u00fcnden sonra k\u00f6y\u00fcn ismi Ergany\u2019den Ergen\u2019e, 1950\u2019den sonra ise Ge\u00e7imli olarak de\u011fi\u015ftirildi. Y\u0131llar i\u00e7inde bak\u0131ms\u0131z kalan kilisenin \u00f6nce \u00e7at\u0131s\u0131 \u00e7\u00f6kt\u00fc, ard\u0131ndan duvarlar\u0131 y\u0131k\u0131lmaya ba\u015flad\u0131. Kilise duvarlar\u0131 zamanla defineciler taraf\u0131ndan tahrip edildi, duvarlara yaz\u0131lamalar yap\u0131ld\u0131. Tarihi ve K\u00fclt\u00fcrel \u00d6nemi B\u00fcy\u00fck Dersim\u2019in en b\u00fcy\u00fck kiliselerinden biri olan Ergen Kilisesi, yaln\u0131zca bir Ermeni ibadet yeri olarak de\u011fil, b\u00f6lgedeki Alevi toplumu i\u00e7in de \u00f6nemli bir nokta olarak g\u00f6r\u00fcl\u00fcyor. Aleviler burada mum yak\u0131p lokma da\u011f\u0131tarak inan\u00e7lar\u0131n\u0131 s\u00fcrd\u00fcr\u00fcyor. &#8220;Ac\u0131lar\u0131m\u0131z ortak&#8221; diyerek Ermenilere ait bu ibadet yerine sahip \u00e7\u0131kan b\u00f6lge halk\u0131, kilisenin bir an \u00f6nce korunmas\u0131n\u0131 istiyor. K\u00f6yl\u00fcler, kilisenin y\u0131llarca definecilerin talan\u0131na u\u011frad\u0131\u011f\u0131n\u0131 ve yap\u0131n\u0131n ta\u015flar\u0131n\u0131n \u00e7evredeki yap\u0131lar\u0131n in\u015fas\u0131nda kullan\u0131ld\u0131\u011f\u0131n\u0131 belirtiyor. Kilise i\u00e7inde yer alan Ermenice yaz\u0131lar, ha\u00e7 i\u015faretleri ve \u00e7e\u015fitli s\u00fcslemeler b\u00fcy\u00fck \u00f6l\u00e7\u00fcde zarar g\u00f6rm\u00fc\u015f durumda. Tarihi Yap\u0131n\u0131n Kaderi Ne Olacak? 2012 y\u0131l\u0131nda Tunceli \u0130l K\u00fclt\u00fcr ve Turizm M\u00fcd\u00fcrl\u00fc\u011f\u00fc taraf\u0131ndan Erzurum K\u00fclt\u00fcr Varl\u0131klar\u0131n\u0131 Koruma Kurulu\u2019na yap\u0131lan ba\u015fvuru sonucunda yap\u0131 koruma alt\u0131na al\u0131nm\u0131\u015f olsa da, bu s\u00fcre\u00e7te herhangi bir restorasyon \u00e7al\u0131\u015fmas\u0131 ba\u015flat\u0131lmad\u0131. B\u00f6lge halk\u0131 ve k\u00f6y muhtar\u0131 Bedri O\u011fuz, tarihi yap\u0131n\u0131n bir an \u00f6nce restore edilmesini ve turizme kazand\u0131r\u0131lmas\u0131n\u0131 talep ediyor. Dersim co\u011frafyas\u0131nda ayakta kalan nadir tarihi yap\u0131lardan biri olan Ergen Kilisesi, k\u00fclt\u00fcrel miras\u0131n korunmas\u0131 a\u00e7\u0131s\u0131ndan b\u00fcy\u00fck \u00f6nem ta\u015f\u0131yor. Ancak yetkililerin ilgisizli\u011fi nedeniyle, bu tarihi miras her ge\u00e7en g\u00fcn yok olmakla kar\u015f\u0131 kar\u015f\u0131ya. DERS\u0130M\/ H\u00fcseyin Ya\u015far SEZG\u0130N &nbsp;<\/p>\n","protected":false},"author":2,"featured_media":2954,"comment_status":"open","ping_status":"open","sticky":false,"template":"","format":"standard","meta":{"_joinchat":[],"footnotes":""},"categories":[5],"tags":[81,97,14,162,267,105,239,159,168,82,195,266,111,101,110,99,98,161,268],"class_list":["post-2953","post","type-post","status-publish","format-standard","has-post-thumbnail","hentry","category-yerel-haberler","tag-alevi","tag-alevilik","tag-dersim","tag-dirok","tag-ermeniler","tag-hayat","tag-hozat","tag-hukuk","tag-jin","tag-kadimkultur","tag-katliam","tag-kilise","tag-mazgirt","tag-munzur","tag-nazimiye","tag-ovacik","tag-pertek","tag-tarih","tag-yokolma"],"acf":[],"_links":{"self":[{"href":"https:\/\/radyomunzur.com\/index.php?rest_route=\/wp\/v2\/posts\/2953","targetHints":{"allow":["GET"]}}],"collection":[{"href":"https:\/\/radyomunzur.com\/index.php?rest_route=\/wp\/v2\/posts"}],"about":[{"href":"https:\/\/radyomunzur.com\/index.php?rest_route=\/wp\/v2\/types\/post"}],"author":[{"embeddable":true,"href":"https:\/\/radyomunzur.com\/index.php?rest_route=\/wp\/v2\/users\/2"}],"replies":[{"embeddable":true,"href":"https:\/\/radyomunzur.com\/index.php?rest_route=%2Fwp%2Fv2%2Fcomments&post=2953"}],"version-history":[{"count":1,"href":"https:\/\/radyomunzur.com\/index.php?rest_route=\/wp\/v2\/posts\/2953\/revisions"}],"predecessor-version":[{"id":2958,"href":"https:\/\/radyomunzur.com\/index.php?rest_route=\/wp\/v2\/posts\/2953\/revisions\/2958"}],"wp:featuredmedia":[{"embeddable":true,"href":"https:\/\/radyomunzur.com\/index.php?rest_route=\/wp\/v2\/media\/2954"}],"wp:attachment":[{"href":"https:\/\/radyomunzur.com\/index.php?rest_route=%2Fwp%2Fv2%2Fmedia&parent=2953"}],"wp:term":[{"taxonomy":"category","embeddable":true,"href":"https:\/\/radyomunzur.com\/index.php?rest_route=%2Fwp%2Fv2%2Fcategories&post=2953"},{"taxonomy":"post_tag","embeddable":true,"href":"https:\/\/radyomunzur.com\/index.php?rest_route=%2Fwp%2Fv2%2Ftags&post=2953"}],"curies":[{"name":"wp","href":"https:\/\/api.w.org\/{rel}","templated":true}]}}