{"id":2950,"date":"2025-02-24T05:27:41","date_gmt":"2025-02-24T10:27:41","guid":{"rendered":"https:\/\/radyomunzur.com\/?p=2950"},"modified":"2026-01-28T20:13:09","modified_gmt":"2026-01-28T17:13:09","slug":"sazliklar-ve-sulak-alanlar-doganin-rahmidir","status":"publish","type":"post","link":"https:\/\/radyomunzur.com\/?p=2950","title":{"rendered":"\u2018SAZLIKLAR VE SULAK ALANLAR DO\u011eANIN RAHM\u0130D\u0130R\u2019"},"content":{"rendered":"<p>Do\u011fal ya\u015fam alanlar\u0131 i\u00e7erisinde \u00f6nemli bir yere sahip olan sazl\u0131k alanlar binlerce ku\u015f i\u00e7in beslenme, \u00fcreme, bar\u0131nma ve dinlenme alan\u0131 olarak kullan\u0131l\u0131yor. Ekolojik \u00f6neme sahip sazl\u0131klar korunmas\u0131 gerekirken \u00e7o\u011fu yerde yak\u0131lmaya devam ediyor. Van G\u00f6l\u00fc havzas\u0131nda ise \u00fclke genelindeki sazl\u0131klar\u0131n be\u015fte biri bulunuyor. Buna kar\u015f\u0131n her d\u00f6nem sazl\u0131klar\u0131n yak\u0131lmas\u0131yla do\u011fal alanlar ciddi bir tehlike ile kar\u015f\u0131 kar\u015f\u0131ya b\u0131rak\u0131l\u0131yor.<\/p>\n<p>\u2018SAZLIKLAR VE SULAK ALANLAR DO\u011eANIN RAHM\u0130D\u0130R\u2019<\/p>\n<p>Van \u00c7evre Derne\u011fi Ba\u015fkan\u0131 Ali Kal\u00e7\u0131k \u201cVan&#8217;\u0131n co\u011frafi yap\u0131s\u0131ndan kaynakl\u0131 ki\u015fi ba\u015f\u0131na on metrekare orman alan\u0131 olmas\u0131 gerekirken maalesef ilimizde bu oran 70 santimdir. Bu ba\u011flamda sazl\u0131klar\u0131n \u00f6nemi art\u0131yor.\u201d diyerek \u015funlar\u0131 s\u00f6yledi,<\/p>\n<p>\u201cT\u00fcrkiye&#8217;nin be\u015fte bir sazl\u0131\u011f\u0131 Van G\u00f6l\u00fc havzas\u0131ndad\u0131r. Van G\u00f6l\u00fc havzas\u0131nda olmas\u0131ndan dolay\u0131 bizim i\u00e7in daha \u00e7ok \u00f6nem arz ediyor. Do\u011fada onlardan daha de\u011ferli bir tabiat varl\u0131klar\u0131 yoktur. Fakat burada \u00e7ok ac\u0131 olan bir durum var. Kimse bu de\u011ferlerin k\u0131ymetini bilmiyor. Maalesef ba\u015fta yetkili kurumlar, h\u00fck\u00fcmet, devlet yetkilileri olmak \u00fczere de\u011feri bilinmiyor. Sazl\u0131k batakl\u0131kt\u0131r sa\u00e7mal\u0131klar\u0131yla her g\u00fcn ya dolgu yap\u0131l\u0131yor ya yol yap\u0131l\u0131yor ya imara a\u00e7\u0131l\u0131yor ya tar\u0131m arazisi i\u00e7in yak\u0131l\u0131yor. B\u00f6ylesi ilkel uygulamalardan dolay\u0131 bizim sulak kalanlar\u0131m\u0131z tahrip edilip yok ediliyor.\u201d<\/p>\n<p>Her sene \u00f6zellikle sazl\u0131klar\u0131n kurudu\u011fu d\u00f6nemlerde neredeyse tamam\u0131n\u0131n yak\u0131ld\u0131\u011f\u0131n\u0131 belirten Kal\u00e7\u0131k sazl\u0131klar\u0131n ar\u0131tma \u00f6zelli\u011fine de dikkat \u00e7ekerek \u015f\u00f6yle devam etti,<\/p>\n<p>\u201cB\u00f6ylesi bir de\u011ferimiz vah\u015fi kapitalist anlay\u0131\u015fla, ticari ama\u00e7la yok ediliyor. Oysa ger\u00e7ekten parayla pulla al\u0131nmayacak kadar de\u011ferliler. Faydalar\u0131 saymakla bitmez bu b\u00f6lgede orman olmad\u0131\u011f\u0131ndan dolay\u0131 bizim oksijen kaynaklar\u0131m\u0131zd\u0131r. Bir ba\u015fka \u00f6nemli \u00f6zelli\u011fi de Van G\u00f6l\u00fc havzas\u0131nda dokuz il\u00e7e iki il ikamet ediyor. Bunlar\u0131n \u00e7o\u011funda ar\u0131tma yok ve ayr\u0131ca 111 tane akarsu Van G\u00f6l\u00fc\u2019ne gidiyor. Bunlar\u0131n b\u00fct\u00fcn ileri biyolojik ar\u0131tma g\u00f6revini bu sazl\u0131klar yap\u0131yor.\u201d<\/p>\n<p>\u2018SAZLIKLARI KORUYACAK HER T\u00dcRL\u00dc \u00d6NLEM ALINMALI\u2019<\/p>\n<p>Sazl\u0131klar\u0131n Van G\u00f6l\u00fc i\u00e7in yok edilemez bir \u00f6nemde oldu\u011funu belirten Kal\u00e7\u0131k sazl\u0131klar\u0131n ayn\u0131 zamanda bir\u00e7ok canl\u0131ya ev sahipli\u011fi de yapt\u0131\u011f\u0131n\u0131 belirterek yetkililerin de bu noktada \u00f6nleyici tedbirler almas\u0131 gerekti\u011fini ifade etti. Kal\u00e7\u0131k son olarak \u015funlar\u0131 s\u00f6yledi,<\/p>\n<p>\u201cBiz do\u011fan\u0131n efendisi sahibi de\u011filiz. Bir kurba\u011fa gibi, y\u0131lan gibi, ay\u0131 gibi, domuz gibi onun ne kadar hak varsa biz de o kadar hak sahibiyiz. B\u00f6ylesi ola\u011fan\u00fcst\u00fc bir varl\u0131\u011f\u0131n yak\u0131l\u0131yor olmas\u0131n\u0131n veyahut da dolgu yap\u0131l\u0131yor olmas\u0131n\u0131n, tahrip edilmesinin hi\u00e7bir mant\u0131\u011f\u0131, hi\u00e7bir hakl\u0131 gerek\u00e7esi olmamas\u0131 gerekir. Ama maalesef buna g\u00f6z yumuluyor.\u201d<\/p>\n<p><strong>Hakan K\u0130Z\u0130R<\/strong><\/p>\n<p><img fetchpriority=\"high\" decoding=\"async\" class=\"alignnone  wp-image-2713\" src=\"https:\/\/radyomunzur.com\/wp-content\/uploads\/2025\/01\/Ekipman_icin_Sticker-2-1020x574.png\" alt=\"\" width=\"596\" height=\"336\" srcset=\"https:\/\/radyomunzur.com\/wp-content\/uploads\/2025\/01\/Ekipman_icin_Sticker-2-1020x574.png 1020w, https:\/\/radyomunzur.com\/wp-content\/uploads\/2025\/01\/Ekipman_icin_Sticker-2-1080x608.png 1080w, https:\/\/radyomunzur.com\/wp-content\/uploads\/2025\/01\/Ekipman_icin_Sticker-2-768x432.png 768w, https:\/\/radyomunzur.com\/wp-content\/uploads\/2025\/01\/Ekipman_icin_Sticker-2-1536x864.png 1536w, https:\/\/radyomunzur.com\/wp-content\/uploads\/2025\/01\/Ekipman_icin_Sticker-2.png 1920w\" sizes=\"(max-width: 596px) 100vw, 596px\" \/><\/p>\n","protected":false},"excerpt":{"rendered":"<p>Do\u011fal ya\u015fam alanlar\u0131 i\u00e7erisinde \u00f6nemli bir yere sahip olan sazl\u0131k alanlar binlerce ku\u015f i\u00e7in beslenme, \u00fcreme, bar\u0131nma ve dinlenme alan\u0131 olarak kullan\u0131l\u0131yor. Ekolojik \u00f6neme sahip sazl\u0131klar korunmas\u0131 gerekirken \u00e7o\u011fu yerde yak\u0131lmaya devam ediyor. Van G\u00f6l\u00fc havzas\u0131nda ise \u00fclke genelindeki sazl\u0131klar\u0131n be\u015fte biri bulunuyor. Buna kar\u015f\u0131n her d\u00f6nem sazl\u0131klar\u0131n yak\u0131lmas\u0131yla do\u011fal alanlar ciddi bir tehlike ile kar\u015f\u0131 kar\u015f\u0131ya b\u0131rak\u0131l\u0131yor. \u2018SAZLIKLAR VE SULAK ALANLAR DO\u011eANIN RAHM\u0130D\u0130R\u2019 Van \u00c7evre Derne\u011fi Ba\u015fkan\u0131 Ali Kal\u00e7\u0131k \u201cVan&#8217;\u0131n co\u011frafi yap\u0131s\u0131ndan kaynakl\u0131 ki\u015fi ba\u015f\u0131na on metrekare orman alan\u0131 olmas\u0131 gerekirken maalesef ilimizde bu oran 70 santimdir. Bu ba\u011flamda sazl\u0131klar\u0131n \u00f6nemi art\u0131yor.\u201d diyerek \u015funlar\u0131 s\u00f6yledi, \u201cT\u00fcrkiye&#8217;nin be\u015fte bir sazl\u0131\u011f\u0131 Van G\u00f6l\u00fc havzas\u0131ndad\u0131r. Van G\u00f6l\u00fc havzas\u0131nda olmas\u0131ndan dolay\u0131 bizim i\u00e7in daha \u00e7ok \u00f6nem arz ediyor. Do\u011fada onlardan daha de\u011ferli bir tabiat varl\u0131klar\u0131 yoktur. Fakat burada \u00e7ok ac\u0131 olan bir durum var. Kimse bu de\u011ferlerin k\u0131ymetini bilmiyor. Maalesef ba\u015fta yetkili kurumlar, h\u00fck\u00fcmet, devlet yetkilileri olmak \u00fczere de\u011feri bilinmiyor. Sazl\u0131k batakl\u0131kt\u0131r sa\u00e7mal\u0131klar\u0131yla her g\u00fcn ya dolgu yap\u0131l\u0131yor ya yol yap\u0131l\u0131yor ya imara a\u00e7\u0131l\u0131yor ya tar\u0131m arazisi i\u00e7in yak\u0131l\u0131yor. B\u00f6ylesi ilkel uygulamalardan dolay\u0131 bizim sulak kalanlar\u0131m\u0131z tahrip edilip yok ediliyor.\u201d Her sene \u00f6zellikle sazl\u0131klar\u0131n kurudu\u011fu d\u00f6nemlerde neredeyse tamam\u0131n\u0131n yak\u0131ld\u0131\u011f\u0131n\u0131 belirten Kal\u00e7\u0131k sazl\u0131klar\u0131n ar\u0131tma \u00f6zelli\u011fine de dikkat \u00e7ekerek \u015f\u00f6yle devam etti, \u201cB\u00f6ylesi bir de\u011ferimiz vah\u015fi kapitalist anlay\u0131\u015fla, ticari ama\u00e7la yok ediliyor. Oysa ger\u00e7ekten parayla pulla al\u0131nmayacak kadar de\u011ferliler. Faydalar\u0131 saymakla bitmez bu b\u00f6lgede orman olmad\u0131\u011f\u0131ndan dolay\u0131 bizim oksijen kaynaklar\u0131m\u0131zd\u0131r. Bir ba\u015fka \u00f6nemli \u00f6zelli\u011fi de Van G\u00f6l\u00fc havzas\u0131nda dokuz il\u00e7e iki il ikamet ediyor. Bunlar\u0131n \u00e7o\u011funda ar\u0131tma yok ve ayr\u0131ca 111 tane akarsu Van G\u00f6l\u00fc\u2019ne gidiyor. Bunlar\u0131n b\u00fct\u00fcn ileri biyolojik ar\u0131tma g\u00f6revini bu sazl\u0131klar yap\u0131yor.\u201d \u2018SAZLIKLARI KORUYACAK HER T\u00dcRL\u00dc \u00d6NLEM ALINMALI\u2019 Sazl\u0131klar\u0131n Van G\u00f6l\u00fc i\u00e7in yok edilemez bir \u00f6nemde oldu\u011funu belirten Kal\u00e7\u0131k sazl\u0131klar\u0131n ayn\u0131 zamanda bir\u00e7ok canl\u0131ya ev sahipli\u011fi de yapt\u0131\u011f\u0131n\u0131 belirterek yetkililerin de bu noktada \u00f6nleyici tedbirler almas\u0131 gerekti\u011fini ifade etti. Kal\u00e7\u0131k son olarak \u015funlar\u0131 s\u00f6yledi, \u201cBiz do\u011fan\u0131n efendisi sahibi de\u011filiz. Bir kurba\u011fa gibi, y\u0131lan gibi, ay\u0131 gibi, domuz gibi onun ne kadar hak varsa biz de o kadar hak sahibiyiz. B\u00f6ylesi ola\u011fan\u00fcst\u00fc bir varl\u0131\u011f\u0131n yak\u0131l\u0131yor olmas\u0131n\u0131n veyahut da dolgu yap\u0131l\u0131yor olmas\u0131n\u0131n, tahrip edilmesinin hi\u00e7bir mant\u0131\u011f\u0131, hi\u00e7bir hakl\u0131 gerek\u00e7esi olmamas\u0131 gerekir. Ama maalesef buna g\u00f6z yumuluyor.\u201d Hakan K\u0130Z\u0130R<\/p>\n","protected":false},"author":2,"featured_media":2951,"comment_status":"open","ping_status":"open","sticky":false,"template":"","format":"standard","meta":{"_joinchat":[],"footnotes":""},"categories":[5],"tags":[264,103,88,87,156,159,168,169,90,101,22,127,265,263,153,218,262,89],"class_list":["post-2950","post","type-post","status-publish","format-standard","has-post-thumbnail","hentry","category-yerel-haberler","tag-balik","tag-ekoloji","tag-gercek","tag-hakikat","tag-hayvancilik","tag-hukuk","tag-jin","tag-kadin","tag-mucadele","tag-munzur","tag-politika","tag-sanat","tag-sazlik","tag-su-yasami","tag-tarim","tag-van","tag-van-golu","tag-yasam"],"acf":[],"_links":{"self":[{"href":"https:\/\/radyomunzur.com\/index.php?rest_route=\/wp\/v2\/posts\/2950","targetHints":{"allow":["GET"]}}],"collection":[{"href":"https:\/\/radyomunzur.com\/index.php?rest_route=\/wp\/v2\/posts"}],"about":[{"href":"https:\/\/radyomunzur.com\/index.php?rest_route=\/wp\/v2\/types\/post"}],"author":[{"embeddable":true,"href":"https:\/\/radyomunzur.com\/index.php?rest_route=\/wp\/v2\/users\/2"}],"replies":[{"embeddable":true,"href":"https:\/\/radyomunzur.com\/index.php?rest_route=%2Fwp%2Fv2%2Fcomments&post=2950"}],"version-history":[{"count":1,"href":"https:\/\/radyomunzur.com\/index.php?rest_route=\/wp\/v2\/posts\/2950\/revisions"}],"predecessor-version":[{"id":2952,"href":"https:\/\/radyomunzur.com\/index.php?rest_route=\/wp\/v2\/posts\/2950\/revisions\/2952"}],"wp:featuredmedia":[{"embeddable":true,"href":"https:\/\/radyomunzur.com\/index.php?rest_route=\/wp\/v2\/media\/2951"}],"wp:attachment":[{"href":"https:\/\/radyomunzur.com\/index.php?rest_route=%2Fwp%2Fv2%2Fmedia&parent=2950"}],"wp:term":[{"taxonomy":"category","embeddable":true,"href":"https:\/\/radyomunzur.com\/index.php?rest_route=%2Fwp%2Fv2%2Fcategories&post=2950"},{"taxonomy":"post_tag","embeddable":true,"href":"https:\/\/radyomunzur.com\/index.php?rest_route=%2Fwp%2Fv2%2Ftags&post=2950"}],"curies":[{"name":"wp","href":"https:\/\/api.w.org\/{rel}","templated":true}]}}