{"id":2874,"date":"2025-02-13T03:44:01","date_gmt":"2025-02-13T08:44:01","guid":{"rendered":"https:\/\/radyomunzur.com\/?p=2874"},"modified":"2026-01-28T20:12:45","modified_gmt":"2026-01-28T17:12:45","slug":"dunden-bugune-ilic-maden-felaketi","status":"publish","type":"post","link":"https:\/\/radyomunzur.com\/?p=2874","title":{"rendered":"D\u00dcNDEN BUG\u00dcNE &#8220;\u0130L\u0130\u00c7 MADEN FELAKET\u0130&#8221;"},"content":{"rendered":"<p>\u0130li\u00e7 maden facias\u0131 \u00fclke tarihinin en b\u00fcy\u00fck \u00e7evre katliam\u0131yken i\u015f\u00e7i \u00f6l\u00fcmleri i\u00e7in san\u0131klara en d\u00fc\u015f\u00fck cezalar\u0131n istendi\u011fi davalardan biri oldu. Siyasi sorumlular\u0131n \u00e7ok\u00e7a tart\u0131\u015f\u0131ld\u0131\u011f\u0131 faciada herhangi bir istifa olmad\u0131\u011f\u0131 gibi soru\u015fturma kapsam\u0131nda bir yarg\u0131lama da s\u00f6z konusu de\u011fil. Yakla\u015f\u0131k 10 ay sonra haz\u0131rlanan iddianame ise bir\u00e7ok tart\u0131\u015fmay\u0131 beraberinde getirdi. San\u0131klar i\u00e7in d\u00fc\u015f\u00fck cezalar\u0131n istendi\u011fi yarg\u0131laman\u0131n ilk duru\u015fmas\u0131 17 Mart 2025\u2019te g\u00f6r\u00fclecek.<\/p>\n<p>Peki facian\u0131n \u00fczerinden bir y\u0131l ge\u00e7mi\u015fken ilk g\u00fcnden bu yana hangi geli\u015fmeler ya\u015fand\u0131?<\/p>\n<p>13 \u015eubat 2024- Anagold Madencilik Sanayi ve Ticaret A.\u015e.&#8217;nin 2010 y\u0131l\u0131 Aral\u0131k ay\u0131ndan itibaren alt\u0131n \u00fcretimi yapt\u0131\u011f\u0131 Erzincan&#8217;\u0131n \u0130li\u00e7 il\u00e7esinde saat 14.30 s\u0131ralar\u0131nda Eski De\u011firmen mevkiinde toprak kaymas\u0131 meydana geldi. \u0130lk a\u00e7\u0131klamaya g\u00f6re siyan\u00fcr ve s\u00fclf\u00fcrik asit da\u011flar\u0131 \u00e7\u00f6kt\u00fc. \u0130\u00e7i\u015fleri Bakan\u0131 Ali Yerlikaya, &#8220;667 \u00e7al\u0131\u015fandan 9 ki\u015fiye ula\u015f\u0131lam\u0131yor, 400 ki\u015fiyle arama yap\u0131l\u0131yor&#8221; dedi.<\/p>\n<p>13 \u015eubat 2024- TMMOB Metalurji ve Malzeme M\u00fchendisleri Odas\u0131 Ba\u015fkan\u0131 \u0130rfan T\u00fcrkkolu, \u0130li\u00e7\u2019teki faciada &#8216;G\u00f6\u00e7\u00fck alt\u0131nda kalan madencilerin say\u0131s\u0131n\u0131n resmi rakam\u0131n be\u015f kat\u0131 oldu\u011fu&#8217; y\u00f6n\u00fcnde bilgi ald\u0131klar\u0131n\u0131 s\u00f6yledi.<\/p>\n<p>13 \u015eubat 2024- Milli Savunma Bakanl\u0131\u011f\u0131 faciada g\u00f6\u00e7\u00fck alt\u0131nda kalan i\u015f\u00e7iler i\u00e7in devam eden arama kurtarma \u00e7al\u0131\u015fmalar\u0131na 3&#8217;\u00fcnc\u00fc Ordu \u0130stihk\u00e2m Sava\u015f Taburu askerlerinin de kat\u0131ld\u0131\u011f\u0131n\u0131 duyurdu.<\/p>\n<p>14 \u015eubat 2024- \u0130li\u00e7&#8217;te madene kar\u015f\u0131 y\u0131llard\u0131r m\u00fccadele veren Sedat Cezayirlio\u011flu sosyal medya \u00fczerinden yay\u0131nlad\u0131\u011f\u0131 videolu mesaj sonras\u0131 g\u00f6zalt\u0131na al\u0131nd\u0131.<\/p>\n<p><img fetchpriority=\"high\" decoding=\"async\" class=\"alignnone wp-image-2877\" src=\"https:\/\/radyomunzur.com\/wp-content\/uploads\/2025\/02\/sedat-cezayirlioglu-erzincan-ilic-siyanur-altin-madeni-k2-tv.jpeg\" alt=\"\" width=\"480\" height=\"270\" \/><\/p>\n<p>14 \u015eubat 2024- Faciaya ili\u015fkin tepkilerin oda\u011f\u0131nda olan d\u00f6nemin \u00c7evre ve \u015eehircilik Bakan\u0131 Murat Kurum, bakanl\u0131\u011f\u0131n madene &#8220;\u00c7ED olumlu&#8221; karar\u0131 vermesini ele\u015ftirenleri alg\u0131 operasyonu yapmakla su\u00e7lad\u0131.<\/p>\n<p>14 \u015eubat 2024- Maden sahas\u0131nda kayan topra\u011f\u0131n alt\u0131nda kalan 9 i\u015f\u00e7iyi arama kurtarma \u00e7al\u0131\u015fmalar\u0131 devam ederken 6 i\u015f\u00e7inin kimli\u011fi a\u00e7\u0131kland\u0131.<\/p>\n<p>14 \u015eubat 2024- \u00c7evre Bakanl\u0131\u011f\u0131, &#8220;\u0130lk andan itibaren F\u0131rat Nehri boyunca belirli noktalardan numuneler al\u0131nm\u0131\u015f, \u015fu an i\u00e7in kirlilik tespit edilmemi\u015ftir&#8221; a\u00e7\u0131klamas\u0131 yapt\u0131.<\/p>\n<p>14 \u015eubat 2024- Dersim Valili\u011fi kentten \u0130li\u00e7\u2019e gidi\u015fleri yasaklad\u0131.<\/p>\n<p>15 \u015eubat 2024- Sivas Valili\u011fi taraf\u0131ndan yap\u0131lan a\u00e7\u0131klamada da \u201cKanuna ayk\u0131r\u0131 eylemlere kat\u0131lmak amac\u0131yla \u015fah\u0131s ve ara\u00e7lar\u0131n Erzincan iline gidebilece\u011fi\u201d belirtilerek Sivas\u2019tan Erzincan\u2019a \u00e7\u0131k\u0131\u015flar\u0131n 7 g\u00fcn s\u00fcreyle yasakland\u0131\u011f\u0131 duyuruldu.<\/p>\n<p>15 \u015eubat 2024- 9 i\u015f\u00e7iyi arama \u00e7al\u0131\u015fmalar\u0131 s\u00fcrerken Anagold i\u015f ilan\u0131 a\u00e7t\u0131. \u015eirket &#8220;\u0130nsanlar\u0131 \u00f6nemseyen \u015firket k\u00fclt\u00fcr\u00fc&#8221; ifadesini kulland\u0131\u011f\u0131 ilan\u0131n\u0131 birka\u00e7 saat sonra geri \u00e7ekti.<\/p>\n<p>15 \u015eubat 2024- Anagold Madencilik\u2019in orta\u011f\u0131 \u00c7al\u0131k Holding faciaya ili\u015fkin, &#8220;Operasyonel sorumlulu\u011fumuz yok, finansal yat\u0131r\u0131mc\u0131y\u0131z&#8221; dedi.<\/p>\n<p>16 \u015eubat 2024- G\u00f6zalt\u0131nda al\u0131nd\u0131ktan sonra serbest b\u0131rak\u0131lan Sedat Cezayirlio\u011flu&#8217;nun maden sahas\u0131na 3 kilometre kadar mesafeye girmesi yasakland\u0131.<\/p>\n<p>16 \u015eubat 2024- Maden facias\u0131nda g\u00f6\u00e7\u00fck alt\u0131nda kalan kamyonun par\u00e7alar\u0131na ula\u015f\u0131ld\u0131.<\/p>\n<p>18 \u015eubat 2024- Erzincan&#8217;da li\u00e7 kaymas\u0131 sonras\u0131 ya\u015fanan faciaya ili\u015fkin y\u00fcr\u00fct\u00fclen soru\u015fturmada, \u015firketin T\u00fcrkiye&#8217;deki m\u00fcd\u00fcr\u00fc Cengiz Demirci g\u00f6zalt\u0131na al\u0131nmas\u0131n\u0131n ard\u0131ndan 6 saat sonra serbest b\u0131rak\u0131ld\u0131.<\/p>\n<p>18 \u015eubat 2024- \u0130li\u00e7\u2019teki faciadan sonra 22 farkl\u0131 maden projesi i\u00e7in ba\u015fvuruda bulunuldu. Bakanl\u0131k ise bunlardan 11\u2019ine onay verdi.<\/p>\n<p>19 \u015eubat 2024- \u0130\u00e7i\u015fleri Bakan\u0131 Yerlikaya \u0130li\u00e7&#8217;te arama \u00e7al\u0131\u015fmas\u0131n\u0131n 6. g\u00fcn\u00fcnde \u201cYerinden oynam\u0131\u015f 3.5 milyon metrek\u00fcpl\u00fck toprak k\u00fctlesi var. Tekrar kayma riski var.\u201d dedi. \u00c7al\u0131\u015fmalar durduruldu.<\/p>\n<p>21 \u015eubat 2024- B\u00f6lgeyi ziyaret eden bakanlar aras\u0131nda yer alan \u00c7evre, \u015eehircilik ve \u0130klim De\u011fi\u015fikli\u011fi Bakan\u0131 Mehmet \u00d6zhaseki tehlikeli at\u0131klara y\u00f6nelik her g\u00fcn numune al\u0131nd\u0131\u011f\u0131n\u0131 belirterek &#8220;\u015eu ana kadar zehirli bir at\u0131k saptanmad\u0131&#8221; dedi.<\/p>\n<p>22 \u015eubat 2024- \u0130li\u00e7&#8217;te faaliyet y\u00fcr\u00fcten ta\u015feron firma \u00c7iftay&#8217;\u0131n, b\u00f6lgedeki siyan\u00fcrl\u00fc topra\u011f\u0131 ta\u015f\u0131yabilmek i\u00e7in b\u00fcnyesindeki i\u015f\u00e7ilere kod de\u011fi\u015fikli\u011fi yapt\u0131\u011f\u0131 ortaya \u00e7\u0131kt\u0131.<\/p>\n<p>24 \u015eubat 2024- Maden facias\u0131n\u0131n 12. g\u00fcn\u00fcnde d\u00f6nemin \u00c7evre \u015eehircilik ve \u0130klim De\u011fi\u015fikli\u011fi Bakan\u0131 Murat Kurum\u2019un onay verdi\u011fi ikinci kapasite art\u0131\u015f\u0131 raporunda DS\u0130\u2019nin \u0130li\u00e7&#8217;teki maden i\u00e7in 2020 y\u0131l\u0131ndaki &#8216;su havzas\u0131 yoktur&#8217; \u015feklinde g\u00f6r\u00fc\u015f bildirdi\u011fi ortaya \u00e7\u0131kt\u0131.<\/p>\n<p><img decoding=\"async\" class=\"alignnone wp-image-2878\" src=\"https:\/\/radyomunzur.com\/wp-content\/uploads\/2025\/02\/murat-kurum-ilici-1020x574.jpg\" alt=\"\" width=\"459\" height=\"258\" srcset=\"https:\/\/radyomunzur.com\/wp-content\/uploads\/2025\/02\/murat-kurum-ilici-1020x574.jpg 1020w, https:\/\/radyomunzur.com\/wp-content\/uploads\/2025\/02\/murat-kurum-ilici-1080x608.jpg 1080w, https:\/\/radyomunzur.com\/wp-content\/uploads\/2025\/02\/murat-kurum-ilici-768x432.jpg 768w, https:\/\/radyomunzur.com\/wp-content\/uploads\/2025\/02\/murat-kurum-ilici.jpg 1280w\" sizes=\"(max-width: 459px) 100vw, 459px\" \/><\/p>\n<p>4 Mart 2024- TMMOB\u2019un \u0130li\u00e7&#8217;teki kapasite art\u0131r\u0131m\u0131na kar\u015f\u0131 Anagold Madencilik ve \u00c7evre \u015eehircilik ve \u0130klim De\u011fi\u015fikli\u011fi Bakanl\u0131\u011f\u0131&#8217;na a\u00e7t\u0131\u011f\u0131 davada, Erzincan \u0130dare Mahkemesi y\u00fcr\u00fctmeyi durdurma karar\u0131 ald\u0131.<\/p>\n<p>16 Mart 2024- Li\u00e7 y\u0131\u011f\u0131n\u0131 alt\u0131nda kalan i\u015f\u00e7ilerin kulland\u0131\u011f\u0131 pikaba ula\u015f\u0131ld\u0131.<\/p>\n<p><img decoding=\"async\" class=\"alignnone wp-image-2876\" src=\"https:\/\/radyomunzur.com\/wp-content\/uploads\/2025\/02\/ililililislicccc.jpeg\" alt=\"\" width=\"223\" height=\"396\" \/><\/p>\n<p>20 Mart 2024- Meydana gelen toprak kaymas\u0131na ili\u015fkin soru\u015fturmada jeoteknik m\u00fchendisi A.R.K tutukland\u0131.<\/p>\n<p>21 Mart 2014- Madende \u00e7al\u0131\u015fan i\u015f\u00e7ilere uygulanan ferdi kaza sigortas\u0131ndaki teminat tutar\u0131 yeni yap\u0131lan d\u00fczenleme ile 150 bin TL\u2019den 1 milyon TL\u2019ye y\u00fckseltildi. Ancak d\u00fczenlemeye \u0130li\u00e7 dahil edilmedi. Toprak alt\u0131nda kalan i\u015f\u00e7ilerin yak\u0131nlar\u0131na 150 bin TL \u00f6denece\u011fi belirtildi.<\/p>\n<p>23 Mart 2024- Maden facias\u0131na y\u00f6nelik haz\u0131rlanan birinci bilirki\u015fi raporunda, g\u00f6zalt\u0131na al\u0131nd\u0131ktan 6 saat sonra serbest b\u0131rak\u0131lan Anagold T\u00fcrkiye M\u00fcd\u00fcr\u00fc Cengiz Yal\u00e7\u0131n Demirci\u2019nin de aralar\u0131nda oldu\u011fu yetkililer hakk\u0131nda kusursuz tespiti yap\u0131ld\u0131. Madende g\u00f6revli m\u00fchendisler kusurlu bulundu.<\/p>\n<p>24 Mart 2024- Li\u00e7 y\u0131\u011f\u0131n\u0131n\u0131n alt\u0131nda kalan i\u015f\u00e7ilerin aileleri, 41 g\u00fcn\u00fcn sonunda yapt\u0131klar\u0131 a\u00e7\u0131klama ile cenazelerini isteyerek sorumlular\u0131n cezaland\u0131r\u0131lmas\u0131 \u00e7a\u011fr\u0131s\u0131 yapt\u0131lar.<\/p>\n<p>5 Nisan 2024- Arama \u00e7al\u0131\u015fmalar\u0131n\u0131n 53. g\u00fcn\u00fcnde Mangan oca\u011f\u0131nda oldu\u011fu tahmin edilen 35 ya\u015f\u0131ndaki i\u015f\u00e7i U\u011fur Y\u0131ld\u0131z&#8217;\u0131n cans\u0131z bedenine ula\u015f\u0131ld\u0131.<\/p>\n<p><img loading=\"lazy\" decoding=\"async\" class=\"alignnone wp-image-2879\" src=\"https:\/\/radyomunzur.com\/wp-content\/uploads\/2025\/02\/unnamed.png\" alt=\"\" width=\"449\" height=\"250\" \/><\/p>\n<p>19 Nisan 2024- Siyan\u00fcrl\u00fc topra\u011f\u0131n alt\u0131nda bir otomobile ula\u015f\u0131ld\u0131. Otomobilin i\u00e7erisinden bir i\u015f\u00e7isinin cans\u0131z bedeni \u00e7\u0131kar\u0131ld\u0131. Bulunan cesedin Adnan Keklik\u2019e ait oldu\u011fu belirtildi.<\/p>\n<p>4 May\u0131s 2024- Bakan Bayraktar, \u0130li\u00e7&#8217;te maden oca\u011f\u0131nda toprak alt\u0131nda kalan 2 i\u015f\u00e7inin daha cesedine ula\u015f\u0131ld\u0131\u011f\u0131n\u0131 a\u00e7\u0131klad\u0131. Cenazeler Ramazan \u00c7imen ve Kenan \u00d6z&#8217;e ait oldu\u011fu belirtildi.<\/p>\n<p>8 May\u0131s 2024- Facian\u0131n ard\u0131ndan kurulan TBMM Ara\u015ft\u0131rma Komisyonu, 3 ay sonra maden sahas\u0131na inceleme yapt\u0131.<\/p>\n<p>14 May\u0131s 2024- DEM Parti Dersim Milletvekili Ayten Kordu TBMM Genel Kurulu&#8217;nda g\u00fcndem d\u0131\u015f\u0131 s\u00f6z alarak, \u201cLi\u00e7 y\u0131\u011f\u0131n\u0131nda kay\u0131p i\u015f\u00e7iler de\u011fil alt\u0131n aran\u0131yor.\u201d dedi.<\/p>\n<p>24 May\u0131s 2024- 5 i\u015f\u00e7inin hala siyan\u00fcrl\u00fc toprak alt\u0131nda oldu\u011fu \u0130li\u00e7\u2019te bilirki\u015filer ikinci kez rapor haz\u0131rlad\u0131. Raporda \u00fcst d\u00fczey \u015firket y\u00f6neticilerinin de yer ald\u0131\u011f\u0131 13 ismin asli kusurlu oldu\u011funa karar verildi. Ayr\u0131ca madene ili\u015fkin \u00c7ED olumlu karar\u0131 veren ki\u015filerin de asli kusurlu oldu\u011fu ifade edildi.<\/p>\n<p>27 May\u0131s 2024- Anagold Madencilik\u2019e ait alt\u0131n madeninde ikinci kez bir kayma meydana geldi. Toprak kaymas\u0131 13 \u015eubat\u2019ta ya\u015fanan li\u00e7 sahas\u0131yla ayn\u0131 yerde, ta\u015f\u0131ma i\u015flemi yap\u0131l\u0131rken ya\u015fand\u0131.<\/p>\n<p>4 Haziran 2024- Enerji ve Tabii Kaynaklar Bakan\u0131 Bayraktar, Erzincan \u0130li\u00e7\u2019te ya\u015fanan heyelan sonras\u0131 toprak alt\u0131nda kalan i\u015f\u00e7ilerden birinin daha bedenine ula\u015f\u0131ld\u0131\u011f\u0131n\u0131 s\u00f6yledi.<\/p>\n<p>5 Haziran 2024- TBMM \u0130li\u00e7 Maden Kazas\u0131n\u0131 Ara\u015ft\u0131rma Komisyonu&#8217;da konu\u015fan Anagold temsilcileri, tutuklu jeoradar m\u00fchendisi A.R.K&#8217;yi &#8216;erken uyar\u0131 sistemini devre d\u0131\u015f\u0131 b\u0131rakt\u0131\u011f\u0131n\u0131&#8217; iddia ederek su\u00e7lad\u0131.<\/p>\n<p>6 Haziran 2024- Maden facias\u0131ndan 4 ay sonra \u00fc\u00e7 i\u015f\u00e7inin daha cans\u0131z bedenine ula\u015f\u0131ld\u0131. Bulunan i\u015f\u00e7ilerin Abdurrahman \u015eahin ve H\u00fcseyin Kara oldu\u011fu belirtildi.<\/p>\n<p>8 Haziran 2024- Li\u00e7 kaymas\u0131 sonucu toprak alt\u0131nda kalan son i\u015f\u00e7inin cans\u0131z bedenine 116 g\u00fcn sonra ula\u015f\u0131ld\u0131.<\/p>\n<p>28 Haziran 2024- T\u00fcrk Tabipleri Birli\u011fi\u2019nin maden facias\u0131 ile ilgili haz\u0131rlad\u0131\u011f\u0131 rapor yay\u0131mland\u0131. Raporda \u201c\u0130li\u00e7 \u00c7\u00f6pler Alt\u0131n Madeni\u2019nin kapat\u0131lmas\u0131 ve ruhsat\u0131n\u0131n iptal edilmesi ba\u015fta olmak \u00fczere \u00fclkemizde siyan\u00fcrl\u00fc alt\u0131n madencili\u011fi yasaklanmal\u0131, bundan sonra her t\u00fcrl\u00fc \u00fcretim ve t\u00fcketim ili\u015fkileri do\u011fayla uyumlu ve s\u00f6m\u00fcr\u00fcden uzak olmal\u0131d\u0131r\u201d denildi. Rapor TBMM \u0130li\u00e7 Maden Kazas\u0131n\u0131 Ara\u015ft\u0131rma Komisyonu\u2019na g\u00f6nderildi.<\/p>\n<p>19 A\u011fustos 2024- Anagold, \u0130li\u00e7\u2019teki alt\u0131n madeninde 187 i\u015f\u00e7iyi i\u015ften \u00e7\u0131kard\u0131. \u015eirket gerek\u00e7e olarak maddi zorluklar\u0131 g\u00f6sterdi.<\/p>\n<p>27 A\u011fustos 2024- Anagold\u2019a ait alt\u0131n madeninde siyan\u00fcrl\u00fc toprak akmas\u0131ndan sonra zehirli topra\u011f\u0131n mevzuatlara uygun depolanmamas\u0131 nedeniyle TMMOB\u2019un a\u00e7t\u0131\u011f\u0131 davada Erzincan \u0130dare Mahkemesi y\u00fcr\u00fctmeyi durdurma karar\u0131 verdi.<\/p>\n<p>8 Kas\u0131m 2024- Madeninin ortaklar\u0131ndan SSR Mining&#8217;in raporunda, madenin yeniden a\u00e7\u0131lmas\u0131 i\u00e7in \u00e7al\u0131\u015fma yap\u0131ld\u0131\u011f\u0131 ve yetkililerle g\u00f6r\u00fc\u015fmelerin s\u00fcrd\u00fc\u011f\u00fc belirtildi.<\/p>\n<p>24 Kas\u0131m 2024- Faciay\u0131 soru\u015fturan Ba\u015fsavc\u0131l\u0131\u011f\u0131n, 12 profes\u00f6rden olu\u015fturdu\u011fu Bilirki\u015fi Heyeti, i\u015fletme operasyonlar\u0131n\u0131n \u00c7ED kapsam\u0131nda y\u00fcr\u00fct\u00fcld\u00fc\u011f\u00fc karar\u0131na varan ek rapor haz\u0131rlad\u0131. Bilirki\u015fi Heyeti raporda \u00c7ED\u2019e onay veren veya imzas\u0131 bulunan \u00c7evre, \u015eehircilik ve \u0130klim De\u011fi\u015fikli\u011fi Bakanl\u0131\u011f\u0131 yetkililerinin \u201ckusursuz oldu\u011funu\u201d bildirdi.<\/p>\n<p>7 Aral\u0131k 2024- Ba\u015fsavc\u0131l\u0131k taraf\u0131ndan yeni ek rapor do\u011frultusunda \u00c7ED raporu ile ilgili \u00c7evre Bakanl\u0131\u011f\u0131 yetkililerine takipsizlik karar\u0131 verildi.<\/p>\n<p>18 Aral\u0131k 2024- \u0130li\u00e7 Cumhuriyet Ba\u015fsavc\u0131l\u0131\u011f\u0131\u2019nca maden facias\u0131na ili\u015fkin iddianame haz\u0131rland\u0131. 5&#8217;i tutuklu 43 \u015f\u00fcpheli hakk\u0131nda &#8220;Taksirle \u00f6l\u00fcme ve yaralanmaya neden olmak&#8221; ve &#8220;\u00c7evreyi taksirle kirletmek&#8221; su\u00e7lar\u0131ndan iddianame haz\u0131rlanarak mahkemeye sunuldu. \u015e\u00fcphelilerin 2 y\u0131ldan 15&#8217;er y\u0131la kadar hapisle cezaland\u0131r\u0131lmas\u0131 talep edildi.<\/p>\n<p>20 Aral\u0131k 2024- Madene &#8220;\u00c7ED olumlu&#8221; raporunu veren bakanl\u0131k personeli ve ilgili ki\u015filerin ikinci bilirki\u015fi incelemesinde ise kusursuz bulunmas\u0131n\u0131n ard\u0131ndan 7 Anagold yetkilisi daha kusursuz bulundu.<\/p>\n<p>3 Ocak 2025- Faciayla ilgili 43 san\u0131k i\u00e7in 2 y\u0131ldan 15 y\u0131la kadar hapis cezas\u0131 talep edilen iddianame Erzincan 1. A\u011f\u0131r Ceza Mahkemesi\u2019nce kabul edildi. Duru\u015fma g\u00fcn\u00fc 17 Mart 2025 olarak belirlendi.<\/p>\n<p><strong>Hakan K\u0130Z\u0130R<\/strong><\/p>\n<p>&nbsp;<\/p>\n<p>&nbsp;<\/p>\n<p><img loading=\"lazy\" decoding=\"async\" class=\"alignnone wp-image-2713\" src=\"https:\/\/radyomunzur.com\/wp-content\/uploads\/2025\/01\/Ekipman_icin_Sticker-2-1020x574.png\" alt=\"\" width=\"599\" height=\"337\" srcset=\"https:\/\/radyomunzur.com\/wp-content\/uploads\/2025\/01\/Ekipman_icin_Sticker-2-1020x574.png 1020w, https:\/\/radyomunzur.com\/wp-content\/uploads\/2025\/01\/Ekipman_icin_Sticker-2-1080x608.png 1080w, https:\/\/radyomunzur.com\/wp-content\/uploads\/2025\/01\/Ekipman_icin_Sticker-2-768x432.png 768w, https:\/\/radyomunzur.com\/wp-content\/uploads\/2025\/01\/Ekipman_icin_Sticker-2-1536x864.png 1536w, https:\/\/radyomunzur.com\/wp-content\/uploads\/2025\/01\/Ekipman_icin_Sticker-2.png 1920w\" sizes=\"(max-width: 599px) 100vw, 599px\" \/><\/p>\n","protected":false},"excerpt":{"rendered":"<p>\u0130li\u00e7 maden facias\u0131 \u00fclke tarihinin en b\u00fcy\u00fck \u00e7evre katliam\u0131yken i\u015f\u00e7i \u00f6l\u00fcmleri i\u00e7in san\u0131klara en d\u00fc\u015f\u00fck cezalar\u0131n istendi\u011fi davalardan biri oldu. Siyasi sorumlular\u0131n \u00e7ok\u00e7a tart\u0131\u015f\u0131ld\u0131\u011f\u0131 faciada herhangi bir istifa olmad\u0131\u011f\u0131 gibi soru\u015fturma kapsam\u0131nda bir yarg\u0131lama da s\u00f6z konusu de\u011fil. Yakla\u015f\u0131k 10 ay sonra haz\u0131rlanan iddianame ise bir\u00e7ok tart\u0131\u015fmay\u0131 beraberinde getirdi. San\u0131klar i\u00e7in d\u00fc\u015f\u00fck cezalar\u0131n istendi\u011fi yarg\u0131laman\u0131n ilk duru\u015fmas\u0131 17 Mart 2025\u2019te g\u00f6r\u00fclecek. Peki facian\u0131n \u00fczerinden bir y\u0131l ge\u00e7mi\u015fken ilk g\u00fcnden bu yana hangi geli\u015fmeler ya\u015fand\u0131? 13 \u015eubat 2024- Anagold Madencilik Sanayi ve Ticaret A.\u015e.&#8217;nin 2010 y\u0131l\u0131 Aral\u0131k ay\u0131ndan itibaren alt\u0131n \u00fcretimi yapt\u0131\u011f\u0131 Erzincan&#8217;\u0131n \u0130li\u00e7 il\u00e7esinde saat 14.30 s\u0131ralar\u0131nda Eski De\u011firmen mevkiinde toprak kaymas\u0131 meydana geldi. \u0130lk a\u00e7\u0131klamaya g\u00f6re siyan\u00fcr ve s\u00fclf\u00fcrik asit da\u011flar\u0131 \u00e7\u00f6kt\u00fc. \u0130\u00e7i\u015fleri Bakan\u0131 Ali Yerlikaya, &#8220;667 \u00e7al\u0131\u015fandan 9 ki\u015fiye ula\u015f\u0131lam\u0131yor, 400 ki\u015fiyle arama yap\u0131l\u0131yor&#8221; dedi. 13 \u015eubat 2024- TMMOB Metalurji ve Malzeme M\u00fchendisleri Odas\u0131 Ba\u015fkan\u0131 \u0130rfan T\u00fcrkkolu, \u0130li\u00e7\u2019teki faciada &#8216;G\u00f6\u00e7\u00fck alt\u0131nda kalan madencilerin say\u0131s\u0131n\u0131n resmi rakam\u0131n be\u015f kat\u0131 oldu\u011fu&#8217; y\u00f6n\u00fcnde bilgi ald\u0131klar\u0131n\u0131 s\u00f6yledi. 13 \u015eubat 2024- Milli Savunma Bakanl\u0131\u011f\u0131 faciada g\u00f6\u00e7\u00fck alt\u0131nda kalan i\u015f\u00e7iler i\u00e7in devam eden arama kurtarma \u00e7al\u0131\u015fmalar\u0131na 3&#8217;\u00fcnc\u00fc Ordu \u0130stihk\u00e2m Sava\u015f Taburu askerlerinin de kat\u0131ld\u0131\u011f\u0131n\u0131 duyurdu. 14 \u015eubat 2024- \u0130li\u00e7&#8217;te madene kar\u015f\u0131 y\u0131llard\u0131r m\u00fccadele veren Sedat Cezayirlio\u011flu sosyal medya \u00fczerinden yay\u0131nlad\u0131\u011f\u0131 videolu mesaj sonras\u0131 g\u00f6zalt\u0131na al\u0131nd\u0131. 14 \u015eubat 2024- Faciaya ili\u015fkin tepkilerin oda\u011f\u0131nda olan d\u00f6nemin \u00c7evre ve \u015eehircilik Bakan\u0131 Murat Kurum, bakanl\u0131\u011f\u0131n madene &#8220;\u00c7ED olumlu&#8221; karar\u0131 vermesini ele\u015ftirenleri alg\u0131 operasyonu yapmakla su\u00e7lad\u0131. 14 \u015eubat 2024- Maden sahas\u0131nda kayan topra\u011f\u0131n alt\u0131nda kalan 9 i\u015f\u00e7iyi arama kurtarma \u00e7al\u0131\u015fmalar\u0131 devam ederken 6 i\u015f\u00e7inin kimli\u011fi a\u00e7\u0131kland\u0131. 14 \u015eubat 2024- \u00c7evre Bakanl\u0131\u011f\u0131, &#8220;\u0130lk andan itibaren F\u0131rat Nehri boyunca belirli noktalardan numuneler al\u0131nm\u0131\u015f, \u015fu an i\u00e7in kirlilik tespit edilmemi\u015ftir&#8221; a\u00e7\u0131klamas\u0131 yapt\u0131. 14 \u015eubat 2024- Dersim Valili\u011fi kentten \u0130li\u00e7\u2019e gidi\u015fleri yasaklad\u0131. 15 \u015eubat 2024- Sivas Valili\u011fi taraf\u0131ndan yap\u0131lan a\u00e7\u0131klamada da \u201cKanuna ayk\u0131r\u0131 eylemlere kat\u0131lmak amac\u0131yla \u015fah\u0131s ve ara\u00e7lar\u0131n Erzincan iline gidebilece\u011fi\u201d belirtilerek Sivas\u2019tan Erzincan\u2019a \u00e7\u0131k\u0131\u015flar\u0131n 7 g\u00fcn s\u00fcreyle yasakland\u0131\u011f\u0131 duyuruldu. 15 \u015eubat 2024- 9 i\u015f\u00e7iyi arama \u00e7al\u0131\u015fmalar\u0131 s\u00fcrerken Anagold i\u015f ilan\u0131 a\u00e7t\u0131. \u015eirket &#8220;\u0130nsanlar\u0131 \u00f6nemseyen \u015firket k\u00fclt\u00fcr\u00fc&#8221; ifadesini kulland\u0131\u011f\u0131 ilan\u0131n\u0131 birka\u00e7 saat sonra geri \u00e7ekti. 15 \u015eubat 2024- Anagold Madencilik\u2019in orta\u011f\u0131 \u00c7al\u0131k Holding faciaya ili\u015fkin, &#8220;Operasyonel sorumlulu\u011fumuz yok, finansal yat\u0131r\u0131mc\u0131y\u0131z&#8221; dedi. 16 \u015eubat 2024- G\u00f6zalt\u0131nda al\u0131nd\u0131ktan sonra serbest b\u0131rak\u0131lan Sedat Cezayirlio\u011flu&#8217;nun maden sahas\u0131na 3 kilometre kadar mesafeye girmesi yasakland\u0131. 16 \u015eubat 2024- Maden facias\u0131nda g\u00f6\u00e7\u00fck alt\u0131nda kalan kamyonun par\u00e7alar\u0131na ula\u015f\u0131ld\u0131. 18 \u015eubat 2024- Erzincan&#8217;da li\u00e7 kaymas\u0131 sonras\u0131 ya\u015fanan faciaya ili\u015fkin y\u00fcr\u00fct\u00fclen soru\u015fturmada, \u015firketin T\u00fcrkiye&#8217;deki m\u00fcd\u00fcr\u00fc Cengiz Demirci g\u00f6zalt\u0131na al\u0131nmas\u0131n\u0131n ard\u0131ndan 6 saat sonra serbest b\u0131rak\u0131ld\u0131. 18 \u015eubat 2024- \u0130li\u00e7\u2019teki faciadan sonra 22 farkl\u0131 maden projesi i\u00e7in ba\u015fvuruda bulunuldu. Bakanl\u0131k ise bunlardan 11\u2019ine onay verdi. 19 \u015eubat 2024- \u0130\u00e7i\u015fleri Bakan\u0131 Yerlikaya \u0130li\u00e7&#8217;te arama \u00e7al\u0131\u015fmas\u0131n\u0131n 6. g\u00fcn\u00fcnde \u201cYerinden oynam\u0131\u015f 3.5 milyon metrek\u00fcpl\u00fck toprak k\u00fctlesi var. Tekrar kayma riski var.\u201d dedi. \u00c7al\u0131\u015fmalar durduruldu. 21 \u015eubat 2024- B\u00f6lgeyi ziyaret eden bakanlar aras\u0131nda yer alan \u00c7evre, \u015eehircilik ve \u0130klim De\u011fi\u015fikli\u011fi Bakan\u0131 Mehmet \u00d6zhaseki tehlikeli at\u0131klara y\u00f6nelik her g\u00fcn numune al\u0131nd\u0131\u011f\u0131n\u0131 belirterek &#8220;\u015eu ana kadar zehirli bir at\u0131k saptanmad\u0131&#8221; dedi. 22 \u015eubat 2024- \u0130li\u00e7&#8217;te faaliyet y\u00fcr\u00fcten ta\u015feron firma \u00c7iftay&#8217;\u0131n, b\u00f6lgedeki siyan\u00fcrl\u00fc topra\u011f\u0131 ta\u015f\u0131yabilmek i\u00e7in b\u00fcnyesindeki i\u015f\u00e7ilere kod de\u011fi\u015fikli\u011fi yapt\u0131\u011f\u0131 ortaya \u00e7\u0131kt\u0131. 24 \u015eubat 2024- Maden facias\u0131n\u0131n 12. g\u00fcn\u00fcnde d\u00f6nemin \u00c7evre \u015eehircilik ve \u0130klim De\u011fi\u015fikli\u011fi Bakan\u0131 Murat Kurum\u2019un onay verdi\u011fi ikinci kapasite art\u0131\u015f\u0131 raporunda DS\u0130\u2019nin \u0130li\u00e7&#8217;teki maden i\u00e7in 2020 y\u0131l\u0131ndaki &#8216;su havzas\u0131 yoktur&#8217; \u015feklinde g\u00f6r\u00fc\u015f bildirdi\u011fi ortaya \u00e7\u0131kt\u0131. 4 Mart 2024- TMMOB\u2019un \u0130li\u00e7&#8217;teki kapasite art\u0131r\u0131m\u0131na kar\u015f\u0131 Anagold Madencilik ve \u00c7evre \u015eehircilik ve \u0130klim De\u011fi\u015fikli\u011fi Bakanl\u0131\u011f\u0131&#8217;na a\u00e7t\u0131\u011f\u0131 davada, Erzincan \u0130dare Mahkemesi y\u00fcr\u00fctmeyi durdurma karar\u0131 ald\u0131. 16 Mart 2024- Li\u00e7 y\u0131\u011f\u0131n\u0131 alt\u0131nda kalan i\u015f\u00e7ilerin kulland\u0131\u011f\u0131 pikaba ula\u015f\u0131ld\u0131. 20 Mart 2024- Meydana gelen toprak kaymas\u0131na ili\u015fkin soru\u015fturmada jeoteknik m\u00fchendisi A.R.K tutukland\u0131. 21 Mart 2014- Madende \u00e7al\u0131\u015fan i\u015f\u00e7ilere uygulanan ferdi kaza sigortas\u0131ndaki teminat tutar\u0131 yeni yap\u0131lan d\u00fczenleme ile 150 bin TL\u2019den 1 milyon TL\u2019ye y\u00fckseltildi. Ancak d\u00fczenlemeye \u0130li\u00e7 dahil edilmedi. Toprak alt\u0131nda kalan i\u015f\u00e7ilerin yak\u0131nlar\u0131na 150 bin TL \u00f6denece\u011fi belirtildi. 23 Mart 2024- Maden facias\u0131na y\u00f6nelik haz\u0131rlanan birinci bilirki\u015fi raporunda, g\u00f6zalt\u0131na al\u0131nd\u0131ktan 6 saat sonra serbest b\u0131rak\u0131lan Anagold T\u00fcrkiye M\u00fcd\u00fcr\u00fc Cengiz Yal\u00e7\u0131n Demirci\u2019nin de aralar\u0131nda oldu\u011fu yetkililer hakk\u0131nda kusursuz tespiti yap\u0131ld\u0131. Madende g\u00f6revli m\u00fchendisler kusurlu bulundu. 24 Mart 2024- Li\u00e7 y\u0131\u011f\u0131n\u0131n\u0131n alt\u0131nda kalan i\u015f\u00e7ilerin aileleri, 41 g\u00fcn\u00fcn sonunda yapt\u0131klar\u0131 a\u00e7\u0131klama ile cenazelerini isteyerek sorumlular\u0131n cezaland\u0131r\u0131lmas\u0131 \u00e7a\u011fr\u0131s\u0131 yapt\u0131lar. 5 Nisan 2024- Arama \u00e7al\u0131\u015fmalar\u0131n\u0131n 53. g\u00fcn\u00fcnde Mangan oca\u011f\u0131nda oldu\u011fu tahmin edilen 35 ya\u015f\u0131ndaki i\u015f\u00e7i U\u011fur Y\u0131ld\u0131z&#8217;\u0131n cans\u0131z bedenine ula\u015f\u0131ld\u0131. 19 Nisan 2024- Siyan\u00fcrl\u00fc topra\u011f\u0131n alt\u0131nda bir otomobile ula\u015f\u0131ld\u0131. Otomobilin i\u00e7erisinden bir i\u015f\u00e7isinin cans\u0131z bedeni \u00e7\u0131kar\u0131ld\u0131. Bulunan cesedin Adnan Keklik\u2019e ait oldu\u011fu belirtildi. 4 May\u0131s 2024- Bakan Bayraktar, \u0130li\u00e7&#8217;te maden oca\u011f\u0131nda toprak alt\u0131nda kalan 2 i\u015f\u00e7inin daha cesedine ula\u015f\u0131ld\u0131\u011f\u0131n\u0131 a\u00e7\u0131klad\u0131. Cenazeler Ramazan \u00c7imen ve Kenan \u00d6z&#8217;e ait oldu\u011fu belirtildi. 8 May\u0131s 2024- Facian\u0131n ard\u0131ndan kurulan TBMM Ara\u015ft\u0131rma Komisyonu, 3 ay sonra maden sahas\u0131na inceleme yapt\u0131. 14 May\u0131s 2024- DEM Parti Dersim Milletvekili Ayten Kordu TBMM Genel Kurulu&#8217;nda g\u00fcndem d\u0131\u015f\u0131 s\u00f6z alarak, \u201cLi\u00e7 y\u0131\u011f\u0131n\u0131nda kay\u0131p i\u015f\u00e7iler de\u011fil alt\u0131n aran\u0131yor.\u201d dedi. 24 May\u0131s 2024- 5 i\u015f\u00e7inin hala siyan\u00fcrl\u00fc toprak alt\u0131nda oldu\u011fu \u0130li\u00e7\u2019te bilirki\u015filer ikinci kez rapor haz\u0131rlad\u0131. Raporda \u00fcst d\u00fczey \u015firket y\u00f6neticilerinin de yer ald\u0131\u011f\u0131 13 ismin asli kusurlu oldu\u011funa karar verildi. Ayr\u0131ca madene ili\u015fkin \u00c7ED olumlu karar\u0131 veren ki\u015filerin de asli kusurlu oldu\u011fu ifade edildi. 27 May\u0131s 2024- Anagold Madencilik\u2019e ait alt\u0131n madeninde ikinci kez bir kayma meydana geldi. Toprak kaymas\u0131 13 \u015eubat\u2019ta ya\u015fanan li\u00e7 sahas\u0131yla ayn\u0131 yerde, ta\u015f\u0131ma i\u015flemi yap\u0131l\u0131rken ya\u015fand\u0131. 4 Haziran 2024- Enerji ve Tabii Kaynaklar Bakan\u0131 Bayraktar, Erzincan \u0130li\u00e7\u2019te ya\u015fanan heyelan sonras\u0131 toprak alt\u0131nda kalan i\u015f\u00e7ilerden birinin daha bedenine ula\u015f\u0131ld\u0131\u011f\u0131n\u0131 s\u00f6yledi. 5 Haziran 2024- TBMM \u0130li\u00e7 Maden Kazas\u0131n\u0131 Ara\u015ft\u0131rma Komisyonu&#8217;da konu\u015fan Anagold temsilcileri, tutuklu jeoradar m\u00fchendisi A.R.K&#8217;yi &#8216;erken uyar\u0131 sistemini devre d\u0131\u015f\u0131 b\u0131rakt\u0131\u011f\u0131n\u0131&#8217; iddia ederek su\u00e7lad\u0131. 6 Haziran 2024- Maden facias\u0131ndan 4 ay sonra \u00fc\u00e7 i\u015f\u00e7inin daha cans\u0131z bedenine ula\u015f\u0131ld\u0131. Bulunan i\u015f\u00e7ilerin Abdurrahman \u015eahin ve H\u00fcseyin Kara oldu\u011fu belirtildi. 8 Haziran 2024- Li\u00e7 kaymas\u0131 sonucu toprak alt\u0131nda kalan son i\u015f\u00e7inin cans\u0131z bedenine 116 g\u00fcn sonra ula\u015f\u0131ld\u0131. 28 Haziran 2024- T\u00fcrk Tabipleri Birli\u011fi\u2019nin maden facias\u0131 ile ilgili haz\u0131rlad\u0131\u011f\u0131 rapor yay\u0131mland\u0131. Raporda \u201c\u0130li\u00e7 \u00c7\u00f6pler Alt\u0131n Madeni\u2019nin kapat\u0131lmas\u0131 ve ruhsat\u0131n\u0131n iptal edilmesi ba\u015fta olmak \u00fczere \u00fclkemizde siyan\u00fcrl\u00fc alt\u0131n madencili\u011fi yasaklanmal\u0131, bundan sonra her t\u00fcrl\u00fc \u00fcretim ve t\u00fcketim ili\u015fkileri do\u011fayla uyumlu ve s\u00f6m\u00fcr\u00fcden uzak olmal\u0131d\u0131r\u201d denildi.<\/p>\n","protected":false},"author":2,"featured_media":2875,"comment_status":"open","ping_status":"open","sticky":false,"template":"","format":"standard","meta":{"_joinchat":[],"footnotes":""},"categories":[5],"tags":[230,233,234,232,14,197,228,189,225,227,226,229,101,231,65],"class_list":["post-2874","post","type-post","status-publish","format-standard","has-post-thumbnail","hentry","category-yerel-haberler","tag-altin","tag-altin-arama","tag-altin-madeni","tag-canada","tag-dersim","tag-erzincan","tag-facia","tag-gocuk","tag-ilic","tag-kaza","tag-maden","tag-madengocugu","tag-munzur","tag-siyanur","tag-yikim"],"acf":[],"_links":{"self":[{"href":"https:\/\/radyomunzur.com\/index.php?rest_route=\/wp\/v2\/posts\/2874","targetHints":{"allow":["GET"]}}],"collection":[{"href":"https:\/\/radyomunzur.com\/index.php?rest_route=\/wp\/v2\/posts"}],"about":[{"href":"https:\/\/radyomunzur.com\/index.php?rest_route=\/wp\/v2\/types\/post"}],"author":[{"embeddable":true,"href":"https:\/\/radyomunzur.com\/index.php?rest_route=\/wp\/v2\/users\/2"}],"replies":[{"embeddable":true,"href":"https:\/\/radyomunzur.com\/index.php?rest_route=%2Fwp%2Fv2%2Fcomments&post=2874"}],"version-history":[{"count":2,"href":"https:\/\/radyomunzur.com\/index.php?rest_route=\/wp\/v2\/posts\/2874\/revisions"}],"predecessor-version":[{"id":2881,"href":"https:\/\/radyomunzur.com\/index.php?rest_route=\/wp\/v2\/posts\/2874\/revisions\/2881"}],"wp:featuredmedia":[{"embeddable":true,"href":"https:\/\/radyomunzur.com\/index.php?rest_route=\/wp\/v2\/media\/2875"}],"wp:attachment":[{"href":"https:\/\/radyomunzur.com\/index.php?rest_route=%2Fwp%2Fv2%2Fmedia&parent=2874"}],"wp:term":[{"taxonomy":"category","embeddable":true,"href":"https:\/\/radyomunzur.com\/index.php?rest_route=%2Fwp%2Fv2%2Fcategories&post=2874"},{"taxonomy":"post_tag","embeddable":true,"href":"https:\/\/radyomunzur.com\/index.php?rest_route=%2Fwp%2Fv2%2Ftags&post=2874"}],"curies":[{"name":"wp","href":"https:\/\/api.w.org\/{rel}","templated":true}]}}