{"id":2310,"date":"2024-08-30T03:46:51","date_gmt":"2024-08-30T07:46:51","guid":{"rendered":"https:\/\/radyomunzur.com\/?p=2310"},"modified":"2024-12-19T06:10:04","modified_gmt":"2024-12-19T11:10:04","slug":"vartolular-doga-kultur-ve-inanc-festivalinin-3-gununde-halayda-bulustu","status":"publish","type":"post","link":"https:\/\/radyomunzur.com\/?p=2310","title":{"rendered":"Vartolular, Do\u011fa, K\u00fclt\u00fcr ve \u0130nan\u00e7 Festivalinin 3. g\u00fcn\u00fcnde halayda bulu\u015ftu"},"content":{"rendered":"<p>3. Varto Do\u011fa, K\u00fclt\u00fcr ve \u0130nan\u00e7 Festivali, \u00fc\u00e7\u00fcnc\u00fc g\u00fcn\u00fcnde konserlerle devam etti. Kat\u0131l\u0131m\u0131n yo\u011fun oldu\u011fu program\u0131 Veli Beyazg\u00fcl ile Bahar Boylu sundu.<\/p>\n<p>\u201c\u0130nanc\u0131m\u0131zla ikrarl\u0131, do\u011fam\u0131zla r\u0131zal\u0131, dilimizle diren\u00e7li, irademizke g\u00fc\u00e7l\u00fcy\u00fcz\u201d mesaj\u0131n\u0131n verildi\u011fi festivale DEM Parti Dersim Milletvekili\u00a0<strong>Ayten Kordu<\/strong>, Varto Belediyesi E\u015f Ba\u015fkan\u0131\u00a0<strong>G\u0131yasettin Aydemir<\/strong>, CHP Varto \u0130l\u00e7e y\u00f6netimi, DBP Karl\u0131ova il\u00e7e y\u00f6netimi de kat\u0131ld\u0131.<\/p>\n<p>Davul-zurna e\u015fli\u011finde \u00e7ekilen halaylarla ba\u015flayan program, Dengbej\u00a0<strong>Mustafay\u00ea Ta\u00e7\u00ee<\/strong>\u2018nin seslendirdi\u011fi kilamlar ile devam etti.<br \/>\nVarto K\u0131r \u00c7ad\u0131r\u0131\u2019nda yap\u0131lan festivalin devam\u0131nda m\u00fczisyen\u00a0<strong>Bahar Boylu<\/strong>\u00a0sahne alarak ezgiler seslendirdi.<\/p>\n<p>Gecenin devam\u0131nda \u015eair\u00a0<strong>\u0130brahim Xa\u015fxa\u015f<\/strong>\u00a0da m\u00fczik e\u015fli\u011finde \u015fiirler okudu.<\/p>\n<p><strong>FEST\u0130VALDE DO\u011eA TALANINA VURGU YAPILDI<\/strong><\/p>\n<p>Kat\u0131l\u0131m\u0131n yo\u011fun oldu\u011fu gecede G\u0131mg\u0131m H\u0131z\u0131r Mekan\u0131 ve Do\u011fa Koruma Derne\u011fi Y\u00f6netim kurulu, kat\u0131l\u0131mc\u0131lar\u0131 selamlad\u0131.<br \/>\nDerne\u011fin E\u015f Ba\u015fkan\u0131\u00a0<strong>\u00dclk\u00fc Karag\u00f6l<\/strong>, Varto k\u00fclt\u00fcr\u00fcn\u00fcn s\u00fcrmesi i\u00e7in m\u00fccadele y\u00fcr\u00fctt\u00fckkerini ifade ederek kat\u0131l\u0131mc\u0131lara te\u015fekk\u00fcrlerini sundu.<\/p>\n<p>G\u0131mg\u0131m H\u0131z\u0131r Mekan\u0131 ve Do\u011fa Koruma Derne\u011fi E\u015f Ba\u015fkan\u0131<strong>\u00a0\u0130mam Balsever<\/strong>\u00a0ise festival \u00e7al\u0131\u015fmas\u0131nda \u00f6zellikle kad\u0131n eme\u011finin yo\u011fun oldu\u011funu vurgulad\u0131. \u0130mam Balsever, konu\u015fmas\u0131n\u0131n devam\u0131nda \u015funlar\u0131 s\u00f6yledi:<\/p>\n<p>\u201cBu y\u0131l 3\u2019\u00fcnc\u00fcs\u00fcn\u00fc d\u00fczenledi\u011fimiz bu festivalin bir eksikli\u011fini de ya\u015f\u0131yoruz. \u0130sterdik ki t\u00fcm farkl\u0131 k\u00fclt\u00fcrler, sivil toplum \u00f6rg\u00fctleri de burada olsun. Maalesef kendi istekleriyle aram\u0131zda olmad\u0131lar. K\u00fclt\u00fcr\u00fcm\u00fcz\u00fc ya\u015fatal\u0131m. Uzun s\u00fcredir Gimgim\u2019da bir sessizlik vard\u0131. \u0130lk 2 y\u0131l bizlere yo\u011fun kat\u0131l\u0131m, destek verildi. Siz bug\u00fcn burada olmasayd\u0131n\u0131z bu etkinli\u011fi yapamazd\u0131k. 2 g\u00fcn boyunca ziyaretlerimizi, do\u011fam\u0131z\u0131 gezdik, y\u00fczlerce insan kat\u0131ld\u0131. Direnen bu damar asla inanc\u0131n\u0131 terk etmez. D\u00fcn Kunav Ma\u011faras\u0131na gittik. \u00d6\u011frendi\u011fimiz bilgiler nedeniyle de \u015fa\u015f\u0131rd\u0131k. \u00c7evre k\u00f6ylerde maalesef k\u00fclt\u00fcr\u00fcm\u00fcze dair bilgimiz yok. Bir\u00e7ok medeniyet buradan ge\u00e7mi\u015f. B\u00f6lgeye ait 6 dilin 4\u2019\u00fc bug\u00fcn ya\u015fam\u0131yor. K\u00fclt\u00fcr\u00fcm\u00fcze, do\u011fam\u0131za sahip \u00e7\u0131kmazsak biz de yok olaca\u011f\u0131z. Onun i\u00e7in bu festivalleri yap\u0131yoruz. Zaman\u0131nda \u00e7ok yasaklama oldunama direnen bu halk asla teslim olmad\u0131. K\u00fclt\u00fcr\u00fcm\u00fcz\u00fc gelecek ku\u015faklara aktaraca\u011f\u0131z. Kimse bize yasak koyamaz. Demokratik cumhuriyete hizmet etmeye devam edece\u011fiz. Birlikte ya\u015famaya devam edece\u011fiz ama do\u011fam\u0131z zor durumda. Her yerde ta\u015f ocaklar\u0131n\u0131n pisli\u011fi, t\u00fcm canl\u0131y\u0131 etkiliyor. \u00c7evre duyarl\u0131l\u0131\u011f\u0131 g\u00f6stermeye devam edece\u011fiz. \u0130ki kuru\u015f i\u00e7in arazisini satanlara yaz\u0131klar olsun. D\u00fcne kadar yeti\u015fen bitkileri bug\u00fcn g\u00f6remiyoruz. Onun i\u00e7in herkesten \u00e7evre duyarl\u0131l\u0131\u011f\u0131 g\u00f6stermesini istiyoruz. Her k\u00f6y\u00fcn etraf\u0131 \u00e7\u00f6plerle dolu. Biz kendi evimizin \u00e7\u00f6p\u00fcn\u00fc toplasak yeterli olur.\u201d<\/p>\n<p><strong>AYTEN KORDU: \u0130NANCIMIZI VE K\u00dcLT\u00dcR\u00dcM\u00dcZ\u00dc YA\u015eATACA\u011eIZ<\/strong><\/p>\n<p>Dersim Milletvekili\u00a0<strong>Ayten Kordu<\/strong>\u00a0da gecede konu\u015fan bir di\u011fer isim oldu. \u201cBiz bu co\u011frafyan\u0131n \u00e7ok fazla ac\u0131s\u0131n\u0131 g\u00f6rm\u00fc\u015f ama direni\u015fini de g\u00f6stermi\u015f insanlar\u0131y\u0131z\u201d diyen Kordu \u015f\u00f6yle devam etti:<\/p>\n<p>\u201cBiz inkar edilen, yok say\u0131lan co\u011frafyada ya\u015fayan halk\u0131n \u00e7ocuklar\u0131y\u0131z. Bu inkar ve imha hala devam ediyor. Dilimiz unutturulmak isteniyor. Bu sistemin sorumlusu AKP-MHP fa\u015fizm ittifak\u0131d\u0131r. Do\u011fam\u0131za ili\u015fkin bir d\u00fc\u015fman politikas\u0131 var. \u0130nanc\u0131m\u0131za, dilimize ili\u015fkin bir d\u00fc\u015fman politikas\u0131 var. \u0130nkar ve imha ile bizi biat ettirmeye \u00e7al\u0131\u015f\u0131yorlar. Biz Ali\u015ferlerin, Zariferlerin, Sakinlerin ard\u0131llar\u0131y\u0131z, biat etmeyece\u011fiz. Biz K\u00fcrt ve Alevi halk\u0131n\u0131n \u00e7ocuklar\u0131, \u00e7ok daha fazla \u00f6rg\u00fctl\u00fc ve beraber olmak zorunday\u0131z. Bu bizim tarihsel sorumlulu\u011fumuzdur. Burada bulunan halk\u0131m\u0131z bu fa\u015fizme kar\u015f\u0131 \u00e7ok daha fazla m\u00fccadele etmeli. Bizi k\u00fclt\u00fcr bakanl\u0131\u011f\u0131n\u0131n alt\u0131na al\u0131yorlar. Bizi tan\u0131m\u0131yorlar. Hi\u00e7bir zaman sizin istedi\u011finiz gibi ya\u015famad\u0131k. DEM Parti olarak \u00f6zg\u00fcrl\u00fck ve e\u015fitlik m\u00fccadelemizi devam ettirece\u011fiz. Bu \u00fclkede bu sa\u011flanmadan durmayaca\u011f\u0131z. B\u00fct\u00fcn ya\u015fam alanlar\u0131m\u0131z bize dar ediliyor. Bu y\u00fczden hakikate do\u011fru birlikte yol alaca\u011f\u0131z. Biz tan\u0131nana kadar m\u00fccadelemize devam edece\u011fiz. \u0130nanc\u0131m\u0131z\u0131 da k\u00fclt\u00fcr\u00fcm\u00fcz\u00fc de kendi istedi\u011fimiz gibi ya\u015famaya devam edece\u011fiz.\u201d<\/p>\n<p>Festival program\u0131n\u0131n devam\u0131nda Sanat\u00e7\u0131\u00a0<strong>P\u0131nar Ayd\u0131nlar<\/strong>\u00a0ve\u00a0<strong>Mehmet Ekici<\/strong>\u00a0sahne alarak Kirmanck\u00ee ve Kurmanc\u00ee ezgiler seslendirdi.<\/p>\n<p><strong>P\u0130RHA\/VARTO<\/strong><\/p>\n","protected":false},"excerpt":{"rendered":"<p>3. Varto Do\u011fa, K\u00fclt\u00fcr ve \u0130nan\u00e7 Festivali, \u00fc\u00e7\u00fcnc\u00fc g\u00fcn\u00fcnde konserlerle devam etti. Kat\u0131l\u0131m\u0131n yo\u011fun oldu\u011fu program\u0131 Veli Beyazg\u00fcl ile Bahar Boylu sundu. \u201c\u0130nanc\u0131m\u0131zla ikrarl\u0131, do\u011fam\u0131zla r\u0131zal\u0131, dilimizle diren\u00e7li, irademizke g\u00fc\u00e7l\u00fcy\u00fcz\u201d mesaj\u0131n\u0131n verildi\u011fi festivale DEM Parti Dersim Milletvekili\u00a0Ayten Kordu, Varto Belediyesi E\u015f Ba\u015fkan\u0131\u00a0G\u0131yasettin Aydemir, CHP Varto \u0130l\u00e7e y\u00f6netimi, DBP Karl\u0131ova il\u00e7e y\u00f6netimi de kat\u0131ld\u0131. Davul-zurna e\u015fli\u011finde \u00e7ekilen halaylarla ba\u015flayan program, Dengbej\u00a0Mustafay\u00ea Ta\u00e7\u00ee\u2018nin seslendirdi\u011fi kilamlar ile devam etti. Varto K\u0131r \u00c7ad\u0131r\u0131\u2019nda yap\u0131lan festivalin devam\u0131nda m\u00fczisyen\u00a0Bahar Boylu\u00a0sahne alarak ezgiler seslendirdi. Gecenin devam\u0131nda \u015eair\u00a0\u0130brahim Xa\u015fxa\u015f\u00a0da m\u00fczik e\u015fli\u011finde \u015fiirler okudu. FEST\u0130VALDE DO\u011eA TALANINA VURGU YAPILDI Kat\u0131l\u0131m\u0131n yo\u011fun oldu\u011fu gecede G\u0131mg\u0131m H\u0131z\u0131r Mekan\u0131 ve Do\u011fa Koruma Derne\u011fi Y\u00f6netim kurulu, kat\u0131l\u0131mc\u0131lar\u0131 selamlad\u0131. Derne\u011fin E\u015f Ba\u015fkan\u0131\u00a0\u00dclk\u00fc Karag\u00f6l, Varto k\u00fclt\u00fcr\u00fcn\u00fcn s\u00fcrmesi i\u00e7in m\u00fccadele y\u00fcr\u00fctt\u00fckkerini ifade ederek kat\u0131l\u0131mc\u0131lara te\u015fekk\u00fcrlerini sundu. G\u0131mg\u0131m H\u0131z\u0131r Mekan\u0131 ve Do\u011fa Koruma Derne\u011fi E\u015f Ba\u015fkan\u0131\u00a0\u0130mam Balsever\u00a0ise festival \u00e7al\u0131\u015fmas\u0131nda \u00f6zellikle kad\u0131n eme\u011finin yo\u011fun oldu\u011funu vurgulad\u0131. \u0130mam Balsever, konu\u015fmas\u0131n\u0131n devam\u0131nda \u015funlar\u0131 s\u00f6yledi: \u201cBu y\u0131l 3\u2019\u00fcnc\u00fcs\u00fcn\u00fc d\u00fczenledi\u011fimiz bu festivalin bir eksikli\u011fini de ya\u015f\u0131yoruz. \u0130sterdik ki t\u00fcm farkl\u0131 k\u00fclt\u00fcrler, sivil toplum \u00f6rg\u00fctleri de burada olsun. Maalesef kendi istekleriyle aram\u0131zda olmad\u0131lar. K\u00fclt\u00fcr\u00fcm\u00fcz\u00fc ya\u015fatal\u0131m. Uzun s\u00fcredir Gimgim\u2019da bir sessizlik vard\u0131. \u0130lk 2 y\u0131l bizlere yo\u011fun kat\u0131l\u0131m, destek verildi. Siz bug\u00fcn burada olmasayd\u0131n\u0131z bu etkinli\u011fi yapamazd\u0131k. 2 g\u00fcn boyunca ziyaretlerimizi, do\u011fam\u0131z\u0131 gezdik, y\u00fczlerce insan kat\u0131ld\u0131. Direnen bu damar asla inanc\u0131n\u0131 terk etmez. D\u00fcn Kunav Ma\u011faras\u0131na gittik. \u00d6\u011frendi\u011fimiz bilgiler nedeniyle de \u015fa\u015f\u0131rd\u0131k. \u00c7evre k\u00f6ylerde maalesef k\u00fclt\u00fcr\u00fcm\u00fcze dair bilgimiz yok. Bir\u00e7ok medeniyet buradan ge\u00e7mi\u015f. B\u00f6lgeye ait 6 dilin 4\u2019\u00fc bug\u00fcn ya\u015fam\u0131yor. K\u00fclt\u00fcr\u00fcm\u00fcze, do\u011fam\u0131za sahip \u00e7\u0131kmazsak biz de yok olaca\u011f\u0131z. Onun i\u00e7in bu festivalleri yap\u0131yoruz. Zaman\u0131nda \u00e7ok yasaklama oldunama direnen bu halk asla teslim olmad\u0131. K\u00fclt\u00fcr\u00fcm\u00fcz\u00fc gelecek ku\u015faklara aktaraca\u011f\u0131z. Kimse bize yasak koyamaz. Demokratik cumhuriyete hizmet etmeye devam edece\u011fiz. Birlikte ya\u015famaya devam edece\u011fiz ama do\u011fam\u0131z zor durumda. Her yerde ta\u015f ocaklar\u0131n\u0131n pisli\u011fi, t\u00fcm canl\u0131y\u0131 etkiliyor. \u00c7evre duyarl\u0131l\u0131\u011f\u0131 g\u00f6stermeye devam edece\u011fiz. \u0130ki kuru\u015f i\u00e7in arazisini satanlara yaz\u0131klar olsun. D\u00fcne kadar yeti\u015fen bitkileri bug\u00fcn g\u00f6remiyoruz. Onun i\u00e7in herkesten \u00e7evre duyarl\u0131l\u0131\u011f\u0131 g\u00f6stermesini istiyoruz. Her k\u00f6y\u00fcn etraf\u0131 \u00e7\u00f6plerle dolu. Biz kendi evimizin \u00e7\u00f6p\u00fcn\u00fc toplasak yeterli olur.\u201d AYTEN KORDU: \u0130NANCIMIZI VE K\u00dcLT\u00dcR\u00dcM\u00dcZ\u00dc YA\u015eATACA\u011eIZ Dersim Milletvekili\u00a0Ayten Kordu\u00a0da gecede konu\u015fan bir di\u011fer isim oldu. \u201cBiz bu co\u011frafyan\u0131n \u00e7ok fazla ac\u0131s\u0131n\u0131 g\u00f6rm\u00fc\u015f ama direni\u015fini de g\u00f6stermi\u015f insanlar\u0131y\u0131z\u201d diyen Kordu \u015f\u00f6yle devam etti: \u201cBiz inkar edilen, yok say\u0131lan co\u011frafyada ya\u015fayan halk\u0131n \u00e7ocuklar\u0131y\u0131z. Bu inkar ve imha hala devam ediyor. Dilimiz unutturulmak isteniyor. Bu sistemin sorumlusu AKP-MHP fa\u015fizm ittifak\u0131d\u0131r. Do\u011fam\u0131za ili\u015fkin bir d\u00fc\u015fman politikas\u0131 var. \u0130nanc\u0131m\u0131za, dilimize ili\u015fkin bir d\u00fc\u015fman politikas\u0131 var. \u0130nkar ve imha ile bizi biat ettirmeye \u00e7al\u0131\u015f\u0131yorlar. Biz Ali\u015ferlerin, Zariferlerin, Sakinlerin ard\u0131llar\u0131y\u0131z, biat etmeyece\u011fiz. Biz K\u00fcrt ve Alevi halk\u0131n\u0131n \u00e7ocuklar\u0131, \u00e7ok daha fazla \u00f6rg\u00fctl\u00fc ve beraber olmak zorunday\u0131z. Bu bizim tarihsel sorumlulu\u011fumuzdur. Burada bulunan halk\u0131m\u0131z bu fa\u015fizme kar\u015f\u0131 \u00e7ok daha fazla m\u00fccadele etmeli. Bizi k\u00fclt\u00fcr bakanl\u0131\u011f\u0131n\u0131n alt\u0131na al\u0131yorlar. Bizi tan\u0131m\u0131yorlar. Hi\u00e7bir zaman sizin istedi\u011finiz gibi ya\u015famad\u0131k. DEM Parti olarak \u00f6zg\u00fcrl\u00fck ve e\u015fitlik m\u00fccadelemizi devam ettirece\u011fiz. Bu \u00fclkede bu sa\u011flanmadan durmayaca\u011f\u0131z. B\u00fct\u00fcn ya\u015fam alanlar\u0131m\u0131z bize dar ediliyor. Bu y\u00fczden hakikate do\u011fru birlikte yol alaca\u011f\u0131z. Biz tan\u0131nana kadar m\u00fccadelemize devam edece\u011fiz. \u0130nanc\u0131m\u0131z\u0131 da k\u00fclt\u00fcr\u00fcm\u00fcz\u00fc de kendi istedi\u011fimiz gibi ya\u015famaya devam edece\u011fiz.\u201d Festival program\u0131n\u0131n devam\u0131nda Sanat\u00e7\u0131\u00a0P\u0131nar Ayd\u0131nlar\u00a0ve\u00a0Mehmet Ekici\u00a0sahne alarak Kirmanck\u00ee ve Kurmanc\u00ee ezgiler seslendirdi. P\u0130RHA\/VARTO<\/p>\n","protected":false},"author":2,"featured_media":2418,"comment_status":"open","ping_status":"open","sticky":false,"template":"","format":"standard","meta":{"_joinchat":[],"footnotes":""},"categories":[3],"tags":[],"class_list":["post-2310","post","type-post","status-publish","format-standard","has-post-thumbnail","hentry","category-sanat"],"acf":[],"_links":{"self":[{"href":"https:\/\/radyomunzur.com\/index.php?rest_route=\/wp\/v2\/posts\/2310","targetHints":{"allow":["GET"]}}],"collection":[{"href":"https:\/\/radyomunzur.com\/index.php?rest_route=\/wp\/v2\/posts"}],"about":[{"href":"https:\/\/radyomunzur.com\/index.php?rest_route=\/wp\/v2\/types\/post"}],"author":[{"embeddable":true,"href":"https:\/\/radyomunzur.com\/index.php?rest_route=\/wp\/v2\/users\/2"}],"replies":[{"embeddable":true,"href":"https:\/\/radyomunzur.com\/index.php?rest_route=%2Fwp%2Fv2%2Fcomments&post=2310"}],"version-history":[{"count":1,"href":"https:\/\/radyomunzur.com\/index.php?rest_route=\/wp\/v2\/posts\/2310\/revisions"}],"predecessor-version":[{"id":2312,"href":"https:\/\/radyomunzur.com\/index.php?rest_route=\/wp\/v2\/posts\/2310\/revisions\/2312"}],"wp:featuredmedia":[{"embeddable":true,"href":"https:\/\/radyomunzur.com\/index.php?rest_route=\/wp\/v2\/media\/2418"}],"wp:attachment":[{"href":"https:\/\/radyomunzur.com\/index.php?rest_route=%2Fwp%2Fv2%2Fmedia&parent=2310"}],"wp:term":[{"taxonomy":"category","embeddable":true,"href":"https:\/\/radyomunzur.com\/index.php?rest_route=%2Fwp%2Fv2%2Fcategories&post=2310"},{"taxonomy":"post_tag","embeddable":true,"href":"https:\/\/radyomunzur.com\/index.php?rest_route=%2Fwp%2Fv2%2Ftags&post=2310"}],"curies":[{"name":"wp","href":"https:\/\/api.w.org\/{rel}","templated":true}]}}