{"id":2237,"date":"2024-07-10T05:02:32","date_gmt":"2024-07-10T09:02:32","guid":{"rendered":"https:\/\/radyomunzur.com\/?p=2237"},"modified":"2024-12-19T07:11:49","modified_gmt":"2024-12-19T12:11:49","slug":"ovacikta-2-cobana-yildirim-carpti","status":"publish","type":"post","link":"https:\/\/radyomunzur.com\/?p=2237","title":{"rendered":"Ovac\u0131k\u2019ta 2 \u00c7obana Y\u0131ld\u0131r\u0131m \u00c7arpt\u0131"},"content":{"rendered":"<p><strong>Dersim\u2019in Ovac\u0131k il\u00e7esinde hayvan otlat\u0131rken y\u0131ld\u0131r\u0131m isabet eden 2 ki\u015fi yaraland\u0131, \u00e7ok say\u0131da k\u00fc\u00e7\u00fckba\u015f hayvan \u00f6ld\u00fc.<\/strong><\/p>\n<p>Dersim\u2019in Ovac\u0131k il\u00e7esinin K\u0131z\u0131k k\u00f6y\u00fcne ba\u011fl\u0131 Kurde\u015fi mezras\u0131nda hayvan otlatan Bar\u0131\u015f G. ile Olcay Y\u2019ye y\u0131ld\u0131r\u0131m isabet etti. K\u00f6ydekilerin ihbar\u0131 \u00fczerine b\u00f6lgeye sa\u011fl\u0131k ve jandarma ekipleri sevk edildi.<\/p>\n<p>Sa\u011fl\u0131k ekiplerince olay yerinde ilk m\u00fcdahaleleri yap\u0131lan yaral\u0131lar, ambulanslarla Ovac\u0131k \u0130l\u00e7e Devlet Hastanesi\u2019ne kald\u0131r\u0131ld\u0131. Yaral\u0131lar, buradaki m\u00fcdahalenin ard\u0131ndan Tunceli Devlet Hastanesi\u2019ne sevk edildi.<\/p>\n<p>\u00c7ok say\u0131da k\u00fc\u00e7\u00fckba\u015f hayvan da y\u0131ld\u0131r\u0131m isabet etmesi nedeniyle \u00f6ld\u00fc.<\/p>\n<p><strong>P\u0130RHA<\/strong><\/p>\n","protected":false},"excerpt":{"rendered":"<p>Dersim\u2019in Ovac\u0131k il\u00e7esinde hayvan otlat\u0131rken y\u0131ld\u0131r\u0131m isabet eden 2 ki\u015fi yaraland\u0131, \u00e7ok say\u0131da k\u00fc\u00e7\u00fckba\u015f hayvan \u00f6ld\u00fc. Dersim\u2019in Ovac\u0131k il\u00e7esinin K\u0131z\u0131k k\u00f6y\u00fcne ba\u011fl\u0131 Kurde\u015fi mezras\u0131nda hayvan otlatan Bar\u0131\u015f G. ile Olcay Y\u2019ye y\u0131ld\u0131r\u0131m isabet etti. K\u00f6ydekilerin ihbar\u0131 \u00fczerine b\u00f6lgeye sa\u011fl\u0131k ve jandarma ekipleri sevk edildi. Sa\u011fl\u0131k ekiplerince olay yerinde ilk m\u00fcdahaleleri yap\u0131lan yaral\u0131lar, ambulanslarla Ovac\u0131k \u0130l\u00e7e Devlet Hastanesi\u2019ne kald\u0131r\u0131ld\u0131. Yaral\u0131lar, buradaki m\u00fcdahalenin ard\u0131ndan Tunceli Devlet Hastanesi\u2019ne sevk edildi. \u00c7ok say\u0131da k\u00fc\u00e7\u00fckba\u015f hayvan da y\u0131ld\u0131r\u0131m isabet etmesi nedeniyle \u00f6ld\u00fc. P\u0130RHA<\/p>\n","protected":false},"author":2,"featured_media":2435,"comment_status":"open","ping_status":"open","sticky":false,"template":"","format":"standard","meta":{"_joinchat":[],"footnotes":""},"categories":[5],"tags":[],"class_list":["post-2237","post","type-post","status-publish","format-standard","has-post-thumbnail","hentry","category-yerel-haberler"],"acf":[],"_links":{"self":[{"href":"https:\/\/radyomunzur.com\/index.php?rest_route=\/wp\/v2\/posts\/2237","targetHints":{"allow":["GET"]}}],"collection":[{"href":"https:\/\/radyomunzur.com\/index.php?rest_route=\/wp\/v2\/posts"}],"about":[{"href":"https:\/\/radyomunzur.com\/index.php?rest_route=\/wp\/v2\/types\/post"}],"author":[{"embeddable":true,"href":"https:\/\/radyomunzur.com\/index.php?rest_route=\/wp\/v2\/users\/2"}],"replies":[{"embeddable":true,"href":"https:\/\/radyomunzur.com\/index.php?rest_route=%2Fwp%2Fv2%2Fcomments&post=2237"}],"version-history":[{"count":1,"href":"https:\/\/radyomunzur.com\/index.php?rest_route=\/wp\/v2\/posts\/2237\/revisions"}],"predecessor-version":[{"id":2239,"href":"https:\/\/radyomunzur.com\/index.php?rest_route=\/wp\/v2\/posts\/2237\/revisions\/2239"}],"wp:featuredmedia":[{"embeddable":true,"href":"https:\/\/radyomunzur.com\/index.php?rest_route=\/wp\/v2\/media\/2435"}],"wp:attachment":[{"href":"https:\/\/radyomunzur.com\/index.php?rest_route=%2Fwp%2Fv2%2Fmedia&parent=2237"}],"wp:term":[{"taxonomy":"category","embeddable":true,"href":"https:\/\/radyomunzur.com\/index.php?rest_route=%2Fwp%2Fv2%2Fcategories&post=2237"},{"taxonomy":"post_tag","embeddable":true,"href":"https:\/\/radyomunzur.com\/index.php?rest_route=%2Fwp%2Fv2%2Ftags&post=2237"}],"curies":[{"name":"wp","href":"https:\/\/api.w.org\/{rel}","templated":true}]}}