{"id":2205,"date":"2024-04-23T02:48:54","date_gmt":"2024-04-23T06:48:54","guid":{"rendered":"https:\/\/radyomunzur.com\/?p=2205"},"modified":"2024-12-20T06:49:45","modified_gmt":"2024-12-20T11:49:45","slug":"turkiye-ile-irak-arasinda-26-anlasma-imzalandi","status":"publish","type":"post","link":"https:\/\/radyomunzur.com\/?p=2205","title":{"rendered":"T\u00fcrkiye ile Irak aras\u0131nda 26 anla\u015fma imzaland\u0131"},"content":{"rendered":"<div>AKP\u2019li Cumhurba\u015fkan\u0131 Tayyip Erdo\u011fan\u2019\u0131n 12 y\u0131l aradan sonra ger\u00e7ekle\u015ftirdi\u011fi Irak ziyaretinde &#8220;Su Alan\u0131nda \u0130\u015fbirli\u011fi \u00c7er\u00e7eve Anla\u015fmas\u0131&#8221; ve &#8220;Stratejik \u00c7er\u00e7eveye \u0130li\u015fkin Mutabakat Zapt\u0131&#8221; ile 24 i\u015fbirli\u011fi anla\u015fmas\u0131 imzaland\u0131.<\/div>\n<div><\/div>\n<div>AKP\u2019li Cumhurba\u015fkan\u0131 Tayyip Erdo\u011fan, bir dizi g\u00f6r\u00fc\u015fme ger\u00e7ekle\u015ftirmek i\u00e7in Irak&#8217;a gitti. \u0130lk olarak Ba\u011fdat\u2019ta Irak Cumhurba\u015fkan\u0131 Abdullatif Re\u015fid ile bir araya gelen olan Erdo\u011fan, daha sonra Irak Ba\u015fbakan\u0131 Muhammed \u015eiya es Sudani ile bir araya geldi.<\/div>\n<div><\/div>\n<div><strong>4&#8217;L\u00dc MUTABAKAT \u0130MZALANDI\u00a0<\/strong><\/div>\n<div><\/div>\n<div>\n<div>Erdo\u011fan ile Irak Ba\u015fbakan\u0131 Muhammed \u015eiya es Sudani&#8217;nin himayesinde Irak, T\u00fcrkiye, Katar ve Birle\u015fik Arap Emirlikleri (BAE) aras\u0131nda, Kalk\u0131nma Yolu Projesi&#8217;nde i\u015fbirli\u011fine ili\u015fkin 4&#8217;l\u00fc mutabakat zapt\u0131 imzaland\u0131. \u0130mza t\u00f6reninde \u00fc\u00e7 \u00fclkenin ula\u015ft\u0131rma-altyap\u0131 bakanlar\u0131 ile BAE&#8217;nin enerji-altyap\u0131 bakan\u0131 da haz\u0131r bulundu.<\/div>\n<div><\/div>\n<div>Ayr\u0131ca Irak ile T\u00fcrkiye aras\u0131nda &#8220;Su\u00a0Alan\u0131nda \u0130\u015fbirli\u011fi \u00c7er\u00e7eve Anla\u015fmas\u0131&#8221; ve &#8220;Stratejik \u00c7er\u00e7eveye \u0130li\u015fkin Mutabakat Zapt\u0131&#8221; ile 24 i\u015fbirli\u011fi anla\u015fmas\u0131 imzaland\u0131. Irak&#8217;la 10 y\u0131ll\u0131k Su Kaynaklar\u0131n\u0131n \u0130daresi Anla\u015fmas\u0131&#8217;na var\u0131lm\u0131\u015f oldu.<\/div>\n<div><\/div>\n<\/div>\n<div><strong>ERDO\u011eAN-SUDAN\u0130 A\u00c7IKLAMASI<\/strong><\/div>\n<div><\/div>\n<div>Erdo\u011fan ve Sudani g\u00f6r\u00fc\u015fmesinin ard\u0131ndan ortak bas\u0131n toplant\u0131s\u0131 d\u00fczenlendi. Bas\u0131n toplant\u0131s\u0131nda konu\u015fan Erdo\u011fan, Irak\u2019\u0131n PKK\u2019yi \u201cYasakl\u0131 \u00d6rg\u00fct\u201d ilan etmesinden duydu\u011fu memnuiyeti dile getirdi. Irak ile birlikte PKK\u2019ye kar\u015f\u0131 m\u00fc\u015fterek ad\u0131mlar \u00fczerine konu\u015ftuklar\u0131n\u0131 belirten Erdo\u011fan, Irak\u2019la imzalad\u0131klar\u0131 stratejik i\u015f birli\u011fi anla\u015fmalar\u0131na de\u011findi.<\/div>\n<div><\/div>\n<div><strong>BARZAN\u0130\u2019DEN T\u00dcRK\u00c7E PAYLA\u015eIM<\/strong><\/div>\n<div><\/div>\n<div>Ba\u011fdat\u2019taki ziyaretlerinin ard\u0131ndan Federe Kurdistan B\u00f6lgesi\u2019nin Hewl\u00ear kentine ge\u00e7en Erdo\u011fan, Federe Kurdistan B\u00f6lgesel Y\u00f6netimi Ba\u015fkan\u0131 Ne\u00e7irvan Barzani taraf\u0131ndan kar\u015f\u0131land\u0131. Erdo\u011fan\u2019\u0131n Hewl\u00ear\u2019e yapt\u0131\u011f\u0131 ziyarete ili\u015fkin X hesab\u0131ndan T\u00fcrk\u00e7e olarak payla\u015f\u0131mda bulunan Barzani, Erdo\u011fan\u2019\u0131 Hewl\u00ear\u2019de a\u011f\u0131rlamaktan mutluluk duydu\u011funu ifade etti.<\/div>\n<div><\/div>\n<div>Barzani\u2019nin yapt\u0131\u011f\u0131 payla\u015f\u0131m \u015f\u00f6yle: \u201cCumhurba\u015fkan\u0131 Erdo\u011fan&#8217;\u0131n Ba\u011fdat ve Erbil&#8217;e yapt\u0131\u011f\u0131 tarihi ziyaret, b\u00f6lgede hassas bir d\u00f6neme denk geliyor. Irak ve K\u00fcrdistan B\u00f6lgesi ile T\u00fcrkiye aras\u0131ndaki g\u00fc\u00e7l\u00fc siyasi, ekonomik ve g\u00fcvenlik ba\u011flar\u0131na da dikkat \u00e7ekiyor. Cumhurba\u015fkan\u0131 Erdo\u011fan&#8217;\u0131 Erbil&#8217;de a\u011f\u0131rlamaktan mutluluk duyuyorum Bar\u0131\u015f, istikrar, ekonomik kalk\u0131nma gibi \u00f6nemli konular\u0131 ele alaca\u011f\u0131z.\u201d<\/div>\n<div><\/div>\n","protected":false},"excerpt":{"rendered":"<p>AKP\u2019li Cumhurba\u015fkan\u0131 Tayyip Erdo\u011fan\u2019\u0131n 12 y\u0131l aradan sonra ger\u00e7ekle\u015ftirdi\u011fi Irak ziyaretinde &#8220;Su Alan\u0131nda \u0130\u015fbirli\u011fi \u00c7er\u00e7eve Anla\u015fmas\u0131&#8221; ve &#8220;Stratejik \u00c7er\u00e7eveye \u0130li\u015fkin Mutabakat Zapt\u0131&#8221; ile 24 i\u015fbirli\u011fi anla\u015fmas\u0131 imzaland\u0131. AKP\u2019li Cumhurba\u015fkan\u0131 Tayyip Erdo\u011fan, bir dizi g\u00f6r\u00fc\u015fme ger\u00e7ekle\u015ftirmek i\u00e7in Irak&#8217;a gitti. \u0130lk olarak Ba\u011fdat\u2019ta Irak Cumhurba\u015fkan\u0131 Abdullatif Re\u015fid ile bir araya gelen olan Erdo\u011fan, daha sonra Irak Ba\u015fbakan\u0131 Muhammed \u015eiya es Sudani ile bir araya geldi. 4&#8217;L\u00dc MUTABAKAT \u0130MZALANDI\u00a0 Erdo\u011fan ile Irak Ba\u015fbakan\u0131 Muhammed \u015eiya es Sudani&#8217;nin himayesinde Irak, T\u00fcrkiye, Katar ve Birle\u015fik Arap Emirlikleri (BAE) aras\u0131nda, Kalk\u0131nma Yolu Projesi&#8217;nde i\u015fbirli\u011fine ili\u015fkin 4&#8217;l\u00fc mutabakat zapt\u0131 imzaland\u0131. \u0130mza t\u00f6reninde \u00fc\u00e7 \u00fclkenin ula\u015ft\u0131rma-altyap\u0131 bakanlar\u0131 ile BAE&#8217;nin enerji-altyap\u0131 bakan\u0131 da haz\u0131r bulundu. Ayr\u0131ca Irak ile T\u00fcrkiye aras\u0131nda &#8220;Su\u00a0Alan\u0131nda \u0130\u015fbirli\u011fi \u00c7er\u00e7eve Anla\u015fmas\u0131&#8221; ve &#8220;Stratejik \u00c7er\u00e7eveye \u0130li\u015fkin Mutabakat Zapt\u0131&#8221; ile 24 i\u015fbirli\u011fi anla\u015fmas\u0131 imzaland\u0131. Irak&#8217;la 10 y\u0131ll\u0131k Su Kaynaklar\u0131n\u0131n \u0130daresi Anla\u015fmas\u0131&#8217;na var\u0131lm\u0131\u015f oldu. ERDO\u011eAN-SUDAN\u0130 A\u00c7IKLAMASI Erdo\u011fan ve Sudani g\u00f6r\u00fc\u015fmesinin ard\u0131ndan ortak bas\u0131n toplant\u0131s\u0131 d\u00fczenlendi. Bas\u0131n toplant\u0131s\u0131nda konu\u015fan Erdo\u011fan, Irak\u2019\u0131n PKK\u2019yi \u201cYasakl\u0131 \u00d6rg\u00fct\u201d ilan etmesinden duydu\u011fu memnuiyeti dile getirdi. Irak ile birlikte PKK\u2019ye kar\u015f\u0131 m\u00fc\u015fterek ad\u0131mlar \u00fczerine konu\u015ftuklar\u0131n\u0131 belirten Erdo\u011fan, Irak\u2019la imzalad\u0131klar\u0131 stratejik i\u015f birli\u011fi anla\u015fmalar\u0131na de\u011findi. BARZAN\u0130\u2019DEN T\u00dcRK\u00c7E PAYLA\u015eIM Ba\u011fdat\u2019taki ziyaretlerinin ard\u0131ndan Federe Kurdistan B\u00f6lgesi\u2019nin Hewl\u00ear kentine ge\u00e7en Erdo\u011fan, Federe Kurdistan B\u00f6lgesel Y\u00f6netimi Ba\u015fkan\u0131 Ne\u00e7irvan Barzani taraf\u0131ndan kar\u015f\u0131land\u0131. Erdo\u011fan\u2019\u0131n Hewl\u00ear\u2019e yapt\u0131\u011f\u0131 ziyarete ili\u015fkin X hesab\u0131ndan T\u00fcrk\u00e7e olarak payla\u015f\u0131mda bulunan Barzani, Erdo\u011fan\u2019\u0131 Hewl\u00ear\u2019de a\u011f\u0131rlamaktan mutluluk duydu\u011funu ifade etti. Barzani\u2019nin yapt\u0131\u011f\u0131 payla\u015f\u0131m \u015f\u00f6yle: \u201cCumhurba\u015fkan\u0131 Erdo\u011fan&#8217;\u0131n Ba\u011fdat ve Erbil&#8217;e yapt\u0131\u011f\u0131 tarihi ziyaret, b\u00f6lgede hassas bir d\u00f6neme denk geliyor. Irak ve K\u00fcrdistan B\u00f6lgesi ile T\u00fcrkiye aras\u0131ndaki g\u00fc\u00e7l\u00fc siyasi, ekonomik ve g\u00fcvenlik ba\u011flar\u0131na da dikkat \u00e7ekiyor. Cumhurba\u015fkan\u0131 Erdo\u011fan&#8217;\u0131 Erbil&#8217;de a\u011f\u0131rlamaktan mutluluk duyuyorum Bar\u0131\u015f, istikrar, ekonomik kalk\u0131nma gibi \u00f6nemli konular\u0131 ele alaca\u011f\u0131z.\u201d<\/p>\n","protected":false},"author":2,"featured_media":2451,"comment_status":"open","ping_status":"open","sticky":false,"template":"","format":"standard","meta":{"_joinchat":[],"footnotes":""},"categories":[23],"tags":[],"class_list":["post-2205","post","type-post","status-publish","format-standard","has-post-thumbnail","hentry","category-politika-siyaset"],"acf":[],"_links":{"self":[{"href":"https:\/\/radyomunzur.com\/index.php?rest_route=\/wp\/v2\/posts\/2205","targetHints":{"allow":["GET"]}}],"collection":[{"href":"https:\/\/radyomunzur.com\/index.php?rest_route=\/wp\/v2\/posts"}],"about":[{"href":"https:\/\/radyomunzur.com\/index.php?rest_route=\/wp\/v2\/types\/post"}],"author":[{"embeddable":true,"href":"https:\/\/radyomunzur.com\/index.php?rest_route=\/wp\/v2\/users\/2"}],"replies":[{"embeddable":true,"href":"https:\/\/radyomunzur.com\/index.php?rest_route=%2Fwp%2Fv2%2Fcomments&post=2205"}],"version-history":[{"count":1,"href":"https:\/\/radyomunzur.com\/index.php?rest_route=\/wp\/v2\/posts\/2205\/revisions"}],"predecessor-version":[{"id":2207,"href":"https:\/\/radyomunzur.com\/index.php?rest_route=\/wp\/v2\/posts\/2205\/revisions\/2207"}],"wp:featuredmedia":[{"embeddable":true,"href":"https:\/\/radyomunzur.com\/index.php?rest_route=\/wp\/v2\/media\/2451"}],"wp:attachment":[{"href":"https:\/\/radyomunzur.com\/index.php?rest_route=%2Fwp%2Fv2%2Fmedia&parent=2205"}],"wp:term":[{"taxonomy":"category","embeddable":true,"href":"https:\/\/radyomunzur.com\/index.php?rest_route=%2Fwp%2Fv2%2Fcategories&post=2205"},{"taxonomy":"post_tag","embeddable":true,"href":"https:\/\/radyomunzur.com\/index.php?rest_route=%2Fwp%2Fv2%2Ftags&post=2205"}],"curies":[{"name":"wp","href":"https:\/\/api.w.org\/{rel}","templated":true}]}}