{"id":1970,"date":"2024-01-31T03:31:25","date_gmt":"2024-01-31T08:31:25","guid":{"rendered":"https:\/\/radyomunzur.com\/?p=1970"},"modified":"2025-01-15T08:18:02","modified_gmt":"2025-01-15T13:18:02","slug":"abfden-can-atalay-tepkisi-akp-yargisi-demokrasiyi-ve-vicdanlarimizi-katlediyor","status":"publish","type":"post","link":"https:\/\/radyomunzur.com\/?p=1970","title":{"rendered":"ABF\u2019den Can Atalay tepkisi: AKP yarg\u0131s\u0131 demokrasiyi ve vicdanlar\u0131m\u0131z\u0131 katlediyor!"},"content":{"rendered":"<p><img fetchpriority=\"high\" decoding=\"async\" class=\"alignnone size-medium wp-image-1974\" src=\"https:\/\/radyomunzur.com\/wp-content\/uploads\/2024\/01\/abf-gyk_5-2-1020x601.png\" alt=\"\" width=\"1020\" height=\"601\" srcset=\"https:\/\/radyomunzur.com\/wp-content\/uploads\/2024\/01\/abf-gyk_5-2-1020x601.png 1020w, https:\/\/radyomunzur.com\/wp-content\/uploads\/2024\/01\/abf-gyk_5-2-768x452.png 768w, https:\/\/radyomunzur.com\/wp-content\/uploads\/2024\/01\/abf-gyk_5-2.png 1080w\" sizes=\"(max-width: 1020px) 100vw, 1020px\" \/><\/p>\n<p>T\u0130P Hatay Milletvekili\u00a0Can Atalay\u2019\u0131n milletvekilli\u011finin d\u00fc\u015f\u00fcr\u00fclmesi hakk\u0131ndaki karar\u00a0TBMM Genel Kurulunda AKP\u2019li Meclis Ba\u015fkanvekili Bekir Bozda\u011f taraf\u0131ndan okutuldu. B\u00f6ylece Can Atalay\u2019\u0131n vekilli\u011fi d\u00fc\u015f\u00fcr\u00fcld\u00fc. Karara tepki ya\u011f\u0131yor.<\/p>\n<p>Yaz\u0131l\u0131 bir a\u00e7\u0131klama yapan Alevi Bekta\u015fi Federasyonu (ABF), \u201cArt\u0131k kabuslar\u0131m\u0131zdan ba\u015fka kaybedecek bir \u015feyimiz kalmad\u0131\u201d dedi.<\/p>\n<p>\u201cAKP yarg\u0131s\u0131 demokrasiyi ve vicdanlar\u0131m\u0131z\u0131 katletmeye devam ediyor\u201d diyen ABF, \u015funlar\u0131 kaydetti:<\/p>\n<p>\u201cOn binlerce yurtta\u015f\u0131n oylar\u0131 ile se\u00e7ilmi\u015f Can Atalay\u2019\u0131n milletvekilli\u011fi d\u00fc\u015f\u00fcr\u00fcld\u00fc. Tarihe kara leke olarak ge\u00e7en AKP marifetlerinden birine daha tan\u0131k olduk. Bu antidemokratik karar ile \u00f6z\u00fc itibar\u0131yla halk\u0131n iradesine darbe yap\u0131lm\u0131\u015ft\u0131r. Tarihin her d\u00f6neminde, en a\u011f\u0131r ko\u015fullar alt\u0131nda dahi demokrasi ve e\u015fitli\u011fi savunmaktan geri durmayan Aleviler bug\u00fcn de ayn\u0131 tavr\u0131n\u0131 s\u00fcrd\u00fcrecektir. Can Atalay bizim vekilimizdir ve \u00f6yle kalacakt\u0131r. AKP iktidar\u0131, Mad\u0131mak\u2019\u0131n tescilli katillerini serbest b\u0131rak\u0131rken halk\u0131n iradesi ile se\u00e7ilmi\u015f bir hukuk\u00e7uyu keyfi olarak tutsak ediyor. H\u0131rs\u0131n\u0131 alamayan fa\u015fist zihniyet vekilli\u011fini d\u00fc\u015f\u00fcr\u00fcyor. Bu a\u00e7\u0131k\u00e7a hukukun katlidir, adaletin ve vicdanlar\u0131n katlidir.<\/p>\n<p><strong>\u201cAKP YARGISI H\u0130TLER\u2019E PARMAK ISIRTMI\u015eTIR\u201d\u00a0<\/strong><\/p>\n<p>Bu yanl\u0131\u015ftan vazge\u00e7ilmelidir. Can Atalay derhal serbest b\u0131rak\u0131larak meclisteki g\u00f6revinin ba\u015f\u0131na ge\u00e7melidir. Bu karar d\u00fcnya demokrasi tarihinin karanl\u0131k lekesi olmu\u015ftur. AKP yarg\u0131s\u0131 Hitler\u2019e parmak \u0131s\u0131rtm\u0131\u015ft\u0131r. Biz Aleviler \u0131rk\u00e7\u0131lar\u0131n ve \u015feriat\u00e7\u0131lar\u0131n tam kar\u015f\u0131s\u0131nda durmaya devam edece\u011fiz.<br \/>\nHerkes i\u00e7in demokrasi, herkes i\u00e7in e\u015fitlik ve \u00f6zg\u00fcrl\u00fcklerin oldu\u011fu bir \u00fclkeyi hep birlikte kuraca\u011f\u0131z.\u201d<\/p>\n<p><strong>P\u0130RHA\/ANKARA<\/strong><\/p>\n","protected":false},"excerpt":{"rendered":"<p>T\u0130P Hatay Milletvekili\u00a0Can Atalay\u2019\u0131n milletvekilli\u011finin d\u00fc\u015f\u00fcr\u00fclmesi hakk\u0131ndaki karar\u00a0TBMM Genel Kurulunda AKP\u2019li Meclis Ba\u015fkanvekili Bekir Bozda\u011f taraf\u0131ndan okutuldu. B\u00f6ylece Can Atalay\u2019\u0131n vekilli\u011fi d\u00fc\u015f\u00fcr\u00fcld\u00fc. Karara tepki ya\u011f\u0131yor. Yaz\u0131l\u0131 bir a\u00e7\u0131klama yapan Alevi Bekta\u015fi Federasyonu (ABF), \u201cArt\u0131k kabuslar\u0131m\u0131zdan ba\u015fka kaybedecek bir \u015feyimiz kalmad\u0131\u201d dedi. \u201cAKP yarg\u0131s\u0131 demokrasiyi ve vicdanlar\u0131m\u0131z\u0131 katletmeye devam ediyor\u201d diyen ABF, \u015funlar\u0131 kaydetti: \u201cOn binlerce yurtta\u015f\u0131n oylar\u0131 ile se\u00e7ilmi\u015f Can Atalay\u2019\u0131n milletvekilli\u011fi d\u00fc\u015f\u00fcr\u00fcld\u00fc. Tarihe kara leke olarak ge\u00e7en AKP marifetlerinden birine daha tan\u0131k olduk. Bu antidemokratik karar ile \u00f6z\u00fc itibar\u0131yla halk\u0131n iradesine darbe yap\u0131lm\u0131\u015ft\u0131r. Tarihin her d\u00f6neminde, en a\u011f\u0131r ko\u015fullar alt\u0131nda dahi demokrasi ve e\u015fitli\u011fi savunmaktan geri durmayan Aleviler bug\u00fcn de ayn\u0131 tavr\u0131n\u0131 s\u00fcrd\u00fcrecektir. Can Atalay bizim vekilimizdir ve \u00f6yle kalacakt\u0131r. AKP iktidar\u0131, Mad\u0131mak\u2019\u0131n tescilli katillerini serbest b\u0131rak\u0131rken halk\u0131n iradesi ile se\u00e7ilmi\u015f bir hukuk\u00e7uyu keyfi olarak tutsak ediyor. H\u0131rs\u0131n\u0131 alamayan fa\u015fist zihniyet vekilli\u011fini d\u00fc\u015f\u00fcr\u00fcyor. Bu a\u00e7\u0131k\u00e7a hukukun katlidir, adaletin ve vicdanlar\u0131n katlidir. \u201cAKP YARGISI H\u0130TLER\u2019E PARMAK ISIRTMI\u015eTIR\u201d\u00a0 Bu yanl\u0131\u015ftan vazge\u00e7ilmelidir. Can Atalay derhal serbest b\u0131rak\u0131larak meclisteki g\u00f6revinin ba\u015f\u0131na ge\u00e7melidir. Bu karar d\u00fcnya demokrasi tarihinin karanl\u0131k lekesi olmu\u015ftur. AKP yarg\u0131s\u0131 Hitler\u2019e parmak \u0131s\u0131rtm\u0131\u015ft\u0131r. Biz Aleviler \u0131rk\u00e7\u0131lar\u0131n ve \u015feriat\u00e7\u0131lar\u0131n tam kar\u015f\u0131s\u0131nda durmaya devam edece\u011fiz. Herkes i\u00e7in demokrasi, herkes i\u00e7in e\u015fitlik ve \u00f6zg\u00fcrl\u00fcklerin oldu\u011fu bir \u00fclkeyi hep birlikte kuraca\u011f\u0131z.\u201d P\u0130RHA\/ANKARA<\/p>\n","protected":false},"author":2,"featured_media":2774,"comment_status":"open","ping_status":"open","sticky":false,"template":"","format":"standard","meta":{"_joinchat":[],"footnotes":""},"categories":[23],"tags":[],"class_list":["post-1970","post","type-post","status-publish","format-standard","has-post-thumbnail","hentry","category-politika-siyaset"],"acf":[],"_links":{"self":[{"href":"https:\/\/radyomunzur.com\/index.php?rest_route=\/wp\/v2\/posts\/1970","targetHints":{"allow":["GET"]}}],"collection":[{"href":"https:\/\/radyomunzur.com\/index.php?rest_route=\/wp\/v2\/posts"}],"about":[{"href":"https:\/\/radyomunzur.com\/index.php?rest_route=\/wp\/v2\/types\/post"}],"author":[{"embeddable":true,"href":"https:\/\/radyomunzur.com\/index.php?rest_route=\/wp\/v2\/users\/2"}],"replies":[{"embeddable":true,"href":"https:\/\/radyomunzur.com\/index.php?rest_route=%2Fwp%2Fv2%2Fcomments&post=1970"}],"version-history":[{"count":1,"href":"https:\/\/radyomunzur.com\/index.php?rest_route=\/wp\/v2\/posts\/1970\/revisions"}],"predecessor-version":[{"id":1975,"href":"https:\/\/radyomunzur.com\/index.php?rest_route=\/wp\/v2\/posts\/1970\/revisions\/1975"}],"wp:featuredmedia":[{"embeddable":true,"href":"https:\/\/radyomunzur.com\/index.php?rest_route=\/wp\/v2\/media\/2774"}],"wp:attachment":[{"href":"https:\/\/radyomunzur.com\/index.php?rest_route=%2Fwp%2Fv2%2Fmedia&parent=1970"}],"wp:term":[{"taxonomy":"category","embeddable":true,"href":"https:\/\/radyomunzur.com\/index.php?rest_route=%2Fwp%2Fv2%2Fcategories&post=1970"},{"taxonomy":"post_tag","embeddable":true,"href":"https:\/\/radyomunzur.com\/index.php?rest_route=%2Fwp%2Fv2%2Ftags&post=1970"}],"curies":[{"name":"wp","href":"https:\/\/api.w.org\/{rel}","templated":true}]}}