{"id":1967,"date":"2024-01-31T03:28:05","date_gmt":"2024-01-31T08:28:05","guid":{"rendered":"https:\/\/radyomunzur.com\/?p=1967"},"modified":"2025-01-15T08:20:13","modified_gmt":"2025-01-15T13:20:13","slug":"adalet-nobeti-dersimde-100den-fazla-tutuklu-ailesi-var","status":"publish","type":"post","link":"https:\/\/radyomunzur.com\/?p=1967","title":{"rendered":"Adalet n\u00f6beti ; Dersim\u2019de 100\u2019den fazla tutuklu ailesi var"},"content":{"rendered":"<p><strong>ESP Dersim \u0130l \u00d6rg\u00fct\u00fc ve tutuklu ailelerinin ba\u015flatt\u0131\u011f\u0131 adalet n\u00f6beti ve a\u00e7l\u0131k grevi ikinci g\u00fcn\u00fcnde. \u2018Hapishaneler ve g\u00f6revlerimiz\u201d konulu s\u00f6yle\u015fide konu\u015fan \u0130HD Dersim \u015eube Ba\u015fkan\u0131 G\u00fcrb\u00fcz Solmaz, \u201cS\u00fcrg\u00fcnler var cezaevlerinde. Mesela Dersim\u2019de tutuklu olan bir insan\u0131n Dersim\u2019de ya da Elaz\u0131\u011f\u2019da de\u011fil de Edirne\u2019ye, Ankara\u2019ya ya da Hakkari\u2019ye s\u00fcrg\u00fcn\u00fc asl\u0131nda bir tecrittir\u201d dedi.\u00a0<\/strong><\/p>\n<p><strong>\u201cDERS\u0130M\u2019DE 100\u2019\u00dc A\u015eKIN TUTUKLU A\u0130LES\u0130 VAR\u201d<\/strong><\/p>\n<p>\u0130ki g\u00fcnl\u00fck adalet n\u00f6beti ve a\u00e7l\u0131k grevinin temel amac\u0131n\u0131n cezaevlerinde devam eden tecrit, tutsaklar\u0131n kar\u015f\u0131 kar\u015f\u0131ya oldu\u011fu bask\u0131lar ile sorunlar\u0131n \u00e7\u00f6z\u00fcm\u00fcne dair ba\u015flatm\u0131\u015f olduklar\u0131 a\u00e7l\u0131k grevlerine ses olmak ve d\u0131\u015far\u0131daki sesi b\u00fcy\u00fctmek oldu\u011funu belirten Mazgirt Peri (Akpazar) eski belediye ba\u015fkan\u0131 ve tutuklu yak\u0131n\u0131 Orhan \u00c7elebi, s\u00f6yle\u015finin a\u00e7\u0131l\u0131\u015f\u0131nda \u015funlar\u0131 ifade etti:<\/p>\n<p>\u201cBug\u00fcn burada daha \u00e7ok hapishanelerdeki tutsaklar\u0131m\u0131z\u0131n sorunlar\u0131 ve bu sorunlara kar\u015f\u0131 bizim d\u0131\u015far\u0131da ne t\u00fcr g\u00f6revlerimiz var, bu g\u00f6revlerimizi hangi ko\u015fullarda, nas\u0131l hayata ge\u00e7irebiliriz \u00fczerine bir s\u00f6yle\u015fi yapmak istiyoruz. Dersim\u2019de de yakla\u015f\u0131k y\u00fcz\u00fc a\u015fk\u0131n tutsak ailesi oldu\u011funu biliyoruz. Belki daha fazlad\u0131r Ve bu ailelerimiz asl\u0131nda kendi i\u00e7inde \u00e7ok g\u00fc\u00e7l\u00fc, \u00f6rg\u00fctl\u00fc bir ba\u011f kurmu\u015f de\u011filler. Bunlar\u0131 da tart\u0131\u015farak onlar\u0131 nas\u0131l bir araya getirebiliriz, hangi ko\u015fullar\u0131 yarat\u0131rsak i\u00e7 dayan\u0131\u015fmam\u0131z\u0131 g\u00fc\u00e7lendirebiliriz. Sorun \u015fu siyasette ya da ba\u015fka siyasette olmas\u0131 meselesi de\u011fil. Sorun hepimizin ortak sorunu oldu\u011fu i\u00e7in de en az\u0131ndan bu ailelerimizin ortak sorunlar\u0131n\u0131 bir araya getirip birle\u015ftirmek ve bu \u00e7al\u0131\u015fmay\u0131 g\u00fc\u00e7l\u00fc bir mevziye d\u00f6n\u00fc\u015ft\u00fcrmek gibi bir amac\u0131m\u0131z\u0131n da oldu\u011funu s\u00f6yleyebiliriz.\u201d<\/p>\n<p><strong>\u201cCEZAEVLER\u0130NDE 500\u2019DEN FAZLA A\u011eIR HASTA TUTUKLU VAR\u201d<\/strong><\/p>\n<p>Bug\u00fcn y\u00fczlerce cezaevinde, onbinlerce insan\u0131n kat\u0131ld\u0131\u011f\u0131 bir a\u00e7l\u0131k grevi yap\u0131ld\u0131\u011f\u0131n\u0131 ve bunun cezaevlerinde ya\u015fanan s\u0131k\u0131nt\u0131lar\u0131 da dile getirmek i\u00e7in b\u00fct\u00fcnl\u00fck i\u00e7erisinde y\u00fcr\u00fct\u00fclen bir a\u00e7l\u0131k grevi oldu\u011funu vurgulayan\u00a0<strong>\u0130HD Dersim \u015eube Ba\u015fkan\u0131 G\u00fcrb\u00fcz Solmaz<\/strong>, \u201cCezaevlerinde ya\u015fanan haks\u0131z, hukuksuz uygulamalar \u00e7oktur. S\u00fcrg\u00fcnler var cezaevlerinde. Mesela Dersim\u2019de tutuklu olan bir insan\u0131n Dersim\u2019de ya da Elaz\u0131\u011f\u2019da de\u011fil de Edirne\u2019ye, Ankara\u2019ya ya da Hakkari\u2019ye, Van\u2019a s\u00fcrg\u00fcn\u00fc asl\u0131nda bir tecrittir. Tecridin boyutlar\u0131 de\u011fi\u015fiktir. Bu tecritte ama\u00e7 ailelerinden kopuk olmalar\u0131n\u0131 sa\u011flamakt\u0131r. Aileler \u00fczerinde bask\u0131 kurmakt\u0131r\u201d dedi.<\/p>\n<p>Cezaevlerinde \u015fu anda 500\u2019\u00fcn \u00fczerinde a\u011f\u0131r hasta ve 1000\u2019in \u00fczerinde de hasta tutuklu oldu\u011funun alt\u0131n\u0131 \u00e7izen Solmaz, \u015funlar\u0131 dile getirdi:<\/p>\n<p>\u201cHukukun, adaletin, insan haklar\u0131n\u0131n, do\u011fan\u0131n, \u00e7evrenin yani bir b\u00fct\u00fcn olarak ya\u015fam hakk\u0131n\u0131n ask\u0131ya al\u0131nd\u0131\u011f\u0131 bir s\u00fcre\u00e7ten ge\u00e7iyoruz. Bu s\u00fcreci biz d\u0131\u015far\u0131da e\u011fer \u00f6rg\u00fctleyemezsek, bask\u0131 unsuru haline getiremezsek ne yaz\u0131k ki sonu\u00e7ta \u00f6l\u00fcm orucuna d\u00f6nebilecek bir s\u00fcre\u00e7 var. Biz bunu d\u0131\u015far\u0131dan bask\u0131larsak, g\u00fcndeme getirirsek, kamuoyu olu\u015fturursak, aileleri bir araya getirirsek, sivil toplum \u00f6rg\u00fctleriyle bir b\u00fct\u00fcn olarak davran\u0131rsak belki bunu o s\u00fcre\u00e7lere evrilmeden ya da o s\u00fcre\u00e7leri ya\u015famadan, g\u00f6rmeden sonuca erdirmi\u015f olabilece\u011fiz.\u201d<\/p>\n<p><strong>\u201cSORUN SADECE \u0130\u00c7ERDEK\u0130LER\u0130N DE\u011e\u0130L B\u00dcT\u00dcN TOPLUMUN SORUNU\u201d<\/strong><\/p>\n<p>Tutuklulara giderek daha fazla tek tek h\u00fccre ve disiplin cezalar\u0131 verildi\u011fini, politik tutsaklar\u0131n aras\u0131na adli tutsaklar konarak hani seslerini birbirlerine ula\u015ft\u0131rmalar\u0131n\u0131n engellendi\u011fini belirten\u00a0<strong>ESP E\u015f Genel Ba\u015fkan Yard\u0131mc\u0131s\u0131 Beycan Ta\u015fk\u0131ran<\/strong>, \u015funlar\u0131 kaydetti:<\/p>\n<p>\u201cSorun nas\u0131l \u00e7\u00f6z\u00fcl\u00fcr? Sorun d\u0131\u015far\u0131daki politik m\u00fccadelemizin b\u00fcy\u00fcmesiyle \u00e7\u00f6z\u00fcl\u00fcr. Sorun halklar\u0131n ve i\u015f\u00e7i s\u0131n\u0131f\u0131n\u0131n birle\u015fik m\u00fccadelesiyle \u00e7\u00f6z\u00fcl\u00fcr. Sorun tutuklu ailelerimizin ve politik kurumlar\u0131m\u0131z\u0131n etraf\u0131nda kenetlenerek \u00e7\u00f6z\u00fcl\u00fcr. Sorun insan haklar\u0131 \u00f6rg\u00fctlerimizin b\u00fct\u00fcn demokratik \u00f6rg\u00fctlerimizin tabii ki i\u015f\u00e7i s\u0131n\u0131f\u0131n\u0131n, sendikalar\u0131n bu sorunda taraf olmas\u0131yla \u00e7\u00f6z\u00fclebilir. Bu sorun b\u00fct\u00fcn toplumun T\u00fcrkiye i\u015f\u00e7i s\u0131n\u0131f\u0131 ve halklar\u0131m\u0131z\u0131n sorunu. Sadece i\u00e7erideki tutsaklar\u0131n sorunu de\u011fil.<\/p>\n<p><strong>\u201cTUTUKLU A\u0130LELER\u0130N\u0130N \u00c7OK C\u0130DD\u0130 SORUNLARI VAR\u201d<\/strong><\/p>\n<p>Bir di\u011feri tutuklu ailelerimizin \u00e7ok ciddi ekonomik sorunlar\u0131 var. Sosyal sorunlar\u0131 var. Tutuklu ailelerimizi d\u00f6nem d\u00f6nem yan yana getirmek, ihtiya\u00e7lar\u0131n\u0131 ve sorunlar\u0131n\u0131 dinlemek, i\u00e7erideki sorunlar\u0131n daha geni\u015f bir kamuoyuna yans\u0131mas\u0131 i\u00e7in mekanizmalar kurmak zorunday\u0131z. Ger\u00e7ekten burada hem birbirlerine dokunmalar\u0131, yaln\u0131z olmad\u0131klar\u0131n\u0131 hissetmeleri hem i\u00e7erideki sorunlar\u0131 bize daha kapsaml\u0131 anlatmalar\u0131, bunun kamuoyuna duyurulmas\u0131 sa\u011flanabilir.<\/p>\n<p>Bir di\u011feri bir dayan\u0131\u015fma fonu olu\u015fturmam\u0131z laz\u0131m. \u00c7o\u011fu insan kendi ba\u015f\u0131na kalm\u0131\u015f durumda. Ger\u00e7ekten \u00e7ok a\u011f\u0131r ekonomik sorunlar var. Bir di\u011feri d\u0131\u015far\u0131dan i\u00e7eriye mektup, faks her t\u00fcrl\u00fc bi\u00e7imde sesimizi tutsaklara ula\u015ft\u0131rmam\u0131z laz\u0131m. \u015eimdi en \u00e7ok ifade edilen bu. Bir tane selam, bir tane \u015fiir, bir tane merhaba, ger\u00e7ekten hayati ve kritik.\u201d<\/p>\n<p><strong>\u201c\u0130NANCIMIZDA ZULME KAR\u015eI DURMAK VARDIR\u201d<\/strong><\/p>\n<p><strong>Pir Sultan Abdal K\u00fclt\u00fcr Derne\u011fi (PSAKD) Dersim \u015eube Ba\u015fkan\u0131 Ali Ekber Kaya<\/strong>\u00a0ise \u015funlar\u0131 belirtti:<\/p>\n<p>\u201c\u00c7ok s\u00f6ze gerek yok. Ger\u00e7ekten i\u00e7erisi \u00e7ok a\u00e7\u0131k ki d\u0131\u015far\u0131s\u0131ndan bir daha \u00f6rg\u00fctl\u00fc, daha devrimci. \u0130\u00e7erisi d\u0131\u015far\u0131s\u0131ndan daha sorumlu, daha g\u00f6revlerinin bilincinde. Bunu i\u00e7eride kald\u0131\u011f\u0131m\u0131z s\u00fcre\u00e7te de \u00e7ok net ya\u015fad\u0131k g\u00f6rd\u00fck. Bu m\u00fccadeleyi desteklemek i\u00e7in herhangi bir siyasal g\u00f6r\u00fc\u015fe sahip olmaya gerek yok. \u0130nsan olmak yeterlidir. Demokrat olmak yeterlidir. Ben bir inan\u00e7 kurum temsilcisi olarak, bir b\u00fct\u00fcn olarak bizim inanc\u0131m\u0131zda zulme kar\u015f\u0131 durmak vard\u0131r. Zulme u\u011frayan\u0131n yan\u0131nda olmak vard\u0131r. Bu nedenle bu vesileyle de insan olan herkesi, insan\u0131m diyen herkesi, yani insanl\u0131\u011f\u0131n\u0131 yitirmemi\u015f olan herkesi ve \u00f6zellikle Alevi toplumunu, \u00e7\u00fcnk\u00fc bu bir zul\u00fcmd\u00fcr. Bu m\u00fccadelenin, bu direni\u015fi yan\u0131nda olmaya \u00e7a\u011f\u0131r\u0131yorum.\u201d<\/p>\n<p><strong>P\u0130RHA\/DERS\u0130M<\/strong><\/p>\n","protected":false},"excerpt":{"rendered":"<p>ESP Dersim \u0130l \u00d6rg\u00fct\u00fc ve tutuklu ailelerinin ba\u015flatt\u0131\u011f\u0131 adalet n\u00f6beti ve a\u00e7l\u0131k grevi ikinci g\u00fcn\u00fcnde. \u2018Hapishaneler ve g\u00f6revlerimiz\u201d konulu s\u00f6yle\u015fide konu\u015fan \u0130HD Dersim \u015eube Ba\u015fkan\u0131 G\u00fcrb\u00fcz Solmaz, \u201cS\u00fcrg\u00fcnler var cezaevlerinde. Mesela Dersim\u2019de tutuklu olan bir insan\u0131n Dersim\u2019de ya da Elaz\u0131\u011f\u2019da de\u011fil de Edirne\u2019ye, Ankara\u2019ya ya da Hakkari\u2019ye s\u00fcrg\u00fcn\u00fc asl\u0131nda bir tecrittir\u201d dedi.\u00a0 \u201cDERS\u0130M\u2019DE 100\u2019\u00dc A\u015eKIN TUTUKLU A\u0130LES\u0130 VAR\u201d \u0130ki g\u00fcnl\u00fck adalet n\u00f6beti ve a\u00e7l\u0131k grevinin temel amac\u0131n\u0131n cezaevlerinde devam eden tecrit, tutsaklar\u0131n kar\u015f\u0131 kar\u015f\u0131ya oldu\u011fu bask\u0131lar ile sorunlar\u0131n \u00e7\u00f6z\u00fcm\u00fcne dair ba\u015flatm\u0131\u015f olduklar\u0131 a\u00e7l\u0131k grevlerine ses olmak ve d\u0131\u015far\u0131daki sesi b\u00fcy\u00fctmek oldu\u011funu belirten Mazgirt Peri (Akpazar) eski belediye ba\u015fkan\u0131 ve tutuklu yak\u0131n\u0131 Orhan \u00c7elebi, s\u00f6yle\u015finin a\u00e7\u0131l\u0131\u015f\u0131nda \u015funlar\u0131 ifade etti: \u201cBug\u00fcn burada daha \u00e7ok hapishanelerdeki tutsaklar\u0131m\u0131z\u0131n sorunlar\u0131 ve bu sorunlara kar\u015f\u0131 bizim d\u0131\u015far\u0131da ne t\u00fcr g\u00f6revlerimiz var, bu g\u00f6revlerimizi hangi ko\u015fullarda, nas\u0131l hayata ge\u00e7irebiliriz \u00fczerine bir s\u00f6yle\u015fi yapmak istiyoruz. Dersim\u2019de de yakla\u015f\u0131k y\u00fcz\u00fc a\u015fk\u0131n tutsak ailesi oldu\u011funu biliyoruz. Belki daha fazlad\u0131r Ve bu ailelerimiz asl\u0131nda kendi i\u00e7inde \u00e7ok g\u00fc\u00e7l\u00fc, \u00f6rg\u00fctl\u00fc bir ba\u011f kurmu\u015f de\u011filler. Bunlar\u0131 da tart\u0131\u015farak onlar\u0131 nas\u0131l bir araya getirebiliriz, hangi ko\u015fullar\u0131 yarat\u0131rsak i\u00e7 dayan\u0131\u015fmam\u0131z\u0131 g\u00fc\u00e7lendirebiliriz. Sorun \u015fu siyasette ya da ba\u015fka siyasette olmas\u0131 meselesi de\u011fil. Sorun hepimizin ortak sorunu oldu\u011fu i\u00e7in de en az\u0131ndan bu ailelerimizin ortak sorunlar\u0131n\u0131 bir araya getirip birle\u015ftirmek ve bu \u00e7al\u0131\u015fmay\u0131 g\u00fc\u00e7l\u00fc bir mevziye d\u00f6n\u00fc\u015ft\u00fcrmek gibi bir amac\u0131m\u0131z\u0131n da oldu\u011funu s\u00f6yleyebiliriz.\u201d \u201cCEZAEVLER\u0130NDE 500\u2019DEN FAZLA A\u011eIR HASTA TUTUKLU VAR\u201d Bug\u00fcn y\u00fczlerce cezaevinde, onbinlerce insan\u0131n kat\u0131ld\u0131\u011f\u0131 bir a\u00e7l\u0131k grevi yap\u0131ld\u0131\u011f\u0131n\u0131 ve bunun cezaevlerinde ya\u015fanan s\u0131k\u0131nt\u0131lar\u0131 da dile getirmek i\u00e7in b\u00fct\u00fcnl\u00fck i\u00e7erisinde y\u00fcr\u00fct\u00fclen bir a\u00e7l\u0131k grevi oldu\u011funu vurgulayan\u00a0\u0130HD Dersim \u015eube Ba\u015fkan\u0131 G\u00fcrb\u00fcz Solmaz, \u201cCezaevlerinde ya\u015fanan haks\u0131z, hukuksuz uygulamalar \u00e7oktur. S\u00fcrg\u00fcnler var cezaevlerinde. Mesela Dersim\u2019de tutuklu olan bir insan\u0131n Dersim\u2019de ya da Elaz\u0131\u011f\u2019da de\u011fil de Edirne\u2019ye, Ankara\u2019ya ya da Hakkari\u2019ye, Van\u2019a s\u00fcrg\u00fcn\u00fc asl\u0131nda bir tecrittir. Tecridin boyutlar\u0131 de\u011fi\u015fiktir. Bu tecritte ama\u00e7 ailelerinden kopuk olmalar\u0131n\u0131 sa\u011flamakt\u0131r. Aileler \u00fczerinde bask\u0131 kurmakt\u0131r\u201d dedi. Cezaevlerinde \u015fu anda 500\u2019\u00fcn \u00fczerinde a\u011f\u0131r hasta ve 1000\u2019in \u00fczerinde de hasta tutuklu oldu\u011funun alt\u0131n\u0131 \u00e7izen Solmaz, \u015funlar\u0131 dile getirdi: \u201cHukukun, adaletin, insan haklar\u0131n\u0131n, do\u011fan\u0131n, \u00e7evrenin yani bir b\u00fct\u00fcn olarak ya\u015fam hakk\u0131n\u0131n ask\u0131ya al\u0131nd\u0131\u011f\u0131 bir s\u00fcre\u00e7ten ge\u00e7iyoruz. Bu s\u00fcreci biz d\u0131\u015far\u0131da e\u011fer \u00f6rg\u00fctleyemezsek, bask\u0131 unsuru haline getiremezsek ne yaz\u0131k ki sonu\u00e7ta \u00f6l\u00fcm orucuna d\u00f6nebilecek bir s\u00fcre\u00e7 var. Biz bunu d\u0131\u015far\u0131dan bask\u0131larsak, g\u00fcndeme getirirsek, kamuoyu olu\u015fturursak, aileleri bir araya getirirsek, sivil toplum \u00f6rg\u00fctleriyle bir b\u00fct\u00fcn olarak davran\u0131rsak belki bunu o s\u00fcre\u00e7lere evrilmeden ya da o s\u00fcre\u00e7leri ya\u015famadan, g\u00f6rmeden sonuca erdirmi\u015f olabilece\u011fiz.\u201d \u201cSORUN SADECE \u0130\u00c7ERDEK\u0130LER\u0130N DE\u011e\u0130L B\u00dcT\u00dcN TOPLUMUN SORUNU\u201d Tutuklulara giderek daha fazla tek tek h\u00fccre ve disiplin cezalar\u0131 verildi\u011fini, politik tutsaklar\u0131n aras\u0131na adli tutsaklar konarak hani seslerini birbirlerine ula\u015ft\u0131rmalar\u0131n\u0131n engellendi\u011fini belirten\u00a0ESP E\u015f Genel Ba\u015fkan Yard\u0131mc\u0131s\u0131 Beycan Ta\u015fk\u0131ran, \u015funlar\u0131 kaydetti: \u201cSorun nas\u0131l \u00e7\u00f6z\u00fcl\u00fcr? Sorun d\u0131\u015far\u0131daki politik m\u00fccadelemizin b\u00fcy\u00fcmesiyle \u00e7\u00f6z\u00fcl\u00fcr. Sorun halklar\u0131n ve i\u015f\u00e7i s\u0131n\u0131f\u0131n\u0131n birle\u015fik m\u00fccadelesiyle \u00e7\u00f6z\u00fcl\u00fcr. Sorun tutuklu ailelerimizin ve politik kurumlar\u0131m\u0131z\u0131n etraf\u0131nda kenetlenerek \u00e7\u00f6z\u00fcl\u00fcr. Sorun insan haklar\u0131 \u00f6rg\u00fctlerimizin b\u00fct\u00fcn demokratik \u00f6rg\u00fctlerimizin tabii ki i\u015f\u00e7i s\u0131n\u0131f\u0131n\u0131n, sendikalar\u0131n bu sorunda taraf olmas\u0131yla \u00e7\u00f6z\u00fclebilir. Bu sorun b\u00fct\u00fcn toplumun T\u00fcrkiye i\u015f\u00e7i s\u0131n\u0131f\u0131 ve halklar\u0131m\u0131z\u0131n sorunu. Sadece i\u00e7erideki tutsaklar\u0131n sorunu de\u011fil. \u201cTUTUKLU A\u0130LELER\u0130N\u0130N \u00c7OK C\u0130DD\u0130 SORUNLARI VAR\u201d Bir di\u011feri tutuklu ailelerimizin \u00e7ok ciddi ekonomik sorunlar\u0131 var. Sosyal sorunlar\u0131 var. Tutuklu ailelerimizi d\u00f6nem d\u00f6nem yan yana getirmek, ihtiya\u00e7lar\u0131n\u0131 ve sorunlar\u0131n\u0131 dinlemek, i\u00e7erideki sorunlar\u0131n daha geni\u015f bir kamuoyuna yans\u0131mas\u0131 i\u00e7in mekanizmalar kurmak zorunday\u0131z. Ger\u00e7ekten burada hem birbirlerine dokunmalar\u0131, yaln\u0131z olmad\u0131klar\u0131n\u0131 hissetmeleri hem i\u00e7erideki sorunlar\u0131 bize daha kapsaml\u0131 anlatmalar\u0131, bunun kamuoyuna duyurulmas\u0131 sa\u011flanabilir. Bir di\u011feri bir dayan\u0131\u015fma fonu olu\u015fturmam\u0131z laz\u0131m. \u00c7o\u011fu insan kendi ba\u015f\u0131na kalm\u0131\u015f durumda. Ger\u00e7ekten \u00e7ok a\u011f\u0131r ekonomik sorunlar var. Bir di\u011feri d\u0131\u015far\u0131dan i\u00e7eriye mektup, faks her t\u00fcrl\u00fc bi\u00e7imde sesimizi tutsaklara ula\u015ft\u0131rmam\u0131z laz\u0131m. \u015eimdi en \u00e7ok ifade edilen bu. Bir tane selam, bir tane \u015fiir, bir tane merhaba, ger\u00e7ekten hayati ve kritik.\u201d \u201c\u0130NANCIMIZDA ZULME KAR\u015eI DURMAK VARDIR\u201d Pir Sultan Abdal K\u00fclt\u00fcr Derne\u011fi (PSAKD) Dersim \u015eube Ba\u015fkan\u0131 Ali Ekber Kaya\u00a0ise \u015funlar\u0131 belirtti: \u201c\u00c7ok s\u00f6ze gerek yok. Ger\u00e7ekten i\u00e7erisi \u00e7ok a\u00e7\u0131k ki d\u0131\u015far\u0131s\u0131ndan bir daha \u00f6rg\u00fctl\u00fc, daha devrimci. \u0130\u00e7erisi d\u0131\u015far\u0131s\u0131ndan daha sorumlu, daha g\u00f6revlerinin bilincinde. Bunu i\u00e7eride kald\u0131\u011f\u0131m\u0131z s\u00fcre\u00e7te de \u00e7ok net ya\u015fad\u0131k g\u00f6rd\u00fck. Bu m\u00fccadeleyi desteklemek i\u00e7in herhangi bir siyasal g\u00f6r\u00fc\u015fe sahip olmaya gerek yok. \u0130nsan olmak yeterlidir. Demokrat olmak yeterlidir. Ben bir inan\u00e7 kurum temsilcisi olarak, bir b\u00fct\u00fcn olarak bizim inanc\u0131m\u0131zda zulme kar\u015f\u0131 durmak vard\u0131r. Zulme u\u011frayan\u0131n yan\u0131nda olmak vard\u0131r. Bu nedenle bu vesileyle de insan olan herkesi, insan\u0131m diyen herkesi, yani insanl\u0131\u011f\u0131n\u0131 yitirmemi\u015f olan herkesi ve \u00f6zellikle Alevi toplumunu, \u00e7\u00fcnk\u00fc bu bir zul\u00fcmd\u00fcr. Bu m\u00fccadelenin, bu direni\u015fi yan\u0131nda olmaya \u00e7a\u011f\u0131r\u0131yorum.\u201d P\u0130RHA\/DERS\u0130M<\/p>\n","protected":false},"author":2,"featured_media":2775,"comment_status":"open","ping_status":"open","sticky":false,"template":"","format":"standard","meta":{"_joinchat":[],"footnotes":""},"categories":[5],"tags":[],"class_list":["post-1967","post","type-post","status-publish","format-standard","has-post-thumbnail","hentry","category-yerel-haberler"],"acf":[],"_links":{"self":[{"href":"https:\/\/radyomunzur.com\/index.php?rest_route=\/wp\/v2\/posts\/1967","targetHints":{"allow":["GET"]}}],"collection":[{"href":"https:\/\/radyomunzur.com\/index.php?rest_route=\/wp\/v2\/posts"}],"about":[{"href":"https:\/\/radyomunzur.com\/index.php?rest_route=\/wp\/v2\/types\/post"}],"author":[{"embeddable":true,"href":"https:\/\/radyomunzur.com\/index.php?rest_route=\/wp\/v2\/users\/2"}],"replies":[{"embeddable":true,"href":"https:\/\/radyomunzur.com\/index.php?rest_route=%2Fwp%2Fv2%2Fcomments&post=1967"}],"version-history":[{"count":1,"href":"https:\/\/radyomunzur.com\/index.php?rest_route=\/wp\/v2\/posts\/1967\/revisions"}],"predecessor-version":[{"id":1969,"href":"https:\/\/radyomunzur.com\/index.php?rest_route=\/wp\/v2\/posts\/1967\/revisions\/1969"}],"wp:featuredmedia":[{"embeddable":true,"href":"https:\/\/radyomunzur.com\/index.php?rest_route=\/wp\/v2\/media\/2775"}],"wp:attachment":[{"href":"https:\/\/radyomunzur.com\/index.php?rest_route=%2Fwp%2Fv2%2Fmedia&parent=1967"}],"wp:term":[{"taxonomy":"category","embeddable":true,"href":"https:\/\/radyomunzur.com\/index.php?rest_route=%2Fwp%2Fv2%2Fcategories&post=1967"},{"taxonomy":"post_tag","embeddable":true,"href":"https:\/\/radyomunzur.com\/index.php?rest_route=%2Fwp%2Fv2%2Ftags&post=1967"}],"curies":[{"name":"wp","href":"https:\/\/api.w.org\/{rel}","templated":true}]}}