{"id":1879,"date":"2024-01-26T07:17:24","date_gmt":"2024-01-26T12:17:24","guid":{"rendered":"https:\/\/radyomunzur.com\/?p=1879"},"modified":"2024-01-26T07:18:08","modified_gmt":"2024-01-26T12:18:08","slug":"dem-partiden-dersim-aciklamasi-biz-kurduk-siz-de-gelin-seklindeki-bir-yaklasimi-muzakereleri-guclestirir","status":"publish","type":"post","link":"https:\/\/radyomunzur.com\/?p=1879","title":{"rendered":"DEM Parti&#8217;den Dersim a\u00e7\u0131klamas\u0131: &#8216;Biz kurduk siz de gelin&#8217; \u015feklindeki bir yakla\u015f\u0131m m\u00fczakereleri g\u00fc\u00e7le\u015ftirir."},"content":{"rendered":"<div>\n<div>DEM Parti S\u00f6zc\u00fcs\u00fc Ay\u015feg\u00fcl Do\u011fan, merak edilen kentlere dair \u00e7al\u0131\u015fmalar\u0131n\u0131n s\u00fcrd\u00fc\u011f\u00fcn\u00fc belirterek, halk oylamas\u0131 yap\u0131lan yerlerin adaylar\u0131n\u0131n 29 Ocak&#8217;ta tan\u0131t\u0131laca\u011f\u0131n\u0131 a\u00e7\u0131klad\u0131. Do\u011fan, D\u00earsim\u2019e dair ise, &#8220;D\u00earsim, DEM\u2019siz olmaz ve DEM\u2019den kopart\u0131lamaz\u201d dedi.<\/div>\n<div><\/div>\n<div>Halklar\u0131n E\u015fitlik ve Demokrasi Partisi (DEM Parti) S\u00f6zc\u00fcs\u00fc Ay\u015feg\u00fcl Do\u011fan, partisinin d\u00fcnden bu yana devam eden Merkez Y\u00fcr\u00fctme Kurulu (MYK) toplant\u0131s\u0131na dair partinin genel merkezinde bas\u0131n toplant\u0131s\u0131 d\u00fczenledi.<\/div>\n<div><\/div>\n<div>Koban\u00ea\u2019nin \u00f6zg\u00fcrle\u015ftirilmesinin 9&#8217;uncu y\u0131l d\u00f6n\u00fcm\u00fcne de\u011finen Do\u011fan, AKP&#8217;li Cumhurba\u015fkan\u0131 Tayyip Erdo\u011fan\u2019\u0131n \u201cKoban\u00ea d\u00fc\u015ft\u00fc d\u00fc\u015fecek\u201d s\u00f6zlerine dikkat \u00e7ekti. Do\u011fan, \u201cBunlara inat Koban\u00ea&#8217;nin I\u015e\u0130D karanl\u0131\u011f\u0131ndan kurtulu\u015funun 9\u2019uncu y\u0131ld\u00f6n\u00fcm\u00fc. DEM Parti olarak bunu hat\u0131rlatarak, bu ayd\u0131nl\u0131\u011f\u0131 bize m\u00fcjdeleyenleri anarak ve onlara tekrar ne kadar minnettar oldu\u011fumuzu s\u00f6yleyerek ba\u015flamak istiyorum. Koban\u00ea, y\u0131l d\u00f6n\u00fcm\u00fc t\u00fcm halklara kutlu olsun\u201d dedi.<\/div>\n<div><\/div>\n<div><strong>ADAY TANITIMI 29 OCAK&#8217;TA\u00a0<\/strong><\/div>\n<div><\/div>\n<div>Kurdistan kentlerinde yap\u0131lan halk oylamas\u0131na dikkati \u00e7eken Do\u011fan, &#8220;Bu s\u00fcre\u00e7 tamamland\u0131. K\u00fcrt illerinde do\u011frudan bir demokrasi \u00f6rne\u011fiyle ger\u00e7ekle\u015fen bu \u00f6n se\u00e7imlerde daha \u00f6nce de s\u00f6ylemi\u015ftik; yaln\u0131zca belediye e\u015f ba\u015fkanlar\u0131m\u0131z\u0131 adaylar\u0131m\u0131z\u0131 se\u00e7medik, il meclis \u00fcyelerimiz de oyland\u0131 ve karar tamamen yerele b\u0131rak\u0131ld\u0131. Sand\u0131ktan \u00e7\u0131kan sonu\u00e7lara sayg\u0131l\u0131 olaca\u011f\u0131m\u0131z\u0131, bu sonu\u00e7lar\u0131 kabul edece\u011fimizi, gelen itiraz\u0131 de\u011ferlendirece\u011fimizi, usuls\u00fczl\u00fck tespit edildi\u011finde de gerekli yerlerde kurulu ilgili mekanizmalar\u0131 devreye koyarak bu itirazlar\u0131 ve usuls\u00fczl\u00fckleri dikkate alarak yine yerelin inisiyatifine karar\u0131 b\u0131rakaca\u011f\u0131m\u0131z\u0131 s\u00f6ylemi\u015ftik. Biz \u00fcst\u00fcm\u00fcze d\u00fc\u015feni yapt\u0131k, halklar \u00fcstlerine d\u00fc\u015feni yapt\u0131. Adaylar\u0131 tan\u0131tmak \u00fczere haz\u0131rl\u0131klara ba\u015flad\u0131k. Bu tan\u0131t\u0131m toplant\u0131s\u0131 da 29 Ocak\u2019ta Amed&#8217;de yapaca\u011f\u0131z. Hem \u00f6n se\u00e7imde \u00e7\u0131kan adaylar\u0131m\u0131z hem de baz\u0131 yerlerde \u00f6n se\u00e7im ko\u015fullar\u0131n\u0131n olmad\u0131\u011f\u0131 ve e\u011filim yoklamas\u0131yla belirlenen se\u00e7im b\u00f6lgelerimizdeki adaylar\u0131 da ay\u0131n 29\u2019nda Amed&#8217;de tan\u0131taca\u011f\u0131z&#8221; diye konu\u015ftu.<\/div>\n<div><\/div>\n<div>Do\u011fan, \u201cKent uzla\u015f\u0131s\u0131yla b\u00f6yle bir halk oylamas\u0131n\u0131 ilk defa yap\u0131yoruz ve o y\u00fczden eksikliklerimiz olabilir dedik. Ciddi bir yerel demokrasi deneyiminden bahsettik. Ele\u015ftiri, \u00f6neri ve eksiklikleri, aksakl\u0131klar\u0131 duyan, buna de\u011fer veren bir siyasi parti gelene\u011finden gelen emin olun DEM Parti i\u00e7in tespitleriniz yol g\u00f6sterici olacakt\u0131r&#8221; diye kaydetti.<\/div>\n<div><\/div>\n<div><strong>MERAK ED\u0130LEN KENTLER<\/strong><\/div>\n<div><\/div>\n<div>Do\u011fan, \u0130stanbul gibi merak edilen kentlere dair stratejilerine de de\u011findi. Do\u011fan&#8217;\u0131n a\u00e7\u0131klamalar\u0131 \u015f\u00f6yle: &#8220;2019 yerel se\u00e7imlerinden farkl\u0131 olarak 2024 yerel se\u00e7imlerindeki mottomuz kazand\u0131rmak ya da kaybettirmek de\u011fil, kazanmak. \u0130stanbul, Adana, Mu\u011fla, Ayd\u0131n, Kars, Mersin, Hatay, D\u00earsim; bunlar \u00f6zellikle se\u00e7ti\u011fimiz iller de\u011fil, ama bunlar kamuoyunda en \u00e7ok merak edilen iller. \u0130stanbul\u2019da DEM Parti ne yapacak, Adana\u2019da ne yapacak, Mu\u011fla\u2019da ne yapacak, Kars\u2019ta ne yapacak, Mersin\u2019de ne yapacak, Hatay\u2019da ne yapacak, Dersim\u2019de ne yapacak? Biz de kamuoyunun merak etti\u011fi bu durumu daha \u00f6nce de a\u00e7\u0131klad\u0131\u011f\u0131m\u0131z \u00fczere yani parti olarak alaca\u011f\u0131m\u0131z pozisyonun dengeleri ne oranda nas\u0131l de\u011fi\u015ftirebilece\u011finin fark\u0131nday\u0131z. Dolay\u0131s\u0131yla b\u00f6yle bir ciddiyet ve b\u00f6yle bir sorumlulukla \u00e7al\u0131\u015f\u0131yoruz.<\/div>\n<div><\/div>\n<div>\u00c7ok b\u00fcy\u00fck bir titizlik ve hassasiyetle \u00e7al\u0131\u015f\u0131l\u0131yor. Bu se\u00e7im b\u00f6lgelerine ili\u015fkin \u00e7al\u0131\u015fmalar ve tart\u0131\u015fmalar t\u00fcm h\u0131z\u0131yla s\u00fcr\u00fcyor. T\u00fcm se\u00e7enekler de\u011ferlendiriliyor. Ayr\u0131ca Kent Uzla\u015f\u0131s\u0131 kapsam\u0131nda g\u00fc\u00e7 birli\u011fi \u00e7al\u0131\u015fmalar\u0131m\u0131z da devam ediyor. \u015eu ana kadar buralara ili\u015fkin epeyce yol al\u0131nd\u0131. Fakat belirleyici g\u00fc\u00e7 oldu\u011fumuzun fark\u0131nda olarak, ince eleyip s\u0131k dokuyarak, halklar\u0131n kazanaca\u011f\u0131 se\u00e7enekleri g\u00f6zeterek yol al\u0131yoruz. Di\u011fer yerlerde de e\u011filim yoklamas\u0131yla aday belirleyece\u011fimiz yerlerde de \u00e7al\u0131\u015fmalar\u0131m\u0131z s\u00fcr\u00fcyor.<\/div>\n<div><\/div>\n<div><strong>D\u00caRSIM DEM&#8217;S\u0130Z OLMAZ<\/strong><\/div>\n<div><\/div>\n<div>En geni\u015f g\u00fc\u00e7 birli\u011finden yana bir parti olarak \u00e7ok y\u00f6nl\u00fc g\u00f6r\u00fc\u015fmelerimiz s\u00fcrerken, Dersim\u2019e ili\u015fkin bir a\u00e7\u0131klama geldi. \u015eunu biliyoruz ki, Dersim, DEM\u2019siz olmaz; DEM, Dersim\u2019siz olmaz. Dersim, DEM\u2019den; DEM, Dersim\u2019den kopart\u0131lamaz. Dersim\u2019de EMEK Partisi, Sosyalist Meclisler Federasyonu (SMF), Emek ve \u00d6zg\u00fcrl\u00fck Cephesi, T\u00fcrkiye \u0130\u015f\u00e7i Partisi, 31 Mart Yerel Se\u00e7imlerinde ittifak kurmak i\u00e7in bir \u00e7al\u0131\u015fma karar\u0131 ald\u0131klar\u0131n\u0131 a\u00e7\u0131klad\u0131lar. Bizim bu esnada g\u00f6r\u00fc\u015fmelerimiz s\u00fcr\u00fcyordu, bunun tekrar alt\u0131n\u0131 \u00e7iziyorum. Biz DEM Parti olarak Kent uzla\u015f\u0131s\u0131 stratejisi temelinde \u00e7al\u0131\u015fmalar\u0131m\u0131z\u0131 s\u00fcrd\u00fcr\u00fcyoruz. Yine tekrar ediyorum, en geni\u015f g\u00fc\u00e7 birli\u011fini olu\u015fturmay\u0131 hedefleyerek, bu \u00e7al\u0131\u015fmalar\u0131 s\u00fcrd\u00fcr\u00fcyoruz. Dersim de bu iller i\u00e7erisinde, bizim i\u00e7in \u00f6zel bir \u00f6neme sahip. \u00c7\u00fcnk\u00fc Dersim hat\u0131rlayal\u0131m bir \u00f6nceki d\u00f6nem kayy\u0131mla elimizden al\u0131nm\u0131\u015f illerimizden biridir. Hal b\u00f6yleyken ortaya \u00e7\u0131kan son foto\u011fraf, yani Dersim \u0130ttifak\u0131 olarak adland\u0131r\u0131lan ve a\u00e7\u0131klanan bu yan yana geli\u015f kamuoyunda hakl\u0131 baz\u0131 sorulara neden oldu. A\u00e7\u0131klamay\u0131 yapan siyasal yap\u0131lar, bunun en demokratik ittifak oldu\u011funu s\u00f6yleyerek, herkesi oraya davet ettiklerini de ifade ettiler. \u2018Biz kurduk siz de gelin\u2019 \u015feklindeki yakla\u015f\u0131m\u0131n\u0131n, bu \u00e7al\u0131\u015fmalar\u0131 g\u00fc\u00e7lendirmedi\u011fini ve ortakla\u015fmay\u0131 baypas etti\u011fini ifade etmek gerekir.&#8221;<\/div>\n<div><\/div>\n<div><strong>BA\u015eAK DEM\u0130RTA\u015e SORUSU\u00a0<\/strong><\/div>\n<div><\/div>\n<div>Do\u011fan, Ba\u015fak Demirta\u015f&#8217;\u0131n \u0130stanbul&#8217;da olas\u0131 adayl\u0131\u011f\u0131na dair soruya \u015fu yan\u0131t\u0131 verdi: &#8220;Ba\u015fak Demirta\u015f bizim yolda\u015f\u0131m\u0131z. 14-28 May\u0131s se\u00e7imlerinde sahalarda se\u00e7imler i\u00e7in \u00e7al\u0131\u015ft\u0131. Ba\u015fak Demirta\u015f bir yerden siyasete dahil olmak isterse elbette bu DEM Parti&#8217;dir. Aksi \u015fa\u015f\u0131rt\u0131c\u0131 olurdu bence. Ba\u015fak Demirta\u015f&#8217;\u0131n kendisi de net bir \u015fekilde ifade ediyor zaten, &#8216;partimizden bana b\u00f6yle bir \u00f6neri gelmedi diyor ama partimizden bana bir \u00f6neri gelirse ben haz\u0131r\u0131m&#8217; diyor. Ba\u015fak Demirta\u015f&#8217;\u0131n orada \u015f\u00f6yle bir vurgusu var; &#8216;Bar\u0131\u015f ve demokrasinin \u00f6n\u00fcn\u00fc a\u00e7aca\u011f\u0131m\u0131za inan\u0131rsak ve bunun i\u00e7in bir sorumluluk d\u00fc\u015ferse haz\u0131r\u0131m&#8217; diyor. Sevgili Ba\u015fak Demirta\u015f&#8217;\u0131n aday olma ihtimaline ili\u015fkin bir a\u00e7\u0131klama, \u015fa\u015f\u0131rt\u0131c\u0131 bir a\u00e7\u0131klamaym\u0131\u015f gibi tart\u0131\u015f\u0131l\u0131yor. Bir g\u00fcn siyaset yapmak isterse, aday olmak isterse adres DEM Parti&#8217;dir.&#8221;<\/div>\n<\/div>\n<div><\/div>\n<div><strong>MA \/ ANKARA<\/strong><\/div>\n","protected":false},"excerpt":{"rendered":"<p>DEM Parti S\u00f6zc\u00fcs\u00fc Ay\u015feg\u00fcl Do\u011fan, merak edilen kentlere dair \u00e7al\u0131\u015fmalar\u0131n\u0131n s\u00fcrd\u00fc\u011f\u00fcn\u00fc belirterek, halk oylamas\u0131 yap\u0131lan yerlerin adaylar\u0131n\u0131n 29 Ocak&#8217;ta tan\u0131t\u0131laca\u011f\u0131n\u0131 a\u00e7\u0131klad\u0131. Do\u011fan, D\u00earsim\u2019e dair ise, &#8220;D\u00earsim, DEM\u2019siz olmaz ve DEM\u2019den kopart\u0131lamaz\u201d dedi. Halklar\u0131n E\u015fitlik ve Demokrasi Partisi (DEM Parti) S\u00f6zc\u00fcs\u00fc Ay\u015feg\u00fcl Do\u011fan, partisinin d\u00fcnden bu yana devam eden Merkez Y\u00fcr\u00fctme Kurulu (MYK) toplant\u0131s\u0131na dair partinin genel merkezinde bas\u0131n toplant\u0131s\u0131 d\u00fczenledi. Koban\u00ea\u2019nin \u00f6zg\u00fcrle\u015ftirilmesinin 9&#8217;uncu y\u0131l d\u00f6n\u00fcm\u00fcne de\u011finen Do\u011fan, AKP&#8217;li Cumhurba\u015fkan\u0131 Tayyip Erdo\u011fan\u2019\u0131n \u201cKoban\u00ea d\u00fc\u015ft\u00fc d\u00fc\u015fecek\u201d s\u00f6zlerine dikkat \u00e7ekti. Do\u011fan, \u201cBunlara inat Koban\u00ea&#8217;nin I\u015e\u0130D karanl\u0131\u011f\u0131ndan kurtulu\u015funun 9\u2019uncu y\u0131ld\u00f6n\u00fcm\u00fc. DEM Parti olarak bunu hat\u0131rlatarak, bu ayd\u0131nl\u0131\u011f\u0131 bize m\u00fcjdeleyenleri anarak ve onlara tekrar ne kadar minnettar oldu\u011fumuzu s\u00f6yleyerek ba\u015flamak istiyorum. Koban\u00ea, y\u0131l d\u00f6n\u00fcm\u00fc t\u00fcm halklara kutlu olsun\u201d dedi. ADAY TANITIMI 29 OCAK&#8217;TA\u00a0 Kurdistan kentlerinde yap\u0131lan halk oylamas\u0131na dikkati \u00e7eken Do\u011fan, &#8220;Bu s\u00fcre\u00e7 tamamland\u0131. K\u00fcrt illerinde do\u011frudan bir demokrasi \u00f6rne\u011fiyle ger\u00e7ekle\u015fen bu \u00f6n se\u00e7imlerde daha \u00f6nce de s\u00f6ylemi\u015ftik; yaln\u0131zca belediye e\u015f ba\u015fkanlar\u0131m\u0131z\u0131 adaylar\u0131m\u0131z\u0131 se\u00e7medik, il meclis \u00fcyelerimiz de oyland\u0131 ve karar tamamen yerele b\u0131rak\u0131ld\u0131. Sand\u0131ktan \u00e7\u0131kan sonu\u00e7lara sayg\u0131l\u0131 olaca\u011f\u0131m\u0131z\u0131, bu sonu\u00e7lar\u0131 kabul edece\u011fimizi, gelen itiraz\u0131 de\u011ferlendirece\u011fimizi, usuls\u00fczl\u00fck tespit edildi\u011finde de gerekli yerlerde kurulu ilgili mekanizmalar\u0131 devreye koyarak bu itirazlar\u0131 ve usuls\u00fczl\u00fckleri dikkate alarak yine yerelin inisiyatifine karar\u0131 b\u0131rakaca\u011f\u0131m\u0131z\u0131 s\u00f6ylemi\u015ftik. Biz \u00fcst\u00fcm\u00fcze d\u00fc\u015feni yapt\u0131k, halklar \u00fcstlerine d\u00fc\u015feni yapt\u0131. Adaylar\u0131 tan\u0131tmak \u00fczere haz\u0131rl\u0131klara ba\u015flad\u0131k. Bu tan\u0131t\u0131m toplant\u0131s\u0131 da 29 Ocak\u2019ta Amed&#8217;de yapaca\u011f\u0131z. Hem \u00f6n se\u00e7imde \u00e7\u0131kan adaylar\u0131m\u0131z hem de baz\u0131 yerlerde \u00f6n se\u00e7im ko\u015fullar\u0131n\u0131n olmad\u0131\u011f\u0131 ve e\u011filim yoklamas\u0131yla belirlenen se\u00e7im b\u00f6lgelerimizdeki adaylar\u0131 da ay\u0131n 29\u2019nda Amed&#8217;de tan\u0131taca\u011f\u0131z&#8221; diye konu\u015ftu. Do\u011fan, \u201cKent uzla\u015f\u0131s\u0131yla b\u00f6yle bir halk oylamas\u0131n\u0131 ilk defa yap\u0131yoruz ve o y\u00fczden eksikliklerimiz olabilir dedik. Ciddi bir yerel demokrasi deneyiminden bahsettik. Ele\u015ftiri, \u00f6neri ve eksiklikleri, aksakl\u0131klar\u0131 duyan, buna de\u011fer veren bir siyasi parti gelene\u011finden gelen emin olun DEM Parti i\u00e7in tespitleriniz yol g\u00f6sterici olacakt\u0131r&#8221; diye kaydetti. MERAK ED\u0130LEN KENTLER Do\u011fan, \u0130stanbul gibi merak edilen kentlere dair stratejilerine de de\u011findi. Do\u011fan&#8217;\u0131n a\u00e7\u0131klamalar\u0131 \u015f\u00f6yle: &#8220;2019 yerel se\u00e7imlerinden farkl\u0131 olarak 2024 yerel se\u00e7imlerindeki mottomuz kazand\u0131rmak ya da kaybettirmek de\u011fil, kazanmak. \u0130stanbul, Adana, Mu\u011fla, Ayd\u0131n, Kars, Mersin, Hatay, D\u00earsim; bunlar \u00f6zellikle se\u00e7ti\u011fimiz iller de\u011fil, ama bunlar kamuoyunda en \u00e7ok merak edilen iller. \u0130stanbul\u2019da DEM Parti ne yapacak, Adana\u2019da ne yapacak, Mu\u011fla\u2019da ne yapacak, Kars\u2019ta ne yapacak, Mersin\u2019de ne yapacak, Hatay\u2019da ne yapacak, Dersim\u2019de ne yapacak? Biz de kamuoyunun merak etti\u011fi bu durumu daha \u00f6nce de a\u00e7\u0131klad\u0131\u011f\u0131m\u0131z \u00fczere yani parti olarak alaca\u011f\u0131m\u0131z pozisyonun dengeleri ne oranda nas\u0131l de\u011fi\u015ftirebilece\u011finin fark\u0131nday\u0131z. Dolay\u0131s\u0131yla b\u00f6yle bir ciddiyet ve b\u00f6yle bir sorumlulukla \u00e7al\u0131\u015f\u0131yoruz. \u00c7ok b\u00fcy\u00fck bir titizlik ve hassasiyetle \u00e7al\u0131\u015f\u0131l\u0131yor. Bu se\u00e7im b\u00f6lgelerine ili\u015fkin \u00e7al\u0131\u015fmalar ve tart\u0131\u015fmalar t\u00fcm h\u0131z\u0131yla s\u00fcr\u00fcyor. T\u00fcm se\u00e7enekler de\u011ferlendiriliyor. Ayr\u0131ca Kent Uzla\u015f\u0131s\u0131 kapsam\u0131nda g\u00fc\u00e7 birli\u011fi \u00e7al\u0131\u015fmalar\u0131m\u0131z da devam ediyor. \u015eu ana kadar buralara ili\u015fkin epeyce yol al\u0131nd\u0131. Fakat belirleyici g\u00fc\u00e7 oldu\u011fumuzun fark\u0131nda olarak, ince eleyip s\u0131k dokuyarak, halklar\u0131n kazanaca\u011f\u0131 se\u00e7enekleri g\u00f6zeterek yol al\u0131yoruz. Di\u011fer yerlerde de e\u011filim yoklamas\u0131yla aday belirleyece\u011fimiz yerlerde de \u00e7al\u0131\u015fmalar\u0131m\u0131z s\u00fcr\u00fcyor. D\u00caRSIM DEM&#8217;S\u0130Z OLMAZ En geni\u015f g\u00fc\u00e7 birli\u011finden yana bir parti olarak \u00e7ok y\u00f6nl\u00fc g\u00f6r\u00fc\u015fmelerimiz s\u00fcrerken, Dersim\u2019e ili\u015fkin bir a\u00e7\u0131klama geldi. \u015eunu biliyoruz ki, Dersim, DEM\u2019siz olmaz; DEM, Dersim\u2019siz olmaz. Dersim, DEM\u2019den; DEM, Dersim\u2019den kopart\u0131lamaz. Dersim\u2019de EMEK Partisi, Sosyalist Meclisler Federasyonu (SMF), Emek ve \u00d6zg\u00fcrl\u00fck Cephesi, T\u00fcrkiye \u0130\u015f\u00e7i Partisi, 31 Mart Yerel Se\u00e7imlerinde ittifak kurmak i\u00e7in bir \u00e7al\u0131\u015fma karar\u0131 ald\u0131klar\u0131n\u0131 a\u00e7\u0131klad\u0131lar. Bizim bu esnada g\u00f6r\u00fc\u015fmelerimiz s\u00fcr\u00fcyordu, bunun tekrar alt\u0131n\u0131 \u00e7iziyorum. Biz DEM Parti olarak Kent uzla\u015f\u0131s\u0131 stratejisi temelinde \u00e7al\u0131\u015fmalar\u0131m\u0131z\u0131 s\u00fcrd\u00fcr\u00fcyoruz. Yine tekrar ediyorum, en geni\u015f g\u00fc\u00e7 birli\u011fini olu\u015fturmay\u0131 hedefleyerek, bu \u00e7al\u0131\u015fmalar\u0131 s\u00fcrd\u00fcr\u00fcyoruz. Dersim de bu iller i\u00e7erisinde, bizim i\u00e7in \u00f6zel bir \u00f6neme sahip. \u00c7\u00fcnk\u00fc Dersim hat\u0131rlayal\u0131m bir \u00f6nceki d\u00f6nem kayy\u0131mla elimizden al\u0131nm\u0131\u015f illerimizden biridir. Hal b\u00f6yleyken ortaya \u00e7\u0131kan son foto\u011fraf, yani Dersim \u0130ttifak\u0131 olarak adland\u0131r\u0131lan ve a\u00e7\u0131klanan bu yan yana geli\u015f kamuoyunda hakl\u0131 baz\u0131 sorulara neden oldu. A\u00e7\u0131klamay\u0131 yapan siyasal yap\u0131lar, bunun en demokratik ittifak oldu\u011funu s\u00f6yleyerek, herkesi oraya davet ettiklerini de ifade ettiler. \u2018Biz kurduk siz de gelin\u2019 \u015feklindeki yakla\u015f\u0131m\u0131n\u0131n, bu \u00e7al\u0131\u015fmalar\u0131 g\u00fc\u00e7lendirmedi\u011fini ve ortakla\u015fmay\u0131 baypas etti\u011fini ifade etmek gerekir.&#8221; BA\u015eAK DEM\u0130RTA\u015e SORUSU\u00a0 Do\u011fan, Ba\u015fak Demirta\u015f&#8217;\u0131n \u0130stanbul&#8217;da olas\u0131 adayl\u0131\u011f\u0131na dair soruya \u015fu yan\u0131t\u0131 verdi: &#8220;Ba\u015fak Demirta\u015f bizim yolda\u015f\u0131m\u0131z. 14-28 May\u0131s se\u00e7imlerinde sahalarda se\u00e7imler i\u00e7in \u00e7al\u0131\u015ft\u0131. Ba\u015fak Demirta\u015f bir yerden siyasete dahil olmak isterse elbette bu DEM Parti&#8217;dir. Aksi \u015fa\u015f\u0131rt\u0131c\u0131 olurdu bence. Ba\u015fak Demirta\u015f&#8217;\u0131n kendisi de net bir \u015fekilde ifade ediyor zaten, &#8216;partimizden bana b\u00f6yle bir \u00f6neri gelmedi diyor ama partimizden bana bir \u00f6neri gelirse ben haz\u0131r\u0131m&#8217; diyor. Ba\u015fak Demirta\u015f&#8217;\u0131n orada \u015f\u00f6yle bir vurgusu var; &#8216;Bar\u0131\u015f ve demokrasinin \u00f6n\u00fcn\u00fc a\u00e7aca\u011f\u0131m\u0131za inan\u0131rsak ve bunun i\u00e7in bir sorumluluk d\u00fc\u015ferse haz\u0131r\u0131m&#8217; diyor. Sevgili Ba\u015fak Demirta\u015f&#8217;\u0131n aday olma ihtimaline ili\u015fkin bir a\u00e7\u0131klama, \u015fa\u015f\u0131rt\u0131c\u0131 bir a\u00e7\u0131klamaym\u0131\u015f gibi tart\u0131\u015f\u0131l\u0131yor. Bir g\u00fcn siyaset yapmak isterse, aday olmak isterse adres DEM Parti&#8217;dir.&#8221; MA \/ ANKARA<\/p>\n","protected":false},"author":2,"featured_media":1880,"comment_status":"open","ping_status":"open","sticky":false,"template":"","format":"standard","meta":{"_joinchat":[],"footnotes":""},"categories":[5,23],"tags":[],"class_list":["post-1879","post","type-post","status-publish","format-standard","has-post-thumbnail","hentry","category-yerel-haberler","category-politika-siyaset"],"acf":[],"_links":{"self":[{"href":"https:\/\/radyomunzur.com\/index.php?rest_route=\/wp\/v2\/posts\/1879","targetHints":{"allow":["GET"]}}],"collection":[{"href":"https:\/\/radyomunzur.com\/index.php?rest_route=\/wp\/v2\/posts"}],"about":[{"href":"https:\/\/radyomunzur.com\/index.php?rest_route=\/wp\/v2\/types\/post"}],"author":[{"embeddable":true,"href":"https:\/\/radyomunzur.com\/index.php?rest_route=\/wp\/v2\/users\/2"}],"replies":[{"embeddable":true,"href":"https:\/\/radyomunzur.com\/index.php?rest_route=%2Fwp%2Fv2%2Fcomments&post=1879"}],"version-history":[{"count":2,"href":"https:\/\/radyomunzur.com\/index.php?rest_route=\/wp\/v2\/posts\/1879\/revisions"}],"predecessor-version":[{"id":1882,"href":"https:\/\/radyomunzur.com\/index.php?rest_route=\/wp\/v2\/posts\/1879\/revisions\/1882"}],"wp:featuredmedia":[{"embeddable":true,"href":"https:\/\/radyomunzur.com\/index.php?rest_route=\/wp\/v2\/media\/1880"}],"wp:attachment":[{"href":"https:\/\/radyomunzur.com\/index.php?rest_route=%2Fwp%2Fv2%2Fmedia&parent=1879"}],"wp:term":[{"taxonomy":"category","embeddable":true,"href":"https:\/\/radyomunzur.com\/index.php?rest_route=%2Fwp%2Fv2%2Fcategories&post=1879"},{"taxonomy":"post_tag","embeddable":true,"href":"https:\/\/radyomunzur.com\/index.php?rest_route=%2Fwp%2Fv2%2Ftags&post=1879"}],"curies":[{"name":"wp","href":"https:\/\/api.w.org\/{rel}","templated":true}]}}