{"id":1836,"date":"2024-01-23T01:49:58","date_gmt":"2024-01-23T06:49:58","guid":{"rendered":"https:\/\/radyomunzur.com\/?p=1836"},"modified":"2024-01-23T01:49:58","modified_gmt":"2024-01-23T06:49:58","slug":"akp-iktidari-cedes-projesiyle-biat-eden-cocuklar-yetistirmek-istiyor","status":"publish","type":"post","link":"https:\/\/radyomunzur.com\/?p=1836","title":{"rendered":"\u2018AKP iktidar\u0131, \u00c7EDES projesiyle biat eden \u00e7ocuklar yeti\u015ftirmek istiyor\u2019"},"content":{"rendered":"<p><strong>E\u011fitim Sen Antalya \u015eube Ba\u015fkan\u0131 Kadir \u00d6zt\u00fcrk, \u00c7EDES projesi ile\u00a0<\/strong><strong>biat eden, itiraz etmeyen bir toplum yarat\u0131lmak istendi\u011fini belirterek, tarikatlar\u0131n \u00e7ocuklar\u0131n beynini y\u0131kad\u0131\u011f\u0131n\u0131 kaydetti. \u00d6zt\u00fcrk, \u201cAileler, okullara imam atanmas\u0131na, mescit a\u00e7\u0131lmas\u0131na, zorunlu din derslerine kar\u015f\u0131 ailelerin il\u00e7e milli e\u011fitim m\u00fcd\u00fcrl\u00fcklerine ba\u015fvuru yapmalar\u0131 gerekir\u201d dedi.\u00a0<\/strong><\/p>\n<p>AKP iktidar\u0131nda e\u011fitim politikalar\u0131, b\u00fcy\u00fck oranda dini e\u011fitim ve \u2018tek din-tek mezhep\u2019 \u00f6ncelenerek olu\u015fturuldu. \u00d6\u011frencilerin ve velilerin tercihlerini g\u00f6rmezden gelen e\u011fitim politikalar\u0131 nedeniyle dini e\u011fitimin a\u011f\u0131rl\u0131\u011f\u0131, hemen her y\u0131l katlanarak artt\u0131.<\/p>\n<p>Kamuoyunda b\u00fcy\u00fck tepki \u00e7eken \u201c\u00c7evreme Duyarl\u0131y\u0131m, De\u011ferlerime Sahip \u00c7\u0131k\u0131yorum\u201d (\u00c7EDES) ad\u0131 alt\u0131nda okullara imam atanmas\u0131 projesi, e\u011fitimin daha da dinselle\u015ftirilmesi tart\u0131\u015fmalar\u0131n\u0131 alevlendirdi. \u00d6\u011frencilerin adeta Diyanete tesliminin \u00f6n\u00fcn\u00fc a\u00e7an proje kapsam\u0131nda Eski\u015fehir ve \u0130zmir ba\u015fta olmak \u00fczere bir\u00e7ok ilde okullara \u201cmanevi dan\u0131\u015fman\u201d ad\u0131 alt\u0131nda imam, m\u00fcezzin ve vaiz gibi din hizmetlerinde \u00e7al\u0131\u015fan ki\u015filer atand\u0131.<\/p>\n<p>\u00c7EDES projesiyle okullarda imamlar\u0131n derse girmesinin \u00f6n\u00fcn\u00fc a\u00e7an Mill\u00ee E\u011fitim Bakanl\u0131\u011f\u0131 (MEB), okul \u00f6ncesi e\u011fitim kurumlar\u0131nda da mescidi zorunlu hale getirdi.<\/p>\n<p><strong>\u201cTAR\u0130KATLAR \u00c7OCUKLARIN BEYN\u0130N\u0130 YOK ED\u0130YOR\u201d<\/strong><\/p>\n<p><strong>E\u011fitim-Sen Antalya \u015eube Ba\u015fkan\u0131 Kadir \u00d6zt\u00fcrk,<\/strong>\u00a0AKP h\u00fck\u00fcmetinin \u00c7EDES projesine ili\u015fkin\u00a0<strong>P\u0130RHA<\/strong>\u2019ya konu\u015ftu.<\/p>\n<p>Tarikatlar\u0131n tamamen insanlar\u0131n ki\u015fili\u011fini, benli\u011fini yok eden yap\u0131lanmalar oldu\u011funu belirten\u00a0<strong>E\u011fitim-Sen Antalya \u015eube Ba\u015fkan\u0131 Kadir \u00d6zt\u00fcrk<\/strong><strong>, \u201c<\/strong>Burada muhalifler olarak Milli E\u011fitim Bakanl\u0131\u011f\u0131 \u00f6n\u00fcne gidip bakan\u0131n istifa ettirilmesi, bunlar\u0131n ama\u00e7lar\u0131n\u0131n \u00e7ocuklar i\u00e7in karanl\u0131k bir d\u00fcnya oldu\u011funun anlat\u0131lmas\u0131 gerekiyor\u201d dedi.<\/p>\n<p>Karaman\u2019da ve \u00fclkenin bir\u00e7ok yerinde ya\u015fanan taciz ve \u00e7ocuk istismarlar\u0131nda tarikatlar\u0131n eli oldu\u011funu vurgulayan\u00a0<strong>\u00d6zt\u00fcrk<\/strong>, \u201c\u00dclkede ya\u015fanan dinsel tacizden tutun \u00e7ocuk istismar\u0131na kadar hepsi tarikatlarda oluyor. Bu tarikatlar\u0131n kapat\u0131lmas\u0131 gerekirken tam tersi yap\u0131l\u0131yor. H\u00fck\u00fcmetin eliyle, Milli E\u011fitim Bakan\u0131 eliyle bunlar siyasalla\u015ft\u0131r\u0131l\u0131yor. Bakan, bunlar\u0131 sanki normal bir sivil toplum \u00f6rg\u00fct\u00fcym\u00fc\u015f gibi g\u00f6stermeye \u00e7al\u0131\u015f\u0131yor. Tam tersi \u00e7ocuklar\u0131m\u0131z\u0131n beynini y\u0131kayan, beynini yok eden yap\u0131lanmalard\u0131r tarikatlar\u201d diye belirtti.<\/p>\n<p><strong>\u201cA\u0130LELER \u00c7OCUKLARINI TAR\u0130KATLARA YOLLAMASIN<\/strong>\u201d<\/p>\n<p>Ailelerin \u00e7ocuklar\u0131n\u0131 tarikatlara yollamamas\u0131 gerekti\u011finin alt\u0131n\u0131 \u00e7izen\u00a0<strong>\u00d6zt\u00fcrk<\/strong>, \u015funlar\u0131 kaydetti:<\/p>\n<p>\u201cDini b\u00fct\u00fcn insanlar da dahil kim olursa olsun \u00e7ocuklar\u0131n\u0131 tarikatlara yollamamas\u0131 laz\u0131m. Devletin b\u00fct\u00fcn kaynaklar\u0131 buraya aktar\u0131l\u0131yor. Her yerde yer a\u00e7\u0131yorlar ve ticari bir alan olu\u015fturuyorlar ve kendi saray hayatlar\u0131n\u0131 kuruyorlar. \u0130nsanlar bunlar\u0131n y\u00fcz\u00fcnden \u00f6l\u00fcyor, bunlara biat ediyor. Dini kullanarak bunun \u00fczerinden insanlar\u0131 s\u00f6m\u00fcr\u00fcyorlar, yapt\u0131klar\u0131 i\u015f bu. \u2018Kader buymu\u015f, ben bunu ya\u015fayaca\u011f\u0131m, itiraz etmeyece\u011fim, kar\u015f\u0131 \u00e7\u0131kmayaca\u011f\u0131m\u2019 diyen bir toplum yaratmak i\u00e7in anaokullar\u0131na kadar bu \u00c7EDES program\u0131n\u0131 uygulamaya \u00e7al\u0131\u015f\u0131yorlar.\u201d<\/p>\n<p><strong>\u201cHER OKUL \u0130MAM HAT\u0130PLE\u015eT\u0130R\u0130LD\u0130\u201d<\/strong><\/p>\n<p>\u00dclkede laik ve bilimsel e\u011fitimin tamamen bitirildi\u011fine dikkat \u00e7eken\u00a0<strong>\u00d6zt\u00fcrk,<\/strong>\u00a0\u201cHer yer imam hatiple\u015fmi\u015f, asl\u0131nda kendileri de bunun rant\u0131n\u0131 yemek i\u00e7in u\u011fra\u015f\u0131yor. Toplumu dincile\u015ftiriyorlar ama kendilerinin dinle alakas\u0131 yok. \u015e\u00fck\u00fcrc\u00fc toplumu ortadan kald\u0131rmak gerekir. En fakiri de \u015f\u00fckrediyor en zengini de. B\u00f6yle bir yap\u0131 olabilir mi? \u0130kisinin de hayat garantisi yok, \u00fclkede demokrasi yok. Kanunlar\u0131 yok etmi\u015fler ve bir\u00e7ok insan d\u00fc\u015f\u00fcnce su\u00e7lusu cezaevinde. Nas\u0131l bir \u00fclkede ya\u015f\u0131yoruz? Bunu bu hale getiren AKP ve MHP ittifak\u0131. Fa\u015fist bir yap\u0131lanmadan kaynakl\u0131 gelinen son durumdur\u201d \u015feklinde ifade etti.<\/p>\n<p><strong>\u201cKORKU TOPLUMUNDAN EN KISA ZAMANDA \u00c7IKMAK GEREK\u0130YOR\u201d<\/strong><\/p>\n<p>Bu \u00fclkede bir korku toplumu yarat\u0131ld\u0131\u011f\u0131n\u0131 vurgulayan\u00a0<strong>\u00d6zt\u00fcrk,<\/strong>\u00a0\u201cBu korku toplumundan \u00e7\u0131k\u0131lmas\u0131 gerekiyor. Aileler korkuyu \u00fczerinden at\u0131p \u00e7ocuklar\u0131n\u0131n ve kendilerinin nas\u0131l bir e\u011fitim istedi\u011fini belirtip, kar\u015f\u0131 durmalar\u0131 gerekiyor. E\u011fer biz bug\u00fcn bilimsel, laik, nitelikli bir e\u011fitim istiyorsak bunun i\u00e7in ad\u0131m\u0131 atmam\u0131z gerekiyor\u201d dedi.<\/p>\n<p><strong>\u201cA\u0130LELER \u0130L\u00c7E M\u0130LL\u0130 E\u011e\u0130T\u0130M M\u00dcD\u00dcRL\u00dcKLER\u0130NE D\u0130LEK\u00c7E VERMEL\u0130\u201d<\/strong><\/p>\n<p>Okullara imam atanmas\u0131na, mescit a\u00e7\u0131lmas\u0131na, zorunlu din derslerine kar\u015f\u0131 ailelerin il\u00e7e milli e\u011fitim m\u00fcd\u00fcrl\u00fcklerine ba\u015fvuru yapmalar\u0131 gerekti\u011fini belirten\u00a0<strong>\u00d6zt\u00fcrk, \u201c<\/strong>Mahkeme kararlar\u0131m\u0131z var. Dava a\u00e7s\u0131nlar, zorunlu din derslerine kar\u015f\u0131y\u0131z, girmek istemiyoruz, desinler. Okullarda se\u00e7meli din dersleri art\u0131yor, matematik, fizik, kimya \u0130ngilizce gibi derslerin gittik\u00e7e saati d\u00fc\u015f\u00fcr\u00fcl\u00fcyor, bu \u00e7ok k\u00f6t\u00fc. E\u011fitimin ger\u00e7ekten gittik\u00e7e bilimsellikten uzakla\u015ft\u0131r\u0131ld\u0131\u011f\u0131 a\u00e7\u0131k ve net g\u00f6r\u00fcl\u00fcyor\u201d ifadelerini kulland\u0131.<\/p>\n<p><strong>\u201c\u00dcLKEN\u0130N\u0130N DAHA DA GER\u0130C\u0130LE\u015eMEMES\u0130 \u0130\u00c7\u0130N M\u00dcCADELE \u015eART\u201d<\/strong><\/p>\n<p><strong>E\u011fitim-Sen Antalya \u015eube Ba\u015fkan\u0131 Kadir \u00d6zt\u00fcrk,\u00a0<\/strong>ailelerin \u00e7ocuklar\u0131na ve \u00fclkenin gelece\u011fine sahip \u00e7\u0131kmas\u0131 gerekti\u011fini vurgulayarak, \u015f\u00f6yle devam etti:<\/p>\n<p>\u201c\u00dclke bunlar\u0131n elinde kald\u0131k\u00e7a gittik\u00e7e gericile\u015fecek, kafatas\u00e7\u0131 bir zihniyete do\u011fru d\u00f6n\u00fc\u015fecektir. Suriye\u2019de, Filistin\u2019de ya\u015fanan durumlara bakt\u0131\u011f\u0131m\u0131zda hepsi gerici bir zihniyetin \u00fcr\u00fcn\u00fc. Buna g\u00f6re \u00fclkeyi de gerile\u015ftirmemek i\u00e7in b\u00fct\u00fcn herkesin birlikte hareket etmesi gerekti\u011fini d\u00fc\u015f\u00fcn\u00fcyorum.\u201d<\/p>\n<p><strong>Cebrail ARSLAN\/ANTALYA<\/strong><\/p>\n","protected":false},"excerpt":{"rendered":"<p>E\u011fitim Sen Antalya \u015eube Ba\u015fkan\u0131 Kadir \u00d6zt\u00fcrk, \u00c7EDES projesi ile\u00a0biat eden, itiraz etmeyen bir toplum yarat\u0131lmak istendi\u011fini belirterek, tarikatlar\u0131n \u00e7ocuklar\u0131n beynini y\u0131kad\u0131\u011f\u0131n\u0131 kaydetti. \u00d6zt\u00fcrk, \u201cAileler, okullara imam atanmas\u0131na, mescit a\u00e7\u0131lmas\u0131na, zorunlu din derslerine kar\u015f\u0131 ailelerin il\u00e7e milli e\u011fitim m\u00fcd\u00fcrl\u00fcklerine ba\u015fvuru yapmalar\u0131 gerekir\u201d dedi.\u00a0 AKP iktidar\u0131nda e\u011fitim politikalar\u0131, b\u00fcy\u00fck oranda dini e\u011fitim ve \u2018tek din-tek mezhep\u2019 \u00f6ncelenerek olu\u015fturuldu. \u00d6\u011frencilerin ve velilerin tercihlerini g\u00f6rmezden gelen e\u011fitim politikalar\u0131 nedeniyle dini e\u011fitimin a\u011f\u0131rl\u0131\u011f\u0131, hemen her y\u0131l katlanarak artt\u0131. Kamuoyunda b\u00fcy\u00fck tepki \u00e7eken \u201c\u00c7evreme Duyarl\u0131y\u0131m, De\u011ferlerime Sahip \u00c7\u0131k\u0131yorum\u201d (\u00c7EDES) ad\u0131 alt\u0131nda okullara imam atanmas\u0131 projesi, e\u011fitimin daha da dinselle\u015ftirilmesi tart\u0131\u015fmalar\u0131n\u0131 alevlendirdi. \u00d6\u011frencilerin adeta Diyanete tesliminin \u00f6n\u00fcn\u00fc a\u00e7an proje kapsam\u0131nda Eski\u015fehir ve \u0130zmir ba\u015fta olmak \u00fczere bir\u00e7ok ilde okullara \u201cmanevi dan\u0131\u015fman\u201d ad\u0131 alt\u0131nda imam, m\u00fcezzin ve vaiz gibi din hizmetlerinde \u00e7al\u0131\u015fan ki\u015filer atand\u0131. \u00c7EDES projesiyle okullarda imamlar\u0131n derse girmesinin \u00f6n\u00fcn\u00fc a\u00e7an Mill\u00ee E\u011fitim Bakanl\u0131\u011f\u0131 (MEB), okul \u00f6ncesi e\u011fitim kurumlar\u0131nda da mescidi zorunlu hale getirdi. \u201cTAR\u0130KATLAR \u00c7OCUKLARIN BEYN\u0130N\u0130 YOK ED\u0130YOR\u201d E\u011fitim-Sen Antalya \u015eube Ba\u015fkan\u0131 Kadir \u00d6zt\u00fcrk,\u00a0AKP h\u00fck\u00fcmetinin \u00c7EDES projesine ili\u015fkin\u00a0P\u0130RHA\u2019ya konu\u015ftu. Tarikatlar\u0131n tamamen insanlar\u0131n ki\u015fili\u011fini, benli\u011fini yok eden yap\u0131lanmalar oldu\u011funu belirten\u00a0E\u011fitim-Sen Antalya \u015eube Ba\u015fkan\u0131 Kadir \u00d6zt\u00fcrk, \u201cBurada muhalifler olarak Milli E\u011fitim Bakanl\u0131\u011f\u0131 \u00f6n\u00fcne gidip bakan\u0131n istifa ettirilmesi, bunlar\u0131n ama\u00e7lar\u0131n\u0131n \u00e7ocuklar i\u00e7in karanl\u0131k bir d\u00fcnya oldu\u011funun anlat\u0131lmas\u0131 gerekiyor\u201d dedi. Karaman\u2019da ve \u00fclkenin bir\u00e7ok yerinde ya\u015fanan taciz ve \u00e7ocuk istismarlar\u0131nda tarikatlar\u0131n eli oldu\u011funu vurgulayan\u00a0\u00d6zt\u00fcrk, \u201c\u00dclkede ya\u015fanan dinsel tacizden tutun \u00e7ocuk istismar\u0131na kadar hepsi tarikatlarda oluyor. Bu tarikatlar\u0131n kapat\u0131lmas\u0131 gerekirken tam tersi yap\u0131l\u0131yor. H\u00fck\u00fcmetin eliyle, Milli E\u011fitim Bakan\u0131 eliyle bunlar siyasalla\u015ft\u0131r\u0131l\u0131yor. Bakan, bunlar\u0131 sanki normal bir sivil toplum \u00f6rg\u00fct\u00fcym\u00fc\u015f gibi g\u00f6stermeye \u00e7al\u0131\u015f\u0131yor. Tam tersi \u00e7ocuklar\u0131m\u0131z\u0131n beynini y\u0131kayan, beynini yok eden yap\u0131lanmalard\u0131r tarikatlar\u201d diye belirtti. \u201cA\u0130LELER \u00c7OCUKLARINI TAR\u0130KATLARA YOLLAMASIN\u201d Ailelerin \u00e7ocuklar\u0131n\u0131 tarikatlara yollamamas\u0131 gerekti\u011finin alt\u0131n\u0131 \u00e7izen\u00a0\u00d6zt\u00fcrk, \u015funlar\u0131 kaydetti: \u201cDini b\u00fct\u00fcn insanlar da dahil kim olursa olsun \u00e7ocuklar\u0131n\u0131 tarikatlara yollamamas\u0131 laz\u0131m. Devletin b\u00fct\u00fcn kaynaklar\u0131 buraya aktar\u0131l\u0131yor. Her yerde yer a\u00e7\u0131yorlar ve ticari bir alan olu\u015fturuyorlar ve kendi saray hayatlar\u0131n\u0131 kuruyorlar. \u0130nsanlar bunlar\u0131n y\u00fcz\u00fcnden \u00f6l\u00fcyor, bunlara biat ediyor. Dini kullanarak bunun \u00fczerinden insanlar\u0131 s\u00f6m\u00fcr\u00fcyorlar, yapt\u0131klar\u0131 i\u015f bu. \u2018Kader buymu\u015f, ben bunu ya\u015fayaca\u011f\u0131m, itiraz etmeyece\u011fim, kar\u015f\u0131 \u00e7\u0131kmayaca\u011f\u0131m\u2019 diyen bir toplum yaratmak i\u00e7in anaokullar\u0131na kadar bu \u00c7EDES program\u0131n\u0131 uygulamaya \u00e7al\u0131\u015f\u0131yorlar.\u201d \u201cHER OKUL \u0130MAM HAT\u0130PLE\u015eT\u0130R\u0130LD\u0130\u201d \u00dclkede laik ve bilimsel e\u011fitimin tamamen bitirildi\u011fine dikkat \u00e7eken\u00a0\u00d6zt\u00fcrk,\u00a0\u201cHer yer imam hatiple\u015fmi\u015f, asl\u0131nda kendileri de bunun rant\u0131n\u0131 yemek i\u00e7in u\u011fra\u015f\u0131yor. Toplumu dincile\u015ftiriyorlar ama kendilerinin dinle alakas\u0131 yok. \u015e\u00fck\u00fcrc\u00fc toplumu ortadan kald\u0131rmak gerekir. En fakiri de \u015f\u00fckrediyor en zengini de. B\u00f6yle bir yap\u0131 olabilir mi? \u0130kisinin de hayat garantisi yok, \u00fclkede demokrasi yok. Kanunlar\u0131 yok etmi\u015fler ve bir\u00e7ok insan d\u00fc\u015f\u00fcnce su\u00e7lusu cezaevinde. Nas\u0131l bir \u00fclkede ya\u015f\u0131yoruz? Bunu bu hale getiren AKP ve MHP ittifak\u0131. Fa\u015fist bir yap\u0131lanmadan kaynakl\u0131 gelinen son durumdur\u201d \u015feklinde ifade etti. \u201cKORKU TOPLUMUNDAN EN KISA ZAMANDA \u00c7IKMAK GEREK\u0130YOR\u201d Bu \u00fclkede bir korku toplumu yarat\u0131ld\u0131\u011f\u0131n\u0131 vurgulayan\u00a0\u00d6zt\u00fcrk,\u00a0\u201cBu korku toplumundan \u00e7\u0131k\u0131lmas\u0131 gerekiyor. Aileler korkuyu \u00fczerinden at\u0131p \u00e7ocuklar\u0131n\u0131n ve kendilerinin nas\u0131l bir e\u011fitim istedi\u011fini belirtip, kar\u015f\u0131 durmalar\u0131 gerekiyor. E\u011fer biz bug\u00fcn bilimsel, laik, nitelikli bir e\u011fitim istiyorsak bunun i\u00e7in ad\u0131m\u0131 atmam\u0131z gerekiyor\u201d dedi. \u201cA\u0130LELER \u0130L\u00c7E M\u0130LL\u0130 E\u011e\u0130T\u0130M M\u00dcD\u00dcRL\u00dcKLER\u0130NE D\u0130LEK\u00c7E VERMEL\u0130\u201d Okullara imam atanmas\u0131na, mescit a\u00e7\u0131lmas\u0131na, zorunlu din derslerine kar\u015f\u0131 ailelerin il\u00e7e milli e\u011fitim m\u00fcd\u00fcrl\u00fcklerine ba\u015fvuru yapmalar\u0131 gerekti\u011fini belirten\u00a0\u00d6zt\u00fcrk, \u201cMahkeme kararlar\u0131m\u0131z var. Dava a\u00e7s\u0131nlar, zorunlu din derslerine kar\u015f\u0131y\u0131z, girmek istemiyoruz, desinler. Okullarda se\u00e7meli din dersleri art\u0131yor, matematik, fizik, kimya \u0130ngilizce gibi derslerin gittik\u00e7e saati d\u00fc\u015f\u00fcr\u00fcl\u00fcyor, bu \u00e7ok k\u00f6t\u00fc. E\u011fitimin ger\u00e7ekten gittik\u00e7e bilimsellikten uzakla\u015ft\u0131r\u0131ld\u0131\u011f\u0131 a\u00e7\u0131k ve net g\u00f6r\u00fcl\u00fcyor\u201d ifadelerini kulland\u0131. \u201c\u00dcLKEN\u0130N\u0130N DAHA DA GER\u0130C\u0130LE\u015eMEMES\u0130 \u0130\u00c7\u0130N M\u00dcCADELE \u015eART\u201d E\u011fitim-Sen Antalya \u015eube Ba\u015fkan\u0131 Kadir \u00d6zt\u00fcrk,\u00a0ailelerin \u00e7ocuklar\u0131na ve \u00fclkenin gelece\u011fine sahip \u00e7\u0131kmas\u0131 gerekti\u011fini vurgulayarak, \u015f\u00f6yle devam etti: \u201c\u00dclke bunlar\u0131n elinde kald\u0131k\u00e7a gittik\u00e7e gericile\u015fecek, kafatas\u00e7\u0131 bir zihniyete do\u011fru d\u00f6n\u00fc\u015fecektir. Suriye\u2019de, Filistin\u2019de ya\u015fanan durumlara bakt\u0131\u011f\u0131m\u0131zda hepsi gerici bir zihniyetin \u00fcr\u00fcn\u00fc. Buna g\u00f6re \u00fclkeyi de gerile\u015ftirmemek i\u00e7in b\u00fct\u00fcn herkesin birlikte hareket etmesi gerekti\u011fini d\u00fc\u015f\u00fcn\u00fcyorum.\u201d Cebrail ARSLAN\/ANTALYA<\/p>\n","protected":false},"author":2,"featured_media":1837,"comment_status":"open","ping_status":"open","sticky":false,"template":"","format":"standard","meta":{"_joinchat":[],"footnotes":""},"categories":[23],"tags":[],"class_list":["post-1836","post","type-post","status-publish","format-standard","has-post-thumbnail","hentry","category-politika-siyaset"],"acf":[],"_links":{"self":[{"href":"https:\/\/radyomunzur.com\/index.php?rest_route=\/wp\/v2\/posts\/1836","targetHints":{"allow":["GET"]}}],"collection":[{"href":"https:\/\/radyomunzur.com\/index.php?rest_route=\/wp\/v2\/posts"}],"about":[{"href":"https:\/\/radyomunzur.com\/index.php?rest_route=\/wp\/v2\/types\/post"}],"author":[{"embeddable":true,"href":"https:\/\/radyomunzur.com\/index.php?rest_route=\/wp\/v2\/users\/2"}],"replies":[{"embeddable":true,"href":"https:\/\/radyomunzur.com\/index.php?rest_route=%2Fwp%2Fv2%2Fcomments&post=1836"}],"version-history":[{"count":1,"href":"https:\/\/radyomunzur.com\/index.php?rest_route=\/wp\/v2\/posts\/1836\/revisions"}],"predecessor-version":[{"id":1838,"href":"https:\/\/radyomunzur.com\/index.php?rest_route=\/wp\/v2\/posts\/1836\/revisions\/1838"}],"wp:featuredmedia":[{"embeddable":true,"href":"https:\/\/radyomunzur.com\/index.php?rest_route=\/wp\/v2\/media\/1837"}],"wp:attachment":[{"href":"https:\/\/radyomunzur.com\/index.php?rest_route=%2Fwp%2Fv2%2Fmedia&parent=1836"}],"wp:term":[{"taxonomy":"category","embeddable":true,"href":"https:\/\/radyomunzur.com\/index.php?rest_route=%2Fwp%2Fv2%2Fcategories&post=1836"},{"taxonomy":"post_tag","embeddable":true,"href":"https:\/\/radyomunzur.com\/index.php?rest_route=%2Fwp%2Fv2%2Ftags&post=1836"}],"curies":[{"name":"wp","href":"https:\/\/api.w.org\/{rel}","templated":true}]}}