{"id":1827,"date":"2024-01-23T01:33:09","date_gmt":"2024-01-23T06:33:09","guid":{"rendered":"https:\/\/radyomunzur.com\/?p=1827"},"modified":"2024-01-28T01:44:33","modified_gmt":"2024-01-28T06:44:33","slug":"ozel-dersimden-seslendi-dem-parti-resmi-bir-parti-goz-onunde-iliski-icindeyiz","status":"publish","type":"post","link":"https:\/\/radyomunzur.com\/?p=1827","title":{"rendered":"\u00d6zel, Dersim\u2019den seslendi: DEM Parti resmi bir parti g\u00f6z \u00f6n\u00fcnde ili\u015fki i\u00e7indeyiz."},"content":{"rendered":"<p><strong>CHP Genel Ba\u015fkan\u0131 \u00d6zg\u00fcr \u00d6zel, Dersim\u2019e geldi. Halka seslenen \u00d6zel, Dersim Belediyesi\u2019ni b\u00fct\u00fcn CHP\u2019li B\u00fcy\u00fck\u015fehir belediyeleri ile karde\u015f kent yapacaklar\u0131n\u0131 vurgulad\u0131. DEM Parti ile ilgili olarak ise \u201cHi\u00e7bir siyasi parti bizim g\u00f6z\u00fcm\u00fczde \u015feytan de\u011fildir. DEM Parti resmi bir partidir. Her parti gibi g\u00f6zler \u00f6n\u00fcnde ili\u015fki i\u00e7indeyiz\u201d dedi.\u00a0<\/strong><\/p>\n<p><strong>Cumhuriyet Halk Partisi (CHP) Genel Ba\u015fkan\u0131 \u00d6zg\u00fcr \u00d6zel,<\/strong>\u00a0Genel Ba\u015fkan Yard\u0131mc\u0131lar\u0131, Parti Meclisi \u00dcyeleri, Disiplin Kurulu \u00fcyeleri ve aralar\u0131nda Erzincan Milletvekili Mustafa Sar\u0131g\u00fcl ile Bursa Milletvekili Orhan Sar\u0131bal\u2019\u0131n da oldu\u011fu partililerle Dersim\u2019i ziyaret etti.<\/p>\n<p>Nazimiye\u2019de eski Milletvekili Kamer Gen\u00e7\u2019i anma t\u00f6renine kat\u0131lan \u00d6zel, daha sonra Dersim merkezde CHP il binas\u0131n\u0131n \u00f6n\u00fcnde halka hitap etti.<\/p>\n<p><strong>\u201cADAYIMIZI S\u0130ZE EMANET ED\u0130YORUM\u201d<\/strong><\/p>\n<p>Nazimiye\u2019ye gelmeden \u00f6nce \u00f6nceki CHP Genel Ba\u015fkan\u0131 Kemal K\u0131l\u0131\u00e7daro\u011flu ile bir araya geldi\u011fini, onun selamlar\u0131n\u0131 getirdi\u011fini belirterek konu\u015fmas\u0131na ba\u015flayan CHP Genel Ba\u015fkan\u0131\u00a0<strong>\u00d6zg\u00fcr \u00d6zel<\/strong>, \u00f6nce s\u00f6z\u00fc yerel se\u00e7imlere getirerek, \u201cBen buradan Cumhuriyet Halk Partisi\u2019nin genel ba\u015fkan\u0131 olarak aday\u0131m\u0131z\u0131 Cumhuriyet Halk Partililere, o da yetmez. Tunceli iyi y\u00f6netilsin, d\u00fcr\u00fcst, temiz y\u00f6netilsin, iyi hizmetler als\u0131n diyen herkese; Cumhuriyet Halk Partisi\u2019nin b\u00fct\u00fcn b\u00fcy\u00fck\u015fehir belediyeleri Tunceli Belediyesi\u2019ne karde\u015f belediye olsun diye, abi karde\u015f gibi \u00e7al\u0131\u015fs\u0131nlar, Tunceli bug\u00fcne kadar g\u00f6rmedi\u011fi hizmetleri als\u0131n diye aday\u0131m\u0131z\u0131 size emanet ediyorum\u201d dedi.<\/p>\n<p><strong>\u201cB\u0130Z\u0130M G\u00d6Z\u00dcM\u00dcZDE H\u0130\u00c7B\u0130R S\u0130YAS\u0130 PART\u0130 \u015eEYTAN DE\u011e\u0130LD\u0130R\u201d<\/strong><\/p>\n<p>AKP Genel ba\u015fkan\u0131 ve Cumhurba\u015fkan\u0131 Recep Tayyip Erdo\u011fan\u2019\u0131n i\u015fi g\u00fcc\u00fc b\u0131rak\u0131p Cumhuriyet Halk Partisi\u2019yle u\u011fra\u015ft\u0131\u011f\u0131n\u0131 vurgulayan \u00d6zel, Cumhurba\u015fkan\u0131\u2019n\u0131n ele\u015ftirilerine konu olan DEM Parti ile g\u00f6r\u00fc\u015fmelerine ili\u015fkin \u015funlar\u0131 ifade etti:<\/p>\n<p>\u201cMeclisteki grubu bulunan ve bu milletten oy alan hi\u00e7bir siyasi parti bizim g\u00f6z\u00fcm\u00fczde \u015feytan de\u011fildir. Randevu istediler. Verdik, geldiler, g\u00f6r\u00fc\u015ft\u00fck. Se\u00e7imlerini yapt\u0131lar. Tebrik etmeye, hay\u0131rl\u0131 olsun ziyaretine gittik. \u015euradan ilan ediyoruz ki bizim DEM Parti\u2019yle Tayyip Bey istemiyor diye ili\u015fkimizi koparacak kadar onun se\u00e7menine sayg\u0131s\u0131z de\u011filiz ama yine buradan ilan ediyoruz ki, DEM Parti ile g\u00f6z\u00fcn\u00fcz\u00fcn \u00f6n\u00fcnde, ne ili\u015fki kuruyorsak onu kuruyoruz. Yani kapal\u0131 kap\u0131lar ard\u0131ndan konu\u015fuyorlar, gizli anla\u015fmalar yap\u0131yorlar, \u015funu yap\u0131yorlar, bunu yap\u0131yorlar. Bunlar\u0131n hepsi Recep Tayyip Erdo\u011fan\u2019\u0131n se\u00e7im yalan\u0131ndan ibarettir. DEM Parti resmi bir partidir. Her parti gibi g\u00f6zler \u00f6n\u00fcnde ili\u015fki i\u00e7indeyiz. Ama Recep Tayyip Erdo\u011fan her g\u00fcn DEM diyorsun da her g\u00fcn zam yap\u0131yorsun. Milletin derdi DEM de\u011fil, senin yapt\u0131\u011f\u0131n zam zam zam.\u201d<\/p>\n<p><strong>\u201cEN D\u00dc\u015e\u00dcK EMEKL\u0130 MAA\u015eINI B\u0130R ASGAR\u0130 \u00dcCRET D\u00dcZEY\u0130NE \u00c7IKARACA\u011eIZ\u201d<\/strong><\/p>\n<p>Recep Tayyip Erdo\u011fan geldi\u011finde en d\u00fc\u015f\u00fck emekli maa\u015f\u0131n\u0131n, asgari \u00fccretin bir bu\u00e7uk kat\u0131 oldu\u011funu ama bug\u00fcn asgari \u00fccretin y\u00fczde 55\u2019ine indi\u011fine vurgu yapan \u00d6zel, \u201cBiz diyoruz ki ilk ad\u0131m olarak, en d\u00fc\u015f\u00fck emekli maa\u015f\u0131 bir asgari \u00fccret d\u00fczeyine \u00e7\u0131kar\u0131lmal\u0131d\u0131r. O da 17 bin lirad\u0131r. 10 bin liral\u0131k sefalet \u00fccretini kabul etmiyoruz. Buradan sizlerden hangi siyasi g\u00f6r\u00fc\u015ften olursa olsun, hangi etnisiteden, hangi mezhepten, hangi inan\u00e7tan olursa olsun b\u00fct\u00fcn emeklilerimiz i\u00e7in art\u0131k o 10 bin liray\u0131, onun uygun g\u00f6rd\u00fc\u011f\u00fc, dayatt\u0131\u011f\u0131, reva g\u00f6rd\u00fc\u011f\u00fc 10 bin liray\u0131 reddediyoruz\u201d diye belirtti.<\/p>\n<p>Elektrik ve do\u011fal gaz faturalar\u0131ndan bo\u011faza bir \u015fey kalmad\u0131\u011f\u0131n\u0131 s\u00f6yleyen \u00d6zel, \u201cYoksulluk ve sefalet i\u00e7inde olan emeklilerimize de emek\u00e7ilerimize de gelece\u011finden endi\u015feli gen\u00e7lere de gencecik evlatlar\u0131n\u0131 yurt d\u0131\u015f\u0131na g\u00f6nderip de kaybetmek istemeyen ana babalara da sesleniyoruz. Oylar\u0131 Cumhuriyet Halk Partisi\u2019nde birle\u015ftirirsek, bu iktidara yeter art\u0131k bizi d\u00fc\u015f\u00fcnmeyene bundan sonra oy yok dersek, biz bu kadar\u0131n\u0131 hak etmedik, size bu yerel se\u00e7imlerde bir sar\u0131 kart g\u00f6steriyoruz dersek emin olun bundan sonra her \u015fey yoluna girer\u201d de\u011ferlendirmesinde bulundu.<\/p>\n<p><strong>\u201cKIYI \u015eER\u0130D\u0130NDEN \u0130\u00c7ER\u0130YE DO\u011eRU CHP\u2019L\u0130 BELED\u0130YELER\u0130 \u00c7O\u011eALTACA\u011eIZ\u201d<\/strong><\/p>\n<p>Hem Tunceli\u2019de hem 81 ilde \u00f6zellikle ellerindeki 11 b\u00fcy\u00fck \u015fehirde b\u00fcy\u00fck bir ba\u015far\u0131 elde edeceklerini belirten CHP Genel Ba\u015fkan\u0131 \u00d6zg\u00fcr \u00d6zel, yakla\u015fan yerel se\u00e7imlerle ilgili \u015fu de\u011ferlendirmelerde bulundu:<\/p>\n<p>\u201cB\u00fcy\u00fck\u015fehir belediyelerimizi koruyaca\u011f\u0131m\u0131z\u0131, bu say\u0131y\u0131 Ege\u2019deki d\u00f6rt il ba\u015fta olmak \u00fczere Denizli\u2019den, Manisa\u2019dan, Bal\u0131kesir\u2019den, Bursa\u2019dan ba\u015flayarak art\u0131k Cumhuriyet Halk Partili Belediyeleri k\u0131y\u0131 \u015feridinden i\u00e7eriye do\u011fru \u00e7o\u011faltaca\u011f\u0131m\u0131z\u0131, \u0130\u00e7 Anadolu\u2019da \u00e7ok \u00f6nemli belediyeler kazanaca\u011f\u0131m\u0131z\u0131 g\u00f6r\u00fcyorum. \u0130lk akl\u0131ma K\u0131r\u0131kkale geliyor. Kastamonu geliyor ancak \u00e7ok say\u0131da belediyeyi kazanaca\u011f\u0131m\u0131z\u0131 ve Tunceli\u2019de bu sefer, bu g\u00fczel memlekette \u015fanl\u0131 bayra\u011f\u0131m\u0131z\u0131 ve Cumhuriyet Halk Partisi bayra\u011f\u0131n\u0131 Tunceli\u2019de Dersim Belediyesi\u2019ne asaca\u011f\u0131m\u0131z\u0131 ve Tunceli\u2019ye g\u00f6r\u00fclmedik hizmetleri hep beraber yapaca\u011f\u0131m\u0131z\u0131 buradan m\u00fcjdeliyorum.\u201d<\/p>\n<p><strong>\u201cTUNCEL\u0130 \u00d6ZEL B\u0130R KENTT\u0130R\u201d<\/strong><\/p>\n<p>CHP Dersim Belediye Ba\u015fkan Aday\u0131 Ali Mustafa \u00c7elik\u2019de, Dersim\u2019de son zamanlarda artan g\u00f6\u00e7 sorununa vurgu yaparak \u015funlar\u0131 kaydetti:<\/p>\n<p>\u201cKentimiz bo\u015fal\u0131yor. G\u00f6\u00e7, dramatik bir hal al\u0131yor. Biz kentimizin sorunlar\u0131n\u0131 biliyoruz, \u00e7\u00f6z\u00fcmleri i\u00e7in haz\u0131r\u0131z. Tunceli do\u011fas\u0131, insan\u0131, \u00e7a\u011fda\u015f ya\u015fam tarz\u0131, de\u011ferleri, k\u00fclt\u00fcr\u00fcyle, kimli\u011fiyle \u00f6zel bir kenttir. Son y\u0131llarda ya\u015fanan ekonomik zorluklarla beraber artan i\u015fsizlik, yoksulluk, kentimizin s\u00fcrekli g\u00f6\u00e7 vermesine neden olmaktad\u0131r. \u0130nsanlar\u0131m\u0131z d\u0131\u015far\u0131ya g\u00f6\u00e7 ettik\u00e7e kentimizin \u00f6zg\u00fcn, sosyok\u00fclt\u00fcrel dokusu bozulma tehlikesiyle kar\u015f\u0131 kar\u015f\u0131yad\u0131r. Ancak su\u00e7 gidenlerin de\u011fil, gen\u00e7lerimize umutlu ve g\u00fcvenli bir gelecek sunamayan y\u00f6neticilerdedir. Biz yoksullu\u011fa mahkum edilen halk\u0131n \u00e7ocuklar\u0131n\u0131n do\u011fdu\u011fu topraklardan kopar\u0131lmalar\u0131na seyirci kalmayaca\u011f\u0131z. \u0130nsana de\u011fer verece\u011fiz. Halka sayg\u0131l\u0131 olaca\u011f\u0131z, herkesi kucaklayaca\u011f\u0131z, destekleyece\u011fiz ve kolayla\u015ft\u0131r\u0131c\u0131 olaca\u011f\u0131z. \u00c7evre duyarl\u0131l\u0131\u011f\u0131 i\u00e7erisinde \u00e7a\u011fda\u015f, ya\u015fanabilir, mutlu bir kent yarataca\u011f\u0131z\u201d<\/p>\n<p><strong>P\u0130RHA\/DERS\u0130M<\/strong><\/p>\n","protected":false},"excerpt":{"rendered":"<p>CHP Genel Ba\u015fkan\u0131 \u00d6zg\u00fcr \u00d6zel, Dersim\u2019e geldi. Halka seslenen \u00d6zel, Dersim Belediyesi\u2019ni b\u00fct\u00fcn CHP\u2019li B\u00fcy\u00fck\u015fehir belediyeleri ile karde\u015f kent yapacaklar\u0131n\u0131 vurgulad\u0131. DEM Parti ile ilgili olarak ise \u201cHi\u00e7bir siyasi parti bizim g\u00f6z\u00fcm\u00fczde \u015feytan de\u011fildir. DEM Parti resmi bir partidir. Her parti gibi g\u00f6zler \u00f6n\u00fcnde ili\u015fki i\u00e7indeyiz\u201d dedi.\u00a0 Cumhuriyet Halk Partisi (CHP) Genel Ba\u015fkan\u0131 \u00d6zg\u00fcr \u00d6zel,\u00a0Genel Ba\u015fkan Yard\u0131mc\u0131lar\u0131, Parti Meclisi \u00dcyeleri, Disiplin Kurulu \u00fcyeleri ve aralar\u0131nda Erzincan Milletvekili Mustafa Sar\u0131g\u00fcl ile Bursa Milletvekili Orhan Sar\u0131bal\u2019\u0131n da oldu\u011fu partililerle Dersim\u2019i ziyaret etti. Nazimiye\u2019de eski Milletvekili Kamer Gen\u00e7\u2019i anma t\u00f6renine kat\u0131lan \u00d6zel, daha sonra Dersim merkezde CHP il binas\u0131n\u0131n \u00f6n\u00fcnde halka hitap etti. \u201cADAYIMIZI S\u0130ZE EMANET ED\u0130YORUM\u201d Nazimiye\u2019ye gelmeden \u00f6nce \u00f6nceki CHP Genel Ba\u015fkan\u0131 Kemal K\u0131l\u0131\u00e7daro\u011flu ile bir araya geldi\u011fini, onun selamlar\u0131n\u0131 getirdi\u011fini belirterek konu\u015fmas\u0131na ba\u015flayan CHP Genel Ba\u015fkan\u0131\u00a0\u00d6zg\u00fcr \u00d6zel, \u00f6nce s\u00f6z\u00fc yerel se\u00e7imlere getirerek, \u201cBen buradan Cumhuriyet Halk Partisi\u2019nin genel ba\u015fkan\u0131 olarak aday\u0131m\u0131z\u0131 Cumhuriyet Halk Partililere, o da yetmez. Tunceli iyi y\u00f6netilsin, d\u00fcr\u00fcst, temiz y\u00f6netilsin, iyi hizmetler als\u0131n diyen herkese; Cumhuriyet Halk Partisi\u2019nin b\u00fct\u00fcn b\u00fcy\u00fck\u015fehir belediyeleri Tunceli Belediyesi\u2019ne karde\u015f belediye olsun diye, abi karde\u015f gibi \u00e7al\u0131\u015fs\u0131nlar, Tunceli bug\u00fcne kadar g\u00f6rmedi\u011fi hizmetleri als\u0131n diye aday\u0131m\u0131z\u0131 size emanet ediyorum\u201d dedi. \u201cB\u0130Z\u0130M G\u00d6Z\u00dcM\u00dcZDE H\u0130\u00c7B\u0130R S\u0130YAS\u0130 PART\u0130 \u015eEYTAN DE\u011e\u0130LD\u0130R\u201d AKP Genel ba\u015fkan\u0131 ve Cumhurba\u015fkan\u0131 Recep Tayyip Erdo\u011fan\u2019\u0131n i\u015fi g\u00fcc\u00fc b\u0131rak\u0131p Cumhuriyet Halk Partisi\u2019yle u\u011fra\u015ft\u0131\u011f\u0131n\u0131 vurgulayan \u00d6zel, Cumhurba\u015fkan\u0131\u2019n\u0131n ele\u015ftirilerine konu olan DEM Parti ile g\u00f6r\u00fc\u015fmelerine ili\u015fkin \u015funlar\u0131 ifade etti: \u201cMeclisteki grubu bulunan ve bu milletten oy alan hi\u00e7bir siyasi parti bizim g\u00f6z\u00fcm\u00fczde \u015feytan de\u011fildir. Randevu istediler. Verdik, geldiler, g\u00f6r\u00fc\u015ft\u00fck. Se\u00e7imlerini yapt\u0131lar. Tebrik etmeye, hay\u0131rl\u0131 olsun ziyaretine gittik. \u015euradan ilan ediyoruz ki bizim DEM Parti\u2019yle Tayyip Bey istemiyor diye ili\u015fkimizi koparacak kadar onun se\u00e7menine sayg\u0131s\u0131z de\u011filiz ama yine buradan ilan ediyoruz ki, DEM Parti ile g\u00f6z\u00fcn\u00fcz\u00fcn \u00f6n\u00fcnde, ne ili\u015fki kuruyorsak onu kuruyoruz. Yani kapal\u0131 kap\u0131lar ard\u0131ndan konu\u015fuyorlar, gizli anla\u015fmalar yap\u0131yorlar, \u015funu yap\u0131yorlar, bunu yap\u0131yorlar. Bunlar\u0131n hepsi Recep Tayyip Erdo\u011fan\u2019\u0131n se\u00e7im yalan\u0131ndan ibarettir. DEM Parti resmi bir partidir. Her parti gibi g\u00f6zler \u00f6n\u00fcnde ili\u015fki i\u00e7indeyiz. Ama Recep Tayyip Erdo\u011fan her g\u00fcn DEM diyorsun da her g\u00fcn zam yap\u0131yorsun. Milletin derdi DEM de\u011fil, senin yapt\u0131\u011f\u0131n zam zam zam.\u201d \u201cEN D\u00dc\u015e\u00dcK EMEKL\u0130 MAA\u015eINI B\u0130R ASGAR\u0130 \u00dcCRET D\u00dcZEY\u0130NE \u00c7IKARACA\u011eIZ\u201d Recep Tayyip Erdo\u011fan geldi\u011finde en d\u00fc\u015f\u00fck emekli maa\u015f\u0131n\u0131n, asgari \u00fccretin bir bu\u00e7uk kat\u0131 oldu\u011funu ama bug\u00fcn asgari \u00fccretin y\u00fczde 55\u2019ine indi\u011fine vurgu yapan \u00d6zel, \u201cBiz diyoruz ki ilk ad\u0131m olarak, en d\u00fc\u015f\u00fck emekli maa\u015f\u0131 bir asgari \u00fccret d\u00fczeyine \u00e7\u0131kar\u0131lmal\u0131d\u0131r. O da 17 bin lirad\u0131r. 10 bin liral\u0131k sefalet \u00fccretini kabul etmiyoruz. Buradan sizlerden hangi siyasi g\u00f6r\u00fc\u015ften olursa olsun, hangi etnisiteden, hangi mezhepten, hangi inan\u00e7tan olursa olsun b\u00fct\u00fcn emeklilerimiz i\u00e7in art\u0131k o 10 bin liray\u0131, onun uygun g\u00f6rd\u00fc\u011f\u00fc, dayatt\u0131\u011f\u0131, reva g\u00f6rd\u00fc\u011f\u00fc 10 bin liray\u0131 reddediyoruz\u201d diye belirtti. Elektrik ve do\u011fal gaz faturalar\u0131ndan bo\u011faza bir \u015fey kalmad\u0131\u011f\u0131n\u0131 s\u00f6yleyen \u00d6zel, \u201cYoksulluk ve sefalet i\u00e7inde olan emeklilerimize de emek\u00e7ilerimize de gelece\u011finden endi\u015feli gen\u00e7lere de gencecik evlatlar\u0131n\u0131 yurt d\u0131\u015f\u0131na g\u00f6nderip de kaybetmek istemeyen ana babalara da sesleniyoruz. Oylar\u0131 Cumhuriyet Halk Partisi\u2019nde birle\u015ftirirsek, bu iktidara yeter art\u0131k bizi d\u00fc\u015f\u00fcnmeyene bundan sonra oy yok dersek, biz bu kadar\u0131n\u0131 hak etmedik, size bu yerel se\u00e7imlerde bir sar\u0131 kart g\u00f6steriyoruz dersek emin olun bundan sonra her \u015fey yoluna girer\u201d de\u011ferlendirmesinde bulundu. \u201cKIYI \u015eER\u0130D\u0130NDEN \u0130\u00c7ER\u0130YE DO\u011eRU CHP\u2019L\u0130 BELED\u0130YELER\u0130 \u00c7O\u011eALTACA\u011eIZ\u201d Hem Tunceli\u2019de hem 81 ilde \u00f6zellikle ellerindeki 11 b\u00fcy\u00fck \u015fehirde b\u00fcy\u00fck bir ba\u015far\u0131 elde edeceklerini belirten CHP Genel Ba\u015fkan\u0131 \u00d6zg\u00fcr \u00d6zel, yakla\u015fan yerel se\u00e7imlerle ilgili \u015fu de\u011ferlendirmelerde bulundu: \u201cB\u00fcy\u00fck\u015fehir belediyelerimizi koruyaca\u011f\u0131m\u0131z\u0131, bu say\u0131y\u0131 Ege\u2019deki d\u00f6rt il ba\u015fta olmak \u00fczere Denizli\u2019den, Manisa\u2019dan, Bal\u0131kesir\u2019den, Bursa\u2019dan ba\u015flayarak art\u0131k Cumhuriyet Halk Partili Belediyeleri k\u0131y\u0131 \u015feridinden i\u00e7eriye do\u011fru \u00e7o\u011faltaca\u011f\u0131m\u0131z\u0131, \u0130\u00e7 Anadolu\u2019da \u00e7ok \u00f6nemli belediyeler kazanaca\u011f\u0131m\u0131z\u0131 g\u00f6r\u00fcyorum. \u0130lk akl\u0131ma K\u0131r\u0131kkale geliyor. Kastamonu geliyor ancak \u00e7ok say\u0131da belediyeyi kazanaca\u011f\u0131m\u0131z\u0131 ve Tunceli\u2019de bu sefer, bu g\u00fczel memlekette \u015fanl\u0131 bayra\u011f\u0131m\u0131z\u0131 ve Cumhuriyet Halk Partisi bayra\u011f\u0131n\u0131 Tunceli\u2019de Dersim Belediyesi\u2019ne asaca\u011f\u0131m\u0131z\u0131 ve Tunceli\u2019ye g\u00f6r\u00fclmedik hizmetleri hep beraber yapaca\u011f\u0131m\u0131z\u0131 buradan m\u00fcjdeliyorum.\u201d \u201cTUNCEL\u0130 \u00d6ZEL B\u0130R KENTT\u0130R\u201d CHP Dersim Belediye Ba\u015fkan Aday\u0131 Ali Mustafa \u00c7elik\u2019de, Dersim\u2019de son zamanlarda artan g\u00f6\u00e7 sorununa vurgu yaparak \u015funlar\u0131 kaydetti: \u201cKentimiz bo\u015fal\u0131yor. G\u00f6\u00e7, dramatik bir hal al\u0131yor. Biz kentimizin sorunlar\u0131n\u0131 biliyoruz, \u00e7\u00f6z\u00fcmleri i\u00e7in haz\u0131r\u0131z. Tunceli do\u011fas\u0131, insan\u0131, \u00e7a\u011fda\u015f ya\u015fam tarz\u0131, de\u011ferleri, k\u00fclt\u00fcr\u00fcyle, kimli\u011fiyle \u00f6zel bir kenttir. Son y\u0131llarda ya\u015fanan ekonomik zorluklarla beraber artan i\u015fsizlik, yoksulluk, kentimizin s\u00fcrekli g\u00f6\u00e7 vermesine neden olmaktad\u0131r. \u0130nsanlar\u0131m\u0131z d\u0131\u015far\u0131ya g\u00f6\u00e7 ettik\u00e7e kentimizin \u00f6zg\u00fcn, sosyok\u00fclt\u00fcrel dokusu bozulma tehlikesiyle kar\u015f\u0131 kar\u015f\u0131yad\u0131r. Ancak su\u00e7 gidenlerin de\u011fil, gen\u00e7lerimize umutlu ve g\u00fcvenli bir gelecek sunamayan y\u00f6neticilerdedir. Biz yoksullu\u011fa mahkum edilen halk\u0131n \u00e7ocuklar\u0131n\u0131n do\u011fdu\u011fu topraklardan kopar\u0131lmalar\u0131na seyirci kalmayaca\u011f\u0131z. \u0130nsana de\u011fer verece\u011fiz. Halka sayg\u0131l\u0131 olaca\u011f\u0131z, herkesi kucaklayaca\u011f\u0131z, destekleyece\u011fiz ve kolayla\u015ft\u0131r\u0131c\u0131 olaca\u011f\u0131z. \u00c7evre duyarl\u0131l\u0131\u011f\u0131 i\u00e7erisinde \u00e7a\u011fda\u015f, ya\u015fanabilir, mutlu bir kent yarataca\u011f\u0131z\u201d P\u0130RHA\/DERS\u0130M<\/p>\n","protected":false},"author":2,"featured_media":1828,"comment_status":"open","ping_status":"open","sticky":false,"template":"","format":"standard","meta":{"_joinchat":[],"footnotes":""},"categories":[5,23],"tags":[],"class_list":["post-1827","post","type-post","status-publish","format-standard","has-post-thumbnail","hentry","category-yerel-haberler","category-politika-siyaset"],"acf":[],"_links":{"self":[{"href":"https:\/\/radyomunzur.com\/index.php?rest_route=\/wp\/v2\/posts\/1827","targetHints":{"allow":["GET"]}}],"collection":[{"href":"https:\/\/radyomunzur.com\/index.php?rest_route=\/wp\/v2\/posts"}],"about":[{"href":"https:\/\/radyomunzur.com\/index.php?rest_route=\/wp\/v2\/types\/post"}],"author":[{"embeddable":true,"href":"https:\/\/radyomunzur.com\/index.php?rest_route=\/wp\/v2\/users\/2"}],"replies":[{"embeddable":true,"href":"https:\/\/radyomunzur.com\/index.php?rest_route=%2Fwp%2Fv2%2Fcomments&post=1827"}],"version-history":[{"count":1,"href":"https:\/\/radyomunzur.com\/index.php?rest_route=\/wp\/v2\/posts\/1827\/revisions"}],"predecessor-version":[{"id":1829,"href":"https:\/\/radyomunzur.com\/index.php?rest_route=\/wp\/v2\/posts\/1827\/revisions\/1829"}],"wp:featuredmedia":[{"embeddable":true,"href":"https:\/\/radyomunzur.com\/index.php?rest_route=\/wp\/v2\/media\/1828"}],"wp:attachment":[{"href":"https:\/\/radyomunzur.com\/index.php?rest_route=%2Fwp%2Fv2%2Fmedia&parent=1827"}],"wp:term":[{"taxonomy":"category","embeddable":true,"href":"https:\/\/radyomunzur.com\/index.php?rest_route=%2Fwp%2Fv2%2Fcategories&post=1827"},{"taxonomy":"post_tag","embeddable":true,"href":"https:\/\/radyomunzur.com\/index.php?rest_route=%2Fwp%2Fv2%2Ftags&post=1827"}],"curies":[{"name":"wp","href":"https:\/\/api.w.org\/{rel}","templated":true}]}}