{"id":1822,"date":"2024-01-22T01:07:20","date_gmt":"2024-01-22T06:07:20","guid":{"rendered":"https:\/\/radyomunzur.com\/?p=1822"},"modified":"2024-12-23T02:46:54","modified_gmt":"2024-12-23T07:46:54","slug":"akd-genel-baskanindan-antep-sube-aciklamasi-hukuksuzluga-yer-vermeyecegiz","status":"publish","type":"post","link":"https:\/\/radyomunzur.com\/?p=1822","title":{"rendered":"AKD Genel Ba\u015fkan\u0131\u2019ndan Antep \u015eube a\u00e7\u0131klamas\u0131: Hukuksuzlu\u011fa yer vermeyece\u011fiz"},"content":{"rendered":"<p><strong>AKD Genel Ba\u015fkan\u0131 Seher \u015eeng\u00fcll\u00fc Y\u0131lmaz, Antep \u015eubelerine ge\u00e7ici y\u00f6netim tayin edilmesine dair yapt\u0131\u011f\u0131 a\u00e7\u0131klamada, hi\u00e7bir hukuksuzlu\u011fa, yolsuzlulu\u011fa, kanunsuzlu\u011fa m\u00fcsaade etmeyeceklerini belirterek, \u201cHi\u00e7bir ko\u015ful ve gerek\u00e7e burada ya\u015fanan hukuksuzlu\u011fun, yolsuzlu\u011fun \u00fczerine tekrar burada g\u00f6rev alaca\u011f\u0131n\u0131 d\u00fc\u015f\u00fcnenler iradenin genel merkez y\u00f6netim kurulunda oldu\u011funu bilmelidirler. Ayr\u0131ca bu \u015fah\u0131slar\u0131n tamam\u0131n\u0131n \u00fcyeliklerine bu g\u00fcn itibariyle son verilmi\u015ftir\u201d dedi.<\/strong><\/p>\n<p>Alevi K\u00fclt\u00fcr Dernekleri (AKD) Genel Merkezi, ge\u00e7ti\u011fimiz haftalarda Antep \u015eubesi\u2019nin yerine ge\u00e7ici y\u00f6netim atam\u0131\u015ft\u0131. G\u00f6revden almaya dair yap\u0131lan itiraza dair mahkeme \u201c\u0130HT\u0130YAD\u0130 TEDB\u0130R\u201d karar\u0131 verdi.<\/p>\n<p>Mahkemin karar\u0131na ve ya\u015fanan s\u00fcrece ili\u015fkin AKD Genel Ba\u015fkan\u0131 Seher \u015eeng\u00fcll\u00fc Y\u0131lmaz ve Genel Merkez Y\u00f6neticileri tabelas\u0131 s\u00f6k\u00fclen ve i\u00e7i bo\u015falt\u0131lan D\u00fcztepe Cemevi \u00f6n\u00fcnde bas\u0131n a\u00e7\u0131klamas\u0131 yapt\u0131.<\/p>\n<p>A\u00e7\u0131klama Salman Kayhan Dede taraf\u0131ndan okunan g\u00fclbeg ile ba\u015flad\u0131. AKD Genel Ba\u015fkan\u0131 Seher \u015eeng\u00fcll\u00fc Y\u0131lmaz, konuya dair yapt\u0131\u011f\u0131 a\u00e7\u0131klamada, tabelalar\u0131n\u0131n s\u00f6k\u00fcld\u00fc\u011f\u00fcn\u00fc, kurumlar\u0131na ait ta\u015f\u0131n\u0131r-ta\u015f\u0131nmaz t\u00fcm maddi manevi de\u011ferlerin yeni kurulan fason bir derne\u011fe aktar\u0131ld\u0131\u011f\u0131 kaydetti.<br \/>\nAKD Genel Ba\u015fkan\u0131 Seher \u015eeng\u00fcll\u00fc Y\u0131lmaz, Antep kamuoyunun yak\u0131ndan takip etti\u011fi Alevi K\u00fclt\u00fcr Dernekleri Gaziantep \u015fubesi \u00fczerinden bir tak\u0131m yalan ve yanl\u0131\u015f haberler yap\u0131larak alg\u0131 operasyonlar\u0131 y\u00fcr\u00fct\u00fcld\u00fc\u011f\u00fcn\u00fcn alt\u0131n\u0131 \u00e7izerek, \u201cD\u00fcztepe Cemevi ve Yunus Emre Cemevlerimizin Denetiminde mali verilerin ibraz edilmemesi, ger\u00e7ek ve do\u011fru olmayan bir tak\u0131m evraklar\u0131n beyan edilmesi neticesinde genel merkez olarak \u015fubemizde g\u00f6revli bu ki\u015fileri g\u00f6revden alarak yerlerine ge\u00e7ici bir y\u00f6netim tayin ettik\u201d dedi.<\/p>\n<p>Antep\u2019te ya\u015fayan bu \u015fubeden haks\u0131z ve hukuksuz \u015fekilde \u00fcyelikleri, se\u00e7me se\u00e7ilme haklar\u0131 ellerinden al\u0131nan ve bu sanc\u0131l\u0131 s\u00fcre\u00e7te haktan ve hakl\u0131dan yana olan \u00c7epnililer derne\u011fi, Tilkililer derne\u011fi, Balyal\u0131lar Derne\u011fi, Pir Sultan Abdal K\u00fclt\u00fcr Derne\u011fi ve t\u00fcm halka te\u015fekk\u00fcr eden AKD Genel Ba\u015fkan\u0131 Seher \u015eeng\u00fcll\u00fc Y\u0131lmaz, \u201cHelal lokmalar\u0131m\u0131zla emek emek yapt\u0131\u011f\u0131m\u0131z maddi manevi t\u00fcm de\u011ferlerimizi koruyup kollayaca\u011f\u0131m\u0131za sizlerin de bu iradeye sahip \u00e7\u0131kaca\u011f\u0131na inanc\u0131m\u0131z tamd\u0131r\u201d ifadelerine yer verdi.<\/p>\n<p><strong>P\u0130RHA\/ANTEP<\/strong><\/p>\n","protected":false},"excerpt":{"rendered":"<p>AKD Genel Ba\u015fkan\u0131 Seher \u015eeng\u00fcll\u00fc Y\u0131lmaz, Antep \u015eubelerine ge\u00e7ici y\u00f6netim tayin edilmesine dair yapt\u0131\u011f\u0131 a\u00e7\u0131klamada, hi\u00e7bir hukuksuzlu\u011fa, yolsuzlulu\u011fa, kanunsuzlu\u011fa m\u00fcsaade etmeyeceklerini belirterek, \u201cHi\u00e7bir ko\u015ful ve gerek\u00e7e burada ya\u015fanan hukuksuzlu\u011fun, yolsuzlu\u011fun \u00fczerine tekrar burada g\u00f6rev alaca\u011f\u0131n\u0131 d\u00fc\u015f\u00fcnenler iradenin genel merkez y\u00f6netim kurulunda oldu\u011funu bilmelidirler. Ayr\u0131ca bu \u015fah\u0131slar\u0131n tamam\u0131n\u0131n \u00fcyeliklerine bu g\u00fcn itibariyle son verilmi\u015ftir\u201d dedi. Alevi K\u00fclt\u00fcr Dernekleri (AKD) Genel Merkezi, ge\u00e7ti\u011fimiz haftalarda Antep \u015eubesi\u2019nin yerine ge\u00e7ici y\u00f6netim atam\u0131\u015ft\u0131. G\u00f6revden almaya dair yap\u0131lan itiraza dair mahkeme \u201c\u0130HT\u0130YAD\u0130 TEDB\u0130R\u201d karar\u0131 verdi. Mahkemin karar\u0131na ve ya\u015fanan s\u00fcrece ili\u015fkin AKD Genel Ba\u015fkan\u0131 Seher \u015eeng\u00fcll\u00fc Y\u0131lmaz ve Genel Merkez Y\u00f6neticileri tabelas\u0131 s\u00f6k\u00fclen ve i\u00e7i bo\u015falt\u0131lan D\u00fcztepe Cemevi \u00f6n\u00fcnde bas\u0131n a\u00e7\u0131klamas\u0131 yapt\u0131. A\u00e7\u0131klama Salman Kayhan Dede taraf\u0131ndan okunan g\u00fclbeg ile ba\u015flad\u0131. AKD Genel Ba\u015fkan\u0131 Seher \u015eeng\u00fcll\u00fc Y\u0131lmaz, konuya dair yapt\u0131\u011f\u0131 a\u00e7\u0131klamada, tabelalar\u0131n\u0131n s\u00f6k\u00fcld\u00fc\u011f\u00fcn\u00fc, kurumlar\u0131na ait ta\u015f\u0131n\u0131r-ta\u015f\u0131nmaz t\u00fcm maddi manevi de\u011ferlerin yeni kurulan fason bir derne\u011fe aktar\u0131ld\u0131\u011f\u0131 kaydetti. AKD Genel Ba\u015fkan\u0131 Seher \u015eeng\u00fcll\u00fc Y\u0131lmaz, Antep kamuoyunun yak\u0131ndan takip etti\u011fi Alevi K\u00fclt\u00fcr Dernekleri Gaziantep \u015fubesi \u00fczerinden bir tak\u0131m yalan ve yanl\u0131\u015f haberler yap\u0131larak alg\u0131 operasyonlar\u0131 y\u00fcr\u00fct\u00fcld\u00fc\u011f\u00fcn\u00fcn alt\u0131n\u0131 \u00e7izerek, \u201cD\u00fcztepe Cemevi ve Yunus Emre Cemevlerimizin Denetiminde mali verilerin ibraz edilmemesi, ger\u00e7ek ve do\u011fru olmayan bir tak\u0131m evraklar\u0131n beyan edilmesi neticesinde genel merkez olarak \u015fubemizde g\u00f6revli bu ki\u015fileri g\u00f6revden alarak yerlerine ge\u00e7ici bir y\u00f6netim tayin ettik\u201d dedi. Antep\u2019te ya\u015fayan bu \u015fubeden haks\u0131z ve hukuksuz \u015fekilde \u00fcyelikleri, se\u00e7me se\u00e7ilme haklar\u0131 ellerinden al\u0131nan ve bu sanc\u0131l\u0131 s\u00fcre\u00e7te haktan ve hakl\u0131dan yana olan \u00c7epnililer derne\u011fi, Tilkililer derne\u011fi, Balyal\u0131lar Derne\u011fi, Pir Sultan Abdal K\u00fclt\u00fcr Derne\u011fi ve t\u00fcm halka te\u015fekk\u00fcr eden AKD Genel Ba\u015fkan\u0131 Seher \u015eeng\u00fcll\u00fc Y\u0131lmaz, \u201cHelal lokmalar\u0131m\u0131zla emek emek yapt\u0131\u011f\u0131m\u0131z maddi manevi t\u00fcm de\u011ferlerimizi koruyup kollayaca\u011f\u0131m\u0131za sizlerin de bu iradeye sahip \u00e7\u0131kaca\u011f\u0131na inanc\u0131m\u0131z tamd\u0131r\u201d ifadelerine yer verdi. P\u0130RHA\/ANTEP<\/p>\n","protected":false},"author":2,"featured_media":1823,"comment_status":"open","ping_status":"open","sticky":false,"template":"","format":"standard","meta":{"_joinchat":[],"footnotes":""},"categories":[23],"tags":[],"class_list":["post-1822","post","type-post","status-publish","format-standard","has-post-thumbnail","hentry","category-politika-siyaset"],"acf":[],"_links":{"self":[{"href":"https:\/\/radyomunzur.com\/index.php?rest_route=\/wp\/v2\/posts\/1822","targetHints":{"allow":["GET"]}}],"collection":[{"href":"https:\/\/radyomunzur.com\/index.php?rest_route=\/wp\/v2\/posts"}],"about":[{"href":"https:\/\/radyomunzur.com\/index.php?rest_route=\/wp\/v2\/types\/post"}],"author":[{"embeddable":true,"href":"https:\/\/radyomunzur.com\/index.php?rest_route=\/wp\/v2\/users\/2"}],"replies":[{"embeddable":true,"href":"https:\/\/radyomunzur.com\/index.php?rest_route=%2Fwp%2Fv2%2Fcomments&post=1822"}],"version-history":[{"count":1,"href":"https:\/\/radyomunzur.com\/index.php?rest_route=\/wp\/v2\/posts\/1822\/revisions"}],"predecessor-version":[{"id":1824,"href":"https:\/\/radyomunzur.com\/index.php?rest_route=\/wp\/v2\/posts\/1822\/revisions\/1824"}],"wp:featuredmedia":[{"embeddable":true,"href":"https:\/\/radyomunzur.com\/index.php?rest_route=\/wp\/v2\/media\/1823"}],"wp:attachment":[{"href":"https:\/\/radyomunzur.com\/index.php?rest_route=%2Fwp%2Fv2%2Fmedia&parent=1822"}],"wp:term":[{"taxonomy":"category","embeddable":true,"href":"https:\/\/radyomunzur.com\/index.php?rest_route=%2Fwp%2Fv2%2Fcategories&post=1822"},{"taxonomy":"post_tag","embeddable":true,"href":"https:\/\/radyomunzur.com\/index.php?rest_route=%2Fwp%2Fv2%2Ftags&post=1822"}],"curies":[{"name":"wp","href":"https:\/\/api.w.org\/{rel}","templated":true}]}}