{"id":1817,"date":"2024-01-22T00:54:31","date_gmt":"2024-01-22T05:54:31","guid":{"rendered":"https:\/\/radyomunzur.com\/?p=1817"},"modified":"2024-01-28T01:44:44","modified_gmt":"2024-01-28T06:44:44","slug":"tahir-elci-insan-haklari-ve-ozgurluk-odulu-cumartesi-annelerine-verildi","status":"publish","type":"post","link":"https:\/\/radyomunzur.com\/?p=1817","title":{"rendered":"Tahir El\u00e7i \u0130nsan Haklar\u0131 ve \u00d6zg\u00fcrl\u00fck \u00d6d\u00fcl\u00fc, Cumartesi Anneleri\u2019ne verildi"},"content":{"rendered":"<p><strong>Tahir El\u00e7i \u0130nsan Haklar\u0131 ve \u00d6zg\u00fcrl\u00fck \u00d6d\u00fcl\u00fc, Cumartesi Anneleri\u2019ne verildi.\u00a0 \u00d6d\u00fcl t\u00f6reninde konu\u015fan CHP eski lideri Kemal K\u0131l\u0131\u00e7daro\u011flu, \u201cBir devlet i\u00e7in faili me\u00e7hul olay, o devletin en b\u00fcy\u00fck ay\u0131b\u0131d\u0131r. Bu ay\u0131ptan bir devletin kesinlikle kurtulmas\u0131 laz\u0131m\u201d dedi.<br \/>\n<\/strong><\/p>\n<p>Tahir El\u00e7i \u0130nsan Haklar\u0131 Vakf\u0131\u2019n\u0131n 2\u2019nci \u0130nsan Haklar\u0131 ve \u00d6zg\u00fcrl\u00fck \u00d6d\u00fcl\u00fc, d\u00fcn Ankara\u2019da d\u00fczenlenen t\u00f6renle Cumartesi Anneleri\u2019ne verildi. Ta\u015fdelen \u00c7a\u011fda\u015f Sanatlar Merkezi\u2019nde yap\u0131lan \u00f6d\u00fcl t\u00f6renine \u00e7ok say\u0131da ki\u015fi kat\u0131ld\u0131.<\/p>\n<p>\u00d6d\u00fcl t\u00f6reninin a\u00e7\u0131l\u0131\u015f\u0131nda konu\u015fan Tahir El\u00e7i\u2019nin e\u015fi<strong>\u00a0CHP \u0130stanbul Milletvekili T\u00fcrkan El\u00e7i<\/strong>, \u201cMesleki hayat\u0131n\u0131n neredeyse tamam\u0131n\u0131 insan haklar\u0131na ve cezas\u0131zl\u0131kla m\u00fccadeleye vakfetmi\u015f, sava\u015f kar\u015f\u0131t\u0131 ve \u015fiddetsiz toplum tahayy\u00fcl\u00fc olan hukukun ve adaletin hakim oldu\u011fu bir d\u00fczenin in\u015fas\u0131 i\u00e7in m\u00fccadele veren bir hukuk\u00e7unun miras\u0131n\u0131 devralan Tahir El\u00e7i Vakf\u0131, bu y\u0131lki \u00f6d\u00fcl\u00fc Cumartesi Anneleri\u2019ne vermeye de\u011fer g\u00f6rm\u00fc\u015ft\u00fcr\u201d dedi.<\/p>\n<p><strong>\u201cM\u00dcCADELELER\u0130 OLDUK\u00c7A \u00d6NEML\u0130 B\u0130R YERDE\u201d<\/strong><\/p>\n<p><strong>El\u00e7i<\/strong>, Cumartesi Anneleri\u2019nin m\u00fccadelesine i\u015faret ederek, \u201cBir hukuk d\u00fczeninden kara bir leke olan cezas\u0131zl\u0131\u011f\u0131n kar\u015f\u0131s\u0131nda g\u00f6\u011f\u00fcslerinde mezar ta\u015f\u0131na d\u00f6nm\u00fc\u015f foto\u011fraflarla adaleti talep ettikleri i\u00e7in, sivil itaatsiz, \u015fiddete ba\u015fvurmadan, incitmeden bir hak m\u00fccadelesi verdikleri i\u00e7in, t\u00fcm engelleme ve hukuksuzluklara ra\u011fmen adaleti bekledikleri, vazge\u00e7medikleri, bu inanc\u0131 g\u00f6\u011fs\u00fcnde bir foto\u011fraf gibi ta\u015f\u0131y\u0131p hep s\u00fcrd\u00fcrd\u00fckleri i\u00e7in, toplumun kendini ifade edemeyen kesimlerine, bir dil, bir a\u011f\u0131z olduklar\u0131 i\u00e7in, haklar\u0131n\u0131 gasp edenlere, ya\u015famlar\u0131n\u0131 \u00e7alanlara kar\u015f\u0131, y\u0131lmadan ya\u015fam hakk\u0131 unutma y\u00fczle\u015fme hakk\u0131 talep ettikleri, cezas\u0131zl\u0131k gelene\u011fini hukuktan kesip atmak istedikleri i\u00e7in \u2018Silah, \u00e7at\u0131\u015fma, operasyon istemiyoruz\u2019 diyenlerle ayn\u0131 sese sahip olan, en do\u011fal haklar\u0131 olarak adaleti talep eden, faili me\u00e7hul yak\u0131nlar\u0131na m\u00fcte\u015fekkil Cumartesi Anneleri\u2019nin m\u00fccadelesi bizim nazar\u0131m\u0131zda, olduk\u00e7a \u00f6nemli bir yere sahiptir\u201d diye konu\u015ftu.<\/p>\n<p><strong>\u201cFA\u0130L\u0130 ME\u00c7HULLER DEVLET\u0130N EN B\u00dcY\u00dcK AYIBIDIR\u201d<\/strong><\/p>\n<p>Cumartesi Anneleri\u2019ne \u0130nsan Haklar\u0131 ve \u00d6zg\u00fcrl\u00fck \u00d6d\u00fcl\u00fc\u2019n\u00fc\u00a0<strong>CHP eski Genel Ba\u015fkan\u0131 Kemal K\u0131l\u0131\u00e7daro\u011flu<\/strong>\u00a0verdi.\u00a0<strong>K\u0131l\u0131\u00e7daro\u011flu<\/strong>, \u201c\u0130nsanl\u0131k tarihi ac\u0131larla doludur ama bir insan\u0131n haks\u0131zl\u0131kla kar\u015f\u0131 kar\u015f\u0131ya kalmas\u0131 ve hayat\u0131n\u0131 vermesi insanlar\u0131n belle\u011finde unutmamalar\u0131 gereken bir olayd\u0131r. Tahir El\u00e7i\u2019yi b\u00f6yle kaybettik. Faili hala bulunamad\u0131. Cumartesi Anneleri, her birimizin insan olarak tek tek d\u00fc\u015f\u00fcn\u00fcp ac\u0131lar\u0131n\u0131 payla\u015fmam\u0131z gereken bir olayd\u0131r. Bir anne i\u00e7in evlad\u0131n ne kadar de\u011ferli oldu\u011fun en iyi anneler bilir. Onlar \u00e7ok \u015fey istemiyorlar asl\u0131nda, evlatlar\u0131n\u0131n nerede oldu\u011funu \u00f6\u011frenmek istiyorlar. Mezarlar\u0131n\u0131n ba\u015f\u0131na gidip bir dua etmek istiyorlar\u201d diye kaydetti.<\/p>\n<p><strong>K\u0131l\u0131\u00e7daro\u011flu<\/strong>, \u201cBir devlet i\u00e7in faili me\u00e7hul olay, o devletin en b\u00fcy\u00fck ay\u0131b\u0131d\u0131r. Bu ay\u0131ptan bir devletin kesinlikle kurtulmas\u0131 laz\u0131m. E\u011fer demokrasiyi ve insan haklar\u0131n\u0131 savunuyorsak, insana de\u011fer veriyorsak bu ay\u0131ptan devleti mutlaka kurtarmam\u0131z gerekiyor. Bunun yolu da m\u00fccadeledir. Cumartesi Anneleri\u2019nin m\u00fccadelesi bu a\u00e7\u0131dan bir hak m\u00fccadelesidir\u201d ifadelerini kulland\u0131.<\/p>\n<p><strong>P\u0130RHA<\/strong><\/p>\n","protected":false},"excerpt":{"rendered":"<p>Tahir El\u00e7i \u0130nsan Haklar\u0131 ve \u00d6zg\u00fcrl\u00fck \u00d6d\u00fcl\u00fc, Cumartesi Anneleri\u2019ne verildi.\u00a0 \u00d6d\u00fcl t\u00f6reninde konu\u015fan CHP eski lideri Kemal K\u0131l\u0131\u00e7daro\u011flu, \u201cBir devlet i\u00e7in faili me\u00e7hul olay, o devletin en b\u00fcy\u00fck ay\u0131b\u0131d\u0131r. Bu ay\u0131ptan bir devletin kesinlikle kurtulmas\u0131 laz\u0131m\u201d dedi. Tahir El\u00e7i \u0130nsan Haklar\u0131 Vakf\u0131\u2019n\u0131n 2\u2019nci \u0130nsan Haklar\u0131 ve \u00d6zg\u00fcrl\u00fck \u00d6d\u00fcl\u00fc, d\u00fcn Ankara\u2019da d\u00fczenlenen t\u00f6renle Cumartesi Anneleri\u2019ne verildi. Ta\u015fdelen \u00c7a\u011fda\u015f Sanatlar Merkezi\u2019nde yap\u0131lan \u00f6d\u00fcl t\u00f6renine \u00e7ok say\u0131da ki\u015fi kat\u0131ld\u0131. \u00d6d\u00fcl t\u00f6reninin a\u00e7\u0131l\u0131\u015f\u0131nda konu\u015fan Tahir El\u00e7i\u2019nin e\u015fi\u00a0CHP \u0130stanbul Milletvekili T\u00fcrkan El\u00e7i, \u201cMesleki hayat\u0131n\u0131n neredeyse tamam\u0131n\u0131 insan haklar\u0131na ve cezas\u0131zl\u0131kla m\u00fccadeleye vakfetmi\u015f, sava\u015f kar\u015f\u0131t\u0131 ve \u015fiddetsiz toplum tahayy\u00fcl\u00fc olan hukukun ve adaletin hakim oldu\u011fu bir d\u00fczenin in\u015fas\u0131 i\u00e7in m\u00fccadele veren bir hukuk\u00e7unun miras\u0131n\u0131 devralan Tahir El\u00e7i Vakf\u0131, bu y\u0131lki \u00f6d\u00fcl\u00fc Cumartesi Anneleri\u2019ne vermeye de\u011fer g\u00f6rm\u00fc\u015ft\u00fcr\u201d dedi. \u201cM\u00dcCADELELER\u0130 OLDUK\u00c7A \u00d6NEML\u0130 B\u0130R YERDE\u201d El\u00e7i, Cumartesi Anneleri\u2019nin m\u00fccadelesine i\u015faret ederek, \u201cBir hukuk d\u00fczeninden kara bir leke olan cezas\u0131zl\u0131\u011f\u0131n kar\u015f\u0131s\u0131nda g\u00f6\u011f\u00fcslerinde mezar ta\u015f\u0131na d\u00f6nm\u00fc\u015f foto\u011fraflarla adaleti talep ettikleri i\u00e7in, sivil itaatsiz, \u015fiddete ba\u015fvurmadan, incitmeden bir hak m\u00fccadelesi verdikleri i\u00e7in, t\u00fcm engelleme ve hukuksuzluklara ra\u011fmen adaleti bekledikleri, vazge\u00e7medikleri, bu inanc\u0131 g\u00f6\u011fs\u00fcnde bir foto\u011fraf gibi ta\u015f\u0131y\u0131p hep s\u00fcrd\u00fcrd\u00fckleri i\u00e7in, toplumun kendini ifade edemeyen kesimlerine, bir dil, bir a\u011f\u0131z olduklar\u0131 i\u00e7in, haklar\u0131n\u0131 gasp edenlere, ya\u015famlar\u0131n\u0131 \u00e7alanlara kar\u015f\u0131, y\u0131lmadan ya\u015fam hakk\u0131 unutma y\u00fczle\u015fme hakk\u0131 talep ettikleri, cezas\u0131zl\u0131k gelene\u011fini hukuktan kesip atmak istedikleri i\u00e7in \u2018Silah, \u00e7at\u0131\u015fma, operasyon istemiyoruz\u2019 diyenlerle ayn\u0131 sese sahip olan, en do\u011fal haklar\u0131 olarak adaleti talep eden, faili me\u00e7hul yak\u0131nlar\u0131na m\u00fcte\u015fekkil Cumartesi Anneleri\u2019nin m\u00fccadelesi bizim nazar\u0131m\u0131zda, olduk\u00e7a \u00f6nemli bir yere sahiptir\u201d diye konu\u015ftu. \u201cFA\u0130L\u0130 ME\u00c7HULLER DEVLET\u0130N EN B\u00dcY\u00dcK AYIBIDIR\u201d Cumartesi Anneleri\u2019ne \u0130nsan Haklar\u0131 ve \u00d6zg\u00fcrl\u00fck \u00d6d\u00fcl\u00fc\u2019n\u00fc\u00a0CHP eski Genel Ba\u015fkan\u0131 Kemal K\u0131l\u0131\u00e7daro\u011flu\u00a0verdi.\u00a0K\u0131l\u0131\u00e7daro\u011flu, \u201c\u0130nsanl\u0131k tarihi ac\u0131larla doludur ama bir insan\u0131n haks\u0131zl\u0131kla kar\u015f\u0131 kar\u015f\u0131ya kalmas\u0131 ve hayat\u0131n\u0131 vermesi insanlar\u0131n belle\u011finde unutmamalar\u0131 gereken bir olayd\u0131r. Tahir El\u00e7i\u2019yi b\u00f6yle kaybettik. Faili hala bulunamad\u0131. Cumartesi Anneleri, her birimizin insan olarak tek tek d\u00fc\u015f\u00fcn\u00fcp ac\u0131lar\u0131n\u0131 payla\u015fmam\u0131z gereken bir olayd\u0131r. Bir anne i\u00e7in evlad\u0131n ne kadar de\u011ferli oldu\u011fun en iyi anneler bilir. Onlar \u00e7ok \u015fey istemiyorlar asl\u0131nda, evlatlar\u0131n\u0131n nerede oldu\u011funu \u00f6\u011frenmek istiyorlar. Mezarlar\u0131n\u0131n ba\u015f\u0131na gidip bir dua etmek istiyorlar\u201d diye kaydetti. K\u0131l\u0131\u00e7daro\u011flu, \u201cBir devlet i\u00e7in faili me\u00e7hul olay, o devletin en b\u00fcy\u00fck ay\u0131b\u0131d\u0131r. Bu ay\u0131ptan bir devletin kesinlikle kurtulmas\u0131 laz\u0131m. E\u011fer demokrasiyi ve insan haklar\u0131n\u0131 savunuyorsak, insana de\u011fer veriyorsak bu ay\u0131ptan devleti mutlaka kurtarmam\u0131z gerekiyor. Bunun yolu da m\u00fccadeledir. Cumartesi Anneleri\u2019nin m\u00fccadelesi bu a\u00e7\u0131dan bir hak m\u00fccadelesidir\u201d ifadelerini kulland\u0131. P\u0130RHA<\/p>\n","protected":false},"author":2,"featured_media":1816,"comment_status":"open","ping_status":"open","sticky":false,"template":"","format":"standard","meta":{"_joinchat":[],"footnotes":""},"categories":[1],"tags":[],"class_list":["post-1817","post","type-post","status-publish","format-standard","has-post-thumbnail","hentry","category-gundem"],"acf":[],"_links":{"self":[{"href":"https:\/\/radyomunzur.com\/index.php?rest_route=\/wp\/v2\/posts\/1817","targetHints":{"allow":["GET"]}}],"collection":[{"href":"https:\/\/radyomunzur.com\/index.php?rest_route=\/wp\/v2\/posts"}],"about":[{"href":"https:\/\/radyomunzur.com\/index.php?rest_route=\/wp\/v2\/types\/post"}],"author":[{"embeddable":true,"href":"https:\/\/radyomunzur.com\/index.php?rest_route=\/wp\/v2\/users\/2"}],"replies":[{"embeddable":true,"href":"https:\/\/radyomunzur.com\/index.php?rest_route=%2Fwp%2Fv2%2Fcomments&post=1817"}],"version-history":[{"count":1,"href":"https:\/\/radyomunzur.com\/index.php?rest_route=\/wp\/v2\/posts\/1817\/revisions"}],"predecessor-version":[{"id":1818,"href":"https:\/\/radyomunzur.com\/index.php?rest_route=\/wp\/v2\/posts\/1817\/revisions\/1818"}],"wp:featuredmedia":[{"embeddable":true,"href":"https:\/\/radyomunzur.com\/index.php?rest_route=\/wp\/v2\/media\/1816"}],"wp:attachment":[{"href":"https:\/\/radyomunzur.com\/index.php?rest_route=%2Fwp%2Fv2%2Fmedia&parent=1817"}],"wp:term":[{"taxonomy":"category","embeddable":true,"href":"https:\/\/radyomunzur.com\/index.php?rest_route=%2Fwp%2Fv2%2Fcategories&post=1817"},{"taxonomy":"post_tag","embeddable":true,"href":"https:\/\/radyomunzur.com\/index.php?rest_route=%2Fwp%2Fv2%2Ftags&post=1817"}],"curies":[{"name":"wp","href":"https:\/\/api.w.org\/{rel}","templated":true}]}}