{"id":1262,"date":"2023-05-26T05:00:37","date_gmt":"2023-05-26T09:00:37","guid":{"rendered":"https:\/\/radyomunzur.com\/?p=1262"},"modified":"2023-05-26T05:00:46","modified_gmt":"2023-05-26T09:00:46","slug":"yesil-sol-ve-hdpden-ikinci-tur-tutumu-sandiga-gidecegiz-mutlaka-kazanacagiz","status":"publish","type":"post","link":"https:\/\/radyomunzur.com\/?p=1262","title":{"rendered":"Ye\u015fil Sol ve HDP\u2019den ikinci tur tutumu: Sand\u0131\u011fa gidece\u011fiz, mutlaka kazanaca\u011f\u0131z!"},"content":{"rendered":"<p><strong>Halklar\u0131n Demokratik Partisi, 2. Tur se\u00e7imlerine d\u00f6n\u00fck tutumunu a\u00e7\u0131klad\u0131. HDP E\u015f Genel Ba\u015fkan\u0131 Pervin Buldan, \u201cSand\u0131\u011fa eksiksiz gidece\u011fiz ve hep birlikte tek adam rejimini devirece\u011fiz\u201d dedi.\u00a0<\/strong><\/p>\n<div class=\"epyt-video-wrapper fluid-width-video-wrapper\"><iframe id=\"_ytid_27345\" class=\"__youtube_prefs__ epyt-is-override no-lazyload\" title=\"Ye\u015fil Sol ve HDP'den ikinci tur tutumu: Sand\u0131\u011fa gidece\u011fiz, mutlaka kazanaca\u011f\u0131z!-\" src=\"https:\/\/www.youtube.com\/embed\/R0jJ7GXK8AY?enablejsapi=1&amp;autoplay=0&amp;cc_load_policy=0&amp;cc_lang_pref=tr&amp;iv_load_policy=3&amp;loop=0&amp;modestbranding=1&amp;rel=0&amp;fs=1&amp;playsinline=0&amp;autohide=2&amp;hl=tr_TR&amp;theme=dark&amp;color=red&amp;controls=1&amp;\" allowfullscreen=\"allowfullscreen\" data-origwidth=\"1170\" data-origheight=\"658\" data-no-lazy=\"1\" data-skipgform_ajax_framebjll=\"\" data-mce-fragment=\"1\"><\/iframe><\/div>\n<p>HDP E\u015f Genel Ba\u015fkanlar\u0131 Pervin Buldan ve Mithat Sancar ile Ye\u015fil Sol Parti E\u015f S\u00f6zc\u00fcleri \u00c7i\u011fdem K\u0131l\u0131\u00e7g\u00fcn ve \u0130brahim Ak\u0131n, ortak bas\u0131n a\u00e7\u0131klamas\u0131 yapt\u0131.<br \/>\nCumhurba\u015fkan\u0131 Aday\u0131 ve CHP Genel Ba\u015fkan\u0131 Kemal K\u0131l\u0131\u00e7daro\u011flu ve Zafer Partisi Genel Ba\u015fkan\u0131 \u00dcmit \u00d6zda\u011f\u2019\u0131n kamuoyuna a\u00e7\u0131klad\u0131\u011f\u0131 7 maddelik protokol\u00fcn ard\u0131ndan HDP kanad\u0131ndan gelecek cevap merakla bekleniyordu.<\/p>\n<p>HDP Genel Merkezinde yap\u0131lan bas\u0131n toplant\u0131s\u0131nda 2\u2019inci tur se\u00e7imlerine ili\u015fkin tutum da netle\u015fmi\u015f oldu.<\/p>\n<p><strong>\u201cSANDI\u011eA G\u0130DECE\u011e\u0130Z\u201d<\/strong><\/p>\n<p>Bas\u0131n toplant\u0131s\u0131nda ilk konu\u015fan isim Pervin Buldan oldu.<\/p>\n<p>HDP E\u015f Genel Ba\u015fkan\u0131 Pervin Buldan, \u201cSand\u0131\u011fa eksiksiz gidece\u011fiz ve hep birlikte tek adam rejimini devirece\u011fiz\u201d diyen Buldan, \u201c28 May\u0131s se\u00e7imi demokratik rejimden yana olanlar ile bu tek\u00e7i rejim aras\u0131nda bir referandum niteli\u011findedir. D\u00fcn Zafer Partisi ile K\u0131l\u0131\u00e7daro\u011flu aras\u0131nda ge\u00e7en g\u00f6r\u00fc\u015fmeyi de bu minvalde de\u011ferlendirdik. K\u00fcrt sorununun \u00e7\u00f6z\u00fcms\u00fczl\u00fc\u011f\u00fc toplumun \u00e7\u0131kar\u0131na de\u011fildir. G\u00f6\u00e7men ve m\u00fcltecileri siyasi \u00e7\u0131kar haline getirmek do\u011fru de\u011fildir. M\u00fclteci ve g\u00f6\u00e7men sorunu g\u00fc\u00e7l\u00fc bir bar\u0131\u015f m\u00fccadelesi verilerek \u00e7\u00f6z\u00fcl\u00fcr\u201d \u015feklinde konu\u015ftu.<\/p>\n<p>Buldan \u015f\u00f6yle devam etti:<\/p>\n<p>\u201cBizler HDP ve Ye\u015fil Sol Parti olarak halk\u0131n hak, hukuk talebine kefiliz. 28 May\u0131s\u2019ta oylanacak olan bu ucube sistemin devam edip etmeyece\u011fidir. Birle\u015fen milyonlarca oy, daha \u00e7ok refah talebi i\u00e7indir. Erdo\u011fan, bizler a\u00e7\u0131s\u0131ndan asla bir se\u00e7enek de\u011fildir.<br \/>\nK\u00fcrt halk\u0131n\u0131n ve t\u00fcm toplumlar\u0131n hukuk, adalet \u00f6zlemini tan\u0131mak bizler i\u00e7in \u00f6nceliktir. Umudu b\u00fcy\u00fct\u00fcyoruz. Bizler inan\u0131yoruz sizler de inan\u0131n. Sand\u0131\u011fa gidece\u011fiz. Israrla ve inatla m\u00fccadelemizi s\u00fcrd\u00fcrece\u011fiz. Mutlaka bizler kazanaca\u011f\u0131z.\u201d<\/p>\n<p><strong>\u201cKADIN VE K\u00dcRT D\u00dc\u015eMANI REJ\u0130M\u0130 DE\u011e\u0130\u015eT\u0130RMEK \u0130ST\u0130YORUZ\u201d<\/strong><\/p>\n<p>Bas\u0131n toplant\u0131s\u0131nda konu\u015fan Ye\u015fil Sol Parti E\u015f S\u00f6zc\u00fcs\u00fc \u0130brahim Ak\u0131n ise \u015fu konu\u015fmay\u0131 yapt\u0131:<\/p>\n<p>\u201cT\u00fcrkiye son zamanlarda se\u00e7im sath\u0131 mahallinde toplumu birbirine k\u0131rd\u0131rmaya ve sava\u015f politikalar\u0131 nezdinde gelecek ve de\u011fi\u015fim iste\u011fini k\u00f6reltmeye \u00e7al\u0131\u015fan bir zihniyet ile kar\u015f\u0131 kar\u015f\u0131yay\u0131z. Ancak bu de\u011fi\u015fim talebini asla engelleyemeyecekler. 14 May\u0131s\u2019ta yar\u0131m b\u0131rakt\u0131\u011f\u0131m\u0131z i\u015fi 28 May\u0131s\u2019ta tamamlayaca\u011f\u0131z. 14 May\u0131s\u2019ta durdurduk, 28 May\u0131s\u2019ta de\u011fi\u015ftirece\u011fiz. 28 May\u0131s\u2019taki sonu\u00e7 bizler ve T\u00fcrkiye halklar\u0131 i\u00e7in \u00f6nemli olacakt\u0131r. Bu de\u011fi\u015fim iradesini her t\u00fcrl\u00fc oyunla engellemeye \u00e7al\u0131\u015fanlar kar\u015f\u0131s\u0131nda, insanlar\u0131m\u0131z\u0131n sand\u0131\u011fa gitme isteklerinin k\u00f6reltilmesi kar\u015f\u0131s\u0131nda, \u0131srar ve inatla mutlaka sand\u0131\u011fa gidip oylar\u0131m\u0131z\u0131 kullanarak 28 May\u0131s\u2019ta Saray rejimini, bu kad\u0131n ve K\u00fcrt d\u00fc\u015fman\u0131 rejimi de\u011fi\u015ftirmek istiyoruz. B\u00fct\u00fcn halklar\u0131m\u0131za bir kez daha sesleniyoruz. Biz buraday\u0131z ve de\u011fi\u015ftirme konusunda kararl\u0131y\u0131z.<\/p>\n<p><strong>\u201cOYUMUZ Y\u0130NE DEMOKRAS\u0130DEN YANADIR\u201d<\/strong><\/p>\n<p>Ye\u015fil Sol Parti E\u015f S\u00f6zc\u00fcs\u00fc \u00c7i\u011fdem K\u0131l\u0131\u00e7g\u00fcn U\u00e7ar ise \u201c14 May\u0131s\u2019tan beri Saray oyunlar\u0131n\u0131 hep birlikte izliyor ve g\u00f6r\u00fcyoruz\u201d diyerek \u015funlar\u0131 s\u00f6yledi:<\/p>\n<p>\u201cPartimiz birinci ve ikinci tur se\u00e7imlerinde ald\u0131\u011f\u0131 kararla de\u011fi\u015fimi, d\u00f6n\u00fc\u015f\u00fcm\u00fc ve demokrasiyi esas ald\u0131\u011f\u0131n\u0131 ifade etmi\u015fti. Bunu yaparken protokollere ve pazarl\u0131klara ihtiya\u00e7 duymayan, ilkeli tutumu en ba\u015f\u0131ndan beri koruyan ve bunu savunan tavr\u0131nda \u0131srar etti. T\u00fcrkiye\u2019de sand\u0131\u011fa giden se\u00e7menlerin yar\u0131s\u0131ndan fazlas\u0131 de\u011fi\u015fimi, d\u00f6n\u00fc\u015f\u00fcm\u00fc ve demokrasiyi savunmu\u015ftur, arkas\u0131nda durmu\u015ftur. HDP ve Ye\u015fil Sol Parti bu talebin can suyudur. Bunun \u00fczerine verilecek hi\u00e7bir su can suyu kadar etkili olmayacakt\u0131r. Halklar\u0131m\u0131zdan ald\u0131\u011f\u0131m\u0131z g\u00fc\u00e7le y\u00fcksek bir m\u00fccadele y\u00fcr\u00fctt\u00fck, y\u00fcr\u00fctmeye devam edece\u011fiz. Yeni kayy\u0131m tart\u0131\u015fmalar\u0131na ve kayy\u0131m \u00fczerinden siyaset y\u00fcr\u00fctenlere d\u00fcn de cevap olduk, bug\u00fcn de cevap olaca\u011f\u0131z. T\u00fcrkiye siyasetini \u015foven ve milliyet\u00e7i dilden ar\u0131nd\u0131raca\u011f\u0131z. \u00c7\u00fcnk\u00fc toplumun ve halklar\u0131n ger\u00e7ekli\u011fi bu de\u011fil. Halklar\u0131m\u0131za \u00e7a\u011fr\u0131m\u0131zd\u0131r. Bizim \u00f6nceliklerimiz vard\u0131 se\u00e7ime giderken. Bu firavun sistemini, tek adam rejimini, kad\u0131n d\u00fc\u015fman\u0131 rejimi g\u00f6nderece\u011fiz. Hukuku bir sava\u015f arac\u0131 haline getirenleri ve rakiplerini bununla engellemeye \u00e7al\u0131\u015fanlar\u0131 g\u00f6nderece\u011fiz. Ekonomiyi rant ve ihale olarak g\u00f6ren, do\u011fam\u0131z\u0131 kupon ve arsa gibi pazarlayan g\u00f6z\u00fc doymayan bu iktidar\u0131 g\u00f6nderece\u011fiz. Halklar\u0131m\u0131z\u0131n y\u00fcr\u00fctt\u00fc\u011f\u00fc m\u00fccadelenin elde etti\u011fi b\u00fct\u00fcn kazan\u0131mlar\u0131 da kad\u0131nlar, gen\u00e7ler, K\u00fcrtler ve Aleviler ad\u0131na korumaya ve b\u00fcy\u00fctmeye devam edece\u011fiz. Bizi bekleyen se\u00e7im bir Erdo\u011fan ve K\u0131l\u0131\u00e7daro\u011flu se\u00e7imi de\u011fildir. Bu se\u00e7im bizim se\u00e7imimiz. Oyumuz yine demokrasiden, de\u011fi\u015fimden ve d\u00f6n\u00fc\u015f\u00fcmden yanad\u0131r.<\/p>\n<p><strong>\u201cAYNI KARARLILIKLA BU TERC\u0130H VE POL\u0130T\u0130KAMIZI S\u00dcRD\u00dcR\u00dcYORUZ\u201d<\/strong><\/p>\n<p>HDP E\u015f Genel Ba\u015fkan\u0131 Mithat Sancar da sand\u0131\u011fa gidilmesi gerekti\u011fi vurgusunu yaparak \u015funlar\u0131 s\u00f6yledi:<\/p>\n<p>\u201cBizler tercihimizi T\u00fcrkiye toplumunun demokratik d\u00f6n\u00fc\u015f\u00fcm, bar\u0131\u015f ve refah umudu ve iradesi y\u00f6n\u00fcnde kullan\u0131yoruz. Esasen se\u00e7im politikam\u0131z\u0131 da di\u011fer politikalar\u0131m\u0131z gibi \u015feffaf ve ilkesel bir bi\u00e7imde y\u00fcr\u00fct\u00fcyoruz. \u015eimdi de ortaya \u00e7\u0131kan baz\u0131 geli\u015fmeler kar\u015f\u0131s\u0131nda tutumumuzu bir kez daha sizlerle payla\u015fma ihtiyac\u0131 do\u011fdu. Bu geli\u015fmelerin bir k\u0131sm\u0131n\u0131n ortam\u0131 buland\u0131rmak ve halklar\u0131n sand\u0131\u011fa gitme iste\u011fini k\u00f6steklemek amac\u0131na d\u00f6n\u00fck oldu\u011funun fark\u0131nday\u0131z. Tuzaklar kuruluyor, bunlar\u0131 da g\u00f6r\u00fcyoruz. Ama bizler demokratik d\u00f6n\u00fc\u015f\u00fcm, adalet, refah ve \u00f6zg\u00fcrl\u00fck hedefimizden vazge\u00e7miyoruz. Bizler tercihimizi Saray rejimini de\u011fi\u015ftirme y\u00f6n\u00fcnde ortaya koymu\u015ftuk, ayn\u0131 kararl\u0131l\u0131kla bu tercih ve politikam\u0131z\u0131 s\u00fcrd\u00fcr\u00fcyoruz. Halklar\u0131m\u0131za, \u00f6zellikle birinci turda sand\u0131\u011fa gitmeyen yurtta\u015flar\u0131m\u0131za da a\u00e7\u0131k \u00e7a\u011fr\u0131m\u0131zd\u0131r; sand\u0131\u011fa gidelim, sand\u0131klar\u0131 koruyal\u0131m, irademizle Saray rejimi de\u011fi\u015ftirelim, irademize de sand\u0131klar\u0131m\u0131za da sahip \u00e7\u0131kal\u0131m. Buna inanal\u0131m ve hep birlikte de\u011fi\u015ftirelim.<\/p>\n<p><strong>P\u0130RHA\/ANKARA<\/strong><\/p>\n","protected":false},"excerpt":{"rendered":"<p>Halklar\u0131n Demokratik Partisi, 2. Tur se\u00e7imlerine d\u00f6n\u00fck tutumunu a\u00e7\u0131klad\u0131. HDP E\u015f Genel Ba\u015fkan\u0131 Pervin Buldan, \u201cSand\u0131\u011fa eksiksiz gidece\u011fiz ve hep birlikte tek adam rejimini devirece\u011fiz\u201d dedi.\u00a0 HDP E\u015f Genel Ba\u015fkanlar\u0131 Pervin Buldan ve Mithat Sancar ile Ye\u015fil Sol Parti E\u015f S\u00f6zc\u00fcleri \u00c7i\u011fdem K\u0131l\u0131\u00e7g\u00fcn ve \u0130brahim Ak\u0131n, ortak bas\u0131n a\u00e7\u0131klamas\u0131 yapt\u0131. Cumhurba\u015fkan\u0131 Aday\u0131 ve CHP Genel Ba\u015fkan\u0131 Kemal K\u0131l\u0131\u00e7daro\u011flu ve Zafer Partisi Genel Ba\u015fkan\u0131 \u00dcmit \u00d6zda\u011f\u2019\u0131n kamuoyuna a\u00e7\u0131klad\u0131\u011f\u0131 7 maddelik protokol\u00fcn ard\u0131ndan HDP kanad\u0131ndan gelecek cevap merakla bekleniyordu. HDP Genel Merkezinde yap\u0131lan bas\u0131n toplant\u0131s\u0131nda 2\u2019inci tur se\u00e7imlerine ili\u015fkin tutum da netle\u015fmi\u015f oldu. \u201cSANDI\u011eA G\u0130DECE\u011e\u0130Z\u201d Bas\u0131n toplant\u0131s\u0131nda ilk konu\u015fan isim Pervin Buldan oldu. HDP E\u015f Genel Ba\u015fkan\u0131 Pervin Buldan, \u201cSand\u0131\u011fa eksiksiz gidece\u011fiz ve hep birlikte tek adam rejimini devirece\u011fiz\u201d diyen Buldan, \u201c28 May\u0131s se\u00e7imi demokratik rejimden yana olanlar ile bu tek\u00e7i rejim aras\u0131nda bir referandum niteli\u011findedir. D\u00fcn Zafer Partisi ile K\u0131l\u0131\u00e7daro\u011flu aras\u0131nda ge\u00e7en g\u00f6r\u00fc\u015fmeyi de bu minvalde de\u011ferlendirdik. K\u00fcrt sorununun \u00e7\u00f6z\u00fcms\u00fczl\u00fc\u011f\u00fc toplumun \u00e7\u0131kar\u0131na de\u011fildir. G\u00f6\u00e7men ve m\u00fcltecileri siyasi \u00e7\u0131kar haline getirmek do\u011fru de\u011fildir. M\u00fclteci ve g\u00f6\u00e7men sorunu g\u00fc\u00e7l\u00fc bir bar\u0131\u015f m\u00fccadelesi verilerek \u00e7\u00f6z\u00fcl\u00fcr\u201d \u015feklinde konu\u015ftu. Buldan \u015f\u00f6yle devam etti: \u201cBizler HDP ve Ye\u015fil Sol Parti olarak halk\u0131n hak, hukuk talebine kefiliz. 28 May\u0131s\u2019ta oylanacak olan bu ucube sistemin devam edip etmeyece\u011fidir. Birle\u015fen milyonlarca oy, daha \u00e7ok refah talebi i\u00e7indir. Erdo\u011fan, bizler a\u00e7\u0131s\u0131ndan asla bir se\u00e7enek de\u011fildir. K\u00fcrt halk\u0131n\u0131n ve t\u00fcm toplumlar\u0131n hukuk, adalet \u00f6zlemini tan\u0131mak bizler i\u00e7in \u00f6nceliktir. Umudu b\u00fcy\u00fct\u00fcyoruz. Bizler inan\u0131yoruz sizler de inan\u0131n. Sand\u0131\u011fa gidece\u011fiz. Israrla ve inatla m\u00fccadelemizi s\u00fcrd\u00fcrece\u011fiz. Mutlaka bizler kazanaca\u011f\u0131z.\u201d \u201cKADIN VE K\u00dcRT D\u00dc\u015eMANI REJ\u0130M\u0130 DE\u011e\u0130\u015eT\u0130RMEK \u0130ST\u0130YORUZ\u201d Bas\u0131n toplant\u0131s\u0131nda konu\u015fan Ye\u015fil Sol Parti E\u015f S\u00f6zc\u00fcs\u00fc \u0130brahim Ak\u0131n ise \u015fu konu\u015fmay\u0131 yapt\u0131: \u201cT\u00fcrkiye son zamanlarda se\u00e7im sath\u0131 mahallinde toplumu birbirine k\u0131rd\u0131rmaya ve sava\u015f politikalar\u0131 nezdinde gelecek ve de\u011fi\u015fim iste\u011fini k\u00f6reltmeye \u00e7al\u0131\u015fan bir zihniyet ile kar\u015f\u0131 kar\u015f\u0131yay\u0131z. Ancak bu de\u011fi\u015fim talebini asla engelleyemeyecekler. 14 May\u0131s\u2019ta yar\u0131m b\u0131rakt\u0131\u011f\u0131m\u0131z i\u015fi 28 May\u0131s\u2019ta tamamlayaca\u011f\u0131z. 14 May\u0131s\u2019ta durdurduk, 28 May\u0131s\u2019ta de\u011fi\u015ftirece\u011fiz. 28 May\u0131s\u2019taki sonu\u00e7 bizler ve T\u00fcrkiye halklar\u0131 i\u00e7in \u00f6nemli olacakt\u0131r. Bu de\u011fi\u015fim iradesini her t\u00fcrl\u00fc oyunla engellemeye \u00e7al\u0131\u015fanlar kar\u015f\u0131s\u0131nda, insanlar\u0131m\u0131z\u0131n sand\u0131\u011fa gitme isteklerinin k\u00f6reltilmesi kar\u015f\u0131s\u0131nda, \u0131srar ve inatla mutlaka sand\u0131\u011fa gidip oylar\u0131m\u0131z\u0131 kullanarak 28 May\u0131s\u2019ta Saray rejimini, bu kad\u0131n ve K\u00fcrt d\u00fc\u015fman\u0131 rejimi de\u011fi\u015ftirmek istiyoruz. B\u00fct\u00fcn halklar\u0131m\u0131za bir kez daha sesleniyoruz. Biz buraday\u0131z ve de\u011fi\u015ftirme konusunda kararl\u0131y\u0131z. \u201cOYUMUZ Y\u0130NE DEMOKRAS\u0130DEN YANADIR\u201d Ye\u015fil Sol Parti E\u015f S\u00f6zc\u00fcs\u00fc \u00c7i\u011fdem K\u0131l\u0131\u00e7g\u00fcn U\u00e7ar ise \u201c14 May\u0131s\u2019tan beri Saray oyunlar\u0131n\u0131 hep birlikte izliyor ve g\u00f6r\u00fcyoruz\u201d diyerek \u015funlar\u0131 s\u00f6yledi: \u201cPartimiz birinci ve ikinci tur se\u00e7imlerinde ald\u0131\u011f\u0131 kararla de\u011fi\u015fimi, d\u00f6n\u00fc\u015f\u00fcm\u00fc ve demokrasiyi esas ald\u0131\u011f\u0131n\u0131 ifade etmi\u015fti. Bunu yaparken protokollere ve pazarl\u0131klara ihtiya\u00e7 duymayan, ilkeli tutumu en ba\u015f\u0131ndan beri koruyan ve bunu savunan tavr\u0131nda \u0131srar etti. T\u00fcrkiye\u2019de sand\u0131\u011fa giden se\u00e7menlerin yar\u0131s\u0131ndan fazlas\u0131 de\u011fi\u015fimi, d\u00f6n\u00fc\u015f\u00fcm\u00fc ve demokrasiyi savunmu\u015ftur, arkas\u0131nda durmu\u015ftur. HDP ve Ye\u015fil Sol Parti bu talebin can suyudur. Bunun \u00fczerine verilecek hi\u00e7bir su can suyu kadar etkili olmayacakt\u0131r. Halklar\u0131m\u0131zdan ald\u0131\u011f\u0131m\u0131z g\u00fc\u00e7le y\u00fcksek bir m\u00fccadele y\u00fcr\u00fctt\u00fck, y\u00fcr\u00fctmeye devam edece\u011fiz. Yeni kayy\u0131m tart\u0131\u015fmalar\u0131na ve kayy\u0131m \u00fczerinden siyaset y\u00fcr\u00fctenlere d\u00fcn de cevap olduk, bug\u00fcn de cevap olaca\u011f\u0131z. T\u00fcrkiye siyasetini \u015foven ve milliyet\u00e7i dilden ar\u0131nd\u0131raca\u011f\u0131z. \u00c7\u00fcnk\u00fc toplumun ve halklar\u0131n ger\u00e7ekli\u011fi bu de\u011fil. Halklar\u0131m\u0131za \u00e7a\u011fr\u0131m\u0131zd\u0131r. Bizim \u00f6nceliklerimiz vard\u0131 se\u00e7ime giderken. Bu firavun sistemini, tek adam rejimini, kad\u0131n d\u00fc\u015fman\u0131 rejimi g\u00f6nderece\u011fiz. Hukuku bir sava\u015f arac\u0131 haline getirenleri ve rakiplerini bununla engellemeye \u00e7al\u0131\u015fanlar\u0131 g\u00f6nderece\u011fiz. Ekonomiyi rant ve ihale olarak g\u00f6ren, do\u011fam\u0131z\u0131 kupon ve arsa gibi pazarlayan g\u00f6z\u00fc doymayan bu iktidar\u0131 g\u00f6nderece\u011fiz. Halklar\u0131m\u0131z\u0131n y\u00fcr\u00fctt\u00fc\u011f\u00fc m\u00fccadelenin elde etti\u011fi b\u00fct\u00fcn kazan\u0131mlar\u0131 da kad\u0131nlar, gen\u00e7ler, K\u00fcrtler ve Aleviler ad\u0131na korumaya ve b\u00fcy\u00fctmeye devam edece\u011fiz. Bizi bekleyen se\u00e7im bir Erdo\u011fan ve K\u0131l\u0131\u00e7daro\u011flu se\u00e7imi de\u011fildir. Bu se\u00e7im bizim se\u00e7imimiz. Oyumuz yine demokrasiden, de\u011fi\u015fimden ve d\u00f6n\u00fc\u015f\u00fcmden yanad\u0131r. \u201cAYNI KARARLILIKLA BU TERC\u0130H VE POL\u0130T\u0130KAMIZI S\u00dcRD\u00dcR\u00dcYORUZ\u201d HDP E\u015f Genel Ba\u015fkan\u0131 Mithat Sancar da sand\u0131\u011fa gidilmesi gerekti\u011fi vurgusunu yaparak \u015funlar\u0131 s\u00f6yledi: \u201cBizler tercihimizi T\u00fcrkiye toplumunun demokratik d\u00f6n\u00fc\u015f\u00fcm, bar\u0131\u015f ve refah umudu ve iradesi y\u00f6n\u00fcnde kullan\u0131yoruz. Esasen se\u00e7im politikam\u0131z\u0131 da di\u011fer politikalar\u0131m\u0131z gibi \u015feffaf ve ilkesel bir bi\u00e7imde y\u00fcr\u00fct\u00fcyoruz. \u015eimdi de ortaya \u00e7\u0131kan baz\u0131 geli\u015fmeler kar\u015f\u0131s\u0131nda tutumumuzu bir kez daha sizlerle payla\u015fma ihtiyac\u0131 do\u011fdu. Bu geli\u015fmelerin bir k\u0131sm\u0131n\u0131n ortam\u0131 buland\u0131rmak ve halklar\u0131n sand\u0131\u011fa gitme iste\u011fini k\u00f6steklemek amac\u0131na d\u00f6n\u00fck oldu\u011funun fark\u0131nday\u0131z. Tuzaklar kuruluyor, bunlar\u0131 da g\u00f6r\u00fcyoruz. Ama bizler demokratik d\u00f6n\u00fc\u015f\u00fcm, adalet, refah ve \u00f6zg\u00fcrl\u00fck hedefimizden vazge\u00e7miyoruz. Bizler tercihimizi Saray rejimini de\u011fi\u015ftirme y\u00f6n\u00fcnde ortaya koymu\u015ftuk, ayn\u0131 kararl\u0131l\u0131kla bu tercih ve politikam\u0131z\u0131 s\u00fcrd\u00fcr\u00fcyoruz. Halklar\u0131m\u0131za, \u00f6zellikle birinci turda sand\u0131\u011fa gitmeyen yurtta\u015flar\u0131m\u0131za da a\u00e7\u0131k \u00e7a\u011fr\u0131m\u0131zd\u0131r; sand\u0131\u011fa gidelim, sand\u0131klar\u0131 koruyal\u0131m, irademizle Saray rejimi de\u011fi\u015ftirelim, irademize de sand\u0131klar\u0131m\u0131za da sahip \u00e7\u0131kal\u0131m. Buna inanal\u0131m ve hep birlikte de\u011fi\u015ftirelim. P\u0130RHA\/ANKARA<\/p>\n","protected":false},"author":2,"featured_media":1263,"comment_status":"open","ping_status":"open","sticky":false,"template":"","format":"standard","meta":{"_joinchat":[],"footnotes":""},"categories":[23],"tags":[],"class_list":["post-1262","post","type-post","status-publish","format-standard","has-post-thumbnail","hentry","category-politika-siyaset"],"acf":[],"_links":{"self":[{"href":"https:\/\/radyomunzur.com\/index.php?rest_route=\/wp\/v2\/posts\/1262","targetHints":{"allow":["GET"]}}],"collection":[{"href":"https:\/\/radyomunzur.com\/index.php?rest_route=\/wp\/v2\/posts"}],"about":[{"href":"https:\/\/radyomunzur.com\/index.php?rest_route=\/wp\/v2\/types\/post"}],"author":[{"embeddable":true,"href":"https:\/\/radyomunzur.com\/index.php?rest_route=\/wp\/v2\/users\/2"}],"replies":[{"embeddable":true,"href":"https:\/\/radyomunzur.com\/index.php?rest_route=%2Fwp%2Fv2%2Fcomments&post=1262"}],"version-history":[{"count":1,"href":"https:\/\/radyomunzur.com\/index.php?rest_route=\/wp\/v2\/posts\/1262\/revisions"}],"predecessor-version":[{"id":1264,"href":"https:\/\/radyomunzur.com\/index.php?rest_route=\/wp\/v2\/posts\/1262\/revisions\/1264"}],"wp:featuredmedia":[{"embeddable":true,"href":"https:\/\/radyomunzur.com\/index.php?rest_route=\/wp\/v2\/media\/1263"}],"wp:attachment":[{"href":"https:\/\/radyomunzur.com\/index.php?rest_route=%2Fwp%2Fv2%2Fmedia&parent=1262"}],"wp:term":[{"taxonomy":"category","embeddable":true,"href":"https:\/\/radyomunzur.com\/index.php?rest_route=%2Fwp%2Fv2%2Fcategories&post=1262"},{"taxonomy":"post_tag","embeddable":true,"href":"https:\/\/radyomunzur.com\/index.php?rest_route=%2Fwp%2Fv2%2Ftags&post=1262"}],"curies":[{"name":"wp","href":"https:\/\/api.w.org\/{rel}","templated":true}]}}