{"id":1259,"date":"2023-05-26T04:54:09","date_gmt":"2023-05-26T08:54:09","guid":{"rendered":"https:\/\/radyomunzur.com\/?p=1259"},"modified":"2023-05-26T04:54:09","modified_gmt":"2023-05-26T08:54:09","slug":"dad-es-genel-baskani-kulu-hizbullah-zihniyetine-karsi-koymak-hayati-onemde","status":"publish","type":"post","link":"https:\/\/radyomunzur.com\/?p=1259","title":{"rendered":"DAD E\u015f Genel Ba\u015fkan\u0131 Kulu: Hizbullah zihniyetine kar\u015f\u0131 koymak hayati \u00f6nemde"},"content":{"rendered":"<p><strong>Demokratik Alevi Dernekleri (DAD) E\u015f Ba\u015fkan\u0131 Musa Kulu, Kemal K\u0131l\u0131\u00e7daro\u011flu\u2019nun Zafer Partisi ile protokol imzalamas\u0131 \u00fczerine baz\u0131 kesimlerin se\u00e7imi boykot s\u00f6ylemlerine ili\u015fkin \u201cBoykot karar\u0131 y\u00fczde 5 farkla \u00f6nde olan tek adama kazand\u0131rmak ve gelece\u011fimizin ate\u015fe at\u0131lmas\u0131 demektir\u201d dedi.<\/strong><\/p>\n<div class=\"epyt-video-wrapper fluid-width-video-wrapper\"><iframe id=\"_ytid_85813\" class=\"__youtube_prefs__  epyt-is-override  no-lazyload\" title=\"DAD E\u015f Genel Ba\u015fkan\u0131 Kulu: Hizbullah zihniyetine kar\u015f\u0131 koymak hayati \u00f6nemde\" src=\"https:\/\/www.youtube.com\/embed\/tiGeDzuJ-WE?enablejsapi=1&amp;autoplay=0&amp;cc_load_policy=0&amp;cc_lang_pref=tr&amp;iv_load_policy=3&amp;loop=0&amp;modestbranding=1&amp;rel=0&amp;fs=1&amp;playsinline=0&amp;autohide=2&amp;hl=tr_TR&amp;theme=dark&amp;color=red&amp;controls=1&amp;\" allowfullscreen=\"allowfullscreen\" data-origwidth=\"1170\" data-origheight=\"658\" data-no-lazy=\"1\" data-skipgform_ajax_framebjll=\"\" data-mce-fragment=\"1\"><\/iframe><\/div>\n<p><strong>Demokratik Alevi Dernekleri<\/strong>\u00a0E\u015f Genel Ba\u015fkan\u0131\u00a0<strong>Musa Kulu,<\/strong>\u00a0H\u00dcDA PAR\u2019\u0131n meclise girmesi, ittifaklar\u0131n se\u00e7im s\u00fcrecindeki eksiklikleri, Alevilerin talepleri, 14 May\u0131s se\u00e7im sonucu, Cumhurba\u015fkanl\u0131\u011f\u0131 se\u00e7imi konular\u0131nda\u00a0<strong>P\u0130RHA<\/strong>\u2019ya de\u011ferlendirmelerde bulundu.<\/p>\n<p><strong>\u201cBOYKOT ERDO\u011eAN\u2019A SE\u00c7\u0130M KAZANDIRIR\u201d<\/strong><\/p>\n<p>Zafer Parti\u2019sinin se\u00e7imde Kemal K\u0131l\u0131\u00e7daro\u011flu\u2019nu destekleyece\u011fini a\u00e7\u0131klamas\u0131 \u00fczerine,\u00a0<strong>CHP<\/strong>\u00a0ile\u00a0<strong>Zafer Partisi<\/strong>\u00a0yedi maddelik bir protokol imzalad\u0131. Bu durum baz\u0131 \u00e7evrelerce tepkiyle kar\u015f\u0131land\u0131 ve boykot s\u00f6ylemleri dile getirilmeye ba\u015fland\u0131.<\/p>\n<p>Boykotun Recep Tayyip Erdo\u011fan\u2019a oy vermekten farks\u0131z oldu\u011funu s\u00f6yleyen DAD E\u015f Genel Ba\u015fkan\u0131\u00a0<strong>Musa Kulu<\/strong>, \u201cBu d\u00f6nem o d\u00f6nem de\u011fildir. Boykot karar\u0131 y\u00fczde 5 farkla \u00f6nde olan tek adam\u0131 onaylamak, ona kazand\u0131rmak demektir. Umutlar\u0131m\u0131z\u0131n, gelece\u011fimizin ate\u015fe at\u0131lmas\u0131 anlam\u0131na geliyor. Herkesin bir tek oyun dahi heba olmamas\u0131 i\u00e7in ortaya gayret koymas\u0131 gerekiyor\u201d diye konu\u015ftu.<\/p>\n<p><strong>\u201cH\u0130ZBULLAH Z\u0130HN\u0130YET\u0130NE KAR\u015eI KOYMAK HAYAT\u0130\u201d<\/strong><\/p>\n<p>90\u2019l\u0131 y\u0131llarda Hizbullah\u2019\u0131n yapt\u0131\u011f\u0131 katliamlar\u0131 hat\u0131rlatan Kulu, iktidar\u0131n H\u00dcDA PAR ile ittifak yapmas\u0131 ve meclise milletvekili g\u00f6ndermesini var olan karanl\u0131\u011f\u0131n daha da b\u00fcy\u00fcmesi anlam\u0131na geldi\u011fini ifade etti:<\/p>\n<p>\u201cDevletin besledi\u011fi, b\u00fcy\u00fctt\u00fc\u011f\u00fc, palazland\u0131rd\u0131\u011f\u0131, K\u00fcrtlere ve di\u011fer halklara kar\u015f\u0131 kulland\u0131\u011f\u0131 Hizbullah art\u0131k resmi ve aleni bir \u015fekilde devletin orta\u011f\u0131 oldu. Bug\u00fcn Hizbullah\u2019\u0131 da kendisine katarak en gerici \u015fekilde tek adam rejimini s\u00fcrd\u00fcrmek bu \u00fclkenin biraz daha karanl\u0131\u011fa g\u00f6m\u00fclmesi demektir. Kad\u0131n\u0131n, Alevinin, K\u00fcrt\u2019\u00fcn, demokrat\u0131n ya\u015fam hakk\u0131n\u0131n ortadan kalkmas\u0131 demektir. Kendini yurtsever olarak adland\u0131ran, \u00fclkesine kar\u015f\u0131 sorumluluk hisseden herkesin bu duruma kar\u015f\u0131 duru\u015f sergilemesi gerekir.\u201d<\/p>\n<p><strong>\u0130TT\u0130FAKLARA ELE\u015eT\u0130R\u0130<\/strong><\/p>\n<p>14 May\u0131s se\u00e7im sonu\u00e7lar\u0131n\u0131n sand\u0131k hileleriyle ge\u00e7i\u015ftirilmesinin do\u011fru bir yakla\u015f\u0131m olmayaca\u011f\u0131n\u0131 belirten Musa Kulu, ittifaklar\u0131 herkese ula\u015famama noktas\u0131nda ele\u015ftirdi. Kulu, \u201c\u00d6\u011frenilmi\u015f \u00e7aresizlik T\u00fcrkiye i\u00e7in ge\u00e7erli bir kavram. Evinde ekme\u011fi olmayan\u0131n bu sisteme hala biat etmesi anla\u015f\u0131l\u0131r bir \u015fey de\u011fildir. Belki de Millet \u0130ttifak\u0131 ile Emek ve \u00d6zg\u00fcrl\u00fck \u0130ttifak\u0131 diye adland\u0131r\u0131lan bu \u00fclkenin ayd\u0131nl\u0131\u011f\u0131 i\u00e7in gayret edenlerin \u00e7abas\u0131 da yeterli olmad\u0131\u011f\u0131 gibi ayn\u0131 zamanda hedef kitlesinin d\u0131\u015f\u0131nda yarat\u0131c\u0131l\u0131k g\u00f6stermedi\u011fini de 14 May\u0131s se\u00e7imi bize g\u00f6sterdi. Topluma ve halka gelecekle ilgili kurdu\u011fu her c\u00fcmlenin toplumda kar\u015f\u0131l\u0131\u011f\u0131 olmad\u0131\u011f\u0131n\u0131 g\u00f6rd\u00fck. Sadece sand\u0131klardaki hilelerle bu ger\u00e7e\u011fi ge\u00e7i\u015ftirmek do\u011fru de\u011fildir\u201d dedi.<\/p>\n<p><strong>Kemal K\u0131l\u0131\u00e7daro\u011flu<\/strong>\u2019nu da Sinan O\u011fan ve Zafer Partisi ile g\u00f6r\u00fc\u015fmelerinden dolay\u0131 ele\u015ftiren Kulu, \u201cK\u0131l\u0131\u00e7daro\u011flu\u2019nun denize d\u00fc\u015fen y\u0131lana sar\u0131l\u0131r gibi bu toplumun hi\u00e7bir kimli\u011fini kabul etmeyen ki\u015filere yana\u015fma bi\u00e7imi toplumda umutsuzlu\u011fa yol a\u00e7t\u0131. Ne\u00a0<strong>Sinan O\u011fan<\/strong>\u2019\u0131n ne de Zafer Partisi\u2019nin bu \u00fclkeye demokrasi ve bar\u0131\u015f getirme gibi bir iddias\u0131 yok. Tek adam rejiminin bir par\u00e7as\u0131 olan bu ki\u015filer sadece sizleri sistemin devam\u0131na mecbur b\u0131rakan ve kendi taleplerini dikte eden bir noktadad\u0131rlar\u201d diye konu\u015ftu.<\/p>\n<p><strong>\u201cMUAV\u0130YE Z\u0130HN\u0130YET\u0130 ALEV\u0130LERE, K\u00dcRTLERE YA\u015eAM HAKKI TANIMAYACAKTIR\u201d<\/strong><\/p>\n<p>Alevilerin \u00f6tekile\u015ftirilmeden \u00f6zg\u00fcr bir \u015fekilde inan\u00e7lar\u0131n\u0131, kimliklerini ya\u015fatmak istediklerini ve se\u00e7imden yana beklentilerinin de bu y\u00f6nde oldu\u011funu s\u00f6yleyen Kulu, \u201cK\u00fcrtler ve Aleviler \u015funu bilmelidir ki \u015fu an iktidar\u0131 elinde bulunduran Muaviye zihniyeti size ya\u015fam hakk\u0131 tan\u0131mayacakt\u0131r. Bug\u00fcn \u0130stanbul\u2019da, Ankara\u2019da, \u0130zmir\u2019de veya \u00fclkenin \u00e7e\u015fitli yerlerinde sek\u00fcler ve kendi ya\u015fam tarz\u0131 olan insanlar gelecekte \u00e7ar\u015fafa b\u00fcr\u00fcnme tehlikesiyle kar\u015f\u0131 kar\u015f\u0131yalar. Daha anaokulundayken Kuran kursuna mecbur edilen \u00e7ocuklar\u0131m\u0131z olacak\u201d ifadelerini kulland\u0131.<\/p>\n<p><strong>\u201cBU SE\u00c7\u0130M AYDINLIK \u0130LE KARANLI\u011eIN SAVA\u015eI\u201d<\/strong><\/p>\n<p>28 May\u0131s\u2019ta yap\u0131lacak olan se\u00e7imin Erdo\u011fan ve K\u0131l\u0131\u00e7daro\u011flu aras\u0131ndaki bir tercihten \u00e7ok daha fazlas\u0131 oldu\u011funu dile getiren Musa Kulu, bunu ayd\u0131nl\u0131k ile karanl\u0131\u011f\u0131n aras\u0131ndaki sava\u015f olarak adland\u0131rd\u0131. Halk\u0131n diktat\u00f6rl\u00fckle demokrasi kavgas\u0131nda bir tercih yapaca\u011f\u0131n\u0131 belirten\u00a0<strong>Musa Kulu<\/strong>\u00a0s\u00f6zlerini \u015f\u00f6yle s\u00fcrd\u00fcrd\u00fc.<\/p>\n<p>\u201cBu se\u00e7im asl\u0131nda hakl\u0131 ile haks\u0131z\u0131n kavgas\u0131d\u0131r. \u00c7\u00fcnk\u00fc Emevi zihniyeti Arap olmayana ya\u015fam hakk\u0131 tan\u0131mayan bir zihniyetti, bug\u00fcn bu \u00fclkeyi elinde tutanlar da T\u00fcrk ve M\u00fcsl\u00fcman olmayan hi\u00e7bir kimli\u011fe, ki\u015fili\u011fe ya\u015fam hakk\u0131 tan\u0131mayan bir noktadad\u0131r. \u00dclkenin nas\u0131l bir karanl\u0131\u011fa g\u00f6t\u00fcr\u00fcld\u00fc\u011f\u00fcn\u00fc g\u00f6rmedi\u011fimiz zaman gelece\u011fimizi kaybedece\u011fiz. Bug\u00fcn bu ceberrut sisteme evet diyenler de kaybedecek. \u00c7\u00fcnk\u00fc \u00fclke bir kaos ortam\u0131na, \u0130ran ve Suudi Arabistan gibi olmaya s\u00fcr\u00fckleniyor. Ya bu \u00fclkede demokrasi, karde\u015flik diyece\u011fiz ya da b\u00fct\u00fcn \u00f6tekilerin \u00f6l\u00fcm ferman\u0131n\u0131 yazaca\u011f\u0131z.\u201d<\/p>\n<p><strong>Fato\u015f SARIKAYA- Diren KESER\/ MERS\u0130N<\/strong><\/p>\n","protected":false},"excerpt":{"rendered":"<p>Demokratik Alevi Dernekleri (DAD) E\u015f Ba\u015fkan\u0131 Musa Kulu, Kemal K\u0131l\u0131\u00e7daro\u011flu\u2019nun Zafer Partisi ile protokol imzalamas\u0131 \u00fczerine baz\u0131 kesimlerin se\u00e7imi boykot s\u00f6ylemlerine ili\u015fkin \u201cBoykot karar\u0131 y\u00fczde 5 farkla \u00f6nde olan tek adama kazand\u0131rmak ve gelece\u011fimizin ate\u015fe at\u0131lmas\u0131 demektir\u201d dedi. Demokratik Alevi Dernekleri\u00a0E\u015f Genel Ba\u015fkan\u0131\u00a0Musa Kulu,\u00a0H\u00dcDA PAR\u2019\u0131n meclise girmesi, ittifaklar\u0131n se\u00e7im s\u00fcrecindeki eksiklikleri, Alevilerin talepleri, 14 May\u0131s se\u00e7im sonucu, Cumhurba\u015fkanl\u0131\u011f\u0131 se\u00e7imi konular\u0131nda\u00a0P\u0130RHA\u2019ya de\u011ferlendirmelerde bulundu. \u201cBOYKOT ERDO\u011eAN\u2019A SE\u00c7\u0130M KAZANDIRIR\u201d Zafer Parti\u2019sinin se\u00e7imde Kemal K\u0131l\u0131\u00e7daro\u011flu\u2019nu destekleyece\u011fini a\u00e7\u0131klamas\u0131 \u00fczerine,\u00a0CHP\u00a0ile\u00a0Zafer Partisi\u00a0yedi maddelik bir protokol imzalad\u0131. Bu durum baz\u0131 \u00e7evrelerce tepkiyle kar\u015f\u0131land\u0131 ve boykot s\u00f6ylemleri dile getirilmeye ba\u015fland\u0131. Boykotun Recep Tayyip Erdo\u011fan\u2019a oy vermekten farks\u0131z oldu\u011funu s\u00f6yleyen DAD E\u015f Genel Ba\u015fkan\u0131\u00a0Musa Kulu, \u201cBu d\u00f6nem o d\u00f6nem de\u011fildir. Boykot karar\u0131 y\u00fczde 5 farkla \u00f6nde olan tek adam\u0131 onaylamak, ona kazand\u0131rmak demektir. Umutlar\u0131m\u0131z\u0131n, gelece\u011fimizin ate\u015fe at\u0131lmas\u0131 anlam\u0131na geliyor. Herkesin bir tek oyun dahi heba olmamas\u0131 i\u00e7in ortaya gayret koymas\u0131 gerekiyor\u201d diye konu\u015ftu. \u201cH\u0130ZBULLAH Z\u0130HN\u0130YET\u0130NE KAR\u015eI KOYMAK HAYAT\u0130\u201d 90\u2019l\u0131 y\u0131llarda Hizbullah\u2019\u0131n yapt\u0131\u011f\u0131 katliamlar\u0131 hat\u0131rlatan Kulu, iktidar\u0131n H\u00dcDA PAR ile ittifak yapmas\u0131 ve meclise milletvekili g\u00f6ndermesini var olan karanl\u0131\u011f\u0131n daha da b\u00fcy\u00fcmesi anlam\u0131na geldi\u011fini ifade etti: \u201cDevletin besledi\u011fi, b\u00fcy\u00fctt\u00fc\u011f\u00fc, palazland\u0131rd\u0131\u011f\u0131, K\u00fcrtlere ve di\u011fer halklara kar\u015f\u0131 kulland\u0131\u011f\u0131 Hizbullah art\u0131k resmi ve aleni bir \u015fekilde devletin orta\u011f\u0131 oldu. Bug\u00fcn Hizbullah\u2019\u0131 da kendisine katarak en gerici \u015fekilde tek adam rejimini s\u00fcrd\u00fcrmek bu \u00fclkenin biraz daha karanl\u0131\u011fa g\u00f6m\u00fclmesi demektir. Kad\u0131n\u0131n, Alevinin, K\u00fcrt\u2019\u00fcn, demokrat\u0131n ya\u015fam hakk\u0131n\u0131n ortadan kalkmas\u0131 demektir. Kendini yurtsever olarak adland\u0131ran, \u00fclkesine kar\u015f\u0131 sorumluluk hisseden herkesin bu duruma kar\u015f\u0131 duru\u015f sergilemesi gerekir.\u201d \u0130TT\u0130FAKLARA ELE\u015eT\u0130R\u0130 14 May\u0131s se\u00e7im sonu\u00e7lar\u0131n\u0131n sand\u0131k hileleriyle ge\u00e7i\u015ftirilmesinin do\u011fru bir yakla\u015f\u0131m olmayaca\u011f\u0131n\u0131 belirten Musa Kulu, ittifaklar\u0131 herkese ula\u015famama noktas\u0131nda ele\u015ftirdi. Kulu, \u201c\u00d6\u011frenilmi\u015f \u00e7aresizlik T\u00fcrkiye i\u00e7in ge\u00e7erli bir kavram. Evinde ekme\u011fi olmayan\u0131n bu sisteme hala biat etmesi anla\u015f\u0131l\u0131r bir \u015fey de\u011fildir. Belki de Millet \u0130ttifak\u0131 ile Emek ve \u00d6zg\u00fcrl\u00fck \u0130ttifak\u0131 diye adland\u0131r\u0131lan bu \u00fclkenin ayd\u0131nl\u0131\u011f\u0131 i\u00e7in gayret edenlerin \u00e7abas\u0131 da yeterli olmad\u0131\u011f\u0131 gibi ayn\u0131 zamanda hedef kitlesinin d\u0131\u015f\u0131nda yarat\u0131c\u0131l\u0131k g\u00f6stermedi\u011fini de 14 May\u0131s se\u00e7imi bize g\u00f6sterdi. Topluma ve halka gelecekle ilgili kurdu\u011fu her c\u00fcmlenin toplumda kar\u015f\u0131l\u0131\u011f\u0131 olmad\u0131\u011f\u0131n\u0131 g\u00f6rd\u00fck. Sadece sand\u0131klardaki hilelerle bu ger\u00e7e\u011fi ge\u00e7i\u015ftirmek do\u011fru de\u011fildir\u201d dedi. Kemal K\u0131l\u0131\u00e7daro\u011flu\u2019nu da Sinan O\u011fan ve Zafer Partisi ile g\u00f6r\u00fc\u015fmelerinden dolay\u0131 ele\u015ftiren Kulu, \u201cK\u0131l\u0131\u00e7daro\u011flu\u2019nun denize d\u00fc\u015fen y\u0131lana sar\u0131l\u0131r gibi bu toplumun hi\u00e7bir kimli\u011fini kabul etmeyen ki\u015filere yana\u015fma bi\u00e7imi toplumda umutsuzlu\u011fa yol a\u00e7t\u0131. Ne\u00a0Sinan O\u011fan\u2019\u0131n ne de Zafer Partisi\u2019nin bu \u00fclkeye demokrasi ve bar\u0131\u015f getirme gibi bir iddias\u0131 yok. Tek adam rejiminin bir par\u00e7as\u0131 olan bu ki\u015filer sadece sizleri sistemin devam\u0131na mecbur b\u0131rakan ve kendi taleplerini dikte eden bir noktadad\u0131rlar\u201d diye konu\u015ftu. \u201cMUAV\u0130YE Z\u0130HN\u0130YET\u0130 ALEV\u0130LERE, K\u00dcRTLERE YA\u015eAM HAKKI TANIMAYACAKTIR\u201d Alevilerin \u00f6tekile\u015ftirilmeden \u00f6zg\u00fcr bir \u015fekilde inan\u00e7lar\u0131n\u0131, kimliklerini ya\u015fatmak istediklerini ve se\u00e7imden yana beklentilerinin de bu y\u00f6nde oldu\u011funu s\u00f6yleyen Kulu, \u201cK\u00fcrtler ve Aleviler \u015funu bilmelidir ki \u015fu an iktidar\u0131 elinde bulunduran Muaviye zihniyeti size ya\u015fam hakk\u0131 tan\u0131mayacakt\u0131r. Bug\u00fcn \u0130stanbul\u2019da, Ankara\u2019da, \u0130zmir\u2019de veya \u00fclkenin \u00e7e\u015fitli yerlerinde sek\u00fcler ve kendi ya\u015fam tarz\u0131 olan insanlar gelecekte \u00e7ar\u015fafa b\u00fcr\u00fcnme tehlikesiyle kar\u015f\u0131 kar\u015f\u0131yalar. Daha anaokulundayken Kuran kursuna mecbur edilen \u00e7ocuklar\u0131m\u0131z olacak\u201d ifadelerini kulland\u0131. \u201cBU SE\u00c7\u0130M AYDINLIK \u0130LE KARANLI\u011eIN SAVA\u015eI\u201d 28 May\u0131s\u2019ta yap\u0131lacak olan se\u00e7imin Erdo\u011fan ve K\u0131l\u0131\u00e7daro\u011flu aras\u0131ndaki bir tercihten \u00e7ok daha fazlas\u0131 oldu\u011funu dile getiren Musa Kulu, bunu ayd\u0131nl\u0131k ile karanl\u0131\u011f\u0131n aras\u0131ndaki sava\u015f olarak adland\u0131rd\u0131. Halk\u0131n diktat\u00f6rl\u00fckle demokrasi kavgas\u0131nda bir tercih yapaca\u011f\u0131n\u0131 belirten\u00a0Musa Kulu\u00a0s\u00f6zlerini \u015f\u00f6yle s\u00fcrd\u00fcrd\u00fc. \u201cBu se\u00e7im asl\u0131nda hakl\u0131 ile haks\u0131z\u0131n kavgas\u0131d\u0131r. \u00c7\u00fcnk\u00fc Emevi zihniyeti Arap olmayana ya\u015fam hakk\u0131 tan\u0131mayan bir zihniyetti, bug\u00fcn bu \u00fclkeyi elinde tutanlar da T\u00fcrk ve M\u00fcsl\u00fcman olmayan hi\u00e7bir kimli\u011fe, ki\u015fili\u011fe ya\u015fam hakk\u0131 tan\u0131mayan bir noktadad\u0131r. \u00dclkenin nas\u0131l bir karanl\u0131\u011fa g\u00f6t\u00fcr\u00fcld\u00fc\u011f\u00fcn\u00fc g\u00f6rmedi\u011fimiz zaman gelece\u011fimizi kaybedece\u011fiz. Bug\u00fcn bu ceberrut sisteme evet diyenler de kaybedecek. \u00c7\u00fcnk\u00fc \u00fclke bir kaos ortam\u0131na, \u0130ran ve Suudi Arabistan gibi olmaya s\u00fcr\u00fckleniyor. Ya bu \u00fclkede demokrasi, karde\u015flik diyece\u011fiz ya da b\u00fct\u00fcn \u00f6tekilerin \u00f6l\u00fcm ferman\u0131n\u0131 yazaca\u011f\u0131z.\u201d Fato\u015f SARIKAYA- Diren KESER\/ MERS\u0130N<\/p>\n","protected":false},"author":2,"featured_media":1260,"comment_status":"open","ping_status":"open","sticky":false,"template":"","format":"standard","meta":{"_joinchat":[],"footnotes":""},"categories":[23],"tags":[],"class_list":["post-1259","post","type-post","status-publish","format-standard","has-post-thumbnail","hentry","category-politika-siyaset"],"acf":[],"_links":{"self":[{"href":"https:\/\/radyomunzur.com\/index.php?rest_route=\/wp\/v2\/posts\/1259","targetHints":{"allow":["GET"]}}],"collection":[{"href":"https:\/\/radyomunzur.com\/index.php?rest_route=\/wp\/v2\/posts"}],"about":[{"href":"https:\/\/radyomunzur.com\/index.php?rest_route=\/wp\/v2\/types\/post"}],"author":[{"embeddable":true,"href":"https:\/\/radyomunzur.com\/index.php?rest_route=\/wp\/v2\/users\/2"}],"replies":[{"embeddable":true,"href":"https:\/\/radyomunzur.com\/index.php?rest_route=%2Fwp%2Fv2%2Fcomments&post=1259"}],"version-history":[{"count":1,"href":"https:\/\/radyomunzur.com\/index.php?rest_route=\/wp\/v2\/posts\/1259\/revisions"}],"predecessor-version":[{"id":1261,"href":"https:\/\/radyomunzur.com\/index.php?rest_route=\/wp\/v2\/posts\/1259\/revisions\/1261"}],"wp:featuredmedia":[{"embeddable":true,"href":"https:\/\/radyomunzur.com\/index.php?rest_route=\/wp\/v2\/media\/1260"}],"wp:attachment":[{"href":"https:\/\/radyomunzur.com\/index.php?rest_route=%2Fwp%2Fv2%2Fmedia&parent=1259"}],"wp:term":[{"taxonomy":"category","embeddable":true,"href":"https:\/\/radyomunzur.com\/index.php?rest_route=%2Fwp%2Fv2%2Fcategories&post=1259"},{"taxonomy":"post_tag","embeddable":true,"href":"https:\/\/radyomunzur.com\/index.php?rest_route=%2Fwp%2Fv2%2Ftags&post=1259"}],"curies":[{"name":"wp","href":"https:\/\/api.w.org\/{rel}","templated":true}]}}