{"id":1256,"date":"2023-05-26T04:52:09","date_gmt":"2023-05-26T08:52:09","guid":{"rendered":"https:\/\/radyomunzur.com\/?p=1256"},"modified":"2023-05-26T04:52:09","modified_gmt":"2023-05-26T08:52:09","slug":"yesil-sol-parti-milletvekilleri-adiyamandan-seslendi-partimizin-stratejisi-erdogana-kaybettirmek","status":"publish","type":"post","link":"https:\/\/radyomunzur.com\/?p=1256","title":{"rendered":"Ye\u015fil Sol Parti Milletvekilleri, Ad\u0131yaman\u2019dan seslendi: Partimizin stratejisi Erdo\u011fan\u2019a kaybettirmek"},"content":{"rendered":"<p><strong>Ye\u015fil Sol Parti Milletvekilleri, Ad\u0131yaman\u2019da halkla bir araya geldi. 28 May\u0131s\u2019ta sand\u0131\u011fa gidip oy kullanma \u00e7a\u011fr\u0131s\u0131 yapan milletvekilleri, \u201cErdo\u011fan\u2019a kaybettirmek i\u00e7in rol\u00fcm\u00fcz\u00fc oynuyoruz\u201d dedi.<\/strong><\/p>\n<div class=\"epyt-video-wrapper fluid-width-video-wrapper\"><iframe id=\"_ytid_74327\" class=\"__youtube_prefs__  epyt-is-override  no-lazyload\" title=\"Ye\u015fil Sol Parti Milletvekilleri, Ad\u0131yaman\u2019dan seslendi: Partimizin stratejisi Erdo\u011fan'a kaybettirmek\" src=\"https:\/\/www.youtube.com\/embed\/A9rZICW91Wk?enablejsapi=1&amp;autoplay=0&amp;cc_load_policy=0&amp;cc_lang_pref=tr&amp;iv_load_policy=3&amp;loop=0&amp;modestbranding=1&amp;rel=0&amp;fs=1&amp;playsinline=0&amp;autohide=2&amp;hl=tr_TR&amp;theme=dark&amp;color=red&amp;controls=1&amp;\" allowfullscreen=\"allowfullscreen\" data-origwidth=\"1170\" data-origheight=\"658\" data-no-lazy=\"1\" data-skipgform_ajax_framebjll=\"\" data-mce-fragment=\"1\"><\/iframe><\/div>\n<p>Cumhurba\u015fkanl\u0131\u011f\u0131 2. Tur se\u00e7imlerine g\u00fcnler kala Ye\u015fil Sol Partili milletvekillerinin \u00e7al\u0131\u015fmalar\u0131 da h\u0131z kazand\u0131. Urfa Milletvekilleri, Ad\u0131yaman\u2019da halk bulu\u015fmas\u0131nda konu\u015ftu.<\/p>\n<p><strong>\u201cADALET\u0130 B\u0130RL\u0130KTE GET\u0130RECE\u011e\u0130Z\u201d<\/strong><\/p>\n<p>Ye\u015fil Sol Parti Urfa Milletvekili Ferit \u015eenya\u015far, 5 y\u0131ld\u0131r annesiyle birlikte adalet m\u00fccadelesi verdi\u011fini belirterek \u201cM\u00fccadelemiz \u015fu an \u00fclkeyi felakete s\u00fcr\u00fckleyen AKP-MHP zihniyetine kar\u015f\u0131d\u0131r\u201d diye belirtti. Ferit \u015eenya\u015far, adaletsizli\u011fe u\u011frayan herkesin sesi olacaklar\u0131n\u0131 vurgulayarak \u015fu konu\u015fmay\u0131 yapt\u0131:<\/p>\n<p>\u201c3 insan\u0131m\u0131z Suru\u00e7 Devlet Hastanesi i\u00e7erisinde g\u00fcvenlik kameralar\u0131 \u00f6n\u00fcnde ve onlarca kolluk kuvvetinin \u00f6n\u00fcnde katledildi. 4 y\u0131l boyunca bu katliam ile ilgili tek bir tutuklu olmad\u0131. Bunun sebebi katliam yapan iktidar partisinin bir milletvekili ve ailesi oldu\u011fu i\u00e7in yarg\u0131 \u00e7al\u0131\u015fmad\u0131. 5 y\u0131ld\u0131r zul\u00fcm alt\u0131nday\u0131z. Annemle birlikte 2 y\u0131ld\u0131r \u015eanl\u0131urfa Adliyesi \u00f6n\u00fcnde m\u00fccadelemizi s\u00fcrd\u00fcr\u00fcyoruz. Sivil olarak ba\u015flatt\u0131\u011f\u0131m\u0131z bu m\u00fccadeleyi belli bir seviyeye getirdik. Sesimizi d\u00fcnyaya duyurduk ama maalesef \u015fu an Adalet Bakanl\u0131\u011f\u0131 a\u00e7\u0131s\u0131ndan davam\u0131zda herhangi bir hukuki ilerleme sa\u011flanmad\u0131. Biz de m\u00fccadelemizi daha da b\u00fcy\u00fctmek i\u00e7in Ye\u015fil Sol Partisi \u00e7at\u0131s\u0131 alt\u0131nda T\u00fcrkiye B\u00fcy\u00fck Millet Meclisi\u2019ne ta\u015f\u0131maya ve adaletsizli\u011fe u\u011frayan herkesin sesi olmak i\u00e7in milletvekili olduk. Evet biz bir adaletsizli\u011fe u\u011frad\u0131k, milletvekili se\u00e7ildikten sonra ba\u015fta \u015eanl\u0131urfa olmak \u00fczere 81 ilde adaletsizli\u011fe u\u011frayan herkesin sesi olaca\u011f\u0131z. Bug\u00fcn de burada olmam\u0131z\u0131n sebebi nerede bir adaletsizlik, hukuksuzluk varsa orada bulunaca\u011f\u0131z. K\u0131sa bir s\u00fcre \u00f6nce burada bir deprem meydana geldi ve yeterli \u00f6nlemler al\u0131nmad\u0131\u011f\u0131 i\u00e7in b\u00fcy\u00fck kay\u0131plar verdik. Depremin 3. g\u00fcn\u00fc ben de Ad\u0131yaman\u2019dayd\u0131m. O g\u00fcn sadece ana caddelerde \u00e7al\u0131\u015fma vard\u0131 ama kenar mahallelerde insanlar kaderleri ile ba\u015f ba\u015fa b\u0131rak\u0131lm\u0131\u015ft\u0131. En b\u00fcy\u00fck adaletsizli\u011fe Ad\u0131yaman\u2019da biz de tan\u0131k olduk. Bizler kararl\u0131y\u0131z. \u00c7ok sanc\u0131l\u0131 bir s\u00fcre\u00e7ten ge\u00e7iyoruz ama hi\u00e7bir zaman m\u00fccadelemizden vazge\u00e7meyece\u011fiz. Bir adalet gelecekse de onu da birlikte getirece\u011fiz.<\/p>\n<p><strong>\u201cKAZANAN KADINLAR OLACAK\u201d<\/strong><\/p>\n<p>Urfa Milletvekili Dilan Kunt Ayan ise Cumhur \u0130ttifak\u0131n\u0131n, kad\u0131n m\u00fccadelesine d\u00f6n\u00fck \u201cSava\u015f ilan etti\u011fini\u201d s\u00f6yleyerek \u015fu konu\u015fmay\u0131 yapt\u0131:<\/p>\n<p>\u201cSe\u00e7im s\u00fcrecinde dahi yapm\u0131\u015f olduklar\u0131 ilk pazarl\u0131k kad\u0131n kazan\u0131mlar\u0131yd\u0131. Yapacaklar\u0131 \u015fey elbette ki kad\u0131n kazan\u0131mlar\u0131n\u0131 bir bir yok etmekti. Bizler de bu y\u00fczden diyoruz ki tek adam gidecek, kazanan biz olaca\u011f\u0131z. Kazanan kad\u0131nlar olacak. Elbette ki 14 May\u0131s s\u00fcrecine ili\u015fkin eksiklerimiz olmu\u015f olabilir. Fakat \u015fu an yapaca\u011f\u0131m\u0131z en b\u00fcy\u00fck \u015fey elbette ki 28 May\u0131s\u2019a g\u00fc\u00e7l\u00fc bir \u015fekilde \u00e7\u0131kmak, g\u00fc\u00e7l\u00fc bir \u015fekilde bu tek adam\u0131 geldi\u011fi noktaya tekrardan geri g\u00f6ndermek.\u201d<\/p>\n<p><strong>\u201cPART\u0130M\u0130Z\u0130N STRATEJ\u0130S\u0130, ERDO\u011eAN\u2019A KAYBETT\u0130RMEK\u201d<\/strong><\/p>\n<p>Urfa Milletvekili \u00d6mer \u00d6calan ise \u00fclkenin kritik bir s\u00fcre\u00e7 ya\u015fad\u0131\u011f\u0131n\u0131n alt\u0131n\u0131 \u00e7izdi.<\/p>\n<p>\u201cHukukun zerresi kalmayan bu \u00fclkede alternatif bir yol a\u00e7mal\u0131y\u0131z. Bu \u00fclke huzuru, bar\u0131\u015f\u0131 ve \u00e7\u00f6z\u00fcm\u00fc hak ediyor. Huzur, \u00e7\u00f6z\u00fcm ve bar\u0131\u015f da \u015fu an sizin elinizdedir. 21 y\u0131ld\u0131r iktidarda olan AKP zihniyetinin bu \u00fclkeye verece\u011fi hi\u00e7bir \u015fey kalmam\u0131\u015ft\u0131r. Ekonomik, sosyal, siyasal anlamda bu \u00fclke adeta bir \u00e7\u00f6k\u00fc\u015f ya\u015f\u0131yor. Adeta \u00fclke ortadan ikiye b\u00f6l\u00fcnm\u00fc\u015f. Erdo\u011fan da \u2018ya taraf olursunuz ya da bertaraf olursunuz\u2019 diyor. \u0130\u015fte bu zihniyet, insanlar aras\u0131nda b\u00fcy\u00fck bir ayr\u0131m yaratt\u0131 ve biz bu ayr\u0131m\u0131 ortadan kald\u0131rmaya geliyoruz. Bu se\u00e7imde partimizin bir stratejisi vard\u0131; Erdo\u011fan\u2019a kaybettirmek. Bu konuda rol\u00fcm\u00fcz\u00fc oynuyoruz. 28 May\u0131s bizim i\u00e7in \u00f6nemli \u00e7\u00fcnk\u00fc kar\u015f\u0131m\u0131zda adeta bir \u015fer ittifak\u0131 var. \u0130\u015fi g\u00fcc\u00fc toplumu germek \u00f6tekile\u015ftirmek ve ter\u00f6rize etmektir. Bunun kar\u015f\u0131s\u0131nda 28 May\u0131s\u2019ta gidip oylar\u0131m\u0131z\u0131 kullanmal\u0131y\u0131z ve sand\u0131klara sahip \u00e7\u0131kmal\u0131y\u0131z.\u201d<\/p>\n<p><strong>P\u0130RHA\/ADIYAMAN<\/strong><\/p>\n","protected":false},"excerpt":{"rendered":"<p>Ye\u015fil Sol Parti Milletvekilleri, Ad\u0131yaman\u2019da halkla bir araya geldi. 28 May\u0131s\u2019ta sand\u0131\u011fa gidip oy kullanma \u00e7a\u011fr\u0131s\u0131 yapan milletvekilleri, \u201cErdo\u011fan\u2019a kaybettirmek i\u00e7in rol\u00fcm\u00fcz\u00fc oynuyoruz\u201d dedi. Cumhurba\u015fkanl\u0131\u011f\u0131 2. Tur se\u00e7imlerine g\u00fcnler kala Ye\u015fil Sol Partili milletvekillerinin \u00e7al\u0131\u015fmalar\u0131 da h\u0131z kazand\u0131. Urfa Milletvekilleri, Ad\u0131yaman\u2019da halk bulu\u015fmas\u0131nda konu\u015ftu. \u201cADALET\u0130 B\u0130RL\u0130KTE GET\u0130RECE\u011e\u0130Z\u201d Ye\u015fil Sol Parti Urfa Milletvekili Ferit \u015eenya\u015far, 5 y\u0131ld\u0131r annesiyle birlikte adalet m\u00fccadelesi verdi\u011fini belirterek \u201cM\u00fccadelemiz \u015fu an \u00fclkeyi felakete s\u00fcr\u00fckleyen AKP-MHP zihniyetine kar\u015f\u0131d\u0131r\u201d diye belirtti. Ferit \u015eenya\u015far, adaletsizli\u011fe u\u011frayan herkesin sesi olacaklar\u0131n\u0131 vurgulayarak \u015fu konu\u015fmay\u0131 yapt\u0131: \u201c3 insan\u0131m\u0131z Suru\u00e7 Devlet Hastanesi i\u00e7erisinde g\u00fcvenlik kameralar\u0131 \u00f6n\u00fcnde ve onlarca kolluk kuvvetinin \u00f6n\u00fcnde katledildi. 4 y\u0131l boyunca bu katliam ile ilgili tek bir tutuklu olmad\u0131. Bunun sebebi katliam yapan iktidar partisinin bir milletvekili ve ailesi oldu\u011fu i\u00e7in yarg\u0131 \u00e7al\u0131\u015fmad\u0131. 5 y\u0131ld\u0131r zul\u00fcm alt\u0131nday\u0131z. Annemle birlikte 2 y\u0131ld\u0131r \u015eanl\u0131urfa Adliyesi \u00f6n\u00fcnde m\u00fccadelemizi s\u00fcrd\u00fcr\u00fcyoruz. Sivil olarak ba\u015flatt\u0131\u011f\u0131m\u0131z bu m\u00fccadeleyi belli bir seviyeye getirdik. Sesimizi d\u00fcnyaya duyurduk ama maalesef \u015fu an Adalet Bakanl\u0131\u011f\u0131 a\u00e7\u0131s\u0131ndan davam\u0131zda herhangi bir hukuki ilerleme sa\u011flanmad\u0131. Biz de m\u00fccadelemizi daha da b\u00fcy\u00fctmek i\u00e7in Ye\u015fil Sol Partisi \u00e7at\u0131s\u0131 alt\u0131nda T\u00fcrkiye B\u00fcy\u00fck Millet Meclisi\u2019ne ta\u015f\u0131maya ve adaletsizli\u011fe u\u011frayan herkesin sesi olmak i\u00e7in milletvekili olduk. Evet biz bir adaletsizli\u011fe u\u011frad\u0131k, milletvekili se\u00e7ildikten sonra ba\u015fta \u015eanl\u0131urfa olmak \u00fczere 81 ilde adaletsizli\u011fe u\u011frayan herkesin sesi olaca\u011f\u0131z. Bug\u00fcn de burada olmam\u0131z\u0131n sebebi nerede bir adaletsizlik, hukuksuzluk varsa orada bulunaca\u011f\u0131z. K\u0131sa bir s\u00fcre \u00f6nce burada bir deprem meydana geldi ve yeterli \u00f6nlemler al\u0131nmad\u0131\u011f\u0131 i\u00e7in b\u00fcy\u00fck kay\u0131plar verdik. Depremin 3. g\u00fcn\u00fc ben de Ad\u0131yaman\u2019dayd\u0131m. O g\u00fcn sadece ana caddelerde \u00e7al\u0131\u015fma vard\u0131 ama kenar mahallelerde insanlar kaderleri ile ba\u015f ba\u015fa b\u0131rak\u0131lm\u0131\u015ft\u0131. En b\u00fcy\u00fck adaletsizli\u011fe Ad\u0131yaman\u2019da biz de tan\u0131k olduk. Bizler kararl\u0131y\u0131z. \u00c7ok sanc\u0131l\u0131 bir s\u00fcre\u00e7ten ge\u00e7iyoruz ama hi\u00e7bir zaman m\u00fccadelemizden vazge\u00e7meyece\u011fiz. Bir adalet gelecekse de onu da birlikte getirece\u011fiz. \u201cKAZANAN KADINLAR OLACAK\u201d Urfa Milletvekili Dilan Kunt Ayan ise Cumhur \u0130ttifak\u0131n\u0131n, kad\u0131n m\u00fccadelesine d\u00f6n\u00fck \u201cSava\u015f ilan etti\u011fini\u201d s\u00f6yleyerek \u015fu konu\u015fmay\u0131 yapt\u0131: \u201cSe\u00e7im s\u00fcrecinde dahi yapm\u0131\u015f olduklar\u0131 ilk pazarl\u0131k kad\u0131n kazan\u0131mlar\u0131yd\u0131. Yapacaklar\u0131 \u015fey elbette ki kad\u0131n kazan\u0131mlar\u0131n\u0131 bir bir yok etmekti. Bizler de bu y\u00fczden diyoruz ki tek adam gidecek, kazanan biz olaca\u011f\u0131z. Kazanan kad\u0131nlar olacak. Elbette ki 14 May\u0131s s\u00fcrecine ili\u015fkin eksiklerimiz olmu\u015f olabilir. Fakat \u015fu an yapaca\u011f\u0131m\u0131z en b\u00fcy\u00fck \u015fey elbette ki 28 May\u0131s\u2019a g\u00fc\u00e7l\u00fc bir \u015fekilde \u00e7\u0131kmak, g\u00fc\u00e7l\u00fc bir \u015fekilde bu tek adam\u0131 geldi\u011fi noktaya tekrardan geri g\u00f6ndermek.\u201d \u201cPART\u0130M\u0130Z\u0130N STRATEJ\u0130S\u0130, ERDO\u011eAN\u2019A KAYBETT\u0130RMEK\u201d Urfa Milletvekili \u00d6mer \u00d6calan ise \u00fclkenin kritik bir s\u00fcre\u00e7 ya\u015fad\u0131\u011f\u0131n\u0131n alt\u0131n\u0131 \u00e7izdi. \u201cHukukun zerresi kalmayan bu \u00fclkede alternatif bir yol a\u00e7mal\u0131y\u0131z. Bu \u00fclke huzuru, bar\u0131\u015f\u0131 ve \u00e7\u00f6z\u00fcm\u00fc hak ediyor. Huzur, \u00e7\u00f6z\u00fcm ve bar\u0131\u015f da \u015fu an sizin elinizdedir. 21 y\u0131ld\u0131r iktidarda olan AKP zihniyetinin bu \u00fclkeye verece\u011fi hi\u00e7bir \u015fey kalmam\u0131\u015ft\u0131r. Ekonomik, sosyal, siyasal anlamda bu \u00fclke adeta bir \u00e7\u00f6k\u00fc\u015f ya\u015f\u0131yor. Adeta \u00fclke ortadan ikiye b\u00f6l\u00fcnm\u00fc\u015f. Erdo\u011fan da \u2018ya taraf olursunuz ya da bertaraf olursunuz\u2019 diyor. \u0130\u015fte bu zihniyet, insanlar aras\u0131nda b\u00fcy\u00fck bir ayr\u0131m yaratt\u0131 ve biz bu ayr\u0131m\u0131 ortadan kald\u0131rmaya geliyoruz. Bu se\u00e7imde partimizin bir stratejisi vard\u0131; Erdo\u011fan\u2019a kaybettirmek. Bu konuda rol\u00fcm\u00fcz\u00fc oynuyoruz. 28 May\u0131s bizim i\u00e7in \u00f6nemli \u00e7\u00fcnk\u00fc kar\u015f\u0131m\u0131zda adeta bir \u015fer ittifak\u0131 var. \u0130\u015fi g\u00fcc\u00fc toplumu germek \u00f6tekile\u015ftirmek ve ter\u00f6rize etmektir. Bunun kar\u015f\u0131s\u0131nda 28 May\u0131s\u2019ta gidip oylar\u0131m\u0131z\u0131 kullanmal\u0131y\u0131z ve sand\u0131klara sahip \u00e7\u0131kmal\u0131y\u0131z.\u201d P\u0130RHA\/ADIYAMAN<\/p>\n","protected":false},"author":2,"featured_media":1257,"comment_status":"open","ping_status":"open","sticky":false,"template":"","format":"standard","meta":{"_joinchat":[],"footnotes":""},"categories":[23],"tags":[],"class_list":["post-1256","post","type-post","status-publish","format-standard","has-post-thumbnail","hentry","category-politika-siyaset"],"acf":[],"_links":{"self":[{"href":"https:\/\/radyomunzur.com\/index.php?rest_route=\/wp\/v2\/posts\/1256","targetHints":{"allow":["GET"]}}],"collection":[{"href":"https:\/\/radyomunzur.com\/index.php?rest_route=\/wp\/v2\/posts"}],"about":[{"href":"https:\/\/radyomunzur.com\/index.php?rest_route=\/wp\/v2\/types\/post"}],"author":[{"embeddable":true,"href":"https:\/\/radyomunzur.com\/index.php?rest_route=\/wp\/v2\/users\/2"}],"replies":[{"embeddable":true,"href":"https:\/\/radyomunzur.com\/index.php?rest_route=%2Fwp%2Fv2%2Fcomments&post=1256"}],"version-history":[{"count":1,"href":"https:\/\/radyomunzur.com\/index.php?rest_route=\/wp\/v2\/posts\/1256\/revisions"}],"predecessor-version":[{"id":1258,"href":"https:\/\/radyomunzur.com\/index.php?rest_route=\/wp\/v2\/posts\/1256\/revisions\/1258"}],"wp:featuredmedia":[{"embeddable":true,"href":"https:\/\/radyomunzur.com\/index.php?rest_route=\/wp\/v2\/media\/1257"}],"wp:attachment":[{"href":"https:\/\/radyomunzur.com\/index.php?rest_route=%2Fwp%2Fv2%2Fmedia&parent=1256"}],"wp:term":[{"taxonomy":"category","embeddable":true,"href":"https:\/\/radyomunzur.com\/index.php?rest_route=%2Fwp%2Fv2%2Fcategories&post=1256"},{"taxonomy":"post_tag","embeddable":true,"href":"https:\/\/radyomunzur.com\/index.php?rest_route=%2Fwp%2Fv2%2Ftags&post=1256"}],"curies":[{"name":"wp","href":"https:\/\/api.w.org\/{rel}","templated":true}]}}