{"id":1253,"date":"2023-05-26T04:50:20","date_gmt":"2023-05-26T08:50:20","guid":{"rendered":"https:\/\/radyomunzur.com\/?p=1253"},"modified":"2023-05-26T04:50:20","modified_gmt":"2023-05-26T08:50:20","slug":"ingiltere-cemevi-yoneticisi-cemgilin-yurtdisi-cikis-yasagi-kaldirildi","status":"publish","type":"post","link":"https:\/\/radyomunzur.com\/?p=1253","title":{"rendered":"\u0130ngiltere Cemevi y\u00f6neticisi Cemgil\u2019in yurtd\u0131\u015f\u0131 \u00e7\u0131k\u0131\u015f yasa\u011f\u0131 kald\u0131r\u0131ld\u0131"},"content":{"rendered":"<p><strong>\u0130stanbul Sabiha G\u00f6k\u00e7en Havaliman\u0131nda g\u00f6zalt\u0131na al\u0131narak hakk\u0131nda yurtd\u0131\u015f\u0131 \u00e7\u0131k\u0131\u015f yasa\u011f\u0131 uygulanan \u0130ngiltere Alevi K\u00fclt\u00fcr Merkezi ve Cemevi Y\u00f6neticisi Ali Ender Cemgil\u2019in yasa\u011f\u0131 kald\u0131r\u0131ld\u0131.\u00a0<\/strong><\/p>\n<p>\u0130ngiltere Alevi K\u00fclt\u00fcr Merkezi ve Cemevi, y\u00f6neticileri olan Ali Ender Cemgil\u2019in 21 Nisan tarihinde \u0130stanbul\u2019da bulunan Sabiha G\u00f6k\u00e7en Havaliman\u0131\u2019nda g\u00f6zalt\u0131na al\u0131nd\u0131\u011f\u0131n\u0131 duyurmu\u015ftu. \u0130fadesi al\u0131nan Cemgil, yurtd\u0131\u015f\u0131 \u00e7\u0131k\u0131\u015f yasa\u011f\u0131 konularak serbest b\u0131rak\u0131lm\u0131\u015ft\u0131.<\/p>\n<p>Yurt d\u0131\u015f\u0131 \u00e7\u0131k\u0131\u015f yasa\u011f\u0131n\u0131n kald\u0131r\u0131lmas\u0131 i\u00e7in gerekli itirazlar\u0131n yap\u0131lmas\u0131 sonucu Cemgil hakk\u0131ndaki yasak kald\u0131r\u0131ld\u0131.<\/p>\n<p>Cemgil\u2019in yak\u0131n zamanda \u0130ngiltere\u2019ye d\u00f6nece\u011fi kaydedildi.<\/p>\n<p><strong>P\u0130RHA\/\u0130STANBUL<\/strong><\/p>\n","protected":false},"excerpt":{"rendered":"<p>\u0130stanbul Sabiha G\u00f6k\u00e7en Havaliman\u0131nda g\u00f6zalt\u0131na al\u0131narak hakk\u0131nda yurtd\u0131\u015f\u0131 \u00e7\u0131k\u0131\u015f yasa\u011f\u0131 uygulanan \u0130ngiltere Alevi K\u00fclt\u00fcr Merkezi ve Cemevi Y\u00f6neticisi Ali Ender Cemgil\u2019in yasa\u011f\u0131 kald\u0131r\u0131ld\u0131.\u00a0 \u0130ngiltere Alevi K\u00fclt\u00fcr Merkezi ve Cemevi, y\u00f6neticileri olan Ali Ender Cemgil\u2019in 21 Nisan tarihinde \u0130stanbul\u2019da bulunan Sabiha G\u00f6k\u00e7en Havaliman\u0131\u2019nda g\u00f6zalt\u0131na al\u0131nd\u0131\u011f\u0131n\u0131 duyurmu\u015ftu. \u0130fadesi al\u0131nan Cemgil, yurtd\u0131\u015f\u0131 \u00e7\u0131k\u0131\u015f yasa\u011f\u0131 konularak serbest b\u0131rak\u0131lm\u0131\u015ft\u0131. Yurt d\u0131\u015f\u0131 \u00e7\u0131k\u0131\u015f yasa\u011f\u0131n\u0131n kald\u0131r\u0131lmas\u0131 i\u00e7in gerekli itirazlar\u0131n yap\u0131lmas\u0131 sonucu Cemgil hakk\u0131ndaki yasak kald\u0131r\u0131ld\u0131. Cemgil\u2019in yak\u0131n zamanda \u0130ngiltere\u2019ye d\u00f6nece\u011fi kaydedildi. P\u0130RHA\/\u0130STANBUL<\/p>\n","protected":false},"author":2,"featured_media":1254,"comment_status":"open","ping_status":"open","sticky":false,"template":"","format":"standard","meta":{"_joinchat":[],"footnotes":""},"categories":[23],"tags":[],"class_list":["post-1253","post","type-post","status-publish","format-standard","has-post-thumbnail","hentry","category-politika-siyaset"],"acf":[],"_links":{"self":[{"href":"https:\/\/radyomunzur.com\/index.php?rest_route=\/wp\/v2\/posts\/1253","targetHints":{"allow":["GET"]}}],"collection":[{"href":"https:\/\/radyomunzur.com\/index.php?rest_route=\/wp\/v2\/posts"}],"about":[{"href":"https:\/\/radyomunzur.com\/index.php?rest_route=\/wp\/v2\/types\/post"}],"author":[{"embeddable":true,"href":"https:\/\/radyomunzur.com\/index.php?rest_route=\/wp\/v2\/users\/2"}],"replies":[{"embeddable":true,"href":"https:\/\/radyomunzur.com\/index.php?rest_route=%2Fwp%2Fv2%2Fcomments&post=1253"}],"version-history":[{"count":1,"href":"https:\/\/radyomunzur.com\/index.php?rest_route=\/wp\/v2\/posts\/1253\/revisions"}],"predecessor-version":[{"id":1255,"href":"https:\/\/radyomunzur.com\/index.php?rest_route=\/wp\/v2\/posts\/1253\/revisions\/1255"}],"wp:featuredmedia":[{"embeddable":true,"href":"https:\/\/radyomunzur.com\/index.php?rest_route=\/wp\/v2\/media\/1254"}],"wp:attachment":[{"href":"https:\/\/radyomunzur.com\/index.php?rest_route=%2Fwp%2Fv2%2Fmedia&parent=1253"}],"wp:term":[{"taxonomy":"category","embeddable":true,"href":"https:\/\/radyomunzur.com\/index.php?rest_route=%2Fwp%2Fv2%2Fcategories&post=1253"},{"taxonomy":"post_tag","embeddable":true,"href":"https:\/\/radyomunzur.com\/index.php?rest_route=%2Fwp%2Fv2%2Ftags&post=1253"}],"curies":[{"name":"wp","href":"https:\/\/api.w.org\/{rel}","templated":true}]}}