{"id":1149,"date":"2023-05-23T07:39:17","date_gmt":"2023-05-23T11:39:17","guid":{"rendered":"https:\/\/radyomunzur.com\/?p=1149"},"modified":"2023-05-23T08:09:50","modified_gmt":"2023-05-23T12:09:50","slug":"kilicdaroglundan-erdoganin-montaj-itirafina-sert-yanit","status":"publish","type":"post","link":"https:\/\/radyomunzur.com\/?p=1149","title":{"rendered":"K\u0131l\u0131\u00e7daro\u011flu\u2019ndan Erdo\u011fan\u2019\u0131n montaj itiraf\u0131na sert yan\u0131t!"},"content":{"rendered":"<p><strong>Cumhurba\u015fkan\u0131 aday\u0131 Kemal K\u0131l\u0131\u00e7daro\u011flu, AKP\u2019li Cumhurba\u015fkan\u0131 Tayyip Erdo\u011fan\u2019\u0131n montaj itiraf\u0131na \u201cMontajc\u0131 sahtekar\u201d diyerek tepki g\u00f6sterdi<\/strong><\/p>\n<p>AKP\u2019li Cumhurba\u015fkan\u0131 Erdo\u011fan, CHP\u2019nin reklam filmindeki montaj g\u00f6r\u00fcnt\u00fcleri itiraf etti.<\/p>\n<p>AKP\u2019li Cumhurba\u015fkan\u0131 Recep Tayyip Erdo\u011fan, kat\u0131ld\u0131\u011f\u0131 canl\u0131 yay\u0131nda g\u00fcndeme ili\u015fkin sorular\u0131 yan\u0131tlad\u0131. Abd\u00fclkadir Selvi\u2019nin \u201cKim ne ile video \u00e7ekmi\u015f\u201d sorusuna Erdo\u011fan, Millet \u0130ttifak\u0131 Cumhurba\u015fkan\u0131 Aday\u0131 Kemal K\u0131l\u0131\u00e7daro\u011flu\u2019nun Kandil\u2019de video kayd\u0131n\u0131n oldu\u011funu iddia etti.<\/p>\n<p>Montaj oldu\u011fu bilinen video hakk\u0131nda Erdo\u011fan,\u00a0\u201cK\u0131l\u0131\u00e7daro\u011flu, Kandil\u2019dekilerle video \u00e7ekimleri var, bunlar\u0131 yay\u0131mlad\u0131lar\u201d\u00a0dedi. Olu\u015fan sessizli\u011fin ard\u0131ndan Erdo\u011fan,\u00a0\u201cAma montaj ama \u015fu ama bu\u201d\u00a0ifadelerini kulland\u0131.<\/p>\n<p>Millet \u0130ttifak\u0131\u2019n\u0131n Cumhurba\u015fkan\u0131 Aday\u0131 ve CHP Genel Ba\u015fkan\u0131 Kemal K\u0131l\u0131\u00e7daro\u011flu ise AKP\u2019li Cumhurba\u015fkan\u0131 Tayyip Erdo\u011fan\u2019\u0131n canl\u0131 yay\u0131nda itiraf etti\u011fi montaj g\u00f6r\u00fcnt\u00fclere tepki g\u00f6sterdi.<br \/>\nK\u0131l\u0131\u00e7daro\u011flu, Erdo\u011fan\u2019\u0131n \u201cmontaj\u201d yalan\u0131n\u0131 kabul etti\u011fi anlara ili\u015fkin g\u00f6r\u00fcnt\u00fcy\u00fc \u201cMontajc\u0131 sahtekar\u201d notuyla payla\u015ft\u0131.<\/p>\n<p><strong>\u201cBEN \u0130FT\u0130RAYA U\u011eRAMAKTAN YORULDUM, BU BANA \u0130FT\u0130RA ATMAKTAN YORULMADI\u201d<\/strong><\/p>\n<p>K\u0131l\u0131\u00e7daro\u011flu bir s\u00fcre sonra ise \u201cBen iftiraya u\u011framaktan yoruldum, bu bana iftira atmaktan yorulmad\u0131. Sen kimin temiz oldu\u011funu, kimin kirli oldu\u011funu herkese g\u00f6ster ya Rabbi. Amin!\u201d ifadelerini kulland\u0131.<\/p>\n<p><strong>P\u0130RHA<\/strong><\/p>\n","protected":false},"excerpt":{"rendered":"<p>Cumhurba\u015fkan\u0131 aday\u0131 Kemal K\u0131l\u0131\u00e7daro\u011flu, AKP\u2019li Cumhurba\u015fkan\u0131 Tayyip Erdo\u011fan\u2019\u0131n montaj itiraf\u0131na \u201cMontajc\u0131 sahtekar\u201d diyerek tepki g\u00f6sterdi AKP\u2019li Cumhurba\u015fkan\u0131 Erdo\u011fan, CHP\u2019nin reklam filmindeki montaj g\u00f6r\u00fcnt\u00fcleri itiraf etti. AKP\u2019li Cumhurba\u015fkan\u0131 Recep Tayyip Erdo\u011fan, kat\u0131ld\u0131\u011f\u0131 canl\u0131 yay\u0131nda g\u00fcndeme ili\u015fkin sorular\u0131 yan\u0131tlad\u0131. Abd\u00fclkadir Selvi\u2019nin \u201cKim ne ile video \u00e7ekmi\u015f\u201d sorusuna Erdo\u011fan, Millet \u0130ttifak\u0131 Cumhurba\u015fkan\u0131 Aday\u0131 Kemal K\u0131l\u0131\u00e7daro\u011flu\u2019nun Kandil\u2019de video kayd\u0131n\u0131n oldu\u011funu iddia etti. Montaj oldu\u011fu bilinen video hakk\u0131nda Erdo\u011fan,\u00a0\u201cK\u0131l\u0131\u00e7daro\u011flu, Kandil\u2019dekilerle video \u00e7ekimleri var, bunlar\u0131 yay\u0131mlad\u0131lar\u201d\u00a0dedi. Olu\u015fan sessizli\u011fin ard\u0131ndan Erdo\u011fan,\u00a0\u201cAma montaj ama \u015fu ama bu\u201d\u00a0ifadelerini kulland\u0131. Millet \u0130ttifak\u0131\u2019n\u0131n Cumhurba\u015fkan\u0131 Aday\u0131 ve CHP Genel Ba\u015fkan\u0131 Kemal K\u0131l\u0131\u00e7daro\u011flu ise AKP\u2019li Cumhurba\u015fkan\u0131 Tayyip Erdo\u011fan\u2019\u0131n canl\u0131 yay\u0131nda itiraf etti\u011fi montaj g\u00f6r\u00fcnt\u00fclere tepki g\u00f6sterdi. K\u0131l\u0131\u00e7daro\u011flu, Erdo\u011fan\u2019\u0131n \u201cmontaj\u201d yalan\u0131n\u0131 kabul etti\u011fi anlara ili\u015fkin g\u00f6r\u00fcnt\u00fcy\u00fc \u201cMontajc\u0131 sahtekar\u201d notuyla payla\u015ft\u0131. \u201cBEN \u0130FT\u0130RAYA U\u011eRAMAKTAN YORULDUM, BU BANA \u0130FT\u0130RA ATMAKTAN YORULMADI\u201d K\u0131l\u0131\u00e7daro\u011flu bir s\u00fcre sonra ise \u201cBen iftiraya u\u011framaktan yoruldum, bu bana iftira atmaktan yorulmad\u0131. Sen kimin temiz oldu\u011funu, kimin kirli oldu\u011funu herkese g\u00f6ster ya Rabbi. Amin!\u201d ifadelerini kulland\u0131. P\u0130RHA<\/p>\n","protected":false},"author":2,"featured_media":1150,"comment_status":"open","ping_status":"open","sticky":false,"template":"","format":"standard","meta":{"_joinchat":[],"footnotes":""},"categories":[23],"tags":[],"class_list":["post-1149","post","type-post","status-publish","format-standard","has-post-thumbnail","hentry","category-politika-siyaset"],"acf":[],"_links":{"self":[{"href":"https:\/\/radyomunzur.com\/index.php?rest_route=\/wp\/v2\/posts\/1149","targetHints":{"allow":["GET"]}}],"collection":[{"href":"https:\/\/radyomunzur.com\/index.php?rest_route=\/wp\/v2\/posts"}],"about":[{"href":"https:\/\/radyomunzur.com\/index.php?rest_route=\/wp\/v2\/types\/post"}],"author":[{"embeddable":true,"href":"https:\/\/radyomunzur.com\/index.php?rest_route=\/wp\/v2\/users\/2"}],"replies":[{"embeddable":true,"href":"https:\/\/radyomunzur.com\/index.php?rest_route=%2Fwp%2Fv2%2Fcomments&post=1149"}],"version-history":[{"count":2,"href":"https:\/\/radyomunzur.com\/index.php?rest_route=\/wp\/v2\/posts\/1149\/revisions"}],"predecessor-version":[{"id":1152,"href":"https:\/\/radyomunzur.com\/index.php?rest_route=\/wp\/v2\/posts\/1149\/revisions\/1152"}],"wp:featuredmedia":[{"embeddable":true,"href":"https:\/\/radyomunzur.com\/index.php?rest_route=\/wp\/v2\/media\/1150"}],"wp:attachment":[{"href":"https:\/\/radyomunzur.com\/index.php?rest_route=%2Fwp%2Fv2%2Fmedia&parent=1149"}],"wp:term":[{"taxonomy":"category","embeddable":true,"href":"https:\/\/radyomunzur.com\/index.php?rest_route=%2Fwp%2Fv2%2Fcategories&post=1149"},{"taxonomy":"post_tag","embeddable":true,"href":"https:\/\/radyomunzur.com\/index.php?rest_route=%2Fwp%2Fv2%2Ftags&post=1149"}],"curies":[{"name":"wp","href":"https:\/\/api.w.org\/{rel}","templated":true}]}}