{"id":1146,"date":"2023-05-23T07:35:22","date_gmt":"2023-05-23T11:35:22","guid":{"rendered":"https:\/\/radyomunzur.com\/?p=1146"},"modified":"2023-05-23T07:35:22","modified_gmt":"2023-05-23T11:35:22","slug":"daddan-kilicdarogluna-destek","status":"publish","type":"post","link":"https:\/\/radyomunzur.com\/?p=1146","title":{"rendered":"DAD\u2019dan K\u0131l\u0131\u00e7daro\u011flu\u2019na destek"},"content":{"rendered":"<p><strong>DAD, toplumu kutupla\u015ft\u0131ran bir siyaset anlay\u0131\u015f\u0131na \u201cDur\u201d demek i\u00e7in; se\u00e7imin ikinci turunda Cumhurba\u015fkan\u0131 Aday\u0131 Kemal K\u0131l\u0131\u00e7daro\u011flu\u2019nu destekleyeceklerini a\u00e7\u0131klad\u0131.<\/strong><\/p>\n<p>Demokratik Alevi Dernekleri (DAD) 28 May\u0131s\u2019ta yap\u0131lacak Cumhurba\u015fkanl\u0131\u011f\u0131 se\u00e7imine dair a\u00e7\u0131klama yay\u0131nlad\u0131.<\/p>\n<p>\u00dc\u00e7\u00fcnc\u00fc d\u00fcnya sava\u015f\u0131n\u0131n ya\u015fand\u0131\u011f\u0131 ko\u015fullarda T\u00fcrkiye\u2019nin Cumhurba\u015fkan\u0131 se\u00e7imlerinin ikinci turuna gitti\u011finin belirtildi\u011fi a\u00e7\u0131klamada,\u00a0\u201cBu bak\u0131mdan mevcut se\u00e7imler uluslararas\u0131 g\u00fc\u00e7 dengelerinden, \u00e7\u0131kar ili\u015fkilerinden ba\u011f\u0131ms\u0131z degildir. Zihniyet ve vicdan yap\u0131s\u0131n\u0131n iktidar ve sermaye g\u00fc\u00e7lerinin insaf\u0131na g\u00f6re in\u015fa edildi\u011fi; emek, bar\u0131\u015f, demokrasi, insan haklar\u0131na, birey, toplum ve do\u011faya ait ne varsa yok h\u00fckm\u00fcnde say\u0131ld\u0131\u011f\u0131; adaletin g\u00fc\u00e7\u00fc degil, muktedirin hukukunun esas al\u0131nd\u0131\u011f\u0131, hakikati dile getirenlerin bask\u0131 ve zul\u00fcm alt\u0131nda oldu\u011fu, cezaevlerindeki hak ihlallerinin ar\u015f-\u0131 \u00e2laya ula\u015ft\u0131\u011f\u0131 bir ortamda se\u00e7imlere gitmek; demokratik siyaseti savunanlara b\u00fcy\u00fck sorumluluklar y\u00fcklemektedir\u201d denildi.<\/p>\n<p>\u201cSiyasete kat\u0131lmak, siyasetin \u00f6znesi olmak, varolan k\u00f6t\u00fc gidi\u015fat\u0131 de\u011fi\u015ftirmek, ya\u015fan\u0131l\u0131r ortam in\u015fa etmek i\u00e7in\u00a0<strong>YA X\u00ceZ\u00ceR<\/strong>\u00a0diyerek z\u00fclme kar\u015f\u0131 ikrarl\u0131 birli\u011fe yol almak zaman\u0131d\u0131r\u201d denilen a\u00e7\u0131klamaya \u015f\u00f6yle devam edildi:<\/p>\n<p><strong>\u201cTOPLUMU KUTUPLA\u015eTIRAN S\u0130YASET ANLAYI\u015eINA DUR DEMEK \u0130\u00c7\u0130N\u2026\u201d<\/strong><\/p>\n<p>\u201c\u00d6z itibariyle devletin b\u00fct\u00fcn zor ve ideolojik ayg\u0131tlar\u0131 mevcut iktidar\u0131n elindedir. \u0130ktidar\u0131, bask\u0131y\u0131 y\u00f6netim ile ayn\u0131 manaya getiren; farkl\u0131l\u0131klar\u0131n ikrarl\u0131 birli\u011fini kabul etmeyen; kad\u0131n\u0131n d\u00fc\u015f\u00fcnsel, \u00f6rg\u00fctsel, k\u00fclt\u00fcrel, sosyal, siyasal, ekonomik alanlarda \u00f6z dinamiklerine kavu\u015fmas\u0131n\u0131 istemeyen, ekonomik de\u011ferleri belli kesimde tekelle\u015ftiren, birikimleri ya\u011fmalayan, K\u00fcrt-T\u00fcrk, Alevi-S\u00fcnni ayr\u0131lmas\u0131n\u0131 derinle\u015ftirerek toplumu kutupla\u015ft\u0131ran bir siyaset anlay\u0131\u015f\u0131na \u201cDur\u201d demek i\u00e7in; se\u00e7imin ikinci turunda say\u0131n Kemal K\u0131l\u0131\u00e7daro\u011flu\u2019nu destekledi\u011fimizin bilinmesini isteriz.<br \/>\nZaman\u0131n ve mekan\u0131n ruhuna demokrasi g\u00fc\u00e7lerine tarihi sorumluluklar y\u00fcklemektedir. Bu sorumlulu\u011fun gere\u011fi olarak; c\u00fcmle canlar\u0131n sand\u0131\u011fa gitmesi bir sorumluluktur. Zaman sahipsiz, mekan r\u0131zas\u0131z, mazlum \u00e7aresiz de\u011fildir.\u201d<\/p>\n<p><strong>P\u0130RHA<\/strong><\/p>\n","protected":false},"excerpt":{"rendered":"<p>DAD, toplumu kutupla\u015ft\u0131ran bir siyaset anlay\u0131\u015f\u0131na \u201cDur\u201d demek i\u00e7in; se\u00e7imin ikinci turunda Cumhurba\u015fkan\u0131 Aday\u0131 Kemal K\u0131l\u0131\u00e7daro\u011flu\u2019nu destekleyeceklerini a\u00e7\u0131klad\u0131. Demokratik Alevi Dernekleri (DAD) 28 May\u0131s\u2019ta yap\u0131lacak Cumhurba\u015fkanl\u0131\u011f\u0131 se\u00e7imine dair a\u00e7\u0131klama yay\u0131nlad\u0131. \u00dc\u00e7\u00fcnc\u00fc d\u00fcnya sava\u015f\u0131n\u0131n ya\u015fand\u0131\u011f\u0131 ko\u015fullarda T\u00fcrkiye\u2019nin Cumhurba\u015fkan\u0131 se\u00e7imlerinin ikinci turuna gitti\u011finin belirtildi\u011fi a\u00e7\u0131klamada,\u00a0\u201cBu bak\u0131mdan mevcut se\u00e7imler uluslararas\u0131 g\u00fc\u00e7 dengelerinden, \u00e7\u0131kar ili\u015fkilerinden ba\u011f\u0131ms\u0131z degildir. Zihniyet ve vicdan yap\u0131s\u0131n\u0131n iktidar ve sermaye g\u00fc\u00e7lerinin insaf\u0131na g\u00f6re in\u015fa edildi\u011fi; emek, bar\u0131\u015f, demokrasi, insan haklar\u0131na, birey, toplum ve do\u011faya ait ne varsa yok h\u00fckm\u00fcnde say\u0131ld\u0131\u011f\u0131; adaletin g\u00fc\u00e7\u00fc degil, muktedirin hukukunun esas al\u0131nd\u0131\u011f\u0131, hakikati dile getirenlerin bask\u0131 ve zul\u00fcm alt\u0131nda oldu\u011fu, cezaevlerindeki hak ihlallerinin ar\u015f-\u0131 \u00e2laya ula\u015ft\u0131\u011f\u0131 bir ortamda se\u00e7imlere gitmek; demokratik siyaseti savunanlara b\u00fcy\u00fck sorumluluklar y\u00fcklemektedir\u201d denildi. \u201cSiyasete kat\u0131lmak, siyasetin \u00f6znesi olmak, varolan k\u00f6t\u00fc gidi\u015fat\u0131 de\u011fi\u015ftirmek, ya\u015fan\u0131l\u0131r ortam in\u015fa etmek i\u00e7in\u00a0YA X\u00ceZ\u00ceR\u00a0diyerek z\u00fclme kar\u015f\u0131 ikrarl\u0131 birli\u011fe yol almak zaman\u0131d\u0131r\u201d denilen a\u00e7\u0131klamaya \u015f\u00f6yle devam edildi: \u201cTOPLUMU KUTUPLA\u015eTIRAN S\u0130YASET ANLAYI\u015eINA DUR DEMEK \u0130\u00c7\u0130N\u2026\u201d \u201c\u00d6z itibariyle devletin b\u00fct\u00fcn zor ve ideolojik ayg\u0131tlar\u0131 mevcut iktidar\u0131n elindedir. \u0130ktidar\u0131, bask\u0131y\u0131 y\u00f6netim ile ayn\u0131 manaya getiren; farkl\u0131l\u0131klar\u0131n ikrarl\u0131 birli\u011fini kabul etmeyen; kad\u0131n\u0131n d\u00fc\u015f\u00fcnsel, \u00f6rg\u00fctsel, k\u00fclt\u00fcrel, sosyal, siyasal, ekonomik alanlarda \u00f6z dinamiklerine kavu\u015fmas\u0131n\u0131 istemeyen, ekonomik de\u011ferleri belli kesimde tekelle\u015ftiren, birikimleri ya\u011fmalayan, K\u00fcrt-T\u00fcrk, Alevi-S\u00fcnni ayr\u0131lmas\u0131n\u0131 derinle\u015ftirerek toplumu kutupla\u015ft\u0131ran bir siyaset anlay\u0131\u015f\u0131na \u201cDur\u201d demek i\u00e7in; se\u00e7imin ikinci turunda say\u0131n Kemal K\u0131l\u0131\u00e7daro\u011flu\u2019nu destekledi\u011fimizin bilinmesini isteriz. Zaman\u0131n ve mekan\u0131n ruhuna demokrasi g\u00fc\u00e7lerine tarihi sorumluluklar y\u00fcklemektedir. Bu sorumlulu\u011fun gere\u011fi olarak; c\u00fcmle canlar\u0131n sand\u0131\u011fa gitmesi bir sorumluluktur. Zaman sahipsiz, mekan r\u0131zas\u0131z, mazlum \u00e7aresiz de\u011fildir.\u201d P\u0130RHA<\/p>\n","protected":false},"author":2,"featured_media":1147,"comment_status":"open","ping_status":"open","sticky":false,"template":"","format":"standard","meta":{"_joinchat":[],"footnotes":""},"categories":[23],"tags":[],"class_list":["post-1146","post","type-post","status-publish","format-standard","has-post-thumbnail","hentry","category-politika-siyaset"],"acf":[],"_links":{"self":[{"href":"https:\/\/radyomunzur.com\/index.php?rest_route=\/wp\/v2\/posts\/1146","targetHints":{"allow":["GET"]}}],"collection":[{"href":"https:\/\/radyomunzur.com\/index.php?rest_route=\/wp\/v2\/posts"}],"about":[{"href":"https:\/\/radyomunzur.com\/index.php?rest_route=\/wp\/v2\/types\/post"}],"author":[{"embeddable":true,"href":"https:\/\/radyomunzur.com\/index.php?rest_route=\/wp\/v2\/users\/2"}],"replies":[{"embeddable":true,"href":"https:\/\/radyomunzur.com\/index.php?rest_route=%2Fwp%2Fv2%2Fcomments&post=1146"}],"version-history":[{"count":1,"href":"https:\/\/radyomunzur.com\/index.php?rest_route=\/wp\/v2\/posts\/1146\/revisions"}],"predecessor-version":[{"id":1148,"href":"https:\/\/radyomunzur.com\/index.php?rest_route=\/wp\/v2\/posts\/1146\/revisions\/1148"}],"wp:featuredmedia":[{"embeddable":true,"href":"https:\/\/radyomunzur.com\/index.php?rest_route=\/wp\/v2\/media\/1147"}],"wp:attachment":[{"href":"https:\/\/radyomunzur.com\/index.php?rest_route=%2Fwp%2Fv2%2Fmedia&parent=1146"}],"wp:term":[{"taxonomy":"category","embeddable":true,"href":"https:\/\/radyomunzur.com\/index.php?rest_route=%2Fwp%2Fv2%2Fcategories&post=1146"},{"taxonomy":"post_tag","embeddable":true,"href":"https:\/\/radyomunzur.com\/index.php?rest_route=%2Fwp%2Fv2%2Ftags&post=1146"}],"curies":[{"name":"wp","href":"https:\/\/api.w.org\/{rel}","templated":true}]}}