{"id":1140,"date":"2023-05-23T07:22:46","date_gmt":"2023-05-23T11:22:46","guid":{"rendered":"https:\/\/radyomunzur.com\/?p=1140"},"modified":"2023-05-23T08:02:31","modified_gmt":"2023-05-23T12:02:31","slug":"senyasardan-28-mayis-cagrisi-degisim-yaratmaktan-baska-caremiz-yok","status":"publish","type":"post","link":"https:\/\/radyomunzur.com\/?p=1140","title":{"rendered":"\u015eenya\u015far\u2019dan 28 May\u0131s \u00e7a\u011fr\u0131s\u0131: De\u011fi\u015fim yaratmaktan ba\u015fka \u00e7aremiz yok"},"content":{"rendered":"<div>\u201cBirlikte de\u011fi\u015ftirebiliriz\u201d diyerek 28 May\u0131s se\u00e7imlerine kat\u0131l\u0131m \u00e7a\u011fr\u0131s\u0131 yapan Ye\u015fil Sol Parti Riha Milletvekili Ferit \u015eenya\u015far, \u201cBir de\u011fi\u015fim yaratmaktan ba\u015fka bir \u00e7aremiz yok\u201d dedi.<\/div>\n<div>Cumhurba\u015fkanl\u0131\u011f\u0131 ve 28. D\u00f6nem Milletvekili Se\u00e7imlerinde 64 milyon 190 bin 651 se\u00e7menden 55 milyon 761 bin 445\u2019i oy kulland\u0131. 8 milyon 352 bin 496 se\u00e7men sand\u0131k ba\u015f\u0131na gitmedi, 1 milyon 36 bin 565 se\u00e7menin oyu da ge\u00e7ersiz say\u0131ld\u0131. Cumhurba\u015fkanl\u0131\u011f\u0131 se\u00e7imlerinde 4 aday da gerekli olan y\u00fczde 50 art\u0131 bir oy oran\u0131na ula\u015famad\u0131\u011f\u0131 i\u00e7in se\u00e7imler ikinci tura kald\u0131. Se\u00e7men 28 May\u0131s\u2019ta ikinci kez sand\u0131k ba\u015f\u0131na giderek, en \u00e7ok oy alan Cumhur \u0130ttifak\u0131 aday\u0131 Tayyip Erdo\u011fan ve Millet \u0130ttifak\u0131 aday\u0131 Kemal K\u0131l\u0131\u00e7daro\u011flu aras\u0131nda tercih yapacak.<\/div>\n<div><strong>\u2018SANDIKTAN HALK \u0130RADES\u0130 \u00c7IKMADI\u2019<\/strong><\/div>\n<div>Yurti\u00e7inde yap\u0131lacak olan se\u00e7imlere say\u0131l\u0131 g\u00fcnler kala, siyasi partiler 14 May\u0131s\u2019ta sand\u0131k ba\u015f\u0131na gitmeyen y\u00fczde 13,02\u2019lik kesimin sand\u0131\u011fa gitmesi i\u00e7in \u00e7al\u0131\u015fmalar\u0131n\u0131 s\u00fcrd\u00fcr\u00fcyor. Ye\u015filler ve Sol Gelecek Partisi (Ye\u015fil Sol Parti) Riha Milletvekili Ferit \u015eenyayar, 28 May\u0131s\u2019ta yap\u0131lacak olan se\u00e7imlerin \u00f6nemine dikkat \u00e7ekerek, b\u00fct\u00fcn yurtta\u015flar\u0131 sand\u0131k ba\u015f\u0131na gitmeye \u00e7a\u011f\u0131rd\u0131. 14 May\u0131s se\u00e7imlerini hat\u0131rlatan \u015eenya\u015far, \u201cBuradaki en temel beklentimiz sand\u0131\u011fa ne girdiyse, onun \u00e7\u0131kmas\u0131yd\u0131. Halk ne karar verdiyse, onun iradesinin \u00e7\u0131kmas\u0131 i\u00e7in m\u00fccadele ettik. Fakat say\u0131mlar yap\u0131ld\u0131ktan sonra veriler sisteme ge\u00e7irildi\u011fi zaman YSK ile sand\u0131k ba\u015f\u0131nda imzalanan \u0131slak imzal\u0131 tutanaklar\u0131n birbirini tutmad\u0131\u011f\u0131n\u0131 g\u00f6rd\u00fck. Bu konuda gerekli incelemeleri yapt\u0131ktan sonra itirazlarda bulunduk. \u0130tirazlar\u0131m\u0131z\u0131n bir k\u0131sm\u0131 kabul edildi ama itirazlar\u0131m\u0131z\u0131n b\u00fcy\u00fck bir b\u00f6l\u00fcm\u00fc reddedildi. Sonu\u00e7 itibariyle maalesef sand\u0131klardan halk\u0131n iradesi \u00e7\u0131kmad\u0131\u201d dedi.<\/div>\n<div><strong>\u2018T\u00dcRK\u0130YE\u2019DE DE\u011e\u0130\u015e\u0130M\u0130 YARATACA\u011eIZ\u2019<\/strong><\/div>\n<div>\u201cHer ne kadar 14 May\u0131s\u2019ta istedi\u011fimiz ba\u015far\u0131y\u0131 elde edemediysek de AKP iktidar\u0131n\u0131 durdurduk ve cumhurba\u015fkan\u0131 se\u00e7imleri ikinci tura kald\u0131\u201d diyen \u015eenya\u015far, \u201c\u00c7ok tarihi bir se\u00e7imdir. Bunun i\u00e7in sahaday\u0131z ve \u00e7al\u0131\u015fmalar\u0131m\u0131z\u0131 s\u00fcrd\u00fcr\u00fcyoruz. Sahada temas etti\u011fimiz herkes ya\u015fanan durumdan \u015fik\u00e2yet\u00e7i. Esnaf peri\u015fan durumda. Halk, ekonomik krizin cenderesinde. Bunun i\u00e7in herkes bir de\u011fi\u015fim istiyor. 28 May\u0131s daha g\u00fc\u00e7l\u00fc bir \u015fekilde sand\u0131klar\u0131n ba\u015f\u0131nda olaca\u011f\u0131z. Halk\u0131n iradesinin sand\u0131\u011fa yans\u0131d\u0131\u011f\u0131 gibi \u00e7\u0131kmas\u0131 i\u00e7in b\u00fcy\u00fck bir \u00f6zveri ile \u00e7al\u0131\u015faca\u011f\u0131z ve T\u00fcrkiye\u2019de de\u011fi\u015fimi yarataca\u011f\u0131z. Ba\u015fka \u00e7are yok. \u00c7\u00fcnk\u00fc e\u011fer mevcut iktidar bu se\u00e7imleri tekrar bir \u015fekilde almay\u0131 ba\u015far\u0131rsa, \u00fclkeyi b\u00fcy\u00fck bir felaket bekliyor olacak. Halk\u0131m\u0131z da bunun fark\u0131nda ve tedirgin bir \u015fekilde bekliyor\u201d diye konu\u015ftu.<\/div>\n<div>14 May\u0131s\u2019ta oy kullanmayan 8 milyon se\u00e7meni 28 May\u0131s\u2019ta sand\u0131k ba\u015f\u0131na ta\u015f\u0131mak i\u00e7in \u00e7al\u0131\u015fma y\u00fcr\u00fctt\u00fcklerini aktaran \u015eenya\u015far, \u201cT\u00fcrkiye\u2019de b\u00fcy\u00fck bir umutsuzluk var ama bizler inan\u00e7l\u0131y\u0131z ve kararl\u0131y\u0131z. M\u00fccadelemizi s\u00fcrd\u00fcrece\u011fiz. Bu iktidar\u0131 de\u011fi\u015ftirece\u011fiz. Halk\u0131n iradesine sahip \u00e7\u0131kmak i\u00e7in ne gerekiyorsa yapaca\u011f\u0131z\u201d ifadelerini kulland\u0131.<\/div>\n<div><strong>\u2018KARARLILIKLA M\u00dcCADELEM\u0130Z\u0130 S\u00dcRD\u00dcR\u00dcYORUZ\u2019<\/strong><\/div>\n<div>Annesi Emine \u015eenya\u015far ile birlikte Urfa Adliye\u2019si \u00f6n\u00fcnde 2 y\u0131ld\u0131r Adalet N\u00f6beti\u2019nde olduklar\u0131n\u0131 vurgulayan \u015eenya\u015far, \u201c\u015eu an b\u00fct\u00fcn Urfa halk\u0131yla beraber bu m\u00fccadelemizi b\u00fcy\u00fct\u00fcyoruz. Ortada b\u00fcy\u00fck bir zul\u00fcm ve adaletsizlik var. Bu zulm\u00fc ve adaletsizli\u011fi yapan iktidar partisinin milletvekilleri ve bakanlar\u0131d\u0131r. \u00dclkenin ba\u015f\u0131nda bulunan Cumhurba\u015fkan\u0131 da bundan sorumludur. Bizlerin bir de\u011fi\u015fimi yaratmaktan ba\u015fka bir \u00e7aresi yok. Bunun i\u00e7in m\u00fccadelemizi b\u00fcy\u00fcterek s\u00fcrd\u00fcr\u00fcyoruz. \u0130ki y\u0131ld\u0131r adliye \u00f6n\u00fcndeyiz. \u015eu an b\u00fct\u00fcn Urfa halk\u0131n\u0131n sorumlulu\u011funu ta\u015f\u0131yoruz. Urfa halk\u0131n\u0131n istedi\u011fi de\u011fi\u015fimin demokratik ko\u015fullarla olu\u015fmas\u0131 i\u00e7in de \u00e7al\u0131\u015fmalar\u0131m\u0131z\u0131 yo\u011fun ve kararl\u0131 bir \u015fekilde s\u00fcrd\u00fcr\u00fcyoruz. Bizlerde y\u0131lg\u0131nl\u0131k yok. \u0130nan\u00e7la kararl\u0131l\u0131kla bu m\u00fccadelemizi s\u00fcrd\u00fcrece\u011fiz\u201d \u015feklinde konu\u015ftu.<\/div>\n<div><strong>\u2018B\u0130RL\u0130KTE DE\u011e\u0130\u015eT\u0130REB\u0130L\u0130R\u0130Z\u2019<\/strong><\/div>\n<div>Se\u00e7mene \u00e7a\u011fr\u0131da bulunan \u015eenya\u015far, \u201cBirlikte de\u011fi\u015ftirebiliriz. Halk\u0131m\u0131z hi\u00e7bir zaman \u00fcmitsizli\u011fe kap\u0131lmas\u0131n. De\u011fi\u015fim olacak, yeter ki halk\u0131m\u0131z g\u00fcvensin ve sand\u0131\u011fa gitsin. Herkesin yurtta\u015fl\u0131k g\u00f6revini yapmas\u0131 gerekiyor. E\u011fer herkes yurtta\u015fl\u0131k g\u00f6revini yaparak sand\u0131\u011fa giderse, bir de\u011fi\u015fim olacakt\u0131r\u201d dedi.<\/div>\n<div><\/div>\n<div><em><strong>MA \/ \u00d6mer Ak\u0131n<\/strong><\/em><\/div>\n","protected":false},"excerpt":{"rendered":"<p>\u201cBirlikte de\u011fi\u015ftirebiliriz\u201d diyerek 28 May\u0131s se\u00e7imlerine kat\u0131l\u0131m \u00e7a\u011fr\u0131s\u0131 yapan Ye\u015fil Sol Parti Riha Milletvekili Ferit \u015eenya\u015far, \u201cBir de\u011fi\u015fim yaratmaktan ba\u015fka bir \u00e7aremiz yok\u201d dedi. Cumhurba\u015fkanl\u0131\u011f\u0131 ve 28. D\u00f6nem Milletvekili Se\u00e7imlerinde 64 milyon 190 bin 651 se\u00e7menden 55 milyon 761 bin 445\u2019i oy kulland\u0131. 8 milyon 352 bin 496 se\u00e7men sand\u0131k ba\u015f\u0131na gitmedi, 1 milyon 36 bin 565 se\u00e7menin oyu da ge\u00e7ersiz say\u0131ld\u0131. Cumhurba\u015fkanl\u0131\u011f\u0131 se\u00e7imlerinde 4 aday da gerekli olan y\u00fczde 50 art\u0131 bir oy oran\u0131na ula\u015famad\u0131\u011f\u0131 i\u00e7in se\u00e7imler ikinci tura kald\u0131. Se\u00e7men 28 May\u0131s\u2019ta ikinci kez sand\u0131k ba\u015f\u0131na giderek, en \u00e7ok oy alan Cumhur \u0130ttifak\u0131 aday\u0131 Tayyip Erdo\u011fan ve Millet \u0130ttifak\u0131 aday\u0131 Kemal K\u0131l\u0131\u00e7daro\u011flu aras\u0131nda tercih yapacak. \u2018SANDIKTAN HALK \u0130RADES\u0130 \u00c7IKMADI\u2019 Yurti\u00e7inde yap\u0131lacak olan se\u00e7imlere say\u0131l\u0131 g\u00fcnler kala, siyasi partiler 14 May\u0131s\u2019ta sand\u0131k ba\u015f\u0131na gitmeyen y\u00fczde 13,02\u2019lik kesimin sand\u0131\u011fa gitmesi i\u00e7in \u00e7al\u0131\u015fmalar\u0131n\u0131 s\u00fcrd\u00fcr\u00fcyor. Ye\u015filler ve Sol Gelecek Partisi (Ye\u015fil Sol Parti) Riha Milletvekili Ferit \u015eenyayar, 28 May\u0131s\u2019ta yap\u0131lacak olan se\u00e7imlerin \u00f6nemine dikkat \u00e7ekerek, b\u00fct\u00fcn yurtta\u015flar\u0131 sand\u0131k ba\u015f\u0131na gitmeye \u00e7a\u011f\u0131rd\u0131. 14 May\u0131s se\u00e7imlerini hat\u0131rlatan \u015eenya\u015far, \u201cBuradaki en temel beklentimiz sand\u0131\u011fa ne girdiyse, onun \u00e7\u0131kmas\u0131yd\u0131. Halk ne karar verdiyse, onun iradesinin \u00e7\u0131kmas\u0131 i\u00e7in m\u00fccadele ettik. Fakat say\u0131mlar yap\u0131ld\u0131ktan sonra veriler sisteme ge\u00e7irildi\u011fi zaman YSK ile sand\u0131k ba\u015f\u0131nda imzalanan \u0131slak imzal\u0131 tutanaklar\u0131n birbirini tutmad\u0131\u011f\u0131n\u0131 g\u00f6rd\u00fck. Bu konuda gerekli incelemeleri yapt\u0131ktan sonra itirazlarda bulunduk. \u0130tirazlar\u0131m\u0131z\u0131n bir k\u0131sm\u0131 kabul edildi ama itirazlar\u0131m\u0131z\u0131n b\u00fcy\u00fck bir b\u00f6l\u00fcm\u00fc reddedildi. Sonu\u00e7 itibariyle maalesef sand\u0131klardan halk\u0131n iradesi \u00e7\u0131kmad\u0131\u201d dedi. \u2018T\u00dcRK\u0130YE\u2019DE DE\u011e\u0130\u015e\u0130M\u0130 YARATACA\u011eIZ\u2019 \u201cHer ne kadar 14 May\u0131s\u2019ta istedi\u011fimiz ba\u015far\u0131y\u0131 elde edemediysek de AKP iktidar\u0131n\u0131 durdurduk ve cumhurba\u015fkan\u0131 se\u00e7imleri ikinci tura kald\u0131\u201d diyen \u015eenya\u015far, \u201c\u00c7ok tarihi bir se\u00e7imdir. Bunun i\u00e7in sahaday\u0131z ve \u00e7al\u0131\u015fmalar\u0131m\u0131z\u0131 s\u00fcrd\u00fcr\u00fcyoruz. Sahada temas etti\u011fimiz herkes ya\u015fanan durumdan \u015fik\u00e2yet\u00e7i. Esnaf peri\u015fan durumda. Halk, ekonomik krizin cenderesinde. Bunun i\u00e7in herkes bir de\u011fi\u015fim istiyor. 28 May\u0131s daha g\u00fc\u00e7l\u00fc bir \u015fekilde sand\u0131klar\u0131n ba\u015f\u0131nda olaca\u011f\u0131z. Halk\u0131n iradesinin sand\u0131\u011fa yans\u0131d\u0131\u011f\u0131 gibi \u00e7\u0131kmas\u0131 i\u00e7in b\u00fcy\u00fck bir \u00f6zveri ile \u00e7al\u0131\u015faca\u011f\u0131z ve T\u00fcrkiye\u2019de de\u011fi\u015fimi yarataca\u011f\u0131z. Ba\u015fka \u00e7are yok. \u00c7\u00fcnk\u00fc e\u011fer mevcut iktidar bu se\u00e7imleri tekrar bir \u015fekilde almay\u0131 ba\u015far\u0131rsa, \u00fclkeyi b\u00fcy\u00fck bir felaket bekliyor olacak. Halk\u0131m\u0131z da bunun fark\u0131nda ve tedirgin bir \u015fekilde bekliyor\u201d diye konu\u015ftu. 14 May\u0131s\u2019ta oy kullanmayan 8 milyon se\u00e7meni 28 May\u0131s\u2019ta sand\u0131k ba\u015f\u0131na ta\u015f\u0131mak i\u00e7in \u00e7al\u0131\u015fma y\u00fcr\u00fctt\u00fcklerini aktaran \u015eenya\u015far, \u201cT\u00fcrkiye\u2019de b\u00fcy\u00fck bir umutsuzluk var ama bizler inan\u00e7l\u0131y\u0131z ve kararl\u0131y\u0131z. M\u00fccadelemizi s\u00fcrd\u00fcrece\u011fiz. Bu iktidar\u0131 de\u011fi\u015ftirece\u011fiz. Halk\u0131n iradesine sahip \u00e7\u0131kmak i\u00e7in ne gerekiyorsa yapaca\u011f\u0131z\u201d ifadelerini kulland\u0131. \u2018KARARLILIKLA M\u00dcCADELEM\u0130Z\u0130 S\u00dcRD\u00dcR\u00dcYORUZ\u2019 Annesi Emine \u015eenya\u015far ile birlikte Urfa Adliye\u2019si \u00f6n\u00fcnde 2 y\u0131ld\u0131r Adalet N\u00f6beti\u2019nde olduklar\u0131n\u0131 vurgulayan \u015eenya\u015far, \u201c\u015eu an b\u00fct\u00fcn Urfa halk\u0131yla beraber bu m\u00fccadelemizi b\u00fcy\u00fct\u00fcyoruz. Ortada b\u00fcy\u00fck bir zul\u00fcm ve adaletsizlik var. Bu zulm\u00fc ve adaletsizli\u011fi yapan iktidar partisinin milletvekilleri ve bakanlar\u0131d\u0131r. \u00dclkenin ba\u015f\u0131nda bulunan Cumhurba\u015fkan\u0131 da bundan sorumludur. Bizlerin bir de\u011fi\u015fimi yaratmaktan ba\u015fka bir \u00e7aresi yok. Bunun i\u00e7in m\u00fccadelemizi b\u00fcy\u00fcterek s\u00fcrd\u00fcr\u00fcyoruz. \u0130ki y\u0131ld\u0131r adliye \u00f6n\u00fcndeyiz. \u015eu an b\u00fct\u00fcn Urfa halk\u0131n\u0131n sorumlulu\u011funu ta\u015f\u0131yoruz. Urfa halk\u0131n\u0131n istedi\u011fi de\u011fi\u015fimin demokratik ko\u015fullarla olu\u015fmas\u0131 i\u00e7in de \u00e7al\u0131\u015fmalar\u0131m\u0131z\u0131 yo\u011fun ve kararl\u0131 bir \u015fekilde s\u00fcrd\u00fcr\u00fcyoruz. Bizlerde y\u0131lg\u0131nl\u0131k yok. \u0130nan\u00e7la kararl\u0131l\u0131kla bu m\u00fccadelemizi s\u00fcrd\u00fcrece\u011fiz\u201d \u015feklinde konu\u015ftu. \u2018B\u0130RL\u0130KTE DE\u011e\u0130\u015eT\u0130REB\u0130L\u0130R\u0130Z\u2019 Se\u00e7mene \u00e7a\u011fr\u0131da bulunan \u015eenya\u015far, \u201cBirlikte de\u011fi\u015ftirebiliriz. Halk\u0131m\u0131z hi\u00e7bir zaman \u00fcmitsizli\u011fe kap\u0131lmas\u0131n. De\u011fi\u015fim olacak, yeter ki halk\u0131m\u0131z g\u00fcvensin ve sand\u0131\u011fa gitsin. Herkesin yurtta\u015fl\u0131k g\u00f6revini yapmas\u0131 gerekiyor. E\u011fer herkes yurtta\u015fl\u0131k g\u00f6revini yaparak sand\u0131\u011fa giderse, bir de\u011fi\u015fim olacakt\u0131r\u201d dedi. MA \/ \u00d6mer Ak\u0131n<\/p>\n","protected":false},"author":2,"featured_media":1141,"comment_status":"open","ping_status":"open","sticky":false,"template":"","format":"standard","meta":{"_joinchat":[],"footnotes":""},"categories":[23],"tags":[],"class_list":["post-1140","post","type-post","status-publish","format-standard","has-post-thumbnail","hentry","category-politika-siyaset"],"acf":[],"_links":{"self":[{"href":"https:\/\/radyomunzur.com\/index.php?rest_route=\/wp\/v2\/posts\/1140","targetHints":{"allow":["GET"]}}],"collection":[{"href":"https:\/\/radyomunzur.com\/index.php?rest_route=\/wp\/v2\/posts"}],"about":[{"href":"https:\/\/radyomunzur.com\/index.php?rest_route=\/wp\/v2\/types\/post"}],"author":[{"embeddable":true,"href":"https:\/\/radyomunzur.com\/index.php?rest_route=\/wp\/v2\/users\/2"}],"replies":[{"embeddable":true,"href":"https:\/\/radyomunzur.com\/index.php?rest_route=%2Fwp%2Fv2%2Fcomments&post=1140"}],"version-history":[{"count":1,"href":"https:\/\/radyomunzur.com\/index.php?rest_route=\/wp\/v2\/posts\/1140\/revisions"}],"predecessor-version":[{"id":1142,"href":"https:\/\/radyomunzur.com\/index.php?rest_route=\/wp\/v2\/posts\/1140\/revisions\/1142"}],"wp:featuredmedia":[{"embeddable":true,"href":"https:\/\/radyomunzur.com\/index.php?rest_route=\/wp\/v2\/media\/1141"}],"wp:attachment":[{"href":"https:\/\/radyomunzur.com\/index.php?rest_route=%2Fwp%2Fv2%2Fmedia&parent=1140"}],"wp:term":[{"taxonomy":"category","embeddable":true,"href":"https:\/\/radyomunzur.com\/index.php?rest_route=%2Fwp%2Fv2%2Fcategories&post=1140"},{"taxonomy":"post_tag","embeddable":true,"href":"https:\/\/radyomunzur.com\/index.php?rest_route=%2Fwp%2Fv2%2Ftags&post=1140"}],"curies":[{"name":"wp","href":"https:\/\/api.w.org\/{rel}","templated":true}]}}