{"id":1120,"date":"2023-05-22T04:14:47","date_gmt":"2023-05-22T08:14:47","guid":{"rendered":"https:\/\/radyomunzur.com\/?p=1120"},"modified":"2023-05-22T04:14:47","modified_gmt":"2023-05-22T08:14:47","slug":"halkimizi-sandiga-gitmeye-cagiriyoruz","status":"publish","type":"post","link":"https:\/\/radyomunzur.com\/?p=1120","title":{"rendered":"\u201cHALKIMIZI SANDI\u011eA G\u0130TMEYE \u00c7A\u011eIRIYORUZ\u201d"},"content":{"rendered":"<p><strong>Ye\u015fil Sol Parti Dersim \u0130l E\u015f S\u00f6zc\u00fcs\u00fc \u00d6zcan G\u00fcrta\u015f, HDP Dersim \u0130l E\u015f Ba\u015fkan\u0131 Nazl\u0131 \u00c7elik \u00d6z, CHP Dersim \u0130l Ba\u015fkan\u0131 H\u0131d\u0131r Mercan, SMF Temsilcisi Evrim Konak ve EMEP Dersim \u0130l Ba\u015fkan\u0131 Ergin Tekin, 28 May\u0131s\u2019ta yap\u0131lacak cumhurba\u015fkanl\u0131\u011f\u0131 se\u00e7iminde oy kullanma \u00e7a\u011fr\u0131s\u0131 yaparak, \u201c28 May\u0131s\u2019ta yap\u0131lacak se\u00e7im T\u00fcrkiye\u2019nin kader se\u00e7imidir, halk\u0131m\u0131z\u0131 sand\u0131\u011fa gitmeye \u00e7a\u011f\u0131r\u0131yoruz\u201d dediler.<\/strong><\/p>\n<div class=\"epyt-video-wrapper fluid-width-video-wrapper\"><iframe id=\"_ytid_10799\" class=\"__youtube_prefs__  epyt-is-override  no-lazyload\" title=\"'28 May\u0131s\u2019ta yap\u0131lacak se\u00e7im T\u00fcrkiye\u2019nin kader se\u00e7imi, herkes sand\u0131\u011fa gitsin'\" src=\"https:\/\/www.youtube.com\/embed\/kNcq7fSG0T0?enablejsapi=1&amp;autoplay=0&amp;cc_load_policy=0&amp;cc_lang_pref=tr&amp;iv_load_policy=3&amp;loop=0&amp;modestbranding=1&amp;rel=0&amp;fs=1&amp;playsinline=0&amp;autohide=2&amp;hl=tr_TR&amp;theme=dark&amp;color=red&amp;controls=1&amp;\" allowfullscreen=\"allowfullscreen\" data-origwidth=\"1170\" data-origheight=\"658\" data-no-lazy=\"1\" data-skipgform_ajax_framebjll=\"\" data-mce-fragment=\"1\"><\/iframe><\/div>\n<p>14 May\u0131s\u2019ta yap\u0131lan cumhurba\u015fkanl\u0131\u011f\u0131 se\u00e7iminde Recep Tayyip Erdo\u011fan\u2019\u0131n %49,52, Kemal K\u0131l\u0131\u00e7daro\u011flu\u2019nun ise %44,88 oran\u0131nda oy almas\u0131 se\u00e7imi ikinci tura g\u00f6t\u00fcrd\u00fc. Cumhurba\u015fkan\u0131 2. tur se\u00e7imi 28 May\u0131s Pazar g\u00fcn\u00fc yap\u0131lacak. 2. tur se\u00e7imde Millet \u0130ttifak\u0131\u2019n\u0131n Aday\u0131 Kemal K\u0131l\u0131\u00e7daro\u011flu ve Cumhur \u0130ttifak\u0131\u2019n\u0131n Aday\u0131 Recep Tayyip Erdo\u011fan yar\u0131\u015facak.<\/p>\n<p>Ye\u015filler ve Sol Gelecek Partisi (Ye\u015fil Sol Parti) Dersim \u0130l E\u015f S\u00f6zc\u00fcs\u00fc \u00d6zcan G\u00fcrta\u015f, Halklar\u0131n Demokratik Partisi (HDP) Dersim \u0130l E\u015f Ba\u015fkan\u0131 Nazl\u0131 \u00c7elik \u00d6z, Cumhuriyet Halk Partisi (CHP) Dersim \u0130l Ba\u015fkan\u0131 H\u0131d\u0131r Mercan, Sosyalist Meclisler Federasyonu (SMF) Temsilcisi Evrim Konak ve Emek Partisi (EMEP) Dersim \u0130l Ba\u015fkan\u0131 Ergin Tekin 2. tur cumhurba\u015fkanl\u0131\u011f\u0131 se\u00e7imi i\u00e7in kat\u0131l\u0131m \u00e7a\u011fr\u0131s\u0131 yapt\u0131.<\/p>\n<p><strong>\u201cHERKES\u0130N SANDIK BA\u015eINA G\u0130TMES\u0130 GEREK\u0130YOR\u201d<\/strong><\/p>\n<p>14 May\u0131s\u2019ta yap\u0131lan se\u00e7imlerin bekledikleri gibi sonu\u00e7lanmad\u0131\u011f\u0131n\u0131 belirten Ye\u015fil Sol Parti Dersim \u0130l E\u015f S\u00f6zc\u00fcs\u00fc\u00a0<strong>\u00d6zcan G\u00fcrta\u015f<\/strong>, \u201c28 May\u0131s\u2019ta yap\u0131lacak se\u00e7imlere daha g\u00fc\u00e7l\u00fc bir kat\u0131l\u0131m\u0131n olmas\u0131 gerekiyor. T\u00fcrkiye\u2019nin yeni y\u00fczy\u0131l\u0131nda 21 y\u0131l boyunca ya\u015fad\u0131klar\u0131m\u0131z\u0131 5 y\u0131l daha ya\u015famamak i\u00e7in herkesin sand\u0131k ba\u015f\u0131na gitmesi gerekiyor. T\u00fcrkiye\u2019de yakla\u015f\u0131k 8.5 milyon se\u00e7menin oy kullanmad\u0131\u011f\u0131 a\u00e7\u0131kland\u0131. \u00c7a\u011fr\u0131m\u0131z oy kullanmayan insanlar\u0131n hayat\u0131nda bir defa da olsa sand\u0131\u011fa gidip oy kullanmalar\u0131d\u0131r\u201d diye belirtti.<\/p>\n<p><strong>\u201cHALKIMIZI SANDI\u011eA G\u0130TMEYE \u00c7A\u011eIRIYORUZ\u201d<\/strong><\/p>\n<p>28 May\u0131s\u2019taki se\u00e7imlerde 14 May\u0131s\u2019taki ruhla \u00e7al\u0131\u015fmalar\u0131 devam ettireceklerini ifade eden HDP Dersim \u0130l E\u015f Ba\u015fkan\u0131\u00a0<strong>Nazl\u0131 \u00c7elik \u00d6z<\/strong>, \u201cHalklar\u0131n inanc\u0131 tek ve ortakt\u0131r. Se\u00e7im sonu\u00e7lar\u0131 nedeniyle insanlarda bir k\u0131r\u0131lganl\u0131k var ama 28 May\u0131s\u2019ta yap\u0131lacak se\u00e7imi kazanaca\u011f\u0131m\u0131za y\u00f6nelik umudumuz tamd\u0131r. Halk\u0131m\u0131z\u0131 sand\u0131\u011fa gitmeye \u00e7a\u011f\u0131r\u0131yoruz\u201d dedi.<\/p>\n<p><strong>\u201c28 MAYIS, T\u00dcNEL\u0130N SONUNDA G\u00d6R\u00dcNEN SON I\u015eIK\u201d<\/strong><\/p>\n<p>28 May\u0131s\u2019ta yap\u0131lacak se\u00e7imin T\u00fcrkiye\u2019nin kader se\u00e7imi oldu\u011funu vurgulayan CHP Dersim \u0130l Ba\u015fkan\u0131\u00a0<strong>H\u0131d\u0131r Mercan<\/strong>, \u201c28 May\u0131s\u2019taki se\u00e7im t\u00fcnelin sonunda g\u00f6r\u00fcnen en son \u0131\u015f\u0131kt\u0131r. Biz bu \u0131\u015f\u0131\u011f\u0131 ayd\u0131nl\u0131\u011fa d\u00f6n\u00fc\u015ft\u00fcr\u00fcp T\u00fcrkiye\u2019yi yeniden kalk\u0131nd\u0131ran bir y\u00f6netim bi\u00e7imine kavu\u015fabiliriz. 28 May\u0131s\u2019ta yap\u0131lacak se\u00e7imde herkes sand\u0131\u011fa gitsin\u201d diye ifade etti.<\/p>\n<p><strong>21 YILDIR T\u00dcRK\u0130YE\u2019N\u0130N B\u00dcT\u00dcN HALKLARI CAN \u00c7EK\u0130\u015e\u0130YOR\u201d<\/strong><\/p>\n<p>21 y\u0131ld\u0131r T\u00fcrkiye\u2019nin b\u00fct\u00fcn halklar\u0131n\u0131n can \u00e7eki\u015fti\u011fini s\u00f6yleyen SMF Temsilcisi\u00a0<strong>Evrim Konak<\/strong>, \u201cCumhur \u0130ttifak\u0131, H\u00dcDAPAR\u2019\u0131 meclise girmesini sa\u011flad\u0131, son bir haftada H\u00dcDAPAR\u2019\u0131n su\u00e7 makineleri serbest b\u0131rak\u0131ld\u0131 sadece d\u00fc\u015f\u00fcncesini ifade etti\u011fi i\u00e7in bir s\u00fcr\u00fc insan tutsak edilirken insanlar\u0131 domuz ba\u011f\u0131 ile katledenleri serbest b\u0131rakt\u0131ran bir Cumhur \u0130ttifak\u0131 ile kar\u015f\u0131 kar\u015f\u0131yay\u0131z. 5 y\u0131l daha nas\u0131l nefes alabiliriz diye d\u00fc\u015f\u00fcnemeyiz art\u0131k bu kadar gerici bir ittifaka 28 May\u0131s\u2019ta ge\u00e7it vermemeliyiz\u201d dedi.<\/p>\n<p><strong>\u201cSANDI\u011eA G\u0130D\u0130P, OYLARIMIZA SAH\u0130P \u00c7IKMALIYIZ\u201d<\/strong><\/p>\n<p>\u201914 May\u0131s\u2019ta yap\u0131lan se\u00e7imler AKP ve Recep Tayyip Erdo\u011fan\u2019\u0131n g\u00fc\u00e7 kaybetti\u011fini g\u00f6steriyor\u2019 diyen EMEP Dersim \u0130l Ba\u015fkan\u0131\u00a0<strong>Ergin Tekin<\/strong>, \u201c28 May\u0131s\u2019ta yap\u0131lacak se\u00e7imde psikolojik olarak AKP ve Recep Tayyip Erdo\u011fan \u00f6nde g\u00f6r\u00fcnse bile kazanamama ihtimalinin oldu\u011funu g\u00f6rmemiz gerekiyor. 28 May\u0131s se\u00e7imine giderken daha kararl\u0131 bir m\u00fccadele y\u00fcr\u00fctmek gerekiyor. 14 May\u0131s\u2019ta oy vermeyen kesimlerin ikna edilmesi i\u00e7in daha g\u00fc\u00e7l\u00fc bir \u00e7al\u0131\u015fma y\u00fcr\u00fctmemiz gerekiyor. Halk\u0131m\u0131za \u00e7a\u011fr\u0131m\u0131z 28 May\u0131s\u2019ta tek adam\u0131 g\u00f6ndermek i\u00e7in sand\u0131\u011fa gidip, oylar\u0131m\u0131za sahip \u00e7\u0131kmal\u0131y\u0131z\u201d diye konu\u015ftu.<\/p>\n<p><strong>P\u0130RHA\/DERS\u0130M<\/strong><\/p>\n","protected":false},"excerpt":{"rendered":"<p>Ye\u015fil Sol Parti Dersim \u0130l E\u015f S\u00f6zc\u00fcs\u00fc \u00d6zcan G\u00fcrta\u015f, HDP Dersim \u0130l E\u015f Ba\u015fkan\u0131 Nazl\u0131 \u00c7elik \u00d6z, CHP Dersim \u0130l Ba\u015fkan\u0131 H\u0131d\u0131r Mercan, SMF Temsilcisi Evrim Konak ve EMEP Dersim \u0130l Ba\u015fkan\u0131 Ergin Tekin, 28 May\u0131s\u2019ta yap\u0131lacak cumhurba\u015fkanl\u0131\u011f\u0131 se\u00e7iminde oy kullanma \u00e7a\u011fr\u0131s\u0131 yaparak, \u201c28 May\u0131s\u2019ta yap\u0131lacak se\u00e7im T\u00fcrkiye\u2019nin kader se\u00e7imidir, halk\u0131m\u0131z\u0131 sand\u0131\u011fa gitmeye \u00e7a\u011f\u0131r\u0131yoruz\u201d dediler. 14 May\u0131s\u2019ta yap\u0131lan cumhurba\u015fkanl\u0131\u011f\u0131 se\u00e7iminde Recep Tayyip Erdo\u011fan\u2019\u0131n %49,52, Kemal K\u0131l\u0131\u00e7daro\u011flu\u2019nun ise %44,88 oran\u0131nda oy almas\u0131 se\u00e7imi ikinci tura g\u00f6t\u00fcrd\u00fc. Cumhurba\u015fkan\u0131 2. tur se\u00e7imi 28 May\u0131s Pazar g\u00fcn\u00fc yap\u0131lacak. 2. tur se\u00e7imde Millet \u0130ttifak\u0131\u2019n\u0131n Aday\u0131 Kemal K\u0131l\u0131\u00e7daro\u011flu ve Cumhur \u0130ttifak\u0131\u2019n\u0131n Aday\u0131 Recep Tayyip Erdo\u011fan yar\u0131\u015facak. Ye\u015filler ve Sol Gelecek Partisi (Ye\u015fil Sol Parti) Dersim \u0130l E\u015f S\u00f6zc\u00fcs\u00fc \u00d6zcan G\u00fcrta\u015f, Halklar\u0131n Demokratik Partisi (HDP) Dersim \u0130l E\u015f Ba\u015fkan\u0131 Nazl\u0131 \u00c7elik \u00d6z, Cumhuriyet Halk Partisi (CHP) Dersim \u0130l Ba\u015fkan\u0131 H\u0131d\u0131r Mercan, Sosyalist Meclisler Federasyonu (SMF) Temsilcisi Evrim Konak ve Emek Partisi (EMEP) Dersim \u0130l Ba\u015fkan\u0131 Ergin Tekin 2. tur cumhurba\u015fkanl\u0131\u011f\u0131 se\u00e7imi i\u00e7in kat\u0131l\u0131m \u00e7a\u011fr\u0131s\u0131 yapt\u0131. \u201cHERKES\u0130N SANDIK BA\u015eINA G\u0130TMES\u0130 GEREK\u0130YOR\u201d 14 May\u0131s\u2019ta yap\u0131lan se\u00e7imlerin bekledikleri gibi sonu\u00e7lanmad\u0131\u011f\u0131n\u0131 belirten Ye\u015fil Sol Parti Dersim \u0130l E\u015f S\u00f6zc\u00fcs\u00fc\u00a0\u00d6zcan G\u00fcrta\u015f, \u201c28 May\u0131s\u2019ta yap\u0131lacak se\u00e7imlere daha g\u00fc\u00e7l\u00fc bir kat\u0131l\u0131m\u0131n olmas\u0131 gerekiyor. T\u00fcrkiye\u2019nin yeni y\u00fczy\u0131l\u0131nda 21 y\u0131l boyunca ya\u015fad\u0131klar\u0131m\u0131z\u0131 5 y\u0131l daha ya\u015famamak i\u00e7in herkesin sand\u0131k ba\u015f\u0131na gitmesi gerekiyor. T\u00fcrkiye\u2019de yakla\u015f\u0131k 8.5 milyon se\u00e7menin oy kullanmad\u0131\u011f\u0131 a\u00e7\u0131kland\u0131. \u00c7a\u011fr\u0131m\u0131z oy kullanmayan insanlar\u0131n hayat\u0131nda bir defa da olsa sand\u0131\u011fa gidip oy kullanmalar\u0131d\u0131r\u201d diye belirtti. \u201cHALKIMIZI SANDI\u011eA G\u0130TMEYE \u00c7A\u011eIRIYORUZ\u201d 28 May\u0131s\u2019taki se\u00e7imlerde 14 May\u0131s\u2019taki ruhla \u00e7al\u0131\u015fmalar\u0131 devam ettireceklerini ifade eden HDP Dersim \u0130l E\u015f Ba\u015fkan\u0131\u00a0Nazl\u0131 \u00c7elik \u00d6z, \u201cHalklar\u0131n inanc\u0131 tek ve ortakt\u0131r. Se\u00e7im sonu\u00e7lar\u0131 nedeniyle insanlarda bir k\u0131r\u0131lganl\u0131k var ama 28 May\u0131s\u2019ta yap\u0131lacak se\u00e7imi kazanaca\u011f\u0131m\u0131za y\u00f6nelik umudumuz tamd\u0131r. Halk\u0131m\u0131z\u0131 sand\u0131\u011fa gitmeye \u00e7a\u011f\u0131r\u0131yoruz\u201d dedi. \u201c28 MAYIS, T\u00dcNEL\u0130N SONUNDA G\u00d6R\u00dcNEN SON I\u015eIK\u201d 28 May\u0131s\u2019ta yap\u0131lacak se\u00e7imin T\u00fcrkiye\u2019nin kader se\u00e7imi oldu\u011funu vurgulayan CHP Dersim \u0130l Ba\u015fkan\u0131\u00a0H\u0131d\u0131r Mercan, \u201c28 May\u0131s\u2019taki se\u00e7im t\u00fcnelin sonunda g\u00f6r\u00fcnen en son \u0131\u015f\u0131kt\u0131r. Biz bu \u0131\u015f\u0131\u011f\u0131 ayd\u0131nl\u0131\u011fa d\u00f6n\u00fc\u015ft\u00fcr\u00fcp T\u00fcrkiye\u2019yi yeniden kalk\u0131nd\u0131ran bir y\u00f6netim bi\u00e7imine kavu\u015fabiliriz. 28 May\u0131s\u2019ta yap\u0131lacak se\u00e7imde herkes sand\u0131\u011fa gitsin\u201d diye ifade etti. 21 YILDIR T\u00dcRK\u0130YE\u2019N\u0130N B\u00dcT\u00dcN HALKLARI CAN \u00c7EK\u0130\u015e\u0130YOR\u201d 21 y\u0131ld\u0131r T\u00fcrkiye\u2019nin b\u00fct\u00fcn halklar\u0131n\u0131n can \u00e7eki\u015fti\u011fini s\u00f6yleyen SMF Temsilcisi\u00a0Evrim Konak, \u201cCumhur \u0130ttifak\u0131, H\u00dcDAPAR\u2019\u0131 meclise girmesini sa\u011flad\u0131, son bir haftada H\u00dcDAPAR\u2019\u0131n su\u00e7 makineleri serbest b\u0131rak\u0131ld\u0131 sadece d\u00fc\u015f\u00fcncesini ifade etti\u011fi i\u00e7in bir s\u00fcr\u00fc insan tutsak edilirken insanlar\u0131 domuz ba\u011f\u0131 ile katledenleri serbest b\u0131rakt\u0131ran bir Cumhur \u0130ttifak\u0131 ile kar\u015f\u0131 kar\u015f\u0131yay\u0131z. 5 y\u0131l daha nas\u0131l nefes alabiliriz diye d\u00fc\u015f\u00fcnemeyiz art\u0131k bu kadar gerici bir ittifaka 28 May\u0131s\u2019ta ge\u00e7it vermemeliyiz\u201d dedi. \u201cSANDI\u011eA G\u0130D\u0130P, OYLARIMIZA SAH\u0130P \u00c7IKMALIYIZ\u201d \u201914 May\u0131s\u2019ta yap\u0131lan se\u00e7imler AKP ve Recep Tayyip Erdo\u011fan\u2019\u0131n g\u00fc\u00e7 kaybetti\u011fini g\u00f6steriyor\u2019 diyen EMEP Dersim \u0130l Ba\u015fkan\u0131\u00a0Ergin Tekin, \u201c28 May\u0131s\u2019ta yap\u0131lacak se\u00e7imde psikolojik olarak AKP ve Recep Tayyip Erdo\u011fan \u00f6nde g\u00f6r\u00fcnse bile kazanamama ihtimalinin oldu\u011funu g\u00f6rmemiz gerekiyor. 28 May\u0131s se\u00e7imine giderken daha kararl\u0131 bir m\u00fccadele y\u00fcr\u00fctmek gerekiyor. 14 May\u0131s\u2019ta oy vermeyen kesimlerin ikna edilmesi i\u00e7in daha g\u00fc\u00e7l\u00fc bir \u00e7al\u0131\u015fma y\u00fcr\u00fctmemiz gerekiyor. Halk\u0131m\u0131za \u00e7a\u011fr\u0131m\u0131z 28 May\u0131s\u2019ta tek adam\u0131 g\u00f6ndermek i\u00e7in sand\u0131\u011fa gidip, oylar\u0131m\u0131za sahip \u00e7\u0131kmal\u0131y\u0131z\u201d diye konu\u015ftu. P\u0130RHA\/DERS\u0130M<\/p>\n","protected":false},"author":2,"featured_media":1121,"comment_status":"open","ping_status":"open","sticky":false,"template":"","format":"standard","meta":{"_joinchat":[],"footnotes":""},"categories":[23],"tags":[],"class_list":["post-1120","post","type-post","status-publish","format-standard","has-post-thumbnail","hentry","category-politika-siyaset"],"acf":[],"_links":{"self":[{"href":"https:\/\/radyomunzur.com\/index.php?rest_route=\/wp\/v2\/posts\/1120","targetHints":{"allow":["GET"]}}],"collection":[{"href":"https:\/\/radyomunzur.com\/index.php?rest_route=\/wp\/v2\/posts"}],"about":[{"href":"https:\/\/radyomunzur.com\/index.php?rest_route=\/wp\/v2\/types\/post"}],"author":[{"embeddable":true,"href":"https:\/\/radyomunzur.com\/index.php?rest_route=\/wp\/v2\/users\/2"}],"replies":[{"embeddable":true,"href":"https:\/\/radyomunzur.com\/index.php?rest_route=%2Fwp%2Fv2%2Fcomments&post=1120"}],"version-history":[{"count":1,"href":"https:\/\/radyomunzur.com\/index.php?rest_route=\/wp\/v2\/posts\/1120\/revisions"}],"predecessor-version":[{"id":1122,"href":"https:\/\/radyomunzur.com\/index.php?rest_route=\/wp\/v2\/posts\/1120\/revisions\/1122"}],"wp:featuredmedia":[{"embeddable":true,"href":"https:\/\/radyomunzur.com\/index.php?rest_route=\/wp\/v2\/media\/1121"}],"wp:attachment":[{"href":"https:\/\/radyomunzur.com\/index.php?rest_route=%2Fwp%2Fv2%2Fmedia&parent=1120"}],"wp:term":[{"taxonomy":"category","embeddable":true,"href":"https:\/\/radyomunzur.com\/index.php?rest_route=%2Fwp%2Fv2%2Fcategories&post=1120"},{"taxonomy":"post_tag","embeddable":true,"href":"https:\/\/radyomunzur.com\/index.php?rest_route=%2Fwp%2Fv2%2Ftags&post=1120"}],"curies":[{"name":"wp","href":"https:\/\/api.w.org\/{rel}","templated":true}]}}