{"id":1026,"date":"2023-05-18T05:52:24","date_gmt":"2023-05-18T09:52:24","guid":{"rendered":"https:\/\/radyomunzur.com\/?p=1026"},"modified":"2023-05-18T05:52:50","modified_gmt":"2023-05-18T09:52:50","slug":"kolektif-emekle-insa-edilen-goppingen-cemevi-hizmete-acildi","status":"publish","type":"post","link":"https:\/\/radyomunzur.com\/?p=1026","title":{"rendered":"Kolektif emekle in\u015fa edilen G\u00f6ppingen Cemevi hizmete a\u00e7\u0131ld\u0131"},"content":{"rendered":"<p><strong>G\u00f6ppingen Alevi K\u00fclt\u00fcr Merkezi sat\u0131n alm\u0131\u015f oldu\u011fu Cemevi binas\u0131n\u0131n a\u00e7\u0131l\u0131\u015f\u0131n\u0131 yapt\u0131. Uzun u\u011fra\u015f ve emekler sonunda t\u00fcm eksikleri cemevi \u00fcyeleri ve dostlar\u0131 taraf\u0131ndan finanse edilen cemevi binas\u0131 hizmete sunuldu.<\/strong><\/p>\n<p>Almanya\u2019da G\u00f6ppingen Alevi K\u00fclt\u00fcr Merkezi sat\u0131n alm\u0131\u015f oldu\u011fu Cemevi binas\u0131n\u0131 yo\u011fun bir kat\u0131l\u0131mla a\u00e7\u0131l\u0131\u015f\u0131n\u0131 yapt\u0131. A\u00e7\u0131l\u0131\u015f konu\u015fmas\u0131n\u0131 yapan G\u00f6ppingen Alevi K\u00fclt\u00fcr Merkezi Ba\u015fkan\u0131\u00a0<strong>Feday \u00d6zerdo\u011fan<\/strong>\u00a0deste\u011fi olan sponsorlara, sunuculara, konu\u015fmac\u0131lara, sanat\u00e7\u0131lara ve kat\u0131l\u0131mc\u0131lara te\u015fekk\u00fcr etti.<\/p>\n<p><strong>\u201cLOKMALARINIZLA \u0130N\u015eA ED\u0130LD\u0130\u201d<\/strong><\/p>\n<p><strong>\u00d6zerdo\u011fan<\/strong>, cemevinin kolektif emek ve lokmalarla in\u015fa edildi\u011fini ifade ederek, \u201cKuruldu\u011fu tarihten itibaren bir yer sat\u0131n alma hayalimiz hep vard\u0131. Bu hayalimize kavu\u015fman\u0131n mutlulu\u011funu ve gururunu ya\u015f\u0131yoruz. Cemevimizin bu duruma gelmesinde katk\u0131s\u0131, eme\u011fi, deste\u011fi, yard\u0131m\u0131 ve lokmas\u0131 olan t\u00fcm \u00fcye ve dostlar\u0131m\u0131za te\u015fekk\u00fcr ediyorum. Bedenen aram\u0131zdan ayr\u0131lan t\u00fcm \u00fcyelerimizi ise \u00f6zlem ve sayg\u0131yla an\u0131yorum, devirleri daim olsun. Verdi\u011finiz lokmalarla bu denli g\u00fczel bir cemevinin sahibi oldunuz. Lokmalar\u0131n\u0131z niyetleriniz kabul olsun. Bundan sonra \u00e7ocuklar\u0131m\u0131z\u0131, gen\u00e7lerimize cemevimize daha fazla gelmeleri konusunda destek olmal\u0131y\u0131z. Gelecekte cemevimizin y\u00f6netimini gen\u00e7lerimize verip bizler ise yard\u0131mc\u0131 olursak buralar daha da g\u00fczelle\u015fecektir. Hepimiz sevgi, ho\u015fg\u00f6r\u00fc, bar\u0131\u015f, karde\u015flik, iyilik gibi g\u00fczel kavramlar\u0131 i\u00e7inde bar\u0131nd\u0131ran Alevi inanc\u0131n\u0131, Alevi k\u00fclt\u00fcr\u00fcn\u00fc gelece\u011fe ta\u015f\u0131mak i\u00e7in katk\u0131 sunmal\u0131y\u0131z. E\u011fer hep beraber bunu ba\u015far\u0131rsak yine hep beraber bizler kazanm\u0131\u015f olaca\u011f\u0131z. Yani t\u00fcm insanl\u0131k kazanm\u0131\u015f olacak.T\u00fcm insanlar\u0131n inan\u00e7lar\u0131ndan, dillerinden k\u00fclt\u00fcrlerinden ve \u00f6zg\u00fcrl\u00fcklerinden mahrum b\u0131rak\u0131lmad\u0131\u011f\u0131 bir ya\u015fam umudumuz ve m\u00fccadelemiz hep olacakt\u0131r\u201d dedi.<\/p>\n<p><strong>\u201cCEMEV\u0130NE SAH\u0130P \u00c7IKMALIYIZ\u201d<\/strong><\/p>\n<p>Almanya Alevi Birlikleri Baden-W\u00fcrtemberg b\u00f6lgesi \u0130nan\u00e7 Kurulu Ba\u015fkan\u0131<strong>\u00a0H\u00fcseyin Kaz\u0131mo\u011flu<\/strong>\u00a0G\u00f6ppingen Cemevi\u2019nin gereklili\u011fi ve \u00f6nemini belirterek ba\u015flad\u0131\u011f\u0131 konu\u015fmas\u0131nda eme\u011fi bulunan t\u00fcm canlara te\u015fekk\u00fcr etti. Alevi inanc\u0131nda \u00f6nemli bir yeri olan b\u00f6yle g\u00fczel bir cemevinin sahibi olduklar\u0131nda dolay\u0131 t\u00fcm \u00fcyeleri kutlad\u0131. G\u00f6ppingen Cemevin\u2019e buradan ya\u015fayan t\u00fcm canlar\u0131m\u0131z sahip \u00e7\u0131kmal\u0131 ve buray\u0131 beraber ya\u015fatmam\u0131z gerekiyor. Ancak bu \u015fekilde gelecek nesillere Alevi inanc\u0131n\u0131 ta\u015f\u0131yabiliriz. Bizler birlik ve beraberlik i\u00e7inde ya\u015farsak buran\u0131n i\u00e7ini doldurup g\u00fczel g\u00fcnler g\u00f6rebilme umudumuz artar.<\/p>\n<p><strong>G\u00f6ppingen Belediye Ba\u015fkan\u0131 Alex Maier<\/strong>\u00a0ise konu\u015fmas\u0131na G\u00f6ppingen Alevi K\u00fclt\u00fcr Merkezinde olmas\u0131ndan dolay\u0131 duydu\u011fu mutlulu\u011fu belirtti. \u015eimdiye kadar yap\u0131lan projelerde bahsederken, G\u00f6ppingen Alevi K\u00fclt\u00fcr Merkezinin \u00f6nemine ve gereklili\u011fine vurgu yapt\u0131. Yine ayn \u015fekilde beraber ortak \u00e7al\u0131\u015fmam\u0131z gerekti\u011fini belirtti. G\u00f6ppingen belediyesi olarak her zaman G\u00f6ppingen Alevi K\u00fclt\u00fcr Merkezi\u2019nin yan\u0131nda olmaya devam edeceklerini belirtti.<\/p>\n<p><strong>\u201cKADINLARIN EME\u011e\u0130 B\u00dcY\u00dcK\u201d<\/strong><\/p>\n<p>Almanya Alevi Kad\u0131nlar Birli\u011fi Baden-W\u00fcrttemberg B\u00f6lge Ba\u015fkan\u0131<strong>\u00a0Ruhiye Akbaba<\/strong>\u00a0s\u00f6z ald\u0131. S\u00f6zlerine kad\u0131nlar\u0131m\u0131za desteklerinden dolay\u0131 te\u015fekk\u00fcr edip, Alevi \u00f6rg\u00fctlenmesinde kad\u0131n\u0131n \u00f6nemini belirterek, \u201cKad\u0131nlar\u0131m\u0131z buraya sahip \u00e7\u0131k\u0131p ellerinden gelen deste\u011fi sunmakla do\u011fru ve gerekli olan\u0131 yapm\u0131\u015flard\u0131r. T\u00fcm kad\u0131nlar\u0131m\u0131z bundan sonrada bu desteklerini s\u00fcrd\u00fcrmeliler. Ancak o zaman vermi\u015f olduklar\u0131 emek ve m\u00fccadele anlam ta\u015f\u0131r\u201d \u015feklinde konu\u015ftu.<\/p>\n<p>Almanya Alevi Birlikleri Baden-W\u00fcrttemberg B\u00f6lge Ba\u015fkan\u0131\u00a0<strong>Sedat Bican<\/strong>\u00a0da, Alevilik inanc\u0131nda insana verilen de\u011feri vurgulayarak, \u201c\u0130nsana verdi\u011fimiz de\u011ferden dolay\u0131 b\u00f6yle bir binan\u0131n sahibi olduk, ve bu binay\u0131 insanlar\u0131m\u0131z\u0131n hizmetine sunduk. Bundan dolay\u0131 G\u00f6ppingen Alevi K\u00fclt\u00fcr merkezi \u00fcyelerine, y\u00f6netim kuruluna ve katk\u0131s\u0131 olan t\u00fcm insanlar\u0131m\u0131za te\u015fekk\u00fcr ediyorum. G\u00f6ppingen \u00e7evresinde ya\u015fayan t\u00fcm insanlar\u0131m\u0131z buraya gelerek beraber ve bar\u0131\u015f i\u00e7inde ya\u015famal\u0131y\u0131z. Umudum ve dile\u011fim G\u00f6ppingen cemevi b\u00fcy\u00fcyerek yoluna devam etmesidir\u201d ifadelerini kulland\u0131.<\/p>\n<p><strong>MAT: KAZANIMLARIMIZ DEVAM EDECEK<\/strong><\/p>\n<p><strong>AABK E\u015fit Ba\u015fkan\u0131 H\u00fcseyin Mat\u00a0<\/strong>ise,\u00a0\u201cAlmanya\u2019da Aleviler \u00e7ok\u00e7a kazan\u0131m elde etti. Bu kazan\u0131mlar\u0131n en \u00f6nemlisi ise Almanya h\u00fck\u00fcmeti ile t\u00fczel ki\u015filik anla\u015fmas\u0131n\u0131n imzalanm\u0131\u015f olmas\u0131, yani hak e\u015fitli\u011fi anla\u015fmas\u0131d\u0131r. Almanya da kamu t\u00fczel ki\u015fili\u011fi almak i\u00e7in kalan t\u00fcm eyaletlerde \u00e7al\u0131\u015fmalara devem ediliyor. Hep beraber verilen bunca emek ve m\u00fccadelenin amac\u0131 ise insanlar\u0131n inanc\u0131ndan, dilinden, \u0131rk\u0131ndan dolay\u0131 \u00f6tekile\u015ftirilmedi\u011fi, hak, hukuk, adalet ve bar\u0131\u015f\u0131n hakim oldu\u011fu sava\u015fs\u0131z bir d\u00fcnyada beraber ya\u015famakt\u0131r\u201d diye konu\u015ftu.<\/p>\n<p>Sunuculu\u011funu Dilara U\u00e7ar ve G\u00f6kmen Ya\u015fam\u2019\u0131n yapt\u0131\u011f\u0131 gecede s\u0131ras\u0131yla sanat\u00e7\u0131lar Eren Boyraz, Solin, Kenan Batman, Erhan \u015eahin, Veysel Ayd\u0131n sahneye \u00e7\u0131karak m\u00fczik dinletisi sundular. B\u00fcy\u00fck ilgi \u00e7eken Veysel Ayd\u0131n \u0131n \u00e7al\u0131\u015ft\u0131rd\u0131\u011f\u0131 G\u00f6ppingen AKM korosu dinleyicilerin alk\u0131\u015flar\u0131 aras\u0131nda eserler seslendirdi.<\/p>\n<p>Grup Reyna taraf\u0131ndan seslendirilen oyun havalar\u0131yla gece sona erdi.<\/p>\n<p><strong>P\u0130RHA<\/strong><\/p>\n","protected":false},"excerpt":{"rendered":"<p>G\u00f6ppingen Alevi K\u00fclt\u00fcr Merkezi sat\u0131n alm\u0131\u015f oldu\u011fu Cemevi binas\u0131n\u0131n a\u00e7\u0131l\u0131\u015f\u0131n\u0131 yapt\u0131. Uzun u\u011fra\u015f ve emekler sonunda t\u00fcm eksikleri cemevi \u00fcyeleri ve dostlar\u0131 taraf\u0131ndan finanse edilen cemevi binas\u0131 hizmete sunuldu. Almanya\u2019da G\u00f6ppingen Alevi K\u00fclt\u00fcr Merkezi sat\u0131n alm\u0131\u015f oldu\u011fu Cemevi binas\u0131n\u0131 yo\u011fun bir kat\u0131l\u0131mla a\u00e7\u0131l\u0131\u015f\u0131n\u0131 yapt\u0131. A\u00e7\u0131l\u0131\u015f konu\u015fmas\u0131n\u0131 yapan G\u00f6ppingen Alevi K\u00fclt\u00fcr Merkezi Ba\u015fkan\u0131\u00a0Feday \u00d6zerdo\u011fan\u00a0deste\u011fi olan sponsorlara, sunuculara, konu\u015fmac\u0131lara, sanat\u00e7\u0131lara ve kat\u0131l\u0131mc\u0131lara te\u015fekk\u00fcr etti. \u201cLOKMALARINIZLA \u0130N\u015eA ED\u0130LD\u0130\u201d \u00d6zerdo\u011fan, cemevinin kolektif emek ve lokmalarla in\u015fa edildi\u011fini ifade ederek, \u201cKuruldu\u011fu tarihten itibaren bir yer sat\u0131n alma hayalimiz hep vard\u0131. Bu hayalimize kavu\u015fman\u0131n mutlulu\u011funu ve gururunu ya\u015f\u0131yoruz. Cemevimizin bu duruma gelmesinde katk\u0131s\u0131, eme\u011fi, deste\u011fi, yard\u0131m\u0131 ve lokmas\u0131 olan t\u00fcm \u00fcye ve dostlar\u0131m\u0131za te\u015fekk\u00fcr ediyorum. Bedenen aram\u0131zdan ayr\u0131lan t\u00fcm \u00fcyelerimizi ise \u00f6zlem ve sayg\u0131yla an\u0131yorum, devirleri daim olsun. Verdi\u011finiz lokmalarla bu denli g\u00fczel bir cemevinin sahibi oldunuz. Lokmalar\u0131n\u0131z niyetleriniz kabul olsun. Bundan sonra \u00e7ocuklar\u0131m\u0131z\u0131, gen\u00e7lerimize cemevimize daha fazla gelmeleri konusunda destek olmal\u0131y\u0131z. Gelecekte cemevimizin y\u00f6netimini gen\u00e7lerimize verip bizler ise yard\u0131mc\u0131 olursak buralar daha da g\u00fczelle\u015fecektir. Hepimiz sevgi, ho\u015fg\u00f6r\u00fc, bar\u0131\u015f, karde\u015flik, iyilik gibi g\u00fczel kavramlar\u0131 i\u00e7inde bar\u0131nd\u0131ran Alevi inanc\u0131n\u0131, Alevi k\u00fclt\u00fcr\u00fcn\u00fc gelece\u011fe ta\u015f\u0131mak i\u00e7in katk\u0131 sunmal\u0131y\u0131z. E\u011fer hep beraber bunu ba\u015far\u0131rsak yine hep beraber bizler kazanm\u0131\u015f olaca\u011f\u0131z. Yani t\u00fcm insanl\u0131k kazanm\u0131\u015f olacak.T\u00fcm insanlar\u0131n inan\u00e7lar\u0131ndan, dillerinden k\u00fclt\u00fcrlerinden ve \u00f6zg\u00fcrl\u00fcklerinden mahrum b\u0131rak\u0131lmad\u0131\u011f\u0131 bir ya\u015fam umudumuz ve m\u00fccadelemiz hep olacakt\u0131r\u201d dedi. \u201cCEMEV\u0130NE SAH\u0130P \u00c7IKMALIYIZ\u201d Almanya Alevi Birlikleri Baden-W\u00fcrtemberg b\u00f6lgesi \u0130nan\u00e7 Kurulu Ba\u015fkan\u0131\u00a0H\u00fcseyin Kaz\u0131mo\u011flu\u00a0G\u00f6ppingen Cemevi\u2019nin gereklili\u011fi ve \u00f6nemini belirterek ba\u015flad\u0131\u011f\u0131 konu\u015fmas\u0131nda eme\u011fi bulunan t\u00fcm canlara te\u015fekk\u00fcr etti. Alevi inanc\u0131nda \u00f6nemli bir yeri olan b\u00f6yle g\u00fczel bir cemevinin sahibi olduklar\u0131nda dolay\u0131 t\u00fcm \u00fcyeleri kutlad\u0131. G\u00f6ppingen Cemevin\u2019e buradan ya\u015fayan t\u00fcm canlar\u0131m\u0131z sahip \u00e7\u0131kmal\u0131 ve buray\u0131 beraber ya\u015fatmam\u0131z gerekiyor. Ancak bu \u015fekilde gelecek nesillere Alevi inanc\u0131n\u0131 ta\u015f\u0131yabiliriz. Bizler birlik ve beraberlik i\u00e7inde ya\u015farsak buran\u0131n i\u00e7ini doldurup g\u00fczel g\u00fcnler g\u00f6rebilme umudumuz artar. G\u00f6ppingen Belediye Ba\u015fkan\u0131 Alex Maier\u00a0ise konu\u015fmas\u0131na G\u00f6ppingen Alevi K\u00fclt\u00fcr Merkezinde olmas\u0131ndan dolay\u0131 duydu\u011fu mutlulu\u011fu belirtti. \u015eimdiye kadar yap\u0131lan projelerde bahsederken, G\u00f6ppingen Alevi K\u00fclt\u00fcr Merkezinin \u00f6nemine ve gereklili\u011fine vurgu yapt\u0131. Yine ayn \u015fekilde beraber ortak \u00e7al\u0131\u015fmam\u0131z gerekti\u011fini belirtti. G\u00f6ppingen belediyesi olarak her zaman G\u00f6ppingen Alevi K\u00fclt\u00fcr Merkezi\u2019nin yan\u0131nda olmaya devam edeceklerini belirtti. \u201cKADINLARIN EME\u011e\u0130 B\u00dcY\u00dcK\u201d Almanya Alevi Kad\u0131nlar Birli\u011fi Baden-W\u00fcrttemberg B\u00f6lge Ba\u015fkan\u0131\u00a0Ruhiye Akbaba\u00a0s\u00f6z ald\u0131. S\u00f6zlerine kad\u0131nlar\u0131m\u0131za desteklerinden dolay\u0131 te\u015fekk\u00fcr edip, Alevi \u00f6rg\u00fctlenmesinde kad\u0131n\u0131n \u00f6nemini belirterek, \u201cKad\u0131nlar\u0131m\u0131z buraya sahip \u00e7\u0131k\u0131p ellerinden gelen deste\u011fi sunmakla do\u011fru ve gerekli olan\u0131 yapm\u0131\u015flard\u0131r. T\u00fcm kad\u0131nlar\u0131m\u0131z bundan sonrada bu desteklerini s\u00fcrd\u00fcrmeliler. Ancak o zaman vermi\u015f olduklar\u0131 emek ve m\u00fccadele anlam ta\u015f\u0131r\u201d \u015feklinde konu\u015ftu. Almanya Alevi Birlikleri Baden-W\u00fcrttemberg B\u00f6lge Ba\u015fkan\u0131\u00a0Sedat Bican\u00a0da, Alevilik inanc\u0131nda insana verilen de\u011feri vurgulayarak, \u201c\u0130nsana verdi\u011fimiz de\u011ferden dolay\u0131 b\u00f6yle bir binan\u0131n sahibi olduk, ve bu binay\u0131 insanlar\u0131m\u0131z\u0131n hizmetine sunduk. Bundan dolay\u0131 G\u00f6ppingen Alevi K\u00fclt\u00fcr merkezi \u00fcyelerine, y\u00f6netim kuruluna ve katk\u0131s\u0131 olan t\u00fcm insanlar\u0131m\u0131za te\u015fekk\u00fcr ediyorum. G\u00f6ppingen \u00e7evresinde ya\u015fayan t\u00fcm insanlar\u0131m\u0131z buraya gelerek beraber ve bar\u0131\u015f i\u00e7inde ya\u015famal\u0131y\u0131z. Umudum ve dile\u011fim G\u00f6ppingen cemevi b\u00fcy\u00fcyerek yoluna devam etmesidir\u201d ifadelerini kulland\u0131. MAT: KAZANIMLARIMIZ DEVAM EDECEK AABK E\u015fit Ba\u015fkan\u0131 H\u00fcseyin Mat\u00a0ise,\u00a0\u201cAlmanya\u2019da Aleviler \u00e7ok\u00e7a kazan\u0131m elde etti. Bu kazan\u0131mlar\u0131n en \u00f6nemlisi ise Almanya h\u00fck\u00fcmeti ile t\u00fczel ki\u015filik anla\u015fmas\u0131n\u0131n imzalanm\u0131\u015f olmas\u0131, yani hak e\u015fitli\u011fi anla\u015fmas\u0131d\u0131r. Almanya da kamu t\u00fczel ki\u015fili\u011fi almak i\u00e7in kalan t\u00fcm eyaletlerde \u00e7al\u0131\u015fmalara devem ediliyor. Hep beraber verilen bunca emek ve m\u00fccadelenin amac\u0131 ise insanlar\u0131n inanc\u0131ndan, dilinden, \u0131rk\u0131ndan dolay\u0131 \u00f6tekile\u015ftirilmedi\u011fi, hak, hukuk, adalet ve bar\u0131\u015f\u0131n hakim oldu\u011fu sava\u015fs\u0131z bir d\u00fcnyada beraber ya\u015famakt\u0131r\u201d diye konu\u015ftu. Sunuculu\u011funu Dilara U\u00e7ar ve G\u00f6kmen Ya\u015fam\u2019\u0131n yapt\u0131\u011f\u0131 gecede s\u0131ras\u0131yla sanat\u00e7\u0131lar Eren Boyraz, Solin, Kenan Batman, Erhan \u015eahin, Veysel Ayd\u0131n sahneye \u00e7\u0131karak m\u00fczik dinletisi sundular. B\u00fcy\u00fck ilgi \u00e7eken Veysel Ayd\u0131n \u0131n \u00e7al\u0131\u015ft\u0131rd\u0131\u011f\u0131 G\u00f6ppingen AKM korosu dinleyicilerin alk\u0131\u015flar\u0131 aras\u0131nda eserler seslendirdi. Grup Reyna taraf\u0131ndan seslendirilen oyun havalar\u0131yla gece sona erdi. P\u0130RHA<\/p>\n","protected":false},"author":2,"featured_media":1027,"comment_status":"open","ping_status":"open","sticky":false,"template":"","format":"standard","meta":{"_joinchat":[],"footnotes":""},"categories":[1],"tags":[],"class_list":["post-1026","post","type-post","status-publish","format-standard","has-post-thumbnail","hentry","category-gundem"],"acf":[],"_links":{"self":[{"href":"https:\/\/radyomunzur.com\/index.php?rest_route=\/wp\/v2\/posts\/1026","targetHints":{"allow":["GET"]}}],"collection":[{"href":"https:\/\/radyomunzur.com\/index.php?rest_route=\/wp\/v2\/posts"}],"about":[{"href":"https:\/\/radyomunzur.com\/index.php?rest_route=\/wp\/v2\/types\/post"}],"author":[{"embeddable":true,"href":"https:\/\/radyomunzur.com\/index.php?rest_route=\/wp\/v2\/users\/2"}],"replies":[{"embeddable":true,"href":"https:\/\/radyomunzur.com\/index.php?rest_route=%2Fwp%2Fv2%2Fcomments&post=1026"}],"version-history":[{"count":2,"href":"https:\/\/radyomunzur.com\/index.php?rest_route=\/wp\/v2\/posts\/1026\/revisions"}],"predecessor-version":[{"id":1029,"href":"https:\/\/radyomunzur.com\/index.php?rest_route=\/wp\/v2\/posts\/1026\/revisions\/1029"}],"wp:featuredmedia":[{"embeddable":true,"href":"https:\/\/radyomunzur.com\/index.php?rest_route=\/wp\/v2\/media\/1027"}],"wp:attachment":[{"href":"https:\/\/radyomunzur.com\/index.php?rest_route=%2Fwp%2Fv2%2Fmedia&parent=1026"}],"wp:term":[{"taxonomy":"category","embeddable":true,"href":"https:\/\/radyomunzur.com\/index.php?rest_route=%2Fwp%2Fv2%2Fcategories&post=1026"},{"taxonomy":"post_tag","embeddable":true,"href":"https:\/\/radyomunzur.com\/index.php?rest_route=%2Fwp%2Fv2%2Ftags&post=1026"}],"curies":[{"name":"wp","href":"https:\/\/api.w.org\/{rel}","templated":true}]}}